{"id":29596,"date":"2025-02-03T14:57:32","date_gmt":"2025-02-03T13:57:32","guid":{"rendered":"https:\/\/www.ladiagonale.net\/?p=29596"},"modified":"2025-02-03T14:57:32","modified_gmt":"2025-02-03T13:57:32","slug":"magassa-devrait-rester","status":"publish","type":"post","link":"https:\/\/www.ladiagonale.net\/index.php\/2025\/02\/03\/magassa-devrait-rester\/","title":{"rendered":"Magassa devrait rester"},"content":{"rendered":"\n\n\n<p>Le mercato hivernal ferme ses portes ce lundi \u00e0 23 heures, et celui-ci devrait se finir dans le calme du c\u00f4t\u00e9 de l\u2019AS Monaco. Si la signature de Moatasem al-Musrati est attendue dans la journ\u00e9e, Soungoutou Magassa ne devrait pas quitter le Rocher, d\u2019apr\u00e8s <em>L\u2019\u00c9quipe<\/em>. Le milieu de terrain avait fait l\u2019objet d\u2019une offre de la part de Wolverhamtpon, qui aurait donn\u00e9 du grain \u00e0 moudre aux dirigeants mon\u00e9gasques, ces derniers envisageant notamment de r\u00e9cup\u00e9rer Jeanricner Bellegarde dans la transaction. <\/p>\n\n\n\n<p>Le jeune international Espoirs, qui pourrait notamment disputer l&rsquo;Euro Espoirs en fin de saison avec l&rsquo;\u00e9quipe de France, a sa valeur estim\u00e9e entre 15 et 20 millions d&rsquo;euros, et a montr\u00e9 quelques signes de progr\u00e8s durant la saison. Adi H\u00fctter lui fait confiance puisqu&rsquo;il a d\u00e9j\u00e0 \u00e9t\u00e9 utilis\u00e9 \u00e0 24 reprises. Il est li\u00e9 avec l&rsquo;ASM jusqu&rsquo;en 2029, apr\u00e8s avoir \u00e9t\u00e9 prolong\u00e9 d\u00e9but d\u00e9cembre.<\/p>\n","protected":false},"excerpt":{"rendered":"<p>Le mercato hivernal ferme ses portes ce lundi \u00e0 23 heures, et celui-ci devrait se finir dans le calme du c\u00f4t\u00e9 de l\u2019AS Monaco. Si la signature de Moatasem al-Musrati est attendue dans la journ\u00e9e, Soungoutou Magassa ne devrait pas quitter le Rocher, d\u2019apr\u00e8s L\u2019\u00c9quipe. Le milieu de terrain avait fait l\u2019objet d\u2019une offre de [&#8230;]\n","protected":false},"author":2,"featured_media":0,"comment_status":"open","ping_status":"open","sticky":false,"template":"","format":"standard","meta":[],"categories":[6],"tags":[86,111,147,110],"yoast_head":"<!-- This site is optimized with the Yoast SEO plugin v19.8 - https:\/\/yoast.com\/wordpress\/plugins\/seo\/ -->\n<title>Magassa devrait rester - La Diagonale<\/title>\n<meta name=\"robots\" content=\"index, follow, max-snippet:-1, max-image-preview:large, max-video-preview:-1\" \/>\n<link rel=\"canonical\" href=\"https:\/\/www.ladiagonale.net\/index.php\/2025\/02\/03\/magassa-devrait-rester\/\" \/>\n<meta property=\"og:locale\" content=\"fr_FR\" \/>\n<meta property=\"og:type\" content=\"article\" \/>\n<meta property=\"og:title\" content=\"Magassa devrait rester - La Diagonale\" \/>\n<meta property=\"og:description\" content=\"Le mercato hivernal ferme ses portes ce lundi \u00e0 23 heures, et celui-ci devrait se finir dans le calme du c\u00f4t\u00e9 de l\u2019AS Monaco. Si la signature de Moatasem al-Musrati est attendue dans la journ\u00e9e, Soungoutou Magassa ne devrait pas quitter le Rocher, d\u2019apr\u00e8s L\u2019\u00c9quipe. Le milieu de terrain avait fait l\u2019objet d\u2019une offre de [...]\" \/>\n<meta property=\"og:url\" content=\"https:\/\/www.ladiagonale.net\/index.php\/2025\/02\/03\/magassa-devrait-rester\/\" \/>\n<meta property=\"og:site_name\" content=\"La Diagonale\" \/>\n<meta property=\"article:published_time\" content=\"2025-02-03T13:57:32+00:00\" \/>\n<meta property=\"og:image\" content=\"https:\/\/www.ladiagonale.net\/wp-content\/uploads\/2024\/09\/magassa2.png\" \/>\n\t<meta property=\"og:image:width\" content=\"1160\" \/>\n\t<meta property=\"og:image:height\" content=\"650\" \/>\n\t<meta property=\"og:image:type\" content=\"image\/png\" \/>\n<meta name=\"author\" content=\"Damien Dellerba\" \/>\n<meta name=\"twitter:card\" content=\"summary_large_image\" \/>\n<meta name=\"twitter:image\" content=\"https:\/\/www.ladiagonale.net\/wp-content\/uploads\/2024\/09\/magassa2.png\" \/>\n<meta name=\"twitter:label1\" content=\"\u00c9crit par\" \/>\n\t<meta name=\"twitter:data1\" content=\"Damien Dellerba\" \/>\n\t<meta name=\"twitter:label2\" content=\"Dur\u00e9e de lecture estim\u00e9e\" \/>\n\t<meta name=\"twitter:data2\" content=\"1 minute\" \/>\n<script type=\"application\/ld+json\" class=\"yoast-schema-graph\">{\"@context\":\"https:\/\/schema.org\",\"@graph\":[{\"@type\":\"WebPage\",\"@id\":\"https:\/\/www.ladiagonale.net\/index.php\/2025\/02\/03\/magassa-devrait-rester\/\",\"url\":\"https:\/\/www.ladiagonale.net\/index.php\/2025\/02\/03\/magassa-devrait-rester\/\",\"name\":\"Magassa devrait rester - La Diagonale\",\"isPartOf\":{\"@id\":\"https:\/\/www.ladiagonale.net\/#website\"},\"datePublished\":\"2025-02-03T13:57:32+00:00\",\"dateModified\":\"2025-02-03T13:57:32+00:00\",\"author\":{\"@id\":\"https:\/\/www.ladiagonale.net\/#\/schema\/person\/79ff1e7b0853ed01b2aa26e64ad300bf\"},\"breadcrumb\":{\"@id\":\"https:\/\/www.ladiagonale.net\/index.php\/2025\/02\/03\/magassa-devrait-rester\/#breadcrumb\"},\"inLanguage\":\"fr-FR\",\"potentialAction\":[{\"@type\":\"ReadAction\",\"target\":[\"https:\/\/www.ladiagonale.net\/index.php\/2025\/02\/03\/magassa-devrait-rester\/\"]}]},{\"@type\":\"BreadcrumbList\",\"@id\":\"https:\/\/www.ladiagonale.net\/index.php\/2025\/02\/03\/magassa-devrait-rester\/#breadcrumb\",\"itemListElement\":[{\"@type\":\"ListItem\",\"position\":1,\"name\":\"Accueil\",\"item\":\"https:\/\/www.ladiagonale.net\/\"},{\"@type\":\"ListItem\",\"position\":2,\"name\":\"Magassa devrait rester\"}]},{\"@type\":\"WebSite\",\"@id\":\"https:\/\/www.ladiagonale.net\/#website\",\"url\":\"https:\/\/www.ladiagonale.net\/\",\"name\":\"La Diagonale\",\"description\":\"Le site des supporters de l&#039;AS Monaco FC\",\"potentialAction\":[{\"@type\":\"SearchAction\",\"target\":{\"@type\":\"EntryPoint\",\"urlTemplate\":\"https:\/\/www.ladiagonale.net\/?s={search_term_string}\"},\"query-input\":\"required name=search_term_string\"}],\"inLanguage\":\"fr-FR\"},{\"@type\":\"Person\",\"@id\":\"https:\/\/www.ladiagonale.net\/#\/schema\/person\/79ff1e7b0853ed01b2aa26e64ad300bf\",\"name\":\"Damien Dellerba\",\"image\":{\"@type\":\"ImageObject\",\"inLanguage\":\"fr-FR\",\"@id\":\"https:\/\/www.ladiagonale.net\/#\/schema\/person\/image\/\",\"url\":\"https:\/\/secure.gravatar.com\/avatar\/c7850e06d3ff63cdbaee88b7fc16e2f0?s=96&d=mm&r=g\",\"contentUrl\":\"https:\/\/secure.gravatar.com\/avatar\/c7850e06d3ff63cdbaee88b7fc16e2f0?s=96&d=mm&r=g\",\"caption\":\"Damien Dellerba\"},\"url\":\"https:\/\/www.ladiagonale.net\/index.php\/author\/damien\/\"}]}<\/script>\n<!-- \/ Yoast SEO plugin. -->","yoast_head_json":{"title":"Magassa devrait rester - La Diagonale","robots":{"index":"index","follow":"follow","max-snippet":"max-snippet:-1","max-image-preview":"max-image-preview:large","max-video-preview":"max-video-preview:-1"},"canonical":"https:\/\/www.ladiagonale.net\/index.php\/2025\/02\/03\/magassa-devrait-rester\/","og_locale":"fr_FR","og_type":"article","og_title":"Magassa devrait rester - La Diagonale","og_description":"Le mercato hivernal ferme ses portes ce lundi \u00e0 23 heures, et celui-ci devrait se finir dans le calme du c\u00f4t\u00e9 de l\u2019AS Monaco. Si la signature de Moatasem al-Musrati est attendue dans la journ\u00e9e, Soungoutou Magassa ne devrait pas quitter le Rocher, d\u2019apr\u00e8s L\u2019\u00c9quipe. Le milieu de terrain avait fait l\u2019objet d\u2019une offre de [...]","og_url":"https:\/\/www.ladiagonale.net\/index.php\/2025\/02\/03\/magassa-devrait-rester\/","og_site_name":"La Diagonale","article_published_time":"2025-02-03T13:57:32+00:00","og_image":[{"width":1160,"height":650,"url":"https:\/\/www.ladiagonale.net\/wp-content\/uploads\/2024\/09\/magassa2.png","type":"image\/png"}],"author":"Damien Dellerba","twitter_card":"summary_large_image","twitter_image":"https:\/\/www.ladiagonale.net\/wp-content\/uploads\/2024\/09\/magassa2.png","twitter_misc":{"\u00c9crit par":"Damien Dellerba","Dur\u00e9e de lecture estim\u00e9e":"1 minute"},"schema":{"@context":"https:\/\/schema.org","@graph":[{"@type":"WebPage","@id":"https:\/\/www.ladiagonale.net\/index.php\/2025\/02\/03\/magassa-devrait-rester\/","url":"https:\/\/www.ladiagonale.net\/index.php\/2025\/02\/03\/magassa-devrait-rester\/","name":"Magassa devrait rester - La Diagonale","isPartOf":{"@id":"https:\/\/www.ladiagonale.net\/#website"},"datePublished":"2025-02-03T13:57:32+00:00","dateModified":"2025-02-03T13:57:32+00:00","author":{"@id":"https:\/\/www.ladiagonale.net\/#\/schema\/person\/79ff1e7b0853ed01b2aa26e64ad300bf"},"breadcrumb":{"@id":"https:\/\/www.ladiagonale.net\/index.php\/2025\/02\/03\/magassa-devrait-rester\/#breadcrumb"},"inLanguage":"fr-FR","potentialAction":[{"@type":"ReadAction","target":["https:\/\/www.ladiagonale.net\/index.php\/2025\/02\/03\/magassa-devrait-rester\/"]}]},{"@type":"BreadcrumbList","@id":"https:\/\/www.ladiagonale.net\/index.php\/2025\/02\/03\/magassa-devrait-rester\/#breadcrumb","itemListElement":[{"@type":"ListItem","position":1,"name":"Accueil","item":"https:\/\/www.ladiagonale.net\/"},{"@type":"ListItem","position":2,"name":"Magassa devrait rester"}]},{"@type":"WebSite","@id":"https:\/\/www.ladiagonale.net\/#website","url":"https:\/\/www.ladiagonale.net\/","name":"La Diagonale","description":"Le site des supporters de l&#039;AS Monaco FC","potentialAction":[{"@type":"SearchAction","target":{"@type":"EntryPoint","urlTemplate":"https:\/\/www.ladiagonale.net\/?s={search_term_string}"},"query-input":"required name=search_term_string"}],"inLanguage":"fr-FR"},{"@type":"Person","@id":"https:\/\/www.ladiagonale.net\/#\/schema\/person\/79ff1e7b0853ed01b2aa26e64ad300bf","name":"Damien Dellerba","image":{"@type":"ImageObject","inLanguage":"fr-FR","@id":"https:\/\/www.ladiagonale.net\/#\/schema\/person\/image\/","url":"https:\/\/secure.gravatar.com\/avatar\/c7850e06d3ff63cdbaee88b7fc16e2f0?s=96&d=mm&r=g","contentUrl":"https:\/\/secure.gravatar.com\/avatar\/c7850e06d3ff63cdbaee88b7fc16e2f0?s=96&d=mm&r=g","caption":"Damien Dellerba"},"url":"https:\/\/www.ladiagonale.net\/index.php\/author\/damien\/"}]}},"_links":{"self":[{"href":"https:\/\/www.ladiagonale.net\/index.php\/wp-json\/wp\/v2\/posts\/29596"}],"collection":[{"href":"https:\/\/www.ladiagonale.net\/index.php\/wp-json\/wp\/v2\/posts"}],"about":[{"href":"https:\/\/www.ladiagonale.net\/index.php\/wp-json\/wp\/v2\/types\/post"}],"author":[{"embeddable":true,"href":"https:\/\/www.ladiagonale.net\/index.php\/wp-json\/wp\/v2\/users\/2"}],"replies":[{"embeddable":true,"href":"https:\/\/www.ladiagonale.net\/index.php\/wp-json\/wp\/v2\/comments?post=29596"}],"version-history":[{"count":1,"href":"https:\/\/www.ladiagonale.net\/index.php\/wp-json\/wp\/v2\/posts\/29596\/revisions"}],"predecessor-version":[{"id":29597,"href":"https:\/\/www.ladiagonale.net\/index.php\/wp-json\/wp\/v2\/posts\/29596\/revisions\/29597"}],"wp:attachment":[{"href":"https:\/\/www.ladiagonale.net\/index.php\/wp-json\/wp\/v2\/media?parent=29596"}],"wp:term":[{"taxonomy":"category","embeddable":true,"href":"https:\/\/www.ladiagonale.net\/index.php\/wp-json\/wp\/v2\/categories?post=29596"},{"taxonomy":"post_tag","embeddable":true,"href":"https:\/\/www.ladiagonale.net\/index.php\/wp-json\/wp\/v2\/tags?post=29596"}],"curies":[{"name":"wp","href":"https:\/\/api.w.org\/{rel}","templated":true}]}}