{"id":29601,"date":"2025-02-03T16:19:49","date_gmt":"2025-02-03T15:19:49","guid":{"rendered":"https:\/\/www.ladiagonale.net\/?p=29601"},"modified":"2025-02-03T16:19:50","modified_gmt":"2025-02-03T15:19:50","slug":"biereth-et-hutter-dans-lequipe-type-de-la-20e-journee","status":"publish","type":"post","link":"https:\/\/www.ladiagonale.net\/index.php\/2025\/02\/03\/biereth-et-hutter-dans-lequipe-type-de-la-20e-journee\/","title":{"rendered":"Biereth et H\u00fctter dans l&rsquo;\u00e9quipe type de la 20e journ\u00e9e"},"content":{"rendered":"\n\n\n<p>Mika Biereth a r\u00e9alis\u00e9 des d\u00e9buts tonitruants \u00e0 l&rsquo;AS Monaco. Buteur lors de la 19e journ\u00e9e contre Rennes, il a r\u00e9cidiv\u00e9 le week-end dernier face \u00e0 Auxerre. Mais il a fait bien mieux puisque l&rsquo;attaquant danois s&rsquo;est offert un tripl\u00e9. De quoi obtenir la note de 9\/10 dans <em>L&rsquo;\u00c9quipe<\/em> (<a href=\"https:\/\/www.ladiagonale.net\/index.php\/2025\/02\/02\/les-notes-la-sensation-biereth\/\">et dans nos colonnes<\/a>) et figurer pour la premi\u00e8re fois dans le onze type du quotidien.<\/p>\n\n\n\n<p>Il est accompagn\u00e9 d&rsquo;Adi H\u00fctter, qui est l&rsquo;entra\u00eeneur de cette 20<sup>e<\/sup> journ\u00e9e. L&rsquo;Autrichien a notamment su trouver la formule en seconde p\u00e9riode pour renverser Auxerre, qui menait \u00e0 la pause, et son coaching s&rsquo;est av\u00e9r\u00e9 gagnant.<\/p>\n\n\n\n<h3>L&rsquo;\u00e9quipe type de la 20<sup>e<\/sup> journ\u00e9e<\/h3>\n\n\n\n<p class=\"has-white-color has-text-color has-background\" style=\"background-color:#303030\"><em>Gardien :<\/em> Samba (7, Rennes)<br><em>D\u00e9fenseurs :<\/em> Murillo (7, Marseille), McKenzie (6, Toulouse), Marquinhos (6, Paris SG), D\u00f6nnum (7, Toulouse)<br><em>Milieux :<\/em> Abline (8, Nantes), Thomasson (8, Lens), Haraldsson (8, Lille), Sahraoui (8, Lille)<br><em>Attaquant :<\/em> Demb\u00e9l\u00e9 (9, Paris SG), <strong>Biereth (9, Monaco)<\/strong><br><em>Entra\u00eeneur :<\/em> <strong>H\u00fctter (8, Monaco)<\/strong><\/p>\n\n\n\n<h4 class=\"wp-block-heading has-white-color has-vivid-red-background-color has-text-color has-background\" id=\"pr\u00e9sences-dans-l\u00e9quipe-type-par-journ\u00e9es\" style=\"text-transform:uppercase\">Pr\u00e9sences dans l\u2019\u00e9quipe type par journ\u00e9e<\/h4>\n\n\n\n<ul><li>2<sup>e<\/sup> journ\u00e9e : Thilo Kehrer<\/li><li>4<sup>e<\/sup> journ\u00e9e : Thilo Kehrer, Denis Zakaria<\/li><li>5<sup>e<\/sup> journ\u00e9e : Wifried Singo<\/li><li>7<sup>e<\/sup> journ\u00e9e : Eliesse Ben Seghir, Folarin Balogun, Thilo Kehrer, Adi H\u00fctter<\/li><li>11<sup>e<\/sup> journ\u00e9e : Wifried Singo<\/li><li>12<sup>e<\/sup> journ\u00e9e : Maghnes Akliouche<\/li><li>14<sup>e<\/sup> journ\u00e9e : Wifried Singo<\/li><li>15<sup>e<\/sup> journ\u00e9e : Thilo Kehrer<\/li><li>19<sup>e<\/sup> journ\u00e9e : Maghnes Akliouche<\/li><li>20<sup>e<\/sup> journ\u00e9e : Mika Biereth, Adi H\u00fctter<\/li><\/ul>\n\n\n\n<h4 class=\"wp-block-heading has-white-color has-vivid-red-background-color has-text-color has-background\" id=\"nombre-de-pr\u00e9sences-dans-l\u00e9quipe-type\" style=\"text-transform:uppercase\">Nombre de pr\u00e9sences dans l\u2019\u00e9quipe type<\/h4>\n\n\n\n<ul><li>Thilo Kehrer : 4<\/li><li>Wilfried Singo : 3<\/li><li>Maghnes Akliouche, Adi H\u00fctter : 2<\/li><li>Denis Zakaria, Eliesse Ben Seghir, Folarin Balogun, Mika Biereth : 1<\/li><\/ul>\n","protected":false},"excerpt":{"rendered":"<p>Mika Biereth a r\u00e9alis\u00e9 des d\u00e9buts tonitruants \u00e0 l&rsquo;AS Monaco. Buteur lors de la 19e journ\u00e9e contre Rennes, il a r\u00e9cidiv\u00e9 le week-end dernier face \u00e0 Auxerre. Mais il a fait bien mieux puisque l&rsquo;attaquant danois s&rsquo;est offert un tripl\u00e9. De quoi obtenir la note de 9\/10 dans L&rsquo;\u00c9quipe (et dans nos colonnes) et figurer [&#8230;]\n","protected":false},"author":2,"featured_media":0,"comment_status":"open","ping_status":"open","sticky":false,"template":"","format":"standard","meta":[],"categories":[6],"tags":[576,86,218,94,965],"yoast_head":"<!-- This site is optimized with the Yoast SEO plugin v19.8 - https:\/\/yoast.com\/wordpress\/plugins\/seo\/ -->\n<title>Biereth et H\u00fctter dans l&#039;\u00e9quipe type de la 20e journ\u00e9e - La Diagonale<\/title>\n<meta name=\"robots\" content=\"index, follow, max-snippet:-1, max-image-preview:large, max-video-preview:-1\" \/>\n<link rel=\"canonical\" href=\"https:\/\/www.ladiagonale.net\/index.php\/2025\/02\/03\/biereth-et-hutter-dans-lequipe-type-de-la-20e-journee\/\" \/>\n<meta property=\"og:locale\" content=\"fr_FR\" \/>\n<meta property=\"og:type\" content=\"article\" \/>\n<meta property=\"og:title\" content=\"Biereth et H\u00fctter dans l&#039;\u00e9quipe type de la 20e journ\u00e9e - La Diagonale\" \/>\n<meta property=\"og:description\" content=\"Mika Biereth a r\u00e9alis\u00e9 des d\u00e9buts tonitruants \u00e0 l&rsquo;AS Monaco. Buteur lors de la 19e journ\u00e9e contre Rennes, il a r\u00e9cidiv\u00e9 le week-end dernier face \u00e0 Auxerre. Mais il a fait bien mieux puisque l&rsquo;attaquant danois s&rsquo;est offert un tripl\u00e9. De quoi obtenir la note de 9\/10 dans L&rsquo;\u00c9quipe (et dans nos colonnes) et figurer [...]\" \/>\n<meta property=\"og:url\" content=\"https:\/\/www.ladiagonale.net\/index.php\/2025\/02\/03\/biereth-et-hutter-dans-lequipe-type-de-la-20e-journee\/\" \/>\n<meta property=\"og:site_name\" content=\"La Diagonale\" \/>\n<meta property=\"article:published_time\" content=\"2025-02-03T15:19:49+00:00\" \/>\n<meta property=\"article:modified_time\" content=\"2025-02-03T15:19:50+00:00\" \/>\n<meta property=\"og:image\" content=\"https:\/\/www.ladiagonale.net\/wp-content\/uploads\/2025\/02\/Biereth.png\" \/>\n\t<meta property=\"og:image:width\" content=\"1160\" \/>\n\t<meta property=\"og:image:height\" content=\"650\" \/>\n\t<meta property=\"og:image:type\" content=\"image\/png\" \/>\n<meta name=\"author\" content=\"Damien Dellerba\" \/>\n<meta name=\"twitter:card\" content=\"summary_large_image\" \/>\n<meta name=\"twitter:image\" content=\"https:\/\/www.ladiagonale.net\/wp-content\/uploads\/2025\/02\/Biereth.png\" \/>\n<meta name=\"twitter:label1\" content=\"\u00c9crit par\" \/>\n\t<meta name=\"twitter:data1\" content=\"Damien Dellerba\" \/>\n\t<meta name=\"twitter:label2\" content=\"Dur\u00e9e de lecture estim\u00e9e\" \/>\n\t<meta name=\"twitter:data2\" content=\"2 minutes\" \/>\n<script type=\"application\/ld+json\" class=\"yoast-schema-graph\">{\"@context\":\"https:\/\/schema.org\",\"@graph\":[{\"@type\":\"WebPage\",\"@id\":\"https:\/\/www.ladiagonale.net\/index.php\/2025\/02\/03\/biereth-et-hutter-dans-lequipe-type-de-la-20e-journee\/\",\"url\":\"https:\/\/www.ladiagonale.net\/index.php\/2025\/02\/03\/biereth-et-hutter-dans-lequipe-type-de-la-20e-journee\/\",\"name\":\"Biereth et H\u00fctter dans l'\u00e9quipe type de la 20e journ\u00e9e - La Diagonale\",\"isPartOf\":{\"@id\":\"https:\/\/www.ladiagonale.net\/#website\"},\"datePublished\":\"2025-02-03T15:19:49+00:00\",\"dateModified\":\"2025-02-03T15:19:50+00:00\",\"author\":{\"@id\":\"https:\/\/www.ladiagonale.net\/#\/schema\/person\/79ff1e7b0853ed01b2aa26e64ad300bf\"},\"breadcrumb\":{\"@id\":\"https:\/\/www.ladiagonale.net\/index.php\/2025\/02\/03\/biereth-et-hutter-dans-lequipe-type-de-la-20e-journee\/#breadcrumb\"},\"inLanguage\":\"fr-FR\",\"potentialAction\":[{\"@type\":\"ReadAction\",\"target\":[\"https:\/\/www.ladiagonale.net\/index.php\/2025\/02\/03\/biereth-et-hutter-dans-lequipe-type-de-la-20e-journee\/\"]}]},{\"@type\":\"BreadcrumbList\",\"@id\":\"https:\/\/www.ladiagonale.net\/index.php\/2025\/02\/03\/biereth-et-hutter-dans-lequipe-type-de-la-20e-journee\/#breadcrumb\",\"itemListElement\":[{\"@type\":\"ListItem\",\"position\":1,\"name\":\"Accueil\",\"item\":\"https:\/\/www.ladiagonale.net\/\"},{\"@type\":\"ListItem\",\"position\":2,\"name\":\"Biereth et H\u00fctter dans l&rsquo;\u00e9quipe type de la 20e journ\u00e9e\"}]},{\"@type\":\"WebSite\",\"@id\":\"https:\/\/www.ladiagonale.net\/#website\",\"url\":\"https:\/\/www.ladiagonale.net\/\",\"name\":\"La Diagonale\",\"description\":\"Le site des supporters de l&#039;AS Monaco FC\",\"potentialAction\":[{\"@type\":\"SearchAction\",\"target\":{\"@type\":\"EntryPoint\",\"urlTemplate\":\"https:\/\/www.ladiagonale.net\/?s={search_term_string}\"},\"query-input\":\"required name=search_term_string\"}],\"inLanguage\":\"fr-FR\"},{\"@type\":\"Person\",\"@id\":\"https:\/\/www.ladiagonale.net\/#\/schema\/person\/79ff1e7b0853ed01b2aa26e64ad300bf\",\"name\":\"Damien Dellerba\",\"image\":{\"@type\":\"ImageObject\",\"inLanguage\":\"fr-FR\",\"@id\":\"https:\/\/www.ladiagonale.net\/#\/schema\/person\/image\/\",\"url\":\"https:\/\/secure.gravatar.com\/avatar\/c7850e06d3ff63cdbaee88b7fc16e2f0?s=96&d=mm&r=g\",\"contentUrl\":\"https:\/\/secure.gravatar.com\/avatar\/c7850e06d3ff63cdbaee88b7fc16e2f0?s=96&d=mm&r=g\",\"caption\":\"Damien Dellerba\"},\"url\":\"https:\/\/www.ladiagonale.net\/index.php\/author\/damien\/\"}]}<\/script>\n<!-- \/ Yoast SEO plugin. -->","yoast_head_json":{"title":"Biereth et H\u00fctter dans l'\u00e9quipe type de la 20e journ\u00e9e - La Diagonale","robots":{"index":"index","follow":"follow","max-snippet":"max-snippet:-1","max-image-preview":"max-image-preview:large","max-video-preview":"max-video-preview:-1"},"canonical":"https:\/\/www.ladiagonale.net\/index.php\/2025\/02\/03\/biereth-et-hutter-dans-lequipe-type-de-la-20e-journee\/","og_locale":"fr_FR","og_type":"article","og_title":"Biereth et H\u00fctter dans l'\u00e9quipe type de la 20e journ\u00e9e - La Diagonale","og_description":"Mika Biereth a r\u00e9alis\u00e9 des d\u00e9buts tonitruants \u00e0 l&rsquo;AS Monaco. Buteur lors de la 19e journ\u00e9e contre Rennes, il a r\u00e9cidiv\u00e9 le week-end dernier face \u00e0 Auxerre. Mais il a fait bien mieux puisque l&rsquo;attaquant danois s&rsquo;est offert un tripl\u00e9. De quoi obtenir la note de 9\/10 dans L&rsquo;\u00c9quipe (et dans nos colonnes) et figurer [...]","og_url":"https:\/\/www.ladiagonale.net\/index.php\/2025\/02\/03\/biereth-et-hutter-dans-lequipe-type-de-la-20e-journee\/","og_site_name":"La Diagonale","article_published_time":"2025-02-03T15:19:49+00:00","article_modified_time":"2025-02-03T15:19:50+00:00","og_image":[{"width":1160,"height":650,"url":"https:\/\/www.ladiagonale.net\/wp-content\/uploads\/2025\/02\/Biereth.png","type":"image\/png"}],"author":"Damien Dellerba","twitter_card":"summary_large_image","twitter_image":"https:\/\/www.ladiagonale.net\/wp-content\/uploads\/2025\/02\/Biereth.png","twitter_misc":{"\u00c9crit par":"Damien Dellerba","Dur\u00e9e de lecture estim\u00e9e":"2 minutes"},"schema":{"@context":"https:\/\/schema.org","@graph":[{"@type":"WebPage","@id":"https:\/\/www.ladiagonale.net\/index.php\/2025\/02\/03\/biereth-et-hutter-dans-lequipe-type-de-la-20e-journee\/","url":"https:\/\/www.ladiagonale.net\/index.php\/2025\/02\/03\/biereth-et-hutter-dans-lequipe-type-de-la-20e-journee\/","name":"Biereth et H\u00fctter dans l'\u00e9quipe type de la 20e journ\u00e9e - La Diagonale","isPartOf":{"@id":"https:\/\/www.ladiagonale.net\/#website"},"datePublished":"2025-02-03T15:19:49+00:00","dateModified":"2025-02-03T15:19:50+00:00","author":{"@id":"https:\/\/www.ladiagonale.net\/#\/schema\/person\/79ff1e7b0853ed01b2aa26e64ad300bf"},"breadcrumb":{"@id":"https:\/\/www.ladiagonale.net\/index.php\/2025\/02\/03\/biereth-et-hutter-dans-lequipe-type-de-la-20e-journee\/#breadcrumb"},"inLanguage":"fr-FR","potentialAction":[{"@type":"ReadAction","target":["https:\/\/www.ladiagonale.net\/index.php\/2025\/02\/03\/biereth-et-hutter-dans-lequipe-type-de-la-20e-journee\/"]}]},{"@type":"BreadcrumbList","@id":"https:\/\/www.ladiagonale.net\/index.php\/2025\/02\/03\/biereth-et-hutter-dans-lequipe-type-de-la-20e-journee\/#breadcrumb","itemListElement":[{"@type":"ListItem","position":1,"name":"Accueil","item":"https:\/\/www.ladiagonale.net\/"},{"@type":"ListItem","position":2,"name":"Biereth et H\u00fctter dans l&rsquo;\u00e9quipe type de la 20e journ\u00e9e"}]},{"@type":"WebSite","@id":"https:\/\/www.ladiagonale.net\/#website","url":"https:\/\/www.ladiagonale.net\/","name":"La Diagonale","description":"Le site des supporters de l&#039;AS Monaco FC","potentialAction":[{"@type":"SearchAction","target":{"@type":"EntryPoint","urlTemplate":"https:\/\/www.ladiagonale.net\/?s={search_term_string}"},"query-input":"required name=search_term_string"}],"inLanguage":"fr-FR"},{"@type":"Person","@id":"https:\/\/www.ladiagonale.net\/#\/schema\/person\/79ff1e7b0853ed01b2aa26e64ad300bf","name":"Damien Dellerba","image":{"@type":"ImageObject","inLanguage":"fr-FR","@id":"https:\/\/www.ladiagonale.net\/#\/schema\/person\/image\/","url":"https:\/\/secure.gravatar.com\/avatar\/c7850e06d3ff63cdbaee88b7fc16e2f0?s=96&d=mm&r=g","contentUrl":"https:\/\/secure.gravatar.com\/avatar\/c7850e06d3ff63cdbaee88b7fc16e2f0?s=96&d=mm&r=g","caption":"Damien Dellerba"},"url":"https:\/\/www.ladiagonale.net\/index.php\/author\/damien\/"}]}},"_links":{"self":[{"href":"https:\/\/www.ladiagonale.net\/index.php\/wp-json\/wp\/v2\/posts\/29601"}],"collection":[{"href":"https:\/\/www.ladiagonale.net\/index.php\/wp-json\/wp\/v2\/posts"}],"about":[{"href":"https:\/\/www.ladiagonale.net\/index.php\/wp-json\/wp\/v2\/types\/post"}],"author":[{"embeddable":true,"href":"https:\/\/www.ladiagonale.net\/index.php\/wp-json\/wp\/v2\/users\/2"}],"replies":[{"embeddable":true,"href":"https:\/\/www.ladiagonale.net\/index.php\/wp-json\/wp\/v2\/comments?post=29601"}],"version-history":[{"count":1,"href":"https:\/\/www.ladiagonale.net\/index.php\/wp-json\/wp\/v2\/posts\/29601\/revisions"}],"predecessor-version":[{"id":29605,"href":"https:\/\/www.ladiagonale.net\/index.php\/wp-json\/wp\/v2\/posts\/29601\/revisions\/29605"}],"wp:attachment":[{"href":"https:\/\/www.ladiagonale.net\/index.php\/wp-json\/wp\/v2\/media?parent=29601"}],"wp:term":[{"taxonomy":"category","embeddable":true,"href":"https:\/\/www.ladiagonale.net\/index.php\/wp-json\/wp\/v2\/categories?post=29601"},{"taxonomy":"post_tag","embeddable":true,"href":"https:\/\/www.ladiagonale.net\/index.php\/wp-json\/wp\/v2\/tags?post=29601"}],"curies":[{"name":"wp","href":"https:\/\/api.w.org\/{rel}","templated":true}]}}