{"id":29627,"date":"2025-02-04T20:23:22","date_gmt":"2025-02-04T19:23:22","guid":{"rendered":"https:\/\/www.ladiagonale.net\/?p=29627"},"modified":"2025-02-04T20:23:22","modified_gmt":"2025-02-04T19:23:22","slug":"troisieme-victoire-pour-le-groupe-elite-au-challenge-espoirs","status":"publish","type":"post","link":"https:\/\/www.ladiagonale.net\/index.php\/2025\/02\/04\/troisieme-victoire-pour-le-groupe-elite-au-challenge-espoirs\/","title":{"rendered":"Troisi\u00e8me victoire pour le Groupe \u00c9lite au Challenge Espoirs"},"content":{"rendered":"\n<p>Fort de deux succ\u00e8s contre Rennes (1-0) et Caen (1-1, 4-3 aux tirs au but), le Groupe \u00c9lite de l\u2019AS Monaco a encha\u00een\u00e9 une troisi\u00e8me victoire au Challenge Espoirs, la comp\u00e9tition qui r\u00e9unit certaines \u00e9quipes des centres de formation professionnels. Les Rouge et Blanc ont s\u00e8chement battu le Paris FC (3-0), ce lundi, gr\u00e2ce \u00e0 un doubl\u00e9 de Romaric Etonde et une r\u00e9alisation de Boubakar Dembaga.<\/p>\n\n\n\n<p>Etonde a ouvert le score pour l\u2019ASM \u00e0 quelques minutes de la pause (40e) et Dembaga a fait le break juste apr\u00e8s le retour des vestiaires (49e). Etonde a ensuite inscrit son deuxi\u00e8me but personnel juste avant l\u2019heure de jeu pour plier la rencontre (59e). Gr\u00e2ce \u00e0 ce succ\u00e8s, les Mon\u00e9gasques reprennent la t\u00eate de leur groupe. Il reste encore deux matches \u00e0 disputer et le prochain aura lieu dans un mois, le 3 mars, contre Ajaccio.<\/p>\n\n\n","protected":false},"excerpt":{"rendered":"<p>Fort de deux succ\u00e8s contre Rennes (1-0) et Caen (1-1, 4-3 aux tirs au but), le Groupe \u00c9lite de l\u2019AS Monaco a encha\u00een\u00e9 une troisi\u00e8me victoire au Challenge Espoirs, la comp\u00e9tition qui r\u00e9unit certaines \u00e9quipes des centres de formation professionnels. Les Rouge et Blanc ont s\u00e8chement battu le Paris FC (3-0), ce lundi, gr\u00e2ce \u00e0 [&#8230;]\n","protected":false},"author":2,"featured_media":0,"comment_status":"open","ping_status":"open","sticky":false,"template":"","format":"standard","meta":[],"categories":[6],"tags":[76,86,928,228],"yoast_head":"<!-- This site is optimized with the Yoast SEO plugin v19.8 - https:\/\/yoast.com\/wordpress\/plugins\/seo\/ -->\n<title>Troisi\u00e8me victoire pour le Groupe \u00c9lite au Challenge Espoirs - La Diagonale<\/title>\n<meta name=\"robots\" content=\"index, follow, max-snippet:-1, max-image-preview:large, max-video-preview:-1\" \/>\n<link rel=\"canonical\" href=\"https:\/\/www.ladiagonale.net\/index.php\/2025\/02\/04\/troisieme-victoire-pour-le-groupe-elite-au-challenge-espoirs\/\" \/>\n<meta property=\"og:locale\" content=\"fr_FR\" \/>\n<meta property=\"og:type\" content=\"article\" \/>\n<meta property=\"og:title\" content=\"Troisi\u00e8me victoire pour le Groupe \u00c9lite au Challenge Espoirs - La Diagonale\" \/>\n<meta property=\"og:description\" content=\"Fort de deux succ\u00e8s contre Rennes (1-0) et Caen (1-1, 4-3 aux tirs au but), le Groupe \u00c9lite de l\u2019AS Monaco a encha\u00een\u00e9 une troisi\u00e8me victoire au Challenge Espoirs, la comp\u00e9tition qui r\u00e9unit certaines \u00e9quipes des centres de formation professionnels. Les Rouge et Blanc ont s\u00e8chement battu le Paris FC (3-0), ce lundi, gr\u00e2ce \u00e0 [...]\" \/>\n<meta property=\"og:url\" content=\"https:\/\/www.ladiagonale.net\/index.php\/2025\/02\/04\/troisieme-victoire-pour-le-groupe-elite-au-challenge-espoirs\/\" \/>\n<meta property=\"og:site_name\" content=\"La Diagonale\" \/>\n<meta property=\"article:published_time\" content=\"2025-02-04T19:23:22+00:00\" \/>\n<meta property=\"og:image\" content=\"https:\/\/www.ladiagonale.net\/wp-content\/uploads\/2025\/02\/etonde.png\" \/>\n\t<meta property=\"og:image:width\" content=\"1160\" \/>\n\t<meta property=\"og:image:height\" content=\"650\" \/>\n\t<meta property=\"og:image:type\" content=\"image\/png\" \/>\n<meta name=\"author\" content=\"Damien Dellerba\" \/>\n<meta name=\"twitter:card\" content=\"summary_large_image\" \/>\n<meta name=\"twitter:image\" content=\"https:\/\/www.ladiagonale.net\/wp-content\/uploads\/2025\/02\/etonde.png\" \/>\n<meta name=\"twitter:label1\" content=\"\u00c9crit par\" \/>\n\t<meta name=\"twitter:data1\" content=\"Damien Dellerba\" \/>\n\t<meta name=\"twitter:label2\" content=\"Dur\u00e9e de lecture estim\u00e9e\" \/>\n\t<meta name=\"twitter:data2\" content=\"1 minute\" \/>\n<script type=\"application\/ld+json\" class=\"yoast-schema-graph\">{\"@context\":\"https:\/\/schema.org\",\"@graph\":[{\"@type\":\"WebPage\",\"@id\":\"https:\/\/www.ladiagonale.net\/index.php\/2025\/02\/04\/troisieme-victoire-pour-le-groupe-elite-au-challenge-espoirs\/\",\"url\":\"https:\/\/www.ladiagonale.net\/index.php\/2025\/02\/04\/troisieme-victoire-pour-le-groupe-elite-au-challenge-espoirs\/\",\"name\":\"Troisi\u00e8me victoire pour le Groupe \u00c9lite au Challenge Espoirs - La Diagonale\",\"isPartOf\":{\"@id\":\"https:\/\/www.ladiagonale.net\/#website\"},\"datePublished\":\"2025-02-04T19:23:22+00:00\",\"dateModified\":\"2025-02-04T19:23:22+00:00\",\"author\":{\"@id\":\"https:\/\/www.ladiagonale.net\/#\/schema\/person\/79ff1e7b0853ed01b2aa26e64ad300bf\"},\"breadcrumb\":{\"@id\":\"https:\/\/www.ladiagonale.net\/index.php\/2025\/02\/04\/troisieme-victoire-pour-le-groupe-elite-au-challenge-espoirs\/#breadcrumb\"},\"inLanguage\":\"fr-FR\",\"potentialAction\":[{\"@type\":\"ReadAction\",\"target\":[\"https:\/\/www.ladiagonale.net\/index.php\/2025\/02\/04\/troisieme-victoire-pour-le-groupe-elite-au-challenge-espoirs\/\"]}]},{\"@type\":\"BreadcrumbList\",\"@id\":\"https:\/\/www.ladiagonale.net\/index.php\/2025\/02\/04\/troisieme-victoire-pour-le-groupe-elite-au-challenge-espoirs\/#breadcrumb\",\"itemListElement\":[{\"@type\":\"ListItem\",\"position\":1,\"name\":\"Accueil\",\"item\":\"https:\/\/www.ladiagonale.net\/\"},{\"@type\":\"ListItem\",\"position\":2,\"name\":\"Troisi\u00e8me victoire pour le Groupe \u00c9lite au Challenge Espoirs\"}]},{\"@type\":\"WebSite\",\"@id\":\"https:\/\/www.ladiagonale.net\/#website\",\"url\":\"https:\/\/www.ladiagonale.net\/\",\"name\":\"La Diagonale\",\"description\":\"Le site des supporters de l&#039;AS Monaco FC\",\"potentialAction\":[{\"@type\":\"SearchAction\",\"target\":{\"@type\":\"EntryPoint\",\"urlTemplate\":\"https:\/\/www.ladiagonale.net\/?s={search_term_string}\"},\"query-input\":\"required name=search_term_string\"}],\"inLanguage\":\"fr-FR\"},{\"@type\":\"Person\",\"@id\":\"https:\/\/www.ladiagonale.net\/#\/schema\/person\/79ff1e7b0853ed01b2aa26e64ad300bf\",\"name\":\"Damien Dellerba\",\"image\":{\"@type\":\"ImageObject\",\"inLanguage\":\"fr-FR\",\"@id\":\"https:\/\/www.ladiagonale.net\/#\/schema\/person\/image\/\",\"url\":\"https:\/\/secure.gravatar.com\/avatar\/c7850e06d3ff63cdbaee88b7fc16e2f0?s=96&d=mm&r=g\",\"contentUrl\":\"https:\/\/secure.gravatar.com\/avatar\/c7850e06d3ff63cdbaee88b7fc16e2f0?s=96&d=mm&r=g\",\"caption\":\"Damien Dellerba\"},\"url\":\"https:\/\/www.ladiagonale.net\/index.php\/author\/damien\/\"}]}<\/script>\n<!-- \/ Yoast SEO plugin. -->","yoast_head_json":{"title":"Troisi\u00e8me victoire pour le Groupe \u00c9lite au Challenge Espoirs - La Diagonale","robots":{"index":"index","follow":"follow","max-snippet":"max-snippet:-1","max-image-preview":"max-image-preview:large","max-video-preview":"max-video-preview:-1"},"canonical":"https:\/\/www.ladiagonale.net\/index.php\/2025\/02\/04\/troisieme-victoire-pour-le-groupe-elite-au-challenge-espoirs\/","og_locale":"fr_FR","og_type":"article","og_title":"Troisi\u00e8me victoire pour le Groupe \u00c9lite au Challenge Espoirs - La Diagonale","og_description":"Fort de deux succ\u00e8s contre Rennes (1-0) et Caen (1-1, 4-3 aux tirs au but), le Groupe \u00c9lite de l\u2019AS Monaco a encha\u00een\u00e9 une troisi\u00e8me victoire au Challenge Espoirs, la comp\u00e9tition qui r\u00e9unit certaines \u00e9quipes des centres de formation professionnels. Les Rouge et Blanc ont s\u00e8chement battu le Paris FC (3-0), ce lundi, gr\u00e2ce \u00e0 [...]","og_url":"https:\/\/www.ladiagonale.net\/index.php\/2025\/02\/04\/troisieme-victoire-pour-le-groupe-elite-au-challenge-espoirs\/","og_site_name":"La Diagonale","article_published_time":"2025-02-04T19:23:22+00:00","og_image":[{"width":1160,"height":650,"url":"https:\/\/www.ladiagonale.net\/wp-content\/uploads\/2025\/02\/etonde.png","type":"image\/png"}],"author":"Damien Dellerba","twitter_card":"summary_large_image","twitter_image":"https:\/\/www.ladiagonale.net\/wp-content\/uploads\/2025\/02\/etonde.png","twitter_misc":{"\u00c9crit par":"Damien Dellerba","Dur\u00e9e de lecture estim\u00e9e":"1 minute"},"schema":{"@context":"https:\/\/schema.org","@graph":[{"@type":"WebPage","@id":"https:\/\/www.ladiagonale.net\/index.php\/2025\/02\/04\/troisieme-victoire-pour-le-groupe-elite-au-challenge-espoirs\/","url":"https:\/\/www.ladiagonale.net\/index.php\/2025\/02\/04\/troisieme-victoire-pour-le-groupe-elite-au-challenge-espoirs\/","name":"Troisi\u00e8me victoire pour le Groupe \u00c9lite au Challenge Espoirs - La Diagonale","isPartOf":{"@id":"https:\/\/www.ladiagonale.net\/#website"},"datePublished":"2025-02-04T19:23:22+00:00","dateModified":"2025-02-04T19:23:22+00:00","author":{"@id":"https:\/\/www.ladiagonale.net\/#\/schema\/person\/79ff1e7b0853ed01b2aa26e64ad300bf"},"breadcrumb":{"@id":"https:\/\/www.ladiagonale.net\/index.php\/2025\/02\/04\/troisieme-victoire-pour-le-groupe-elite-au-challenge-espoirs\/#breadcrumb"},"inLanguage":"fr-FR","potentialAction":[{"@type":"ReadAction","target":["https:\/\/www.ladiagonale.net\/index.php\/2025\/02\/04\/troisieme-victoire-pour-le-groupe-elite-au-challenge-espoirs\/"]}]},{"@type":"BreadcrumbList","@id":"https:\/\/www.ladiagonale.net\/index.php\/2025\/02\/04\/troisieme-victoire-pour-le-groupe-elite-au-challenge-espoirs\/#breadcrumb","itemListElement":[{"@type":"ListItem","position":1,"name":"Accueil","item":"https:\/\/www.ladiagonale.net\/"},{"@type":"ListItem","position":2,"name":"Troisi\u00e8me victoire pour le Groupe \u00c9lite au Challenge Espoirs"}]},{"@type":"WebSite","@id":"https:\/\/www.ladiagonale.net\/#website","url":"https:\/\/www.ladiagonale.net\/","name":"La Diagonale","description":"Le site des supporters de l&#039;AS Monaco FC","potentialAction":[{"@type":"SearchAction","target":{"@type":"EntryPoint","urlTemplate":"https:\/\/www.ladiagonale.net\/?s={search_term_string}"},"query-input":"required name=search_term_string"}],"inLanguage":"fr-FR"},{"@type":"Person","@id":"https:\/\/www.ladiagonale.net\/#\/schema\/person\/79ff1e7b0853ed01b2aa26e64ad300bf","name":"Damien Dellerba","image":{"@type":"ImageObject","inLanguage":"fr-FR","@id":"https:\/\/www.ladiagonale.net\/#\/schema\/person\/image\/","url":"https:\/\/secure.gravatar.com\/avatar\/c7850e06d3ff63cdbaee88b7fc16e2f0?s=96&d=mm&r=g","contentUrl":"https:\/\/secure.gravatar.com\/avatar\/c7850e06d3ff63cdbaee88b7fc16e2f0?s=96&d=mm&r=g","caption":"Damien Dellerba"},"url":"https:\/\/www.ladiagonale.net\/index.php\/author\/damien\/"}]}},"_links":{"self":[{"href":"https:\/\/www.ladiagonale.net\/index.php\/wp-json\/wp\/v2\/posts\/29627"}],"collection":[{"href":"https:\/\/www.ladiagonale.net\/index.php\/wp-json\/wp\/v2\/posts"}],"about":[{"href":"https:\/\/www.ladiagonale.net\/index.php\/wp-json\/wp\/v2\/types\/post"}],"author":[{"embeddable":true,"href":"https:\/\/www.ladiagonale.net\/index.php\/wp-json\/wp\/v2\/users\/2"}],"replies":[{"embeddable":true,"href":"https:\/\/www.ladiagonale.net\/index.php\/wp-json\/wp\/v2\/comments?post=29627"}],"version-history":[{"count":1,"href":"https:\/\/www.ladiagonale.net\/index.php\/wp-json\/wp\/v2\/posts\/29627\/revisions"}],"predecessor-version":[{"id":29629,"href":"https:\/\/www.ladiagonale.net\/index.php\/wp-json\/wp\/v2\/posts\/29627\/revisions\/29629"}],"wp:attachment":[{"href":"https:\/\/www.ladiagonale.net\/index.php\/wp-json\/wp\/v2\/media?parent=29627"}],"wp:term":[{"taxonomy":"category","embeddable":true,"href":"https:\/\/www.ladiagonale.net\/index.php\/wp-json\/wp\/v2\/categories?post=29627"},{"taxonomy":"post_tag","embeddable":true,"href":"https:\/\/www.ladiagonale.net\/index.php\/wp-json\/wp\/v2\/tags?post=29627"}],"curies":[{"name":"wp","href":"https:\/\/api.w.org\/{rel}","templated":true}]}}