{"id":29630,"date":"2025-02-05T11:32:27","date_gmt":"2025-02-05T10:32:27","guid":{"rendered":"https:\/\/www.ladiagonale.net\/?p=29630"},"modified":"2025-02-05T11:32:28","modified_gmt":"2025-02-05T10:32:28","slug":"le-choc-face-au-psg-arbitre-par-turpin","status":"publish","type":"post","link":"https:\/\/www.ladiagonale.net\/index.php\/2025\/02\/05\/le-choc-face-au-psg-arbitre-par-turpin\/","title":{"rendered":"Le choc face au PSG arbitr\u00e9 par Turpin"},"content":{"rendered":"\n\n\n<p>Pour cette rencontre au sommet entre l&rsquo;AS Monaco et le Paris Saint-Germain, c&rsquo;est Cl\u00e9ment Turpin qui a \u00e9t\u00e9 d\u00e9sign\u00e9 en tant qu&rsquo;arbitre central. Ses juges de lignes seront Nicolas Danos et Benjamin Pages, tandis que Bastien Dechepy et Yann Flament \u0153uvreront \u00e0 la vid\u00e9o.<\/p>\n\n\n\n<div class=\"wp-block-media-text alignwide is-stacked-on-mobile\" style=\"grid-template-columns:35% auto\"><figure class=\"wp-block-media-text__media\"><img loading=\"lazy\" width=\"540\" height=\"626\" src=\"https:\/\/www.ladiagonale.net\/wp-content\/uploads\/2025\/02\/MR8Va-19.png\" alt=\"\" class=\"wp-image-29631 size-full\" srcset=\"https:\/\/www.ladiagonale.net\/wp-content\/uploads\/2025\/02\/MR8Va-19.png 540w, https:\/\/www.ladiagonale.net\/wp-content\/uploads\/2025\/02\/MR8Va-19-259x300.png 259w, https:\/\/www.ladiagonale.net\/wp-content\/uploads\/2025\/02\/MR8Va-19-110x128.png 110w, https:\/\/www.ladiagonale.net\/wp-content\/uploads\/2025\/02\/MR8Va-19-28x32.png 28w\" sizes=\"(max-width: 540px) 100vw, 540px\" \/><\/figure><div class=\"wp-block-media-text__content\">\n<p style=\"font-size:16px\">Turpin a arbitr\u00e9 l&rsquo;ASM 38 fois, et cela seulement sur la Ligue 1. Les Rouge et Blanc s&rsquo;en sont plut\u00f4t bien tir\u00e9s avec lui puisqu&rsquo;ils ont gagn\u00e9 \u00e0 21 reprises, contre 12 d\u00e9faites et 5 nuls. Cette saison, ce sera la troisi\u00e8me fois qu&rsquo;il arbitrera l&rsquo;ASM. Il avait dirig\u00e9 la rencontre contre Saint-\u00c9tienne lors de la 1re journ\u00e9e de L1 (1-0) mais aussi celle au V\u00e9lodrome contre Marseille (1-2, le 1er d\u00e9cembre).<\/p>\n<\/div><\/div>\n\n\n\n<div class=\"wp-block-media-text alignwide is-stacked-on-mobile\"><figure class=\"wp-block-media-text__media\"><img loading=\"lazy\" width=\"1024\" height=\"578\" src=\"https:\/\/www.ladiagonale.net\/wp-content\/uploads\/2025\/02\/d3RnE-10-1024x578.png\" alt=\"\" class=\"wp-image-29632 size-full\" srcset=\"https:\/\/www.ladiagonale.net\/wp-content\/uploads\/2025\/02\/d3RnE-10-1024x578.png 1024w, https:\/\/www.ladiagonale.net\/wp-content\/uploads\/2025\/02\/d3RnE-10-300x169.png 300w, https:\/\/www.ladiagonale.net\/wp-content\/uploads\/2025\/02\/d3RnE-10-768x434.png 768w, https:\/\/www.ladiagonale.net\/wp-content\/uploads\/2025\/02\/d3RnE-10-128x72.png 128w, https:\/\/www.ladiagonale.net\/wp-content\/uploads\/2025\/02\/d3RnE-10-32x18.png 32w, https:\/\/www.ladiagonale.net\/wp-content\/uploads\/2025\/02\/d3RnE-10.png 1240w\" sizes=\"(max-width: 1024px) 100vw, 1024px\" \/><\/figure><div class=\"wp-block-media-text__content\">\n<p style=\"font-size:16px\">Rencontre lors de laquelle il avait accord\u00e9 un p\u00e9nalty aux Marseillais \u00e0 cause d&rsquo;une main de Christian Mawissa, faisant d\u00e9sormais pencher la balance du c\u00f4t\u00e9 des adversaires de l&rsquo;ASM pour ce qui est du nombre de p\u00e9naltys accord\u00e9s. <\/p>\n<\/div><\/div>\n","protected":false},"excerpt":{"rendered":"<p>Pour cette rencontre au sommet entre l&rsquo;AS Monaco et le Paris Saint-Germain, c&rsquo;est Cl\u00e9ment Turpin qui a \u00e9t\u00e9 d\u00e9sign\u00e9 en tant qu&rsquo;arbitre central. Ses juges de lignes seront Nicolas Danos et Benjamin Pages, tandis que Bastien Dechepy et Yann Flament \u0153uvreront \u00e0 la vid\u00e9o. Turpin a arbitr\u00e9 l&rsquo;ASM 38 fois, et cela seulement sur la [&#8230;]\n","protected":false},"author":2,"featured_media":0,"comment_status":"open","ping_status":"open","sticky":false,"template":"","format":"standard","meta":[],"categories":[6],"tags":[156,86,473,94,720],"yoast_head":"<!-- This site is optimized with the Yoast SEO plugin v19.8 - https:\/\/yoast.com\/wordpress\/plugins\/seo\/ -->\n<title>Le choc face au PSG arbitr\u00e9 par Turpin - La Diagonale<\/title>\n<meta name=\"robots\" content=\"index, follow, max-snippet:-1, max-image-preview:large, max-video-preview:-1\" \/>\n<link rel=\"canonical\" href=\"https:\/\/www.ladiagonale.net\/index.php\/2025\/02\/05\/le-choc-face-au-psg-arbitre-par-turpin\/\" \/>\n<meta property=\"og:locale\" content=\"fr_FR\" \/>\n<meta property=\"og:type\" content=\"article\" \/>\n<meta property=\"og:title\" content=\"Le choc face au PSG arbitr\u00e9 par Turpin - La Diagonale\" \/>\n<meta property=\"og:description\" content=\"Pour cette rencontre au sommet entre l&rsquo;AS Monaco et le Paris Saint-Germain, c&rsquo;est Cl\u00e9ment Turpin qui a \u00e9t\u00e9 d\u00e9sign\u00e9 en tant qu&rsquo;arbitre central. Ses juges de lignes seront Nicolas Danos et Benjamin Pages, tandis que Bastien Dechepy et Yann Flament \u0153uvreront \u00e0 la vid\u00e9o. Turpin a arbitr\u00e9 l&rsquo;ASM 38 fois, et cela seulement sur la [...]\" \/>\n<meta property=\"og:url\" content=\"https:\/\/www.ladiagonale.net\/index.php\/2025\/02\/05\/le-choc-face-au-psg-arbitre-par-turpin\/\" \/>\n<meta property=\"og:site_name\" content=\"La Diagonale\" \/>\n<meta property=\"article:published_time\" content=\"2025-02-05T10:32:27+00:00\" \/>\n<meta property=\"article:modified_time\" content=\"2025-02-05T10:32:28+00:00\" \/>\n<meta property=\"og:image\" content=\"https:\/\/www.ladiagonale.net\/wp-content\/uploads\/2023\/02\/turpin.png\" \/>\n\t<meta property=\"og:image:width\" content=\"1160\" \/>\n\t<meta property=\"og:image:height\" content=\"650\" \/>\n\t<meta property=\"og:image:type\" content=\"image\/png\" \/>\n<meta name=\"author\" content=\"Damien Dellerba\" \/>\n<meta name=\"twitter:card\" content=\"summary_large_image\" \/>\n<meta name=\"twitter:image\" content=\"https:\/\/www.ladiagonale.net\/wp-content\/uploads\/2023\/02\/turpin.png\" \/>\n<meta name=\"twitter:label1\" content=\"\u00c9crit par\" \/>\n\t<meta name=\"twitter:data1\" content=\"Damien Dellerba\" \/>\n\t<meta name=\"twitter:label2\" content=\"Dur\u00e9e de lecture estim\u00e9e\" \/>\n\t<meta name=\"twitter:data2\" content=\"2 minutes\" \/>\n<script type=\"application\/ld+json\" class=\"yoast-schema-graph\">{\"@context\":\"https:\/\/schema.org\",\"@graph\":[{\"@type\":\"WebPage\",\"@id\":\"https:\/\/www.ladiagonale.net\/index.php\/2025\/02\/05\/le-choc-face-au-psg-arbitre-par-turpin\/\",\"url\":\"https:\/\/www.ladiagonale.net\/index.php\/2025\/02\/05\/le-choc-face-au-psg-arbitre-par-turpin\/\",\"name\":\"Le choc face au PSG arbitr\u00e9 par Turpin - La Diagonale\",\"isPartOf\":{\"@id\":\"https:\/\/www.ladiagonale.net\/#website\"},\"datePublished\":\"2025-02-05T10:32:27+00:00\",\"dateModified\":\"2025-02-05T10:32:28+00:00\",\"author\":{\"@id\":\"https:\/\/www.ladiagonale.net\/#\/schema\/person\/79ff1e7b0853ed01b2aa26e64ad300bf\"},\"breadcrumb\":{\"@id\":\"https:\/\/www.ladiagonale.net\/index.php\/2025\/02\/05\/le-choc-face-au-psg-arbitre-par-turpin\/#breadcrumb\"},\"inLanguage\":\"fr-FR\",\"potentialAction\":[{\"@type\":\"ReadAction\",\"target\":[\"https:\/\/www.ladiagonale.net\/index.php\/2025\/02\/05\/le-choc-face-au-psg-arbitre-par-turpin\/\"]}]},{\"@type\":\"BreadcrumbList\",\"@id\":\"https:\/\/www.ladiagonale.net\/index.php\/2025\/02\/05\/le-choc-face-au-psg-arbitre-par-turpin\/#breadcrumb\",\"itemListElement\":[{\"@type\":\"ListItem\",\"position\":1,\"name\":\"Accueil\",\"item\":\"https:\/\/www.ladiagonale.net\/\"},{\"@type\":\"ListItem\",\"position\":2,\"name\":\"Le choc face au PSG arbitr\u00e9 par Turpin\"}]},{\"@type\":\"WebSite\",\"@id\":\"https:\/\/www.ladiagonale.net\/#website\",\"url\":\"https:\/\/www.ladiagonale.net\/\",\"name\":\"La Diagonale\",\"description\":\"Le site des supporters de l&#039;AS Monaco FC\",\"potentialAction\":[{\"@type\":\"SearchAction\",\"target\":{\"@type\":\"EntryPoint\",\"urlTemplate\":\"https:\/\/www.ladiagonale.net\/?s={search_term_string}\"},\"query-input\":\"required name=search_term_string\"}],\"inLanguage\":\"fr-FR\"},{\"@type\":\"Person\",\"@id\":\"https:\/\/www.ladiagonale.net\/#\/schema\/person\/79ff1e7b0853ed01b2aa26e64ad300bf\",\"name\":\"Damien Dellerba\",\"image\":{\"@type\":\"ImageObject\",\"inLanguage\":\"fr-FR\",\"@id\":\"https:\/\/www.ladiagonale.net\/#\/schema\/person\/image\/\",\"url\":\"https:\/\/secure.gravatar.com\/avatar\/c7850e06d3ff63cdbaee88b7fc16e2f0?s=96&d=mm&r=g\",\"contentUrl\":\"https:\/\/secure.gravatar.com\/avatar\/c7850e06d3ff63cdbaee88b7fc16e2f0?s=96&d=mm&r=g\",\"caption\":\"Damien Dellerba\"},\"url\":\"https:\/\/www.ladiagonale.net\/index.php\/author\/damien\/\"}]}<\/script>\n<!-- \/ Yoast SEO plugin. -->","yoast_head_json":{"title":"Le choc face au PSG arbitr\u00e9 par Turpin - La Diagonale","robots":{"index":"index","follow":"follow","max-snippet":"max-snippet:-1","max-image-preview":"max-image-preview:large","max-video-preview":"max-video-preview:-1"},"canonical":"https:\/\/www.ladiagonale.net\/index.php\/2025\/02\/05\/le-choc-face-au-psg-arbitre-par-turpin\/","og_locale":"fr_FR","og_type":"article","og_title":"Le choc face au PSG arbitr\u00e9 par Turpin - La Diagonale","og_description":"Pour cette rencontre au sommet entre l&rsquo;AS Monaco et le Paris Saint-Germain, c&rsquo;est Cl\u00e9ment Turpin qui a \u00e9t\u00e9 d\u00e9sign\u00e9 en tant qu&rsquo;arbitre central. Ses juges de lignes seront Nicolas Danos et Benjamin Pages, tandis que Bastien Dechepy et Yann Flament \u0153uvreront \u00e0 la vid\u00e9o. Turpin a arbitr\u00e9 l&rsquo;ASM 38 fois, et cela seulement sur la [...]","og_url":"https:\/\/www.ladiagonale.net\/index.php\/2025\/02\/05\/le-choc-face-au-psg-arbitre-par-turpin\/","og_site_name":"La Diagonale","article_published_time":"2025-02-05T10:32:27+00:00","article_modified_time":"2025-02-05T10:32:28+00:00","og_image":[{"width":1160,"height":650,"url":"https:\/\/www.ladiagonale.net\/wp-content\/uploads\/2023\/02\/turpin.png","type":"image\/png"}],"author":"Damien Dellerba","twitter_card":"summary_large_image","twitter_image":"https:\/\/www.ladiagonale.net\/wp-content\/uploads\/2023\/02\/turpin.png","twitter_misc":{"\u00c9crit par":"Damien Dellerba","Dur\u00e9e de lecture estim\u00e9e":"2 minutes"},"schema":{"@context":"https:\/\/schema.org","@graph":[{"@type":"WebPage","@id":"https:\/\/www.ladiagonale.net\/index.php\/2025\/02\/05\/le-choc-face-au-psg-arbitre-par-turpin\/","url":"https:\/\/www.ladiagonale.net\/index.php\/2025\/02\/05\/le-choc-face-au-psg-arbitre-par-turpin\/","name":"Le choc face au PSG arbitr\u00e9 par Turpin - La Diagonale","isPartOf":{"@id":"https:\/\/www.ladiagonale.net\/#website"},"datePublished":"2025-02-05T10:32:27+00:00","dateModified":"2025-02-05T10:32:28+00:00","author":{"@id":"https:\/\/www.ladiagonale.net\/#\/schema\/person\/79ff1e7b0853ed01b2aa26e64ad300bf"},"breadcrumb":{"@id":"https:\/\/www.ladiagonale.net\/index.php\/2025\/02\/05\/le-choc-face-au-psg-arbitre-par-turpin\/#breadcrumb"},"inLanguage":"fr-FR","potentialAction":[{"@type":"ReadAction","target":["https:\/\/www.ladiagonale.net\/index.php\/2025\/02\/05\/le-choc-face-au-psg-arbitre-par-turpin\/"]}]},{"@type":"BreadcrumbList","@id":"https:\/\/www.ladiagonale.net\/index.php\/2025\/02\/05\/le-choc-face-au-psg-arbitre-par-turpin\/#breadcrumb","itemListElement":[{"@type":"ListItem","position":1,"name":"Accueil","item":"https:\/\/www.ladiagonale.net\/"},{"@type":"ListItem","position":2,"name":"Le choc face au PSG arbitr\u00e9 par Turpin"}]},{"@type":"WebSite","@id":"https:\/\/www.ladiagonale.net\/#website","url":"https:\/\/www.ladiagonale.net\/","name":"La Diagonale","description":"Le site des supporters de l&#039;AS Monaco FC","potentialAction":[{"@type":"SearchAction","target":{"@type":"EntryPoint","urlTemplate":"https:\/\/www.ladiagonale.net\/?s={search_term_string}"},"query-input":"required name=search_term_string"}],"inLanguage":"fr-FR"},{"@type":"Person","@id":"https:\/\/www.ladiagonale.net\/#\/schema\/person\/79ff1e7b0853ed01b2aa26e64ad300bf","name":"Damien Dellerba","image":{"@type":"ImageObject","inLanguage":"fr-FR","@id":"https:\/\/www.ladiagonale.net\/#\/schema\/person\/image\/","url":"https:\/\/secure.gravatar.com\/avatar\/c7850e06d3ff63cdbaee88b7fc16e2f0?s=96&d=mm&r=g","contentUrl":"https:\/\/secure.gravatar.com\/avatar\/c7850e06d3ff63cdbaee88b7fc16e2f0?s=96&d=mm&r=g","caption":"Damien Dellerba"},"url":"https:\/\/www.ladiagonale.net\/index.php\/author\/damien\/"}]}},"_links":{"self":[{"href":"https:\/\/www.ladiagonale.net\/index.php\/wp-json\/wp\/v2\/posts\/29630"}],"collection":[{"href":"https:\/\/www.ladiagonale.net\/index.php\/wp-json\/wp\/v2\/posts"}],"about":[{"href":"https:\/\/www.ladiagonale.net\/index.php\/wp-json\/wp\/v2\/types\/post"}],"author":[{"embeddable":true,"href":"https:\/\/www.ladiagonale.net\/index.php\/wp-json\/wp\/v2\/users\/2"}],"replies":[{"embeddable":true,"href":"https:\/\/www.ladiagonale.net\/index.php\/wp-json\/wp\/v2\/comments?post=29630"}],"version-history":[{"count":1,"href":"https:\/\/www.ladiagonale.net\/index.php\/wp-json\/wp\/v2\/posts\/29630\/revisions"}],"predecessor-version":[{"id":29633,"href":"https:\/\/www.ladiagonale.net\/index.php\/wp-json\/wp\/v2\/posts\/29630\/revisions\/29633"}],"wp:attachment":[{"href":"https:\/\/www.ladiagonale.net\/index.php\/wp-json\/wp\/v2\/media?parent=29630"}],"wp:term":[{"taxonomy":"category","embeddable":true,"href":"https:\/\/www.ladiagonale.net\/index.php\/wp-json\/wp\/v2\/categories?post=29630"},{"taxonomy":"post_tag","embeddable":true,"href":"https:\/\/www.ladiagonale.net\/index.php\/wp-json\/wp\/v2\/tags?post=29630"}],"curies":[{"name":"wp","href":"https:\/\/api.w.org\/{rel}","templated":true}]}}