{"id":29642,"date":"2025-02-05T16:58:50","date_gmt":"2025-02-05T15:58:50","guid":{"rendered":"https:\/\/www.ladiagonale.net\/?p=29642"},"modified":"2025-02-05T16:58:52","modified_gmt":"2025-02-05T15:58:52","slug":"scuro-sur-al-musrati-etonne-quun-joueur-de-sa-qualite-soit-disponible","status":"publish","type":"post","link":"https:\/\/www.ladiagonale.net\/index.php\/2025\/02\/05\/scuro-sur-al-musrati-etonne-quun-joueur-de-sa-qualite-soit-disponible\/","title":{"rendered":"Scuro sur Al-Musrati : \u00ab\u00a0\u00c9tonn\u00e9 qu\u2019un joueur de sa qualit\u00e9 soit disponible\u00a0\u00bb"},"content":{"rendered":"\n\n\n<p>L\u2019AS Monaco a pr\u00e9sent\u00e9 Moatasem al-Musrati devant la presse ce mercredi. Thiago Scuro, le directeur g\u00e9n\u00e9ral du club, s\u2019est f\u00e9licit\u00e9 de cette arriv\u00e9e, sans cacher sa surprise de pouvoir enregistrer un renfort de cette envergure : \u00ab\u00a0<em>Nous \u00e9tions \u00e9tonn\u00e9s qu\u2019un joueur de sa qualit\u00e9 soit disponible \u00e0 ce moment-l\u00e0, d\u2019autant qu\u2019il \u00e9tait suivi par de gros clubs europ\u00e9ens il y a quelques mois (l\u2019Atl\u00e9tico de Madrid, ndlr). C\u2019est donc tr\u00e8s positif qu\u2019il puisse rejoindre l\u2019AS Monaco dans ce contexte, dans le cadre d\u2019un pr\u00eat.<\/em>\u00a0\u00bb<\/p>\n\n\n\n<p>Le Br\u00e9silien a expliqu\u00e9 la raison pour laquelle l\u2019ASM n\u2019avait pas directement achet\u00e9 le joueur, apr\u00e8s avoir investi pr\u00e8s de 15 millions d\u2019euros pour Mika Biereth en d\u00e9but de mercato :\u00a0\u00ab\u00a0<em>Pour l\u2019instant c\u2019est un pr\u00eat avec une option d\u2019achat, pour respecter nos obligations financi\u00e8res \u00e0 l\u2019\u00e9gard de la DNCG et de l\u2019UEFA. Ma position, et elle est tr\u00e8s claire, c\u2019est de ne pas pousser le club \u00e0 faire des investissements insens\u00e9s qui pourraient le mettre en difficult\u00e9 \u00e0 ce niveau-l\u00e0. Cela nous oblige donc \u00e0 ne pas faire n\u2019importe quoi sur le march\u00e9 des transferts.<\/em>\u00a0\u00bb<\/p>\n\n\n\n<blockquote class=\"wp-block-quote\"><p>\u00ab\u00a0Le but pour nous est maintenant de conserver un certain \u00e9quilibre avec les joueurs d\u2019exp\u00e9rience\u00a0\u00bb<\/p><\/blockquote>\n\n\n\n<p>Scuro a aussi d\u00e9taill\u00e9 le travail que cela a demand\u00e9 pour parvenir \u00e0 ses fins, alors que de tr\u00e8s nombreuses pistes \u00e9taient sorties dans la presse et que Dina Ebimbe a notamment \u00e9chou\u00e9 sur sa visite m\u00e9dicale : \u00ab\u00a0<em>Cela a \u00e9t\u00e9 un long processus pour arriver \u00e0 ce recrutement, car on conna\u00eet les sp\u00e9cificit\u00e9s de ce march\u00e9 hivernal, c\u2019est un moment difficile o\u00f9 les clubs sont \u00e0 un tournant de la saison.\u00a0Il y aussi des contraintes financi\u00e8res \u00e0 respecter. (\u2026) Nous \u00e9tions tr\u00e8s align\u00e9s sur le profil \u00e0 recruter, un joueur exp\u00e9riment\u00e9 au poste de num\u00e9ro 6, capable de jouer derri\u00e8re des relayeurs plus dynamiques.<\/em> \u00bb<\/p>\n\n\n\n<p>Il a aussi reconnu que l\u2019effectif \u00e9tait un peu trop jeune au sortir de l\u2019\u00e9t\u00e9 pour affronter toutes les \u00e9ch\u00e9ances de cette saison, et qu\u2019il fallait y rem\u00e9dier : \u00ab\u00a0<em>Nous avons perdu des \u00e9l\u00e9ments d\u2019exp\u00e9rience cet \u00e9t\u00e9, par rapport \u00e0 la saison derni\u00e8re. Nous avons \u00e0 l\u2019inverse de tr\u00e8s bons jeunes qui sont arriv\u00e9s et qui sont performants, comme Lamine Camara, Christian Mawissa, George Ilenikhena ou encore Mika Biereth, qui vient de nous rejoindre. Ce sont des joueurs en plein d\u00e9veloppement, et le but pour nous est maintenant de conserver un certain \u00e9quilibre avec les joueurs d\u2019exp\u00e9rience justement.<\/em> \u00a0\u00bb<\/p>\n\n\n\n<p class=\"has-text-align-right has-small-font-size\">Source : <em>AS Monaco<\/em><\/p>\n","protected":false},"excerpt":{"rendered":"<p>L\u2019AS Monaco a pr\u00e9sent\u00e9 Moatasem al-Musrati devant la presse ce mercredi. Thiago Scuro, le directeur g\u00e9n\u00e9ral du club, s\u2019est f\u00e9licit\u00e9 de cette arriv\u00e9e, sans cacher sa surprise de pouvoir enregistrer un renfort de cette envergure : \u00ab\u00a0Nous \u00e9tions \u00e9tonn\u00e9s qu\u2019un joueur de sa qualit\u00e9 soit disponible \u00e0 ce moment-l\u00e0, d\u2019autant qu\u2019il \u00e9tait suivi par de [&#8230;]\n","protected":false},"author":2,"featured_media":0,"comment_status":"open","ping_status":"open","sticky":false,"template":"","format":"standard","meta":[],"categories":[6],"tags":[86,111,990,479,110],"yoast_head":"<!-- This site is optimized with the Yoast SEO plugin v19.8 - https:\/\/yoast.com\/wordpress\/plugins\/seo\/ -->\n<title>Scuro sur Al-Musrati : \u00ab\u00a0\u00c9tonn\u00e9 qu\u2019un joueur de sa qualit\u00e9 soit disponible\u00a0\u00bb - La Diagonale<\/title>\n<meta name=\"robots\" content=\"index, follow, max-snippet:-1, max-image-preview:large, max-video-preview:-1\" \/>\n<link rel=\"canonical\" href=\"https:\/\/www.ladiagonale.net\/index.php\/2025\/02\/05\/scuro-sur-al-musrati-etonne-quun-joueur-de-sa-qualite-soit-disponible\/\" \/>\n<meta property=\"og:locale\" content=\"fr_FR\" \/>\n<meta property=\"og:type\" content=\"article\" \/>\n<meta property=\"og:title\" content=\"Scuro sur Al-Musrati : \u00ab\u00a0\u00c9tonn\u00e9 qu\u2019un joueur de sa qualit\u00e9 soit disponible\u00a0\u00bb - La Diagonale\" \/>\n<meta property=\"og:description\" content=\"L\u2019AS Monaco a pr\u00e9sent\u00e9 Moatasem al-Musrati devant la presse ce mercredi. Thiago Scuro, le directeur g\u00e9n\u00e9ral du club, s\u2019est f\u00e9licit\u00e9 de cette arriv\u00e9e, sans cacher sa surprise de pouvoir enregistrer un renfort de cette envergure : \u00ab\u00a0Nous \u00e9tions \u00e9tonn\u00e9s qu\u2019un joueur de sa qualit\u00e9 soit disponible \u00e0 ce moment-l\u00e0, d\u2019autant qu\u2019il \u00e9tait suivi par de [...]\" \/>\n<meta property=\"og:url\" content=\"https:\/\/www.ladiagonale.net\/index.php\/2025\/02\/05\/scuro-sur-al-musrati-etonne-quun-joueur-de-sa-qualite-soit-disponible\/\" \/>\n<meta property=\"og:site_name\" content=\"La Diagonale\" \/>\n<meta property=\"article:published_time\" content=\"2025-02-05T15:58:50+00:00\" \/>\n<meta property=\"article:modified_time\" content=\"2025-02-05T15:58:52+00:00\" \/>\n<meta property=\"og:image\" content=\"https:\/\/www.ladiagonale.net\/wp-content\/uploads\/2025\/02\/scuro-al-musrati.png\" \/>\n\t<meta property=\"og:image:width\" content=\"1160\" \/>\n\t<meta property=\"og:image:height\" content=\"650\" \/>\n\t<meta property=\"og:image:type\" content=\"image\/png\" \/>\n<meta name=\"author\" content=\"Damien Dellerba\" \/>\n<meta name=\"twitter:card\" content=\"summary_large_image\" \/>\n<meta name=\"twitter:image\" content=\"https:\/\/www.ladiagonale.net\/wp-content\/uploads\/2025\/02\/scuro-al-musrati.png\" \/>\n<meta name=\"twitter:label1\" content=\"\u00c9crit par\" \/>\n\t<meta name=\"twitter:data1\" content=\"Damien Dellerba\" \/>\n\t<meta name=\"twitter:label2\" content=\"Dur\u00e9e de lecture estim\u00e9e\" \/>\n\t<meta name=\"twitter:data2\" content=\"3 minutes\" \/>\n<script type=\"application\/ld+json\" class=\"yoast-schema-graph\">{\"@context\":\"https:\/\/schema.org\",\"@graph\":[{\"@type\":\"WebPage\",\"@id\":\"https:\/\/www.ladiagonale.net\/index.php\/2025\/02\/05\/scuro-sur-al-musrati-etonne-quun-joueur-de-sa-qualite-soit-disponible\/\",\"url\":\"https:\/\/www.ladiagonale.net\/index.php\/2025\/02\/05\/scuro-sur-al-musrati-etonne-quun-joueur-de-sa-qualite-soit-disponible\/\",\"name\":\"Scuro sur Al-Musrati : \u00ab\u00a0\u00c9tonn\u00e9 qu\u2019un joueur de sa qualit\u00e9 soit disponible\u00a0\u00bb - La Diagonale\",\"isPartOf\":{\"@id\":\"https:\/\/www.ladiagonale.net\/#website\"},\"datePublished\":\"2025-02-05T15:58:50+00:00\",\"dateModified\":\"2025-02-05T15:58:52+00:00\",\"author\":{\"@id\":\"https:\/\/www.ladiagonale.net\/#\/schema\/person\/79ff1e7b0853ed01b2aa26e64ad300bf\"},\"breadcrumb\":{\"@id\":\"https:\/\/www.ladiagonale.net\/index.php\/2025\/02\/05\/scuro-sur-al-musrati-etonne-quun-joueur-de-sa-qualite-soit-disponible\/#breadcrumb\"},\"inLanguage\":\"fr-FR\",\"potentialAction\":[{\"@type\":\"ReadAction\",\"target\":[\"https:\/\/www.ladiagonale.net\/index.php\/2025\/02\/05\/scuro-sur-al-musrati-etonne-quun-joueur-de-sa-qualite-soit-disponible\/\"]}]},{\"@type\":\"BreadcrumbList\",\"@id\":\"https:\/\/www.ladiagonale.net\/index.php\/2025\/02\/05\/scuro-sur-al-musrati-etonne-quun-joueur-de-sa-qualite-soit-disponible\/#breadcrumb\",\"itemListElement\":[{\"@type\":\"ListItem\",\"position\":1,\"name\":\"Accueil\",\"item\":\"https:\/\/www.ladiagonale.net\/\"},{\"@type\":\"ListItem\",\"position\":2,\"name\":\"Scuro sur Al-Musrati : \u00ab\u00a0\u00c9tonn\u00e9 qu\u2019un joueur de sa qualit\u00e9 soit disponible\u00a0\u00bb\"}]},{\"@type\":\"WebSite\",\"@id\":\"https:\/\/www.ladiagonale.net\/#website\",\"url\":\"https:\/\/www.ladiagonale.net\/\",\"name\":\"La Diagonale\",\"description\":\"Le site des supporters de l&#039;AS Monaco FC\",\"potentialAction\":[{\"@type\":\"SearchAction\",\"target\":{\"@type\":\"EntryPoint\",\"urlTemplate\":\"https:\/\/www.ladiagonale.net\/?s={search_term_string}\"},\"query-input\":\"required name=search_term_string\"}],\"inLanguage\":\"fr-FR\"},{\"@type\":\"Person\",\"@id\":\"https:\/\/www.ladiagonale.net\/#\/schema\/person\/79ff1e7b0853ed01b2aa26e64ad300bf\",\"name\":\"Damien Dellerba\",\"image\":{\"@type\":\"ImageObject\",\"inLanguage\":\"fr-FR\",\"@id\":\"https:\/\/www.ladiagonale.net\/#\/schema\/person\/image\/\",\"url\":\"https:\/\/secure.gravatar.com\/avatar\/c7850e06d3ff63cdbaee88b7fc16e2f0?s=96&d=mm&r=g\",\"contentUrl\":\"https:\/\/secure.gravatar.com\/avatar\/c7850e06d3ff63cdbaee88b7fc16e2f0?s=96&d=mm&r=g\",\"caption\":\"Damien Dellerba\"},\"url\":\"https:\/\/www.ladiagonale.net\/index.php\/author\/damien\/\"}]}<\/script>\n<!-- \/ Yoast SEO plugin. -->","yoast_head_json":{"title":"Scuro sur Al-Musrati : \u00ab\u00a0\u00c9tonn\u00e9 qu\u2019un joueur de sa qualit\u00e9 soit disponible\u00a0\u00bb - La Diagonale","robots":{"index":"index","follow":"follow","max-snippet":"max-snippet:-1","max-image-preview":"max-image-preview:large","max-video-preview":"max-video-preview:-1"},"canonical":"https:\/\/www.ladiagonale.net\/index.php\/2025\/02\/05\/scuro-sur-al-musrati-etonne-quun-joueur-de-sa-qualite-soit-disponible\/","og_locale":"fr_FR","og_type":"article","og_title":"Scuro sur Al-Musrati : \u00ab\u00a0\u00c9tonn\u00e9 qu\u2019un joueur de sa qualit\u00e9 soit disponible\u00a0\u00bb - La Diagonale","og_description":"L\u2019AS Monaco a pr\u00e9sent\u00e9 Moatasem al-Musrati devant la presse ce mercredi. Thiago Scuro, le directeur g\u00e9n\u00e9ral du club, s\u2019est f\u00e9licit\u00e9 de cette arriv\u00e9e, sans cacher sa surprise de pouvoir enregistrer un renfort de cette envergure : \u00ab\u00a0Nous \u00e9tions \u00e9tonn\u00e9s qu\u2019un joueur de sa qualit\u00e9 soit disponible \u00e0 ce moment-l\u00e0, d\u2019autant qu\u2019il \u00e9tait suivi par de [...]","og_url":"https:\/\/www.ladiagonale.net\/index.php\/2025\/02\/05\/scuro-sur-al-musrati-etonne-quun-joueur-de-sa-qualite-soit-disponible\/","og_site_name":"La Diagonale","article_published_time":"2025-02-05T15:58:50+00:00","article_modified_time":"2025-02-05T15:58:52+00:00","og_image":[{"width":1160,"height":650,"url":"https:\/\/www.ladiagonale.net\/wp-content\/uploads\/2025\/02\/scuro-al-musrati.png","type":"image\/png"}],"author":"Damien Dellerba","twitter_card":"summary_large_image","twitter_image":"https:\/\/www.ladiagonale.net\/wp-content\/uploads\/2025\/02\/scuro-al-musrati.png","twitter_misc":{"\u00c9crit par":"Damien Dellerba","Dur\u00e9e de lecture estim\u00e9e":"3 minutes"},"schema":{"@context":"https:\/\/schema.org","@graph":[{"@type":"WebPage","@id":"https:\/\/www.ladiagonale.net\/index.php\/2025\/02\/05\/scuro-sur-al-musrati-etonne-quun-joueur-de-sa-qualite-soit-disponible\/","url":"https:\/\/www.ladiagonale.net\/index.php\/2025\/02\/05\/scuro-sur-al-musrati-etonne-quun-joueur-de-sa-qualite-soit-disponible\/","name":"Scuro sur Al-Musrati : \u00ab\u00a0\u00c9tonn\u00e9 qu\u2019un joueur de sa qualit\u00e9 soit disponible\u00a0\u00bb - La Diagonale","isPartOf":{"@id":"https:\/\/www.ladiagonale.net\/#website"},"datePublished":"2025-02-05T15:58:50+00:00","dateModified":"2025-02-05T15:58:52+00:00","author":{"@id":"https:\/\/www.ladiagonale.net\/#\/schema\/person\/79ff1e7b0853ed01b2aa26e64ad300bf"},"breadcrumb":{"@id":"https:\/\/www.ladiagonale.net\/index.php\/2025\/02\/05\/scuro-sur-al-musrati-etonne-quun-joueur-de-sa-qualite-soit-disponible\/#breadcrumb"},"inLanguage":"fr-FR","potentialAction":[{"@type":"ReadAction","target":["https:\/\/www.ladiagonale.net\/index.php\/2025\/02\/05\/scuro-sur-al-musrati-etonne-quun-joueur-de-sa-qualite-soit-disponible\/"]}]},{"@type":"BreadcrumbList","@id":"https:\/\/www.ladiagonale.net\/index.php\/2025\/02\/05\/scuro-sur-al-musrati-etonne-quun-joueur-de-sa-qualite-soit-disponible\/#breadcrumb","itemListElement":[{"@type":"ListItem","position":1,"name":"Accueil","item":"https:\/\/www.ladiagonale.net\/"},{"@type":"ListItem","position":2,"name":"Scuro sur Al-Musrati : \u00ab\u00a0\u00c9tonn\u00e9 qu\u2019un joueur de sa qualit\u00e9 soit disponible\u00a0\u00bb"}]},{"@type":"WebSite","@id":"https:\/\/www.ladiagonale.net\/#website","url":"https:\/\/www.ladiagonale.net\/","name":"La Diagonale","description":"Le site des supporters de l&#039;AS Monaco FC","potentialAction":[{"@type":"SearchAction","target":{"@type":"EntryPoint","urlTemplate":"https:\/\/www.ladiagonale.net\/?s={search_term_string}"},"query-input":"required name=search_term_string"}],"inLanguage":"fr-FR"},{"@type":"Person","@id":"https:\/\/www.ladiagonale.net\/#\/schema\/person\/79ff1e7b0853ed01b2aa26e64ad300bf","name":"Damien Dellerba","image":{"@type":"ImageObject","inLanguage":"fr-FR","@id":"https:\/\/www.ladiagonale.net\/#\/schema\/person\/image\/","url":"https:\/\/secure.gravatar.com\/avatar\/c7850e06d3ff63cdbaee88b7fc16e2f0?s=96&d=mm&r=g","contentUrl":"https:\/\/secure.gravatar.com\/avatar\/c7850e06d3ff63cdbaee88b7fc16e2f0?s=96&d=mm&r=g","caption":"Damien Dellerba"},"url":"https:\/\/www.ladiagonale.net\/index.php\/author\/damien\/"}]}},"_links":{"self":[{"href":"https:\/\/www.ladiagonale.net\/index.php\/wp-json\/wp\/v2\/posts\/29642"}],"collection":[{"href":"https:\/\/www.ladiagonale.net\/index.php\/wp-json\/wp\/v2\/posts"}],"about":[{"href":"https:\/\/www.ladiagonale.net\/index.php\/wp-json\/wp\/v2\/types\/post"}],"author":[{"embeddable":true,"href":"https:\/\/www.ladiagonale.net\/index.php\/wp-json\/wp\/v2\/users\/2"}],"replies":[{"embeddable":true,"href":"https:\/\/www.ladiagonale.net\/index.php\/wp-json\/wp\/v2\/comments?post=29642"}],"version-history":[{"count":1,"href":"https:\/\/www.ladiagonale.net\/index.php\/wp-json\/wp\/v2\/posts\/29642\/revisions"}],"predecessor-version":[{"id":29644,"href":"https:\/\/www.ladiagonale.net\/index.php\/wp-json\/wp\/v2\/posts\/29642\/revisions\/29644"}],"wp:attachment":[{"href":"https:\/\/www.ladiagonale.net\/index.php\/wp-json\/wp\/v2\/media?parent=29642"}],"wp:term":[{"taxonomy":"category","embeddable":true,"href":"https:\/\/www.ladiagonale.net\/index.php\/wp-json\/wp\/v2\/categories?post=29642"},{"taxonomy":"post_tag","embeddable":true,"href":"https:\/\/www.ladiagonale.net\/index.php\/wp-json\/wp\/v2\/tags?post=29642"}],"curies":[{"name":"wp","href":"https:\/\/api.w.org\/{rel}","templated":true}]}}