{"id":29781,"date":"2025-02-10T22:14:22","date_gmt":"2025-02-10T21:14:22","guid":{"rendered":"https:\/\/www.ladiagonale.net\/?p=29781"},"modified":"2025-02-10T22:14:23","modified_gmt":"2025-02-10T21:14:23","slug":"monaco-retrouvera-reims-le-28-fevrier","status":"publish","type":"post","link":"https:\/\/www.ladiagonale.net\/index.php\/2025\/02\/10\/monaco-retrouvera-reims-le-28-fevrier\/","title":{"rendered":"Monaco retrouvera Reims le 28 f\u00e9vrier"},"content":{"rendered":"\n\n\n<p>La LFP vient de d\u00e9voiler une programmation partielle de la 24<sup>e<\/sup> journ\u00e9e de Ligue 1. Monaco y affrontera le Stade de Reims pour la troisi\u00e8me fois de la saison et cette rencontre se tiendra le vendredi 28 f\u00e9vrier. Le match sera diffus\u00e9 sur <em>DAZN<\/em> \u00e0 partir de 20h45.<\/p>\n\n\n\n<p>Le communiqu\u00e9 pr\u00e9cise que les autres affiches seront programm\u00e9es au plus tard le samedi 22 f\u00e9vrier, lorsque la programmation des 8<sup>es<\/sup> de finale des comp\u00e9titions europ\u00e9ennes aura \u00e9t\u00e9 d\u00e9finie.<\/p>\n\n\n\n<p><strong>Vendredi 28 f\u00e9vrier 2025 \u00e0 20h45 sur DAZN<br>AS Monaco \u2013 Stade de Reims<\/strong><\/p>\n\n\n\n<p>Samedi 1er mars 2025 \u00e0 21h05 sur DAZN<br>Paris Saint-Germain \u2013 LOSC Lille<\/p>\n\n\n\n<p>Dimanche 2 mars 2025 \u00e0 17h15 sur DAZN<br>Montpellier H\u00e9rault SC \u2013 Stade Rennais FC<br>AJ Auxerre \u2013 RC Strasbourg Alsace<br>Angers SCO \u2013 Toulouse FC<\/p>\n","protected":false},"excerpt":{"rendered":"<p>La LFP vient de d\u00e9voiler une programmation partielle de la 24e journ\u00e9e de Ligue 1. Monaco y affrontera le Stade de Reims pour la troisi\u00e8me fois de la saison et cette rencontre se tiendra le vendredi 28 f\u00e9vrier. Le match sera diffus\u00e9 sur DAZN \u00e0 partir de 20h45. Le communiqu\u00e9 pr\u00e9cise que les autres affiches [&#8230;]\n","protected":false},"author":2,"featured_media":0,"comment_status":"open","ping_status":"open","sticky":false,"template":"","format":"standard","meta":[],"categories":[4,6],"tags":[86,94,436,172],"yoast_head":"<!-- This site is optimized with the Yoast SEO plugin v19.8 - https:\/\/yoast.com\/wordpress\/plugins\/seo\/ -->\n<title>Monaco retrouvera Reims le 28 f\u00e9vrier - La Diagonale<\/title>\n<meta name=\"robots\" content=\"index, follow, max-snippet:-1, max-image-preview:large, max-video-preview:-1\" \/>\n<link rel=\"canonical\" href=\"https:\/\/www.ladiagonale.net\/index.php\/2025\/02\/10\/monaco-retrouvera-reims-le-28-fevrier\/\" \/>\n<meta property=\"og:locale\" content=\"fr_FR\" \/>\n<meta property=\"og:type\" content=\"article\" \/>\n<meta property=\"og:title\" content=\"Monaco retrouvera Reims le 28 f\u00e9vrier - La Diagonale\" \/>\n<meta property=\"og:description\" content=\"La LFP vient de d\u00e9voiler une programmation partielle de la 24e journ\u00e9e de Ligue 1. Monaco y affrontera le Stade de Reims pour la troisi\u00e8me fois de la saison et cette rencontre se tiendra le vendredi 28 f\u00e9vrier. Le match sera diffus\u00e9 sur DAZN \u00e0 partir de 20h45. Le communiqu\u00e9 pr\u00e9cise que les autres affiches [...]\" \/>\n<meta property=\"og:url\" content=\"https:\/\/www.ladiagonale.net\/index.php\/2025\/02\/10\/monaco-retrouvera-reims-le-28-fevrier\/\" \/>\n<meta property=\"og:site_name\" content=\"La Diagonale\" \/>\n<meta property=\"article:published_time\" content=\"2025-02-10T21:14:22+00:00\" \/>\n<meta property=\"article:modified_time\" content=\"2025-02-10T21:14:23+00:00\" \/>\n<meta property=\"og:image\" content=\"https:\/\/www.ladiagonale.net\/wp-content\/uploads\/2024\/09\/prog.png\" \/>\n\t<meta property=\"og:image:width\" content=\"1160\" \/>\n\t<meta property=\"og:image:height\" content=\"650\" \/>\n\t<meta property=\"og:image:type\" content=\"image\/png\" \/>\n<meta name=\"author\" content=\"Damien Dellerba\" \/>\n<meta name=\"twitter:card\" content=\"summary_large_image\" \/>\n<meta name=\"twitter:image\" content=\"https:\/\/www.ladiagonale.net\/wp-content\/uploads\/2024\/09\/prog.png\" \/>\n<meta name=\"twitter:label1\" content=\"\u00c9crit par\" \/>\n\t<meta name=\"twitter:data1\" content=\"Damien Dellerba\" \/>\n\t<meta name=\"twitter:label2\" content=\"Dur\u00e9e de lecture estim\u00e9e\" \/>\n\t<meta name=\"twitter:data2\" content=\"1 minute\" \/>\n<script type=\"application\/ld+json\" class=\"yoast-schema-graph\">{\"@context\":\"https:\/\/schema.org\",\"@graph\":[{\"@type\":\"WebPage\",\"@id\":\"https:\/\/www.ladiagonale.net\/index.php\/2025\/02\/10\/monaco-retrouvera-reims-le-28-fevrier\/\",\"url\":\"https:\/\/www.ladiagonale.net\/index.php\/2025\/02\/10\/monaco-retrouvera-reims-le-28-fevrier\/\",\"name\":\"Monaco retrouvera Reims le 28 f\u00e9vrier - La Diagonale\",\"isPartOf\":{\"@id\":\"https:\/\/www.ladiagonale.net\/#website\"},\"datePublished\":\"2025-02-10T21:14:22+00:00\",\"dateModified\":\"2025-02-10T21:14:23+00:00\",\"author\":{\"@id\":\"https:\/\/www.ladiagonale.net\/#\/schema\/person\/79ff1e7b0853ed01b2aa26e64ad300bf\"},\"breadcrumb\":{\"@id\":\"https:\/\/www.ladiagonale.net\/index.php\/2025\/02\/10\/monaco-retrouvera-reims-le-28-fevrier\/#breadcrumb\"},\"inLanguage\":\"fr-FR\",\"potentialAction\":[{\"@type\":\"ReadAction\",\"target\":[\"https:\/\/www.ladiagonale.net\/index.php\/2025\/02\/10\/monaco-retrouvera-reims-le-28-fevrier\/\"]}]},{\"@type\":\"BreadcrumbList\",\"@id\":\"https:\/\/www.ladiagonale.net\/index.php\/2025\/02\/10\/monaco-retrouvera-reims-le-28-fevrier\/#breadcrumb\",\"itemListElement\":[{\"@type\":\"ListItem\",\"position\":1,\"name\":\"Accueil\",\"item\":\"https:\/\/www.ladiagonale.net\/\"},{\"@type\":\"ListItem\",\"position\":2,\"name\":\"Monaco retrouvera Reims le 28 f\u00e9vrier\"}]},{\"@type\":\"WebSite\",\"@id\":\"https:\/\/www.ladiagonale.net\/#website\",\"url\":\"https:\/\/www.ladiagonale.net\/\",\"name\":\"La Diagonale\",\"description\":\"Le site des supporters de l&#039;AS Monaco FC\",\"potentialAction\":[{\"@type\":\"SearchAction\",\"target\":{\"@type\":\"EntryPoint\",\"urlTemplate\":\"https:\/\/www.ladiagonale.net\/?s={search_term_string}\"},\"query-input\":\"required name=search_term_string\"}],\"inLanguage\":\"fr-FR\"},{\"@type\":\"Person\",\"@id\":\"https:\/\/www.ladiagonale.net\/#\/schema\/person\/79ff1e7b0853ed01b2aa26e64ad300bf\",\"name\":\"Damien Dellerba\",\"image\":{\"@type\":\"ImageObject\",\"inLanguage\":\"fr-FR\",\"@id\":\"https:\/\/www.ladiagonale.net\/#\/schema\/person\/image\/\",\"url\":\"https:\/\/secure.gravatar.com\/avatar\/c7850e06d3ff63cdbaee88b7fc16e2f0?s=96&d=mm&r=g\",\"contentUrl\":\"https:\/\/secure.gravatar.com\/avatar\/c7850e06d3ff63cdbaee88b7fc16e2f0?s=96&d=mm&r=g\",\"caption\":\"Damien Dellerba\"},\"url\":\"https:\/\/www.ladiagonale.net\/index.php\/author\/damien\/\"}]}<\/script>\n<!-- \/ Yoast SEO plugin. -->","yoast_head_json":{"title":"Monaco retrouvera Reims le 28 f\u00e9vrier - La Diagonale","robots":{"index":"index","follow":"follow","max-snippet":"max-snippet:-1","max-image-preview":"max-image-preview:large","max-video-preview":"max-video-preview:-1"},"canonical":"https:\/\/www.ladiagonale.net\/index.php\/2025\/02\/10\/monaco-retrouvera-reims-le-28-fevrier\/","og_locale":"fr_FR","og_type":"article","og_title":"Monaco retrouvera Reims le 28 f\u00e9vrier - La Diagonale","og_description":"La LFP vient de d\u00e9voiler une programmation partielle de la 24e journ\u00e9e de Ligue 1. Monaco y affrontera le Stade de Reims pour la troisi\u00e8me fois de la saison et cette rencontre se tiendra le vendredi 28 f\u00e9vrier. Le match sera diffus\u00e9 sur DAZN \u00e0 partir de 20h45. Le communiqu\u00e9 pr\u00e9cise que les autres affiches [...]","og_url":"https:\/\/www.ladiagonale.net\/index.php\/2025\/02\/10\/monaco-retrouvera-reims-le-28-fevrier\/","og_site_name":"La Diagonale","article_published_time":"2025-02-10T21:14:22+00:00","article_modified_time":"2025-02-10T21:14:23+00:00","og_image":[{"width":1160,"height":650,"url":"https:\/\/www.ladiagonale.net\/wp-content\/uploads\/2024\/09\/prog.png","type":"image\/png"}],"author":"Damien Dellerba","twitter_card":"summary_large_image","twitter_image":"https:\/\/www.ladiagonale.net\/wp-content\/uploads\/2024\/09\/prog.png","twitter_misc":{"\u00c9crit par":"Damien Dellerba","Dur\u00e9e de lecture estim\u00e9e":"1 minute"},"schema":{"@context":"https:\/\/schema.org","@graph":[{"@type":"WebPage","@id":"https:\/\/www.ladiagonale.net\/index.php\/2025\/02\/10\/monaco-retrouvera-reims-le-28-fevrier\/","url":"https:\/\/www.ladiagonale.net\/index.php\/2025\/02\/10\/monaco-retrouvera-reims-le-28-fevrier\/","name":"Monaco retrouvera Reims le 28 f\u00e9vrier - La Diagonale","isPartOf":{"@id":"https:\/\/www.ladiagonale.net\/#website"},"datePublished":"2025-02-10T21:14:22+00:00","dateModified":"2025-02-10T21:14:23+00:00","author":{"@id":"https:\/\/www.ladiagonale.net\/#\/schema\/person\/79ff1e7b0853ed01b2aa26e64ad300bf"},"breadcrumb":{"@id":"https:\/\/www.ladiagonale.net\/index.php\/2025\/02\/10\/monaco-retrouvera-reims-le-28-fevrier\/#breadcrumb"},"inLanguage":"fr-FR","potentialAction":[{"@type":"ReadAction","target":["https:\/\/www.ladiagonale.net\/index.php\/2025\/02\/10\/monaco-retrouvera-reims-le-28-fevrier\/"]}]},{"@type":"BreadcrumbList","@id":"https:\/\/www.ladiagonale.net\/index.php\/2025\/02\/10\/monaco-retrouvera-reims-le-28-fevrier\/#breadcrumb","itemListElement":[{"@type":"ListItem","position":1,"name":"Accueil","item":"https:\/\/www.ladiagonale.net\/"},{"@type":"ListItem","position":2,"name":"Monaco retrouvera Reims le 28 f\u00e9vrier"}]},{"@type":"WebSite","@id":"https:\/\/www.ladiagonale.net\/#website","url":"https:\/\/www.ladiagonale.net\/","name":"La Diagonale","description":"Le site des supporters de l&#039;AS Monaco FC","potentialAction":[{"@type":"SearchAction","target":{"@type":"EntryPoint","urlTemplate":"https:\/\/www.ladiagonale.net\/?s={search_term_string}"},"query-input":"required name=search_term_string"}],"inLanguage":"fr-FR"},{"@type":"Person","@id":"https:\/\/www.ladiagonale.net\/#\/schema\/person\/79ff1e7b0853ed01b2aa26e64ad300bf","name":"Damien Dellerba","image":{"@type":"ImageObject","inLanguage":"fr-FR","@id":"https:\/\/www.ladiagonale.net\/#\/schema\/person\/image\/","url":"https:\/\/secure.gravatar.com\/avatar\/c7850e06d3ff63cdbaee88b7fc16e2f0?s=96&d=mm&r=g","contentUrl":"https:\/\/secure.gravatar.com\/avatar\/c7850e06d3ff63cdbaee88b7fc16e2f0?s=96&d=mm&r=g","caption":"Damien Dellerba"},"url":"https:\/\/www.ladiagonale.net\/index.php\/author\/damien\/"}]}},"_links":{"self":[{"href":"https:\/\/www.ladiagonale.net\/index.php\/wp-json\/wp\/v2\/posts\/29781"}],"collection":[{"href":"https:\/\/www.ladiagonale.net\/index.php\/wp-json\/wp\/v2\/posts"}],"about":[{"href":"https:\/\/www.ladiagonale.net\/index.php\/wp-json\/wp\/v2\/types\/post"}],"author":[{"embeddable":true,"href":"https:\/\/www.ladiagonale.net\/index.php\/wp-json\/wp\/v2\/users\/2"}],"replies":[{"embeddable":true,"href":"https:\/\/www.ladiagonale.net\/index.php\/wp-json\/wp\/v2\/comments?post=29781"}],"version-history":[{"count":1,"href":"https:\/\/www.ladiagonale.net\/index.php\/wp-json\/wp\/v2\/posts\/29781\/revisions"}],"predecessor-version":[{"id":29782,"href":"https:\/\/www.ladiagonale.net\/index.php\/wp-json\/wp\/v2\/posts\/29781\/revisions\/29782"}],"wp:attachment":[{"href":"https:\/\/www.ladiagonale.net\/index.php\/wp-json\/wp\/v2\/media?parent=29781"}],"wp:term":[{"taxonomy":"category","embeddable":true,"href":"https:\/\/www.ladiagonale.net\/index.php\/wp-json\/wp\/v2\/categories?post=29781"},{"taxonomy":"post_tag","embeddable":true,"href":"https:\/\/www.ladiagonale.net\/index.php\/wp-json\/wp\/v2\/tags?post=29781"}],"curies":[{"name":"wp","href":"https:\/\/api.w.org\/{rel}","templated":true}]}}