{"id":29789,"date":"2025-02-11T20:12:40","date_gmt":"2025-02-11T19:12:40","guid":{"rendered":"https:\/\/www.ladiagonale.net\/?p=29789"},"modified":"2025-02-11T20:12:41","modified_gmt":"2025-02-11T19:12:41","slug":"vanderson-savoir-gerer-nos-emotions","status":"publish","type":"post","link":"https:\/\/www.ladiagonale.net\/index.php\/2025\/02\/11\/vanderson-savoir-gerer-nos-emotions\/","title":{"rendered":"Vanderson : \u00ab\u00a0Savoir g\u00e9rer nos \u00e9motions\u00a0\u00bb"},"content":{"rendered":"\n\n\n<p>L\u2019AS Monaco et Benfica se retrouvent ce mercredi en Ligue des champions. Les Mon\u00e9gasques avaient craqu\u00e9 en fin de match en novembre, dans un contexte particulier, et pour Vanderson, ces retrouvailles seront l\u2019occasion de montrer que Monaco a r\u00e9ussi \u00e0 progresser sur le plan mental : \u00ab\u00a0<em>Il y aura en effet pas mal d\u2019\u00e9motions \u00e0 g\u00e9rer lors de ce rendez-vous, car c\u2019est un match tr\u00e8s important pour nous, comme pour eux. Toutes les \u00e9quipes ont parfois des hauts et des bas sur l\u2019ensemble d\u2019une saison, on ne peut donc pas \u00eatre au top niveau \u00e0 chaque rencontre. En tout cas, nous allons essayer de faire le moins d\u2019erreurs possible et d\u2019\u00eatre totalement concentr\u00e9s sur notre style de jeu. (\u2026) Nous avons une jeune \u00e9quipe, qui a parfois des situations de stress \u00e0 g\u00e9rer. Mais c\u2019est normal, et je ne ressens pas ce sentiment \u00e0 l\u2019approche de cette rencontre.<\/em>\u00a0\u00bb<\/p>\n\n\n\n<p>Beaucoup de choses se sont d\u00e9r\u00e9gl\u00e9es sur le Rocher depuis cette d\u00e9faite contre la formation lisbo\u00e8te. Et il n\u2019est jamais trop tard pour retrouver une dynamique positive, alors que les Rouge et Blanc restent sur une lourde d\u00e9faite au Parc des Princes contre le PSG (1-4) vendredi dernier : \u00ab\u00a0<em>Tous les jours nous venons \u00e0 l\u2019entra\u00eenement pour travailler les choses que nous pouvons am\u00e9liorer. Le coach Adi H\u00fctter parle beaucoup avec nous et nous dit que nous devons apprendre de tous les matchs, m\u00eame quand on ne gagne pas. Nous devons donc tirer des le\u00e7ons de chaque prestation, et notamment du choc contre Paris, et montrer que nous sommes capables de rebondir dans cette p\u00e9riode o\u00f9 nous connaissons parfois des passages difficiles.<\/em>\u00a0\u00bb<\/p>\n\n\n\n<blockquote class=\"wp-block-quote\"><p>\u00ab Nous avons un vrai bon groupe, comme une famille, tout le monde joue et vit ensemble \u00bb <\/p><\/blockquote>\n\n\n\n<p>En tant que d\u00e9fenseur, Vanderson aura certainement beaucoup de travail face \u00e0 des \u00e9l\u00e9ments offensifs de tr\u00e8s haut niveau : \u00ab\u00a0<em>Benfica poss\u00e8de de tr\u00e8s bons joueurs qui sont tr\u00e8s efficaces actuellement, notamment offensivement. Ils sont tr\u00e8s bons dans la phase de construction, dans la premi\u00e8re passe, mais \u00e9galement dans la surface adverse, \u00e0 l\u2019image de Pavlidis qui a marqu\u00e9 lors de notre premier match. Ils sont dans une bonne p\u00e9riode actuellement, il faudra donc faire attention aux qualit\u00e9s techniques de cette formation et \u00eatre tr\u00e8s concentr\u00e9es pour que le match se d\u00e9roule bien. Concernant Cabral, c\u2019est un super avant-centre qui est bien connu aussi au Br\u00e9sil, et qui est tr\u00e8s dangereux dans la surface.<\/em>\u00a0\u00bb<\/p>\n\n\n\n<p>Le lat\u00e9ral br\u00e9silien s\u2019est aussi exprim\u00e9 de mani\u00e8re plus globale sur sa saison. Il s&rsquo;est notamment satisfait de pouvoir encha\u00eener les matches : \u00ab\u00a0<em>Personnellement, je trouve que je fais une bonne saison pour le moment, car j\u2019ai jou\u00e9 moins r\u00e9guli\u00e8rement lors des deux pr\u00e9c\u00e9dentes. Il faut dire que je n\u2019ai pas eu de blessure, donc j\u2019ai une continuit\u00e9 au niveau du temps de jeu. C\u2019est pour \u00e7a que je veux continuer dans cette voie pour r\u00e9aliser une saison pleine, et demain est un bon match pour le confirmer, \u00e0 titre individuel comme collectif. Cette saison, nous avons un vrai bon groupe, comme une famille, tout le monde joue et vit ensemble, donc c\u2019est quelque chose qui est aussi b\u00e9n\u00e9fique pour mon \u00e9volution personnelle. Nous voulons progresser en tant qu\u2019\u00e9quipe.\u00a0<\/em>\u00bb<\/p>\n\n\n\n<p class=\"has-text-align-right has-small-font-size\">Source : <em>AS Monaco<\/em><\/p>\n","protected":false},"excerpt":{"rendered":"<p>L\u2019AS Monaco et Benfica se retrouvent ce mercredi en Ligue des champions. Les Mon\u00e9gasques avaient craqu\u00e9 en fin de match en novembre, dans un contexte particulier, et pour Vanderson, ces retrouvailles seront l\u2019occasion de montrer que Monaco a r\u00e9ussi \u00e0 progresser sur le plan mental : \u00ab\u00a0Il y aura en effet pas mal d\u2019\u00e9motions \u00e0 [&#8230;]\n","protected":false},"author":2,"featured_media":0,"comment_status":"open","ping_status":"open","sticky":false,"template":"","format":"standard","meta":[],"categories":[6],"tags":[86,287,948,125],"yoast_head":"<!-- This site is optimized with the Yoast SEO plugin v19.8 - https:\/\/yoast.com\/wordpress\/plugins\/seo\/ -->\n<title>Vanderson : \u00ab\u00a0Savoir g\u00e9rer nos \u00e9motions\u00a0\u00bb - La Diagonale<\/title>\n<meta name=\"robots\" content=\"index, follow, max-snippet:-1, max-image-preview:large, max-video-preview:-1\" \/>\n<link rel=\"canonical\" href=\"https:\/\/www.ladiagonale.net\/index.php\/2025\/02\/11\/vanderson-savoir-gerer-nos-emotions\/\" \/>\n<meta property=\"og:locale\" content=\"fr_FR\" \/>\n<meta property=\"og:type\" content=\"article\" \/>\n<meta property=\"og:title\" content=\"Vanderson : \u00ab\u00a0Savoir g\u00e9rer nos \u00e9motions\u00a0\u00bb - La Diagonale\" \/>\n<meta property=\"og:description\" content=\"L\u2019AS Monaco et Benfica se retrouvent ce mercredi en Ligue des champions. Les Mon\u00e9gasques avaient craqu\u00e9 en fin de match en novembre, dans un contexte particulier, et pour Vanderson, ces retrouvailles seront l\u2019occasion de montrer que Monaco a r\u00e9ussi \u00e0 progresser sur le plan mental : \u00ab\u00a0Il y aura en effet pas mal d\u2019\u00e9motions \u00e0 [...]\" \/>\n<meta property=\"og:url\" content=\"https:\/\/www.ladiagonale.net\/index.php\/2025\/02\/11\/vanderson-savoir-gerer-nos-emotions\/\" \/>\n<meta property=\"og:site_name\" content=\"La Diagonale\" \/>\n<meta property=\"article:published_time\" content=\"2025-02-11T19:12:40+00:00\" \/>\n<meta property=\"article:modified_time\" content=\"2025-02-11T19:12:41+00:00\" \/>\n<meta property=\"og:image\" content=\"https:\/\/www.ladiagonale.net\/wp-content\/uploads\/2024\/12\/vanderson-barca.png\" \/>\n\t<meta property=\"og:image:width\" content=\"1160\" \/>\n\t<meta property=\"og:image:height\" content=\"650\" \/>\n\t<meta property=\"og:image:type\" content=\"image\/png\" \/>\n<meta name=\"author\" content=\"Damien Dellerba\" \/>\n<meta name=\"twitter:card\" content=\"summary_large_image\" \/>\n<meta name=\"twitter:image\" content=\"https:\/\/www.ladiagonale.net\/wp-content\/uploads\/2024\/12\/vanderson-barca.png\" \/>\n<meta name=\"twitter:label1\" content=\"\u00c9crit par\" \/>\n\t<meta name=\"twitter:data1\" content=\"Damien Dellerba\" \/>\n\t<meta name=\"twitter:label2\" content=\"Dur\u00e9e de lecture estim\u00e9e\" \/>\n\t<meta name=\"twitter:data2\" content=\"3 minutes\" \/>\n<script type=\"application\/ld+json\" class=\"yoast-schema-graph\">{\"@context\":\"https:\/\/schema.org\",\"@graph\":[{\"@type\":\"WebPage\",\"@id\":\"https:\/\/www.ladiagonale.net\/index.php\/2025\/02\/11\/vanderson-savoir-gerer-nos-emotions\/\",\"url\":\"https:\/\/www.ladiagonale.net\/index.php\/2025\/02\/11\/vanderson-savoir-gerer-nos-emotions\/\",\"name\":\"Vanderson : \u00ab\u00a0Savoir g\u00e9rer nos \u00e9motions\u00a0\u00bb - La Diagonale\",\"isPartOf\":{\"@id\":\"https:\/\/www.ladiagonale.net\/#website\"},\"datePublished\":\"2025-02-11T19:12:40+00:00\",\"dateModified\":\"2025-02-11T19:12:41+00:00\",\"author\":{\"@id\":\"https:\/\/www.ladiagonale.net\/#\/schema\/person\/79ff1e7b0853ed01b2aa26e64ad300bf\"},\"breadcrumb\":{\"@id\":\"https:\/\/www.ladiagonale.net\/index.php\/2025\/02\/11\/vanderson-savoir-gerer-nos-emotions\/#breadcrumb\"},\"inLanguage\":\"fr-FR\",\"potentialAction\":[{\"@type\":\"ReadAction\",\"target\":[\"https:\/\/www.ladiagonale.net\/index.php\/2025\/02\/11\/vanderson-savoir-gerer-nos-emotions\/\"]}]},{\"@type\":\"BreadcrumbList\",\"@id\":\"https:\/\/www.ladiagonale.net\/index.php\/2025\/02\/11\/vanderson-savoir-gerer-nos-emotions\/#breadcrumb\",\"itemListElement\":[{\"@type\":\"ListItem\",\"position\":1,\"name\":\"Accueil\",\"item\":\"https:\/\/www.ladiagonale.net\/\"},{\"@type\":\"ListItem\",\"position\":2,\"name\":\"Vanderson : \u00ab\u00a0Savoir g\u00e9rer nos \u00e9motions\u00a0\u00bb\"}]},{\"@type\":\"WebSite\",\"@id\":\"https:\/\/www.ladiagonale.net\/#website\",\"url\":\"https:\/\/www.ladiagonale.net\/\",\"name\":\"La Diagonale\",\"description\":\"Le site des supporters de l&#039;AS Monaco FC\",\"potentialAction\":[{\"@type\":\"SearchAction\",\"target\":{\"@type\":\"EntryPoint\",\"urlTemplate\":\"https:\/\/www.ladiagonale.net\/?s={search_term_string}\"},\"query-input\":\"required name=search_term_string\"}],\"inLanguage\":\"fr-FR\"},{\"@type\":\"Person\",\"@id\":\"https:\/\/www.ladiagonale.net\/#\/schema\/person\/79ff1e7b0853ed01b2aa26e64ad300bf\",\"name\":\"Damien Dellerba\",\"image\":{\"@type\":\"ImageObject\",\"inLanguage\":\"fr-FR\",\"@id\":\"https:\/\/www.ladiagonale.net\/#\/schema\/person\/image\/\",\"url\":\"https:\/\/secure.gravatar.com\/avatar\/c7850e06d3ff63cdbaee88b7fc16e2f0?s=96&d=mm&r=g\",\"contentUrl\":\"https:\/\/secure.gravatar.com\/avatar\/c7850e06d3ff63cdbaee88b7fc16e2f0?s=96&d=mm&r=g\",\"caption\":\"Damien Dellerba\"},\"url\":\"https:\/\/www.ladiagonale.net\/index.php\/author\/damien\/\"}]}<\/script>\n<!-- \/ Yoast SEO plugin. -->","yoast_head_json":{"title":"Vanderson : \u00ab\u00a0Savoir g\u00e9rer nos \u00e9motions\u00a0\u00bb - La Diagonale","robots":{"index":"index","follow":"follow","max-snippet":"max-snippet:-1","max-image-preview":"max-image-preview:large","max-video-preview":"max-video-preview:-1"},"canonical":"https:\/\/www.ladiagonale.net\/index.php\/2025\/02\/11\/vanderson-savoir-gerer-nos-emotions\/","og_locale":"fr_FR","og_type":"article","og_title":"Vanderson : \u00ab\u00a0Savoir g\u00e9rer nos \u00e9motions\u00a0\u00bb - La Diagonale","og_description":"L\u2019AS Monaco et Benfica se retrouvent ce mercredi en Ligue des champions. Les Mon\u00e9gasques avaient craqu\u00e9 en fin de match en novembre, dans un contexte particulier, et pour Vanderson, ces retrouvailles seront l\u2019occasion de montrer que Monaco a r\u00e9ussi \u00e0 progresser sur le plan mental : \u00ab\u00a0Il y aura en effet pas mal d\u2019\u00e9motions \u00e0 [...]","og_url":"https:\/\/www.ladiagonale.net\/index.php\/2025\/02\/11\/vanderson-savoir-gerer-nos-emotions\/","og_site_name":"La Diagonale","article_published_time":"2025-02-11T19:12:40+00:00","article_modified_time":"2025-02-11T19:12:41+00:00","og_image":[{"width":1160,"height":650,"url":"https:\/\/www.ladiagonale.net\/wp-content\/uploads\/2024\/12\/vanderson-barca.png","type":"image\/png"}],"author":"Damien Dellerba","twitter_card":"summary_large_image","twitter_image":"https:\/\/www.ladiagonale.net\/wp-content\/uploads\/2024\/12\/vanderson-barca.png","twitter_misc":{"\u00c9crit par":"Damien Dellerba","Dur\u00e9e de lecture estim\u00e9e":"3 minutes"},"schema":{"@context":"https:\/\/schema.org","@graph":[{"@type":"WebPage","@id":"https:\/\/www.ladiagonale.net\/index.php\/2025\/02\/11\/vanderson-savoir-gerer-nos-emotions\/","url":"https:\/\/www.ladiagonale.net\/index.php\/2025\/02\/11\/vanderson-savoir-gerer-nos-emotions\/","name":"Vanderson : \u00ab\u00a0Savoir g\u00e9rer nos \u00e9motions\u00a0\u00bb - La Diagonale","isPartOf":{"@id":"https:\/\/www.ladiagonale.net\/#website"},"datePublished":"2025-02-11T19:12:40+00:00","dateModified":"2025-02-11T19:12:41+00:00","author":{"@id":"https:\/\/www.ladiagonale.net\/#\/schema\/person\/79ff1e7b0853ed01b2aa26e64ad300bf"},"breadcrumb":{"@id":"https:\/\/www.ladiagonale.net\/index.php\/2025\/02\/11\/vanderson-savoir-gerer-nos-emotions\/#breadcrumb"},"inLanguage":"fr-FR","potentialAction":[{"@type":"ReadAction","target":["https:\/\/www.ladiagonale.net\/index.php\/2025\/02\/11\/vanderson-savoir-gerer-nos-emotions\/"]}]},{"@type":"BreadcrumbList","@id":"https:\/\/www.ladiagonale.net\/index.php\/2025\/02\/11\/vanderson-savoir-gerer-nos-emotions\/#breadcrumb","itemListElement":[{"@type":"ListItem","position":1,"name":"Accueil","item":"https:\/\/www.ladiagonale.net\/"},{"@type":"ListItem","position":2,"name":"Vanderson : \u00ab\u00a0Savoir g\u00e9rer nos \u00e9motions\u00a0\u00bb"}]},{"@type":"WebSite","@id":"https:\/\/www.ladiagonale.net\/#website","url":"https:\/\/www.ladiagonale.net\/","name":"La Diagonale","description":"Le site des supporters de l&#039;AS Monaco FC","potentialAction":[{"@type":"SearchAction","target":{"@type":"EntryPoint","urlTemplate":"https:\/\/www.ladiagonale.net\/?s={search_term_string}"},"query-input":"required name=search_term_string"}],"inLanguage":"fr-FR"},{"@type":"Person","@id":"https:\/\/www.ladiagonale.net\/#\/schema\/person\/79ff1e7b0853ed01b2aa26e64ad300bf","name":"Damien Dellerba","image":{"@type":"ImageObject","inLanguage":"fr-FR","@id":"https:\/\/www.ladiagonale.net\/#\/schema\/person\/image\/","url":"https:\/\/secure.gravatar.com\/avatar\/c7850e06d3ff63cdbaee88b7fc16e2f0?s=96&d=mm&r=g","contentUrl":"https:\/\/secure.gravatar.com\/avatar\/c7850e06d3ff63cdbaee88b7fc16e2f0?s=96&d=mm&r=g","caption":"Damien Dellerba"},"url":"https:\/\/www.ladiagonale.net\/index.php\/author\/damien\/"}]}},"_links":{"self":[{"href":"https:\/\/www.ladiagonale.net\/index.php\/wp-json\/wp\/v2\/posts\/29789"}],"collection":[{"href":"https:\/\/www.ladiagonale.net\/index.php\/wp-json\/wp\/v2\/posts"}],"about":[{"href":"https:\/\/www.ladiagonale.net\/index.php\/wp-json\/wp\/v2\/types\/post"}],"author":[{"embeddable":true,"href":"https:\/\/www.ladiagonale.net\/index.php\/wp-json\/wp\/v2\/users\/2"}],"replies":[{"embeddable":true,"href":"https:\/\/www.ladiagonale.net\/index.php\/wp-json\/wp\/v2\/comments?post=29789"}],"version-history":[{"count":1,"href":"https:\/\/www.ladiagonale.net\/index.php\/wp-json\/wp\/v2\/posts\/29789\/revisions"}],"predecessor-version":[{"id":29790,"href":"https:\/\/www.ladiagonale.net\/index.php\/wp-json\/wp\/v2\/posts\/29789\/revisions\/29790"}],"wp:attachment":[{"href":"https:\/\/www.ladiagonale.net\/index.php\/wp-json\/wp\/v2\/media?parent=29789"}],"wp:term":[{"taxonomy":"category","embeddable":true,"href":"https:\/\/www.ladiagonale.net\/index.php\/wp-json\/wp\/v2\/categories?post=29789"},{"taxonomy":"post_tag","embeddable":true,"href":"https:\/\/www.ladiagonale.net\/index.php\/wp-json\/wp\/v2\/tags?post=29789"}],"curies":[{"name":"wp","href":"https:\/\/api.w.org\/{rel}","templated":true}]}}