{"id":29791,"date":"2025-02-12T09:02:00","date_gmt":"2025-02-12T08:02:00","guid":{"rendered":"https:\/\/www.ladiagonale.net\/?p=29791"},"modified":"2025-02-12T18:38:47","modified_gmt":"2025-02-12T17:38:47","slug":"plus-le-droit-a-lerreur","status":"publish","type":"post","link":"https:\/\/www.ladiagonale.net\/index.php\/2025\/02\/12\/plus-le-droit-a-lerreur\/","title":{"rendered":"Plus le droit \u00e0 l\u2019erreur"},"content":{"rendered":"\n\n\n<p><strong>Au moment de recevoir Benfica pour la deuxi\u00e8me fois de la saison en Ligue des champions, l\u2019AS Monaco aura certainement en t\u00eate de ne pas reproduire les erreurs commises en novembre et ces derniers mois.<\/strong><\/p>\n\n\n\n<p>En terminant \u00e0 la 17<sup>e<\/sup> place de la phase de ligue de la Ligue des champions, les Mon\u00e9gasques ont eu un choix restreint pour l\u2019adversaire de leur barrage. C\u2019\u00e9tait soit le Paris Saint-Germain, soit Benfica. Les Rouge et Blanc sortent tout juste d\u2019une nouvelle correction face au premier (1-4), un troisi\u00e8me revers en trois matches contre le club de la Capitale, et il aurait difficile d\u2019esp\u00e9rer autre chose qu\u2019une \u00e9limination (et deux d\u00e9faites de plus) sur une double confrontation, surtout que les Parisiens ont fait valser Brest ce mardi lors de la premi\u00e8re manche (3-0). Assur\u00e9ment personne, et encore moins l\u2019ASM, n\u2019a envie d\u2019affronter ce PSG-l\u00e0, en train de monter en gamme. Mais le hasard fait plut\u00f4t bien les choses, et Monaco a tir\u00e9 Benfica. Un adversaire moins fort, m\u00eame s\u2019il a d\u00e9j\u00e0 battu l\u2019\u00e9quipe de la Principaut\u00e9 un peu plus t\u00f4t dans la saison (2-3, le 27 novembre).<\/p>\n\n\n\n<p>Il serait donc tentant de parler de revanche \u00e0 l\u2019occasion de cette opposition, surtout au vu du sc\u00e9nario et des pol\u00e9miques d\u2019il y a quelques mois. C\u2019\u00e9tait d\u2019ailleurs les mots de Breel Embolo avant le tirage au sort qui a eu lieu fin janvier. L\u2019entra\u00eeneur mon\u00e9gasque Adi H\u00fctter s\u2019est lui inscrit en faux des propos de son attaquant. Une sortie probablement plus politique qu\u2019autre chose, car rares sont les acteurs du football \u00e0 vouloir tendre un b\u00e2ton avec lequel ils pourraient se faire battre, coupables d\u2019avoir parl\u00e9 trop vite ou trop t\u00f4t. Et pourtant, les Mon\u00e9gasques doivent bien une revanche. Aussi bien aux supporters, lass\u00e9s de tant d\u2019irr\u00e9gularit\u00e9 sur une saison d\u2019un centenaire qui promettait d\u2019\u00eatre historique, qu\u2019\u00e0 eux-m\u00eames, o\u00f9 ils n\u2019ont pas \u00e9volu\u00e9 au niveau escompt\u00e9 et ont davantage encha\u00een\u00e9 les erreurs b\u00eates que les victoires.<\/p>\n\n\n\n<p>C&rsquo;est malheureusement devenu le cheval de bataille d&rsquo;H\u00fctter, \u00e0 qui il risque de commencer \u00e0 manquer les mots pour exprimer cet \u00e9tat de fait tant il se r\u00e9p\u00e8te de fa\u00e7on inlassable. Contre Paris, notamment, c&rsquo;est sur un positionnement calamiteux de Radoslaw Majecki que les Mon\u00e9gasques ont encaiss\u00e9 le premier but de la soir\u00e9e. Les erreurs sont l\u00e9gion \u00e0 l&rsquo;ASM, ce qui offre un contraste saisissant avec son d\u00e9but de saison o\u00f9 elle ne semblait jamais se fourvoyer. Et on se souviendra, non sans une certaine amertume, l&rsquo;erreur de Caio Henrique contre Benfica pour offrir \u00e0 Pavlidis le but de l&rsquo;\u00e9galisation sur une t\u00eate en retrait trop molle. \u00ab\u00a0<em>Il y a toujours des explications mais il faut faire attention de ne pas voir \u00e7a comme des excuses,<\/em> expliquait l&rsquo;entra\u00eeneur autrichien.<em> Nous avons conc\u00e9d\u00e9 des buts trop facilement avec de grosses erreurs, c\u2019est un domaine o\u00f9 nous devons progresser.\u00a0<\/em>\u00bb<\/p>\n\n\n\n<p>C&rsquo;est tout de m\u00eame \u00e0 se demander o\u00f9 sont les progr\u00e8s depuis quelques semaines ? Collectivement, Monaco donne plut\u00f4t l&rsquo;impression d&rsquo;avoir r\u00e9gress\u00e9 depuis le d\u00e9but de la saison et individuellement, les joueurs finissent toujours pas commettre de nombreuses erreurs. \u00ab\u00a0<em>Le football reste un jeu d&rsquo;erreurs <\/em>\u00bb, avan\u00e7ait un brin fataliste Thilo Kehrer pour <em>Nice-Matin<\/em>. Il serait bon de les limiter d\u00e9sormais, car les Benfiquistes, qui devraient bien \u00eatre guid\u00e9s par le redoutable Angel Di Maria, ne manquent pas d&rsquo;atouts pour faire basculer la rencontre de leur c\u00f4t\u00e9. Et il y a bien un autre domaine sur lequel Monaco doit absolument progresser : ses r\u00e9sultats dans les matches \u00e0 enjeux ou face aux grosses cylindr\u00e9es. Car \u00e0 l&rsquo;exception d&rsquo;un Barcelone r\u00e9duit \u00e0 dix, le bilan est fam\u00e9lique cette saison. Il n&rsquo;est pas encore trop tard pour essayer d&rsquo;inverser la tendance. \u00ab\u00a0<em>Lorsque j\u2019aurais arr\u00eat\u00e9 d\u2019apprendre, le mieux pour moi serait d\u2019arr\u00eater mon travail<\/em>\u00a0\u00bb, disait H\u00fctter. Esp\u00e9rons que la le\u00e7on porte rapidement ses fruits.<\/p>\n","protected":false},"excerpt":{"rendered":"<p>Au moment de recevoir Benfica pour la deuxi\u00e8me fois de la saison en Ligue des champions, l\u2019AS Monaco aura certainement en t\u00eate de ne pas reproduire les erreurs commises en novembre et ces derniers mois. En terminant \u00e0 la 17e place de la phase de ligue de la Ligue des champions, les Mon\u00e9gasques ont eu [&#8230;]\n","protected":false},"author":2,"featured_media":29795,"comment_status":"open","ping_status":"open","sticky":false,"template":"","format":"standard","meta":[],"categories":[5,6],"tags":[86,287,948],"yoast_head":"<!-- This site is optimized with the Yoast SEO plugin v19.8 - https:\/\/yoast.com\/wordpress\/plugins\/seo\/ -->\n<title>Plus le droit \u00e0 l\u2019erreur - La Diagonale<\/title>\n<meta name=\"robots\" content=\"index, follow, max-snippet:-1, max-image-preview:large, max-video-preview:-1\" \/>\n<link rel=\"canonical\" href=\"https:\/\/www.ladiagonale.net\/index.php\/2025\/02\/12\/plus-le-droit-a-lerreur\/\" \/>\n<meta property=\"og:locale\" content=\"fr_FR\" \/>\n<meta property=\"og:type\" content=\"article\" \/>\n<meta property=\"og:title\" content=\"Plus le droit \u00e0 l\u2019erreur - La Diagonale\" \/>\n<meta property=\"og:description\" content=\"Au moment de recevoir Benfica pour la deuxi\u00e8me fois de la saison en Ligue des champions, l\u2019AS Monaco aura certainement en t\u00eate de ne pas reproduire les erreurs commises en novembre et ces derniers mois. En terminant \u00e0 la 17e place de la phase de ligue de la Ligue des champions, les Mon\u00e9gasques ont eu [...]\" \/>\n<meta property=\"og:url\" content=\"https:\/\/www.ladiagonale.net\/index.php\/2025\/02\/12\/plus-le-droit-a-lerreur\/\" \/>\n<meta property=\"og:site_name\" content=\"La Diagonale\" \/>\n<meta property=\"article:published_time\" content=\"2025-02-12T08:02:00+00:00\" \/>\n<meta property=\"article:modified_time\" content=\"2025-02-12T17:38:47+00:00\" \/>\n<meta property=\"og:image\" content=\"https:\/\/www.ladiagonale.net\/wp-content\/uploads\/2025\/02\/majecki-arsenal.png\" \/>\n\t<meta property=\"og:image:width\" content=\"1160\" \/>\n\t<meta property=\"og:image:height\" content=\"650\" \/>\n\t<meta property=\"og:image:type\" content=\"image\/png\" \/>\n<meta name=\"author\" content=\"Damien Dellerba\" \/>\n<meta name=\"twitter:card\" content=\"summary_large_image\" \/>\n<meta name=\"twitter:image\" content=\"https:\/\/www.ladiagonale.net\/wp-content\/uploads\/2025\/02\/majecki-arsenal.png\" \/>\n<meta name=\"twitter:label1\" content=\"\u00c9crit par\" \/>\n\t<meta name=\"twitter:data1\" content=\"Damien Dellerba\" \/>\n\t<meta name=\"twitter:label2\" content=\"Dur\u00e9e de lecture estim\u00e9e\" \/>\n\t<meta name=\"twitter:data2\" content=\"4 minutes\" \/>\n<script type=\"application\/ld+json\" class=\"yoast-schema-graph\">{\"@context\":\"https:\/\/schema.org\",\"@graph\":[{\"@type\":\"WebPage\",\"@id\":\"https:\/\/www.ladiagonale.net\/index.php\/2025\/02\/12\/plus-le-droit-a-lerreur\/\",\"url\":\"https:\/\/www.ladiagonale.net\/index.php\/2025\/02\/12\/plus-le-droit-a-lerreur\/\",\"name\":\"Plus le droit \u00e0 l\u2019erreur - La Diagonale\",\"isPartOf\":{\"@id\":\"https:\/\/www.ladiagonale.net\/#website\"},\"datePublished\":\"2025-02-12T08:02:00+00:00\",\"dateModified\":\"2025-02-12T17:38:47+00:00\",\"author\":{\"@id\":\"https:\/\/www.ladiagonale.net\/#\/schema\/person\/79ff1e7b0853ed01b2aa26e64ad300bf\"},\"breadcrumb\":{\"@id\":\"https:\/\/www.ladiagonale.net\/index.php\/2025\/02\/12\/plus-le-droit-a-lerreur\/#breadcrumb\"},\"inLanguage\":\"fr-FR\",\"potentialAction\":[{\"@type\":\"ReadAction\",\"target\":[\"https:\/\/www.ladiagonale.net\/index.php\/2025\/02\/12\/plus-le-droit-a-lerreur\/\"]}]},{\"@type\":\"BreadcrumbList\",\"@id\":\"https:\/\/www.ladiagonale.net\/index.php\/2025\/02\/12\/plus-le-droit-a-lerreur\/#breadcrumb\",\"itemListElement\":[{\"@type\":\"ListItem\",\"position\":1,\"name\":\"Accueil\",\"item\":\"https:\/\/www.ladiagonale.net\/\"},{\"@type\":\"ListItem\",\"position\":2,\"name\":\"Plus le droit \u00e0 l\u2019erreur\"}]},{\"@type\":\"WebSite\",\"@id\":\"https:\/\/www.ladiagonale.net\/#website\",\"url\":\"https:\/\/www.ladiagonale.net\/\",\"name\":\"La Diagonale\",\"description\":\"Le site des supporters de l&#039;AS Monaco FC\",\"potentialAction\":[{\"@type\":\"SearchAction\",\"target\":{\"@type\":\"EntryPoint\",\"urlTemplate\":\"https:\/\/www.ladiagonale.net\/?s={search_term_string}\"},\"query-input\":\"required name=search_term_string\"}],\"inLanguage\":\"fr-FR\"},{\"@type\":\"Person\",\"@id\":\"https:\/\/www.ladiagonale.net\/#\/schema\/person\/79ff1e7b0853ed01b2aa26e64ad300bf\",\"name\":\"Damien Dellerba\",\"image\":{\"@type\":\"ImageObject\",\"inLanguage\":\"fr-FR\",\"@id\":\"https:\/\/www.ladiagonale.net\/#\/schema\/person\/image\/\",\"url\":\"https:\/\/secure.gravatar.com\/avatar\/c7850e06d3ff63cdbaee88b7fc16e2f0?s=96&d=mm&r=g\",\"contentUrl\":\"https:\/\/secure.gravatar.com\/avatar\/c7850e06d3ff63cdbaee88b7fc16e2f0?s=96&d=mm&r=g\",\"caption\":\"Damien Dellerba\"},\"url\":\"https:\/\/www.ladiagonale.net\/index.php\/author\/damien\/\"}]}<\/script>\n<!-- \/ Yoast SEO plugin. -->","yoast_head_json":{"title":"Plus le droit \u00e0 l\u2019erreur - La Diagonale","robots":{"index":"index","follow":"follow","max-snippet":"max-snippet:-1","max-image-preview":"max-image-preview:large","max-video-preview":"max-video-preview:-1"},"canonical":"https:\/\/www.ladiagonale.net\/index.php\/2025\/02\/12\/plus-le-droit-a-lerreur\/","og_locale":"fr_FR","og_type":"article","og_title":"Plus le droit \u00e0 l\u2019erreur - La Diagonale","og_description":"Au moment de recevoir Benfica pour la deuxi\u00e8me fois de la saison en Ligue des champions, l\u2019AS Monaco aura certainement en t\u00eate de ne pas reproduire les erreurs commises en novembre et ces derniers mois. En terminant \u00e0 la 17e place de la phase de ligue de la Ligue des champions, les Mon\u00e9gasques ont eu [...]","og_url":"https:\/\/www.ladiagonale.net\/index.php\/2025\/02\/12\/plus-le-droit-a-lerreur\/","og_site_name":"La Diagonale","article_published_time":"2025-02-12T08:02:00+00:00","article_modified_time":"2025-02-12T17:38:47+00:00","og_image":[{"width":1160,"height":650,"url":"https:\/\/www.ladiagonale.net\/wp-content\/uploads\/2025\/02\/majecki-arsenal.png","type":"image\/png"}],"author":"Damien Dellerba","twitter_card":"summary_large_image","twitter_image":"https:\/\/www.ladiagonale.net\/wp-content\/uploads\/2025\/02\/majecki-arsenal.png","twitter_misc":{"\u00c9crit par":"Damien Dellerba","Dur\u00e9e de lecture estim\u00e9e":"4 minutes"},"schema":{"@context":"https:\/\/schema.org","@graph":[{"@type":"WebPage","@id":"https:\/\/www.ladiagonale.net\/index.php\/2025\/02\/12\/plus-le-droit-a-lerreur\/","url":"https:\/\/www.ladiagonale.net\/index.php\/2025\/02\/12\/plus-le-droit-a-lerreur\/","name":"Plus le droit \u00e0 l\u2019erreur - La Diagonale","isPartOf":{"@id":"https:\/\/www.ladiagonale.net\/#website"},"datePublished":"2025-02-12T08:02:00+00:00","dateModified":"2025-02-12T17:38:47+00:00","author":{"@id":"https:\/\/www.ladiagonale.net\/#\/schema\/person\/79ff1e7b0853ed01b2aa26e64ad300bf"},"breadcrumb":{"@id":"https:\/\/www.ladiagonale.net\/index.php\/2025\/02\/12\/plus-le-droit-a-lerreur\/#breadcrumb"},"inLanguage":"fr-FR","potentialAction":[{"@type":"ReadAction","target":["https:\/\/www.ladiagonale.net\/index.php\/2025\/02\/12\/plus-le-droit-a-lerreur\/"]}]},{"@type":"BreadcrumbList","@id":"https:\/\/www.ladiagonale.net\/index.php\/2025\/02\/12\/plus-le-droit-a-lerreur\/#breadcrumb","itemListElement":[{"@type":"ListItem","position":1,"name":"Accueil","item":"https:\/\/www.ladiagonale.net\/"},{"@type":"ListItem","position":2,"name":"Plus le droit \u00e0 l\u2019erreur"}]},{"@type":"WebSite","@id":"https:\/\/www.ladiagonale.net\/#website","url":"https:\/\/www.ladiagonale.net\/","name":"La Diagonale","description":"Le site des supporters de l&#039;AS Monaco FC","potentialAction":[{"@type":"SearchAction","target":{"@type":"EntryPoint","urlTemplate":"https:\/\/www.ladiagonale.net\/?s={search_term_string}"},"query-input":"required name=search_term_string"}],"inLanguage":"fr-FR"},{"@type":"Person","@id":"https:\/\/www.ladiagonale.net\/#\/schema\/person\/79ff1e7b0853ed01b2aa26e64ad300bf","name":"Damien Dellerba","image":{"@type":"ImageObject","inLanguage":"fr-FR","@id":"https:\/\/www.ladiagonale.net\/#\/schema\/person\/image\/","url":"https:\/\/secure.gravatar.com\/avatar\/c7850e06d3ff63cdbaee88b7fc16e2f0?s=96&d=mm&r=g","contentUrl":"https:\/\/secure.gravatar.com\/avatar\/c7850e06d3ff63cdbaee88b7fc16e2f0?s=96&d=mm&r=g","caption":"Damien Dellerba"},"url":"https:\/\/www.ladiagonale.net\/index.php\/author\/damien\/"}]}},"_links":{"self":[{"href":"https:\/\/www.ladiagonale.net\/index.php\/wp-json\/wp\/v2\/posts\/29791"}],"collection":[{"href":"https:\/\/www.ladiagonale.net\/index.php\/wp-json\/wp\/v2\/posts"}],"about":[{"href":"https:\/\/www.ladiagonale.net\/index.php\/wp-json\/wp\/v2\/types\/post"}],"author":[{"embeddable":true,"href":"https:\/\/www.ladiagonale.net\/index.php\/wp-json\/wp\/v2\/users\/2"}],"replies":[{"embeddable":true,"href":"https:\/\/www.ladiagonale.net\/index.php\/wp-json\/wp\/v2\/comments?post=29791"}],"version-history":[{"count":5,"href":"https:\/\/www.ladiagonale.net\/index.php\/wp-json\/wp\/v2\/posts\/29791\/revisions"}],"predecessor-version":[{"id":29798,"href":"https:\/\/www.ladiagonale.net\/index.php\/wp-json\/wp\/v2\/posts\/29791\/revisions\/29798"}],"wp:featuredmedia":[{"embeddable":true,"href":"https:\/\/www.ladiagonale.net\/index.php\/wp-json\/wp\/v2\/media\/29795"}],"wp:attachment":[{"href":"https:\/\/www.ladiagonale.net\/index.php\/wp-json\/wp\/v2\/media?parent=29791"}],"wp:term":[{"taxonomy":"category","embeddable":true,"href":"https:\/\/www.ladiagonale.net\/index.php\/wp-json\/wp\/v2\/categories?post=29791"},{"taxonomy":"post_tag","embeddable":true,"href":"https:\/\/www.ladiagonale.net\/index.php\/wp-json\/wp\/v2\/tags?post=29791"}],"curies":[{"name":"wp","href":"https:\/\/api.w.org\/{rel}","templated":true}]}}