{"id":29799,"date":"2025-02-12T19:03:59","date_gmt":"2025-02-12T18:03:59","guid":{"rendered":"https:\/\/www.ladiagonale.net\/?p=29799"},"modified":"2025-02-12T19:04:00","modified_gmt":"2025-02-12T18:04:00","slug":"les-u19-surclasses-en-youth-league","status":"publish","type":"post","link":"https:\/\/www.ladiagonale.net\/index.php\/2025\/02\/12\/les-u19-surclasses-en-youth-league\/","title":{"rendered":"Les U19 surclass\u00e9s en Youth League"},"content":{"rendered":"\n<p>22<sup>es<\/sup> et derniers qualifi\u00e9s de la poule unique de la Youth League en d\u00e9cembre, les jeunes U19 de l\u2019AS Monaco avaient h\u00e9rit\u00e9 d\u2019un tirage difficile en 16<sup>es<\/sup> de finale puisqu\u2019ils devaient se d\u00e9placer sur la pelouse du Sporting Portugal, deuxi\u00e8me du classement. Sans Joan Tincres, pr\u00eat\u00e9 \u00e0 Amiens, ni Lucas Michal, d\u00e9sormais int\u00e9gr\u00e9 \u00e0 l\u2019\u00e9quipe premi\u00e8re, les Rouge et Blanc n\u2019ont pas pes\u00e9 bien lourd face \u00e0 la formation portugaise et se sont fait s\u00e8chement \u00e9liminer apr\u00e8s une d\u00e9faite nette (0-4), ce mercredi. Les buts portugais ont \u00e9t\u00e9 inscrits par Silva (8<sup>e<\/sup>), Gon\u00e7alves (29<sup>e<\/sup> et 87<sup>e<\/sup>) et Mendo\u00e7a (46<sup>e<\/sup>).<\/p>\n\n\n\n<p>Pour couronner le tout, Ils ont aussi termin\u00e9 la rencontre en inf\u00e9riorit\u00e9 num\u00e9rique apr\u00e8s l\u2019exclusion du gardien Jules Stawiecki (67<sup>e<\/sup>). En plus du carton rouge re\u00e7u, les jeunes Mon\u00e9gasques ont \u00e9cop\u00e9 de nombreuses biscottes. C\u2019est le cas de Valy Konat\u00e9, Aladji Bamba, Ilane Tour\u00e9, Boubakar Dembaga et Bradel Kiwa. <\/p>\n\n\n","protected":false},"excerpt":{"rendered":"<p>22es et derniers qualifi\u00e9s de la poule unique de la Youth League en d\u00e9cembre, les jeunes U19 de l\u2019AS Monaco avaient h\u00e9rit\u00e9 d\u2019un tirage difficile en 16es de finale puisqu\u2019ils devaient se d\u00e9placer sur la pelouse du Sporting Portugal, deuxi\u00e8me du classement. Sans Joan Tincres, pr\u00eat\u00e9 \u00e0 Amiens, ni Lucas Michal, d\u00e9sormais int\u00e9gr\u00e9 \u00e0 l\u2019\u00e9quipe [&#8230;]\n","protected":false},"author":2,"featured_media":0,"comment_status":"open","ping_status":"open","sticky":false,"template":"","format":"standard","meta":[],"categories":[6],"tags":[76,86,112,915],"yoast_head":"<!-- This site is optimized with the Yoast SEO plugin v19.8 - https:\/\/yoast.com\/wordpress\/plugins\/seo\/ -->\n<title>Les U19 surclass\u00e9s en Youth League - La Diagonale<\/title>\n<meta name=\"robots\" content=\"index, follow, max-snippet:-1, max-image-preview:large, max-video-preview:-1\" \/>\n<link rel=\"canonical\" href=\"https:\/\/www.ladiagonale.net\/index.php\/2025\/02\/12\/les-u19-surclasses-en-youth-league\/\" \/>\n<meta property=\"og:locale\" content=\"fr_FR\" \/>\n<meta property=\"og:type\" content=\"article\" \/>\n<meta property=\"og:title\" content=\"Les U19 surclass\u00e9s en Youth League - La Diagonale\" \/>\n<meta property=\"og:description\" content=\"22es et derniers qualifi\u00e9s de la poule unique de la Youth League en d\u00e9cembre, les jeunes U19 de l\u2019AS Monaco avaient h\u00e9rit\u00e9 d\u2019un tirage difficile en 16es de finale puisqu\u2019ils devaient se d\u00e9placer sur la pelouse du Sporting Portugal, deuxi\u00e8me du classement. Sans Joan Tincres, pr\u00eat\u00e9 \u00e0 Amiens, ni Lucas Michal, d\u00e9sormais int\u00e9gr\u00e9 \u00e0 l\u2019\u00e9quipe [...]\" \/>\n<meta property=\"og:url\" content=\"https:\/\/www.ladiagonale.net\/index.php\/2025\/02\/12\/les-u19-surclasses-en-youth-league\/\" \/>\n<meta property=\"og:site_name\" content=\"La Diagonale\" \/>\n<meta property=\"article:published_time\" content=\"2025-02-12T18:03:59+00:00\" \/>\n<meta property=\"article:modified_time\" content=\"2025-02-12T18:04:00+00:00\" \/>\n<meta property=\"og:image\" content=\"https:\/\/www.ladiagonale.net\/wp-content\/uploads\/2025\/02\/stawiecki.png\" \/>\n\t<meta property=\"og:image:width\" content=\"1160\" \/>\n\t<meta property=\"og:image:height\" content=\"650\" \/>\n\t<meta property=\"og:image:type\" content=\"image\/png\" \/>\n<meta name=\"author\" content=\"Damien Dellerba\" \/>\n<meta name=\"twitter:card\" content=\"summary_large_image\" \/>\n<meta name=\"twitter:image\" content=\"https:\/\/www.ladiagonale.net\/wp-content\/uploads\/2025\/02\/stawiecki.png\" \/>\n<meta name=\"twitter:label1\" content=\"\u00c9crit par\" \/>\n\t<meta name=\"twitter:data1\" content=\"Damien Dellerba\" \/>\n\t<meta name=\"twitter:label2\" content=\"Dur\u00e9e de lecture estim\u00e9e\" \/>\n\t<meta name=\"twitter:data2\" content=\"1 minute\" \/>\n<script type=\"application\/ld+json\" class=\"yoast-schema-graph\">{\"@context\":\"https:\/\/schema.org\",\"@graph\":[{\"@type\":\"WebPage\",\"@id\":\"https:\/\/www.ladiagonale.net\/index.php\/2025\/02\/12\/les-u19-surclasses-en-youth-league\/\",\"url\":\"https:\/\/www.ladiagonale.net\/index.php\/2025\/02\/12\/les-u19-surclasses-en-youth-league\/\",\"name\":\"Les U19 surclass\u00e9s en Youth League - La Diagonale\",\"isPartOf\":{\"@id\":\"https:\/\/www.ladiagonale.net\/#website\"},\"datePublished\":\"2025-02-12T18:03:59+00:00\",\"dateModified\":\"2025-02-12T18:04:00+00:00\",\"author\":{\"@id\":\"https:\/\/www.ladiagonale.net\/#\/schema\/person\/79ff1e7b0853ed01b2aa26e64ad300bf\"},\"breadcrumb\":{\"@id\":\"https:\/\/www.ladiagonale.net\/index.php\/2025\/02\/12\/les-u19-surclasses-en-youth-league\/#breadcrumb\"},\"inLanguage\":\"fr-FR\",\"potentialAction\":[{\"@type\":\"ReadAction\",\"target\":[\"https:\/\/www.ladiagonale.net\/index.php\/2025\/02\/12\/les-u19-surclasses-en-youth-league\/\"]}]},{\"@type\":\"BreadcrumbList\",\"@id\":\"https:\/\/www.ladiagonale.net\/index.php\/2025\/02\/12\/les-u19-surclasses-en-youth-league\/#breadcrumb\",\"itemListElement\":[{\"@type\":\"ListItem\",\"position\":1,\"name\":\"Accueil\",\"item\":\"https:\/\/www.ladiagonale.net\/\"},{\"@type\":\"ListItem\",\"position\":2,\"name\":\"Les U19 surclass\u00e9s en Youth League\"}]},{\"@type\":\"WebSite\",\"@id\":\"https:\/\/www.ladiagonale.net\/#website\",\"url\":\"https:\/\/www.ladiagonale.net\/\",\"name\":\"La Diagonale\",\"description\":\"Le site des supporters de l&#039;AS Monaco FC\",\"potentialAction\":[{\"@type\":\"SearchAction\",\"target\":{\"@type\":\"EntryPoint\",\"urlTemplate\":\"https:\/\/www.ladiagonale.net\/?s={search_term_string}\"},\"query-input\":\"required name=search_term_string\"}],\"inLanguage\":\"fr-FR\"},{\"@type\":\"Person\",\"@id\":\"https:\/\/www.ladiagonale.net\/#\/schema\/person\/79ff1e7b0853ed01b2aa26e64ad300bf\",\"name\":\"Damien Dellerba\",\"image\":{\"@type\":\"ImageObject\",\"inLanguage\":\"fr-FR\",\"@id\":\"https:\/\/www.ladiagonale.net\/#\/schema\/person\/image\/\",\"url\":\"https:\/\/secure.gravatar.com\/avatar\/c7850e06d3ff63cdbaee88b7fc16e2f0?s=96&d=mm&r=g\",\"contentUrl\":\"https:\/\/secure.gravatar.com\/avatar\/c7850e06d3ff63cdbaee88b7fc16e2f0?s=96&d=mm&r=g\",\"caption\":\"Damien Dellerba\"},\"url\":\"https:\/\/www.ladiagonale.net\/index.php\/author\/damien\/\"}]}<\/script>\n<!-- \/ Yoast SEO plugin. -->","yoast_head_json":{"title":"Les U19 surclass\u00e9s en Youth League - La Diagonale","robots":{"index":"index","follow":"follow","max-snippet":"max-snippet:-1","max-image-preview":"max-image-preview:large","max-video-preview":"max-video-preview:-1"},"canonical":"https:\/\/www.ladiagonale.net\/index.php\/2025\/02\/12\/les-u19-surclasses-en-youth-league\/","og_locale":"fr_FR","og_type":"article","og_title":"Les U19 surclass\u00e9s en Youth League - La Diagonale","og_description":"22es et derniers qualifi\u00e9s de la poule unique de la Youth League en d\u00e9cembre, les jeunes U19 de l\u2019AS Monaco avaient h\u00e9rit\u00e9 d\u2019un tirage difficile en 16es de finale puisqu\u2019ils devaient se d\u00e9placer sur la pelouse du Sporting Portugal, deuxi\u00e8me du classement. Sans Joan Tincres, pr\u00eat\u00e9 \u00e0 Amiens, ni Lucas Michal, d\u00e9sormais int\u00e9gr\u00e9 \u00e0 l\u2019\u00e9quipe [...]","og_url":"https:\/\/www.ladiagonale.net\/index.php\/2025\/02\/12\/les-u19-surclasses-en-youth-league\/","og_site_name":"La Diagonale","article_published_time":"2025-02-12T18:03:59+00:00","article_modified_time":"2025-02-12T18:04:00+00:00","og_image":[{"width":1160,"height":650,"url":"https:\/\/www.ladiagonale.net\/wp-content\/uploads\/2025\/02\/stawiecki.png","type":"image\/png"}],"author":"Damien Dellerba","twitter_card":"summary_large_image","twitter_image":"https:\/\/www.ladiagonale.net\/wp-content\/uploads\/2025\/02\/stawiecki.png","twitter_misc":{"\u00c9crit par":"Damien Dellerba","Dur\u00e9e de lecture estim\u00e9e":"1 minute"},"schema":{"@context":"https:\/\/schema.org","@graph":[{"@type":"WebPage","@id":"https:\/\/www.ladiagonale.net\/index.php\/2025\/02\/12\/les-u19-surclasses-en-youth-league\/","url":"https:\/\/www.ladiagonale.net\/index.php\/2025\/02\/12\/les-u19-surclasses-en-youth-league\/","name":"Les U19 surclass\u00e9s en Youth League - La Diagonale","isPartOf":{"@id":"https:\/\/www.ladiagonale.net\/#website"},"datePublished":"2025-02-12T18:03:59+00:00","dateModified":"2025-02-12T18:04:00+00:00","author":{"@id":"https:\/\/www.ladiagonale.net\/#\/schema\/person\/79ff1e7b0853ed01b2aa26e64ad300bf"},"breadcrumb":{"@id":"https:\/\/www.ladiagonale.net\/index.php\/2025\/02\/12\/les-u19-surclasses-en-youth-league\/#breadcrumb"},"inLanguage":"fr-FR","potentialAction":[{"@type":"ReadAction","target":["https:\/\/www.ladiagonale.net\/index.php\/2025\/02\/12\/les-u19-surclasses-en-youth-league\/"]}]},{"@type":"BreadcrumbList","@id":"https:\/\/www.ladiagonale.net\/index.php\/2025\/02\/12\/les-u19-surclasses-en-youth-league\/#breadcrumb","itemListElement":[{"@type":"ListItem","position":1,"name":"Accueil","item":"https:\/\/www.ladiagonale.net\/"},{"@type":"ListItem","position":2,"name":"Les U19 surclass\u00e9s en Youth League"}]},{"@type":"WebSite","@id":"https:\/\/www.ladiagonale.net\/#website","url":"https:\/\/www.ladiagonale.net\/","name":"La Diagonale","description":"Le site des supporters de l&#039;AS Monaco FC","potentialAction":[{"@type":"SearchAction","target":{"@type":"EntryPoint","urlTemplate":"https:\/\/www.ladiagonale.net\/?s={search_term_string}"},"query-input":"required name=search_term_string"}],"inLanguage":"fr-FR"},{"@type":"Person","@id":"https:\/\/www.ladiagonale.net\/#\/schema\/person\/79ff1e7b0853ed01b2aa26e64ad300bf","name":"Damien Dellerba","image":{"@type":"ImageObject","inLanguage":"fr-FR","@id":"https:\/\/www.ladiagonale.net\/#\/schema\/person\/image\/","url":"https:\/\/secure.gravatar.com\/avatar\/c7850e06d3ff63cdbaee88b7fc16e2f0?s=96&d=mm&r=g","contentUrl":"https:\/\/secure.gravatar.com\/avatar\/c7850e06d3ff63cdbaee88b7fc16e2f0?s=96&d=mm&r=g","caption":"Damien Dellerba"},"url":"https:\/\/www.ladiagonale.net\/index.php\/author\/damien\/"}]}},"_links":{"self":[{"href":"https:\/\/www.ladiagonale.net\/index.php\/wp-json\/wp\/v2\/posts\/29799"}],"collection":[{"href":"https:\/\/www.ladiagonale.net\/index.php\/wp-json\/wp\/v2\/posts"}],"about":[{"href":"https:\/\/www.ladiagonale.net\/index.php\/wp-json\/wp\/v2\/types\/post"}],"author":[{"embeddable":true,"href":"https:\/\/www.ladiagonale.net\/index.php\/wp-json\/wp\/v2\/users\/2"}],"replies":[{"embeddable":true,"href":"https:\/\/www.ladiagonale.net\/index.php\/wp-json\/wp\/v2\/comments?post=29799"}],"version-history":[{"count":1,"href":"https:\/\/www.ladiagonale.net\/index.php\/wp-json\/wp\/v2\/posts\/29799\/revisions"}],"predecessor-version":[{"id":29801,"href":"https:\/\/www.ladiagonale.net\/index.php\/wp-json\/wp\/v2\/posts\/29799\/revisions\/29801"}],"wp:attachment":[{"href":"https:\/\/www.ladiagonale.net\/index.php\/wp-json\/wp\/v2\/media?parent=29799"}],"wp:term":[{"taxonomy":"category","embeddable":true,"href":"https:\/\/www.ladiagonale.net\/index.php\/wp-json\/wp\/v2\/categories?post=29799"},{"taxonomy":"post_tag","embeddable":true,"href":"https:\/\/www.ladiagonale.net\/index.php\/wp-json\/wp\/v2\/tags?post=29799"}],"curies":[{"name":"wp","href":"https:\/\/api.w.org\/{rel}","templated":true}]}}