{"id":29848,"date":"2025-02-15T21:03:07","date_gmt":"2025-02-15T20:03:07","guid":{"rendered":"https:\/\/www.ladiagonale.net\/?p=29848"},"modified":"2025-02-15T21:03:08","modified_gmt":"2025-02-15T20:03:08","slug":"festival-de-monaco-face-a-nantes-7-1","status":"publish","type":"post","link":"https:\/\/www.ladiagonale.net\/index.php\/2025\/02\/15\/festival-de-monaco-face-a-nantes-7-1\/","title":{"rendered":"Festival de Monaco face \u00e0 Nantes (7-1)"},"content":{"rendered":"\n\n\n<p>La semaine n\u2019avait pas \u00e9t\u00e9 tr\u00e8s bonne jusqu\u2019alors, mais l\u2019AS Monaco a sans doute effac\u00e9 quelques doutes avec sa tr\u00e8s nette victoire contre Nantes (7-1), samedi. Mika Biereth s\u2019est de nouveau offert un tripl\u00e9 apr\u00e8s celui contre Auxerre, tandis que George Ilenikhena a inscrit un doubl\u00e9 pour son retour. Takumi Minamino a quant \u00e0 lui retrouv\u00e9 la r\u00e9ussite qui le fuyait depuis de longues semaines, auteur d\u2019un but et d\u2019un doubl\u00e9 de passes d\u00e9cisives. Eliesse Ben Seghir y est \u00e9galement all\u00e9 de son but.<\/p>\n\n\n\n<p>La rencontre a aussi \u00e9t\u00e9 facilit\u00e9e par l\u2019inf\u00e9riorit\u00e9 num\u00e9rique des Nantais d\u00e8s la 8<sup>e<\/sup> minute, \u00e0 la suite de l\u2019exclusion de Nicolas Cozza pour une semelle sur le tibia de Vanderson. Un \u00e9v\u00e9nement qui est venu contrarier le bon d\u00e9but de match des <em>Canaris<\/em>, qui ont ouvert le score tr\u00e8s t\u00f4t par Abline (0-1, 4<sup>e<\/sup>), lequel aurait d\u00e9j\u00e0 pu marquer une minute plus t\u00f4t s\u2019il n\u2019avait pas trouv\u00e9 le poteau de Majecki (3<sup>e<\/sup>). Les Rouge et Blanc ont profit\u00e9 de cet avantage en nombre mais ont mis du temps \u00e0 concr\u00e9tiser leurs occasions. C\u2019est finalement \u00e0 la fin du premier acte que Biereth (1-1, 44<sup>e<\/sup>) puis Minamino (2-1, 45<sup>e<\/sup>) ont marqu\u00e9 coup sur coup pour donner l\u2019avantage \u00e0 l\u2019ASM.<\/p>\n\n\n\n<p>Les joueurs d\u2019Adi H\u00fctter ont ensuite pu d\u00e9rouler en seconde p\u00e9riode. Tr\u00e8s rapidement, Ben Seghir a fait le break (3-1, 49<sup>e<\/sup>) avant que Biereth n\u2019inscrive son deuxi\u00e8me but personnel d\u2019une geste clinique (4-1, 54<sup>e<\/sup>). Le <em>goleador<\/em> danois ne s\u2019est pas arr\u00eat\u00e9 l\u00e0 et a transform\u00e9 un p\u00e9nalty qu\u2019il a lui-m\u00eame obtenu dix minutes plus tard (5-1, 64<sup>e<\/sup>), confirmant des d\u00e9buts fracassants sous le maillot de l\u2019ASM. Entr\u00e9 \u00e0 l\u2019heure de jeu, George Ilenikhena a lui aussi sign\u00e9 son retour avec un doubl\u00e9 et parachever le succ\u00e8s fleuve des As\u00e9mistes (7-1, 81<sup>e<\/sup>, 90<sup>e<\/sup>+5). Au classement, Monaco r\u00e9pond \u00e0 Marseille, large vainqueur de Saint-\u00c9tienne (5-1) un peu plus t\u00f4t dans la journ\u00e9e. Les Rouge et Blanc reprennent la troisi\u00e8me place provisoire \u00e0 Nice.<\/p>\n","protected":false},"excerpt":{"rendered":"<p>La semaine n\u2019avait pas \u00e9t\u00e9 tr\u00e8s bonne jusqu\u2019alors, mais l\u2019AS Monaco a sans doute effac\u00e9 quelques doutes avec sa tr\u00e8s nette victoire contre Nantes (7-1), samedi. Mika Biereth s\u2019est de nouveau offert un tripl\u00e9 apr\u00e8s celui contre Auxerre, tandis que George Ilenikhena a inscrit un doubl\u00e9 pour son retour. Takumi Minamino a quant \u00e0 lui [&#8230;]\n","protected":false},"author":2,"featured_media":29849,"comment_status":"open","ping_status":"open","sticky":false,"template":"","format":"standard","meta":[],"categories":[5,6],"tags":[86,94,158],"yoast_head":"<!-- This site is optimized with the Yoast SEO plugin v19.8 - https:\/\/yoast.com\/wordpress\/plugins\/seo\/ -->\n<title>Festival de Monaco face \u00e0 Nantes (7-1) - La Diagonale<\/title>\n<meta name=\"robots\" content=\"index, follow, max-snippet:-1, max-image-preview:large, max-video-preview:-1\" \/>\n<link rel=\"canonical\" href=\"https:\/\/www.ladiagonale.net\/index.php\/2025\/02\/15\/festival-de-monaco-face-a-nantes-7-1\/\" \/>\n<meta property=\"og:locale\" content=\"fr_FR\" \/>\n<meta property=\"og:type\" content=\"article\" \/>\n<meta property=\"og:title\" content=\"Festival de Monaco face \u00e0 Nantes (7-1) - La Diagonale\" \/>\n<meta property=\"og:description\" content=\"La semaine n\u2019avait pas \u00e9t\u00e9 tr\u00e8s bonne jusqu\u2019alors, mais l\u2019AS Monaco a sans doute effac\u00e9 quelques doutes avec sa tr\u00e8s nette victoire contre Nantes (7-1), samedi. Mika Biereth s\u2019est de nouveau offert un tripl\u00e9 apr\u00e8s celui contre Auxerre, tandis que George Ilenikhena a inscrit un doubl\u00e9 pour son retour. Takumi Minamino a quant \u00e0 lui [...]\" \/>\n<meta property=\"og:url\" content=\"https:\/\/www.ladiagonale.net\/index.php\/2025\/02\/15\/festival-de-monaco-face-a-nantes-7-1\/\" \/>\n<meta property=\"og:site_name\" content=\"La Diagonale\" \/>\n<meta property=\"article:published_time\" content=\"2025-02-15T20:03:07+00:00\" \/>\n<meta property=\"article:modified_time\" content=\"2025-02-15T20:03:08+00:00\" \/>\n<meta property=\"og:image\" content=\"https:\/\/www.ladiagonale.net\/wp-content\/uploads\/2025\/02\/Ilenikhena-Nantes.png\" \/>\n\t<meta property=\"og:image:width\" content=\"1160\" \/>\n\t<meta property=\"og:image:height\" content=\"650\" \/>\n\t<meta property=\"og:image:type\" content=\"image\/png\" \/>\n<meta name=\"author\" content=\"Damien Dellerba\" \/>\n<meta name=\"twitter:card\" content=\"summary_large_image\" \/>\n<meta name=\"twitter:image\" content=\"https:\/\/www.ladiagonale.net\/wp-content\/uploads\/2025\/02\/Ilenikhena-Nantes.png\" \/>\n<meta name=\"twitter:label1\" content=\"\u00c9crit par\" \/>\n\t<meta name=\"twitter:data1\" content=\"Damien Dellerba\" \/>\n\t<meta name=\"twitter:label2\" content=\"Dur\u00e9e de lecture estim\u00e9e\" \/>\n\t<meta name=\"twitter:data2\" content=\"2 minutes\" \/>\n<script type=\"application\/ld+json\" class=\"yoast-schema-graph\">{\"@context\":\"https:\/\/schema.org\",\"@graph\":[{\"@type\":\"WebPage\",\"@id\":\"https:\/\/www.ladiagonale.net\/index.php\/2025\/02\/15\/festival-de-monaco-face-a-nantes-7-1\/\",\"url\":\"https:\/\/www.ladiagonale.net\/index.php\/2025\/02\/15\/festival-de-monaco-face-a-nantes-7-1\/\",\"name\":\"Festival de Monaco face \u00e0 Nantes (7-1) - La Diagonale\",\"isPartOf\":{\"@id\":\"https:\/\/www.ladiagonale.net\/#website\"},\"datePublished\":\"2025-02-15T20:03:07+00:00\",\"dateModified\":\"2025-02-15T20:03:08+00:00\",\"author\":{\"@id\":\"https:\/\/www.ladiagonale.net\/#\/schema\/person\/79ff1e7b0853ed01b2aa26e64ad300bf\"},\"breadcrumb\":{\"@id\":\"https:\/\/www.ladiagonale.net\/index.php\/2025\/02\/15\/festival-de-monaco-face-a-nantes-7-1\/#breadcrumb\"},\"inLanguage\":\"fr-FR\",\"potentialAction\":[{\"@type\":\"ReadAction\",\"target\":[\"https:\/\/www.ladiagonale.net\/index.php\/2025\/02\/15\/festival-de-monaco-face-a-nantes-7-1\/\"]}]},{\"@type\":\"BreadcrumbList\",\"@id\":\"https:\/\/www.ladiagonale.net\/index.php\/2025\/02\/15\/festival-de-monaco-face-a-nantes-7-1\/#breadcrumb\",\"itemListElement\":[{\"@type\":\"ListItem\",\"position\":1,\"name\":\"Accueil\",\"item\":\"https:\/\/www.ladiagonale.net\/\"},{\"@type\":\"ListItem\",\"position\":2,\"name\":\"Festival de Monaco face \u00e0 Nantes (7-1)\"}]},{\"@type\":\"WebSite\",\"@id\":\"https:\/\/www.ladiagonale.net\/#website\",\"url\":\"https:\/\/www.ladiagonale.net\/\",\"name\":\"La Diagonale\",\"description\":\"Le site des supporters de l&#039;AS Monaco FC\",\"potentialAction\":[{\"@type\":\"SearchAction\",\"target\":{\"@type\":\"EntryPoint\",\"urlTemplate\":\"https:\/\/www.ladiagonale.net\/?s={search_term_string}\"},\"query-input\":\"required name=search_term_string\"}],\"inLanguage\":\"fr-FR\"},{\"@type\":\"Person\",\"@id\":\"https:\/\/www.ladiagonale.net\/#\/schema\/person\/79ff1e7b0853ed01b2aa26e64ad300bf\",\"name\":\"Damien Dellerba\",\"image\":{\"@type\":\"ImageObject\",\"inLanguage\":\"fr-FR\",\"@id\":\"https:\/\/www.ladiagonale.net\/#\/schema\/person\/image\/\",\"url\":\"https:\/\/secure.gravatar.com\/avatar\/c7850e06d3ff63cdbaee88b7fc16e2f0?s=96&d=mm&r=g\",\"contentUrl\":\"https:\/\/secure.gravatar.com\/avatar\/c7850e06d3ff63cdbaee88b7fc16e2f0?s=96&d=mm&r=g\",\"caption\":\"Damien Dellerba\"},\"url\":\"https:\/\/www.ladiagonale.net\/index.php\/author\/damien\/\"}]}<\/script>\n<!-- \/ Yoast SEO plugin. -->","yoast_head_json":{"title":"Festival de Monaco face \u00e0 Nantes (7-1) - La Diagonale","robots":{"index":"index","follow":"follow","max-snippet":"max-snippet:-1","max-image-preview":"max-image-preview:large","max-video-preview":"max-video-preview:-1"},"canonical":"https:\/\/www.ladiagonale.net\/index.php\/2025\/02\/15\/festival-de-monaco-face-a-nantes-7-1\/","og_locale":"fr_FR","og_type":"article","og_title":"Festival de Monaco face \u00e0 Nantes (7-1) - La Diagonale","og_description":"La semaine n\u2019avait pas \u00e9t\u00e9 tr\u00e8s bonne jusqu\u2019alors, mais l\u2019AS Monaco a sans doute effac\u00e9 quelques doutes avec sa tr\u00e8s nette victoire contre Nantes (7-1), samedi. Mika Biereth s\u2019est de nouveau offert un tripl\u00e9 apr\u00e8s celui contre Auxerre, tandis que George Ilenikhena a inscrit un doubl\u00e9 pour son retour. Takumi Minamino a quant \u00e0 lui [...]","og_url":"https:\/\/www.ladiagonale.net\/index.php\/2025\/02\/15\/festival-de-monaco-face-a-nantes-7-1\/","og_site_name":"La Diagonale","article_published_time":"2025-02-15T20:03:07+00:00","article_modified_time":"2025-02-15T20:03:08+00:00","og_image":[{"width":1160,"height":650,"url":"https:\/\/www.ladiagonale.net\/wp-content\/uploads\/2025\/02\/Ilenikhena-Nantes.png","type":"image\/png"}],"author":"Damien Dellerba","twitter_card":"summary_large_image","twitter_image":"https:\/\/www.ladiagonale.net\/wp-content\/uploads\/2025\/02\/Ilenikhena-Nantes.png","twitter_misc":{"\u00c9crit par":"Damien Dellerba","Dur\u00e9e de lecture estim\u00e9e":"2 minutes"},"schema":{"@context":"https:\/\/schema.org","@graph":[{"@type":"WebPage","@id":"https:\/\/www.ladiagonale.net\/index.php\/2025\/02\/15\/festival-de-monaco-face-a-nantes-7-1\/","url":"https:\/\/www.ladiagonale.net\/index.php\/2025\/02\/15\/festival-de-monaco-face-a-nantes-7-1\/","name":"Festival de Monaco face \u00e0 Nantes (7-1) - La Diagonale","isPartOf":{"@id":"https:\/\/www.ladiagonale.net\/#website"},"datePublished":"2025-02-15T20:03:07+00:00","dateModified":"2025-02-15T20:03:08+00:00","author":{"@id":"https:\/\/www.ladiagonale.net\/#\/schema\/person\/79ff1e7b0853ed01b2aa26e64ad300bf"},"breadcrumb":{"@id":"https:\/\/www.ladiagonale.net\/index.php\/2025\/02\/15\/festival-de-monaco-face-a-nantes-7-1\/#breadcrumb"},"inLanguage":"fr-FR","potentialAction":[{"@type":"ReadAction","target":["https:\/\/www.ladiagonale.net\/index.php\/2025\/02\/15\/festival-de-monaco-face-a-nantes-7-1\/"]}]},{"@type":"BreadcrumbList","@id":"https:\/\/www.ladiagonale.net\/index.php\/2025\/02\/15\/festival-de-monaco-face-a-nantes-7-1\/#breadcrumb","itemListElement":[{"@type":"ListItem","position":1,"name":"Accueil","item":"https:\/\/www.ladiagonale.net\/"},{"@type":"ListItem","position":2,"name":"Festival de Monaco face \u00e0 Nantes (7-1)"}]},{"@type":"WebSite","@id":"https:\/\/www.ladiagonale.net\/#website","url":"https:\/\/www.ladiagonale.net\/","name":"La Diagonale","description":"Le site des supporters de l&#039;AS Monaco FC","potentialAction":[{"@type":"SearchAction","target":{"@type":"EntryPoint","urlTemplate":"https:\/\/www.ladiagonale.net\/?s={search_term_string}"},"query-input":"required name=search_term_string"}],"inLanguage":"fr-FR"},{"@type":"Person","@id":"https:\/\/www.ladiagonale.net\/#\/schema\/person\/79ff1e7b0853ed01b2aa26e64ad300bf","name":"Damien Dellerba","image":{"@type":"ImageObject","inLanguage":"fr-FR","@id":"https:\/\/www.ladiagonale.net\/#\/schema\/person\/image\/","url":"https:\/\/secure.gravatar.com\/avatar\/c7850e06d3ff63cdbaee88b7fc16e2f0?s=96&d=mm&r=g","contentUrl":"https:\/\/secure.gravatar.com\/avatar\/c7850e06d3ff63cdbaee88b7fc16e2f0?s=96&d=mm&r=g","caption":"Damien Dellerba"},"url":"https:\/\/www.ladiagonale.net\/index.php\/author\/damien\/"}]}},"_links":{"self":[{"href":"https:\/\/www.ladiagonale.net\/index.php\/wp-json\/wp\/v2\/posts\/29848"}],"collection":[{"href":"https:\/\/www.ladiagonale.net\/index.php\/wp-json\/wp\/v2\/posts"}],"about":[{"href":"https:\/\/www.ladiagonale.net\/index.php\/wp-json\/wp\/v2\/types\/post"}],"author":[{"embeddable":true,"href":"https:\/\/www.ladiagonale.net\/index.php\/wp-json\/wp\/v2\/users\/2"}],"replies":[{"embeddable":true,"href":"https:\/\/www.ladiagonale.net\/index.php\/wp-json\/wp\/v2\/comments?post=29848"}],"version-history":[{"count":1,"href":"https:\/\/www.ladiagonale.net\/index.php\/wp-json\/wp\/v2\/posts\/29848\/revisions"}],"predecessor-version":[{"id":29850,"href":"https:\/\/www.ladiagonale.net\/index.php\/wp-json\/wp\/v2\/posts\/29848\/revisions\/29850"}],"wp:featuredmedia":[{"embeddable":true,"href":"https:\/\/www.ladiagonale.net\/index.php\/wp-json\/wp\/v2\/media\/29849"}],"wp:attachment":[{"href":"https:\/\/www.ladiagonale.net\/index.php\/wp-json\/wp\/v2\/media?parent=29848"}],"wp:term":[{"taxonomy":"category","embeddable":true,"href":"https:\/\/www.ladiagonale.net\/index.php\/wp-json\/wp\/v2\/categories?post=29848"},{"taxonomy":"post_tag","embeddable":true,"href":"https:\/\/www.ladiagonale.net\/index.php\/wp-json\/wp\/v2\/tags?post=29848"}],"curies":[{"name":"wp","href":"https:\/\/api.w.org\/{rel}","templated":true}]}}