{"id":29853,"date":"2025-02-15T22:55:10","date_gmt":"2025-02-15T21:55:10","guid":{"rendered":"https:\/\/www.ladiagonale.net\/?p=29853"},"modified":"2025-02-15T22:55:11","modified_gmt":"2025-02-15T21:55:11","slug":"hutter-lexpulsion-nous-a-beaucoup-aides","status":"publish","type":"post","link":"https:\/\/www.ladiagonale.net\/index.php\/2025\/02\/15\/hutter-lexpulsion-nous-a-beaucoup-aides\/","title":{"rendered":"H\u00fctter : \u00ab&nbsp;L\u2019expulsion nous a beaucoup aid\u00e9s&nbsp;\u00bb"},"content":{"rendered":"\n<p>L\u2019AS Monaco a sign\u00e9 un succ\u00e8s \u00e9clatant contre Nantes ce samedi (7-1). Pourtant, l\u2019entame de match a \u00e9t\u00e9 tr\u00e8s difficile pour les Rouge et Blanc, comme l\u2019a conc\u00e9d\u00e9 Adi H\u00fctter : \u00ab\u00a0<em>C\u2019\u00e9tait un d\u00e9but de match horrible. Sur leur premi\u00e8re occasion, ils ont touch\u00e9 le poteau, et deux minutes plus tard, nous avons conc\u00e9d\u00e9 l\u2019ouverture du score. J\u2019\u00e9tais tr\u00e8s m\u00e9content mais l\u2019expulsion nous a beaucoup aid\u00e9s et a eu un \u00e9norme impact sur cette rencontre.\u00a0Personne ne sait mieux que nous \u00e0 quel point il est difficile de jouer en inf\u00e9riorit\u00e9 num\u00e9rique.<\/em> \u00bb<\/p>\n\n\n\n<p>Malgr\u00e9 une sup\u00e9riorit\u00e9 num\u00e9rique qui leur a facilit\u00e9 la t\u00e2che, l\u2019entra\u00eeneur autrichien s\u2019est f\u00e9licit\u00e9 de la r\u00e9action de ses joueurs en fin de premi\u00e8re p\u00e9riode et de la volont\u00e9 constante d\u2019aller marquer en seconde p\u00e9riode : \u00ab <em>Nous avons bien r\u00e9agi donc f\u00e9licitations \u00e0 l\u2019\u00e9quipe pour sa seconde p\u00e9riode. Nous n\u2019avons jamais l\u00e2ch\u00e9 et continu\u00e9 de jouer vers l\u2019avant. De \u00e7a, j\u2019\u00e9tais tr\u00e8s heureux. Apr\u00e8s 30 minutes, nous avons commenc\u00e9 \u00e0 trouver des solutions devant.<\/em>\u00a0\u00bb<\/p>\n\n\n\n<blockquote class=\"wp-block-quote\"><p>\u00ab\u00a0Eliesse (Ben Seghir) est de retour\u00a0\u00bb<\/p><cite>Adi H\u00fctter<\/cite><\/blockquote>\n\n\n\n<p>L\u2019ASM se met dans de bonnes dispositions pour son barrage retour contre Benfica, m\u00eame si la d\u00e9faite conc\u00e9d\u00e9e lors de la manche aller (0-1) place les Mon\u00e9gasques dans une position d\u00e9licate : \u00ab\u00a0<em>Ce r\u00e9sultat va nous donner de la confiance. Nous pouvons jouer un tr\u00e8s bon football, mais \u00e0 Lisbonne, nous serons dos au mur. On va tout faire pour changer le r\u00e9sultat et nous qualifier.\u00a0(\u2026) C\u2019\u00e9tait important de montrer une r\u00e9action et de gagner \u00e0 nouveau \u00e0 la maison. C\u2019est la troisi\u00e8me victoire cons\u00e9cutive en championnat \u00e0 domicile sur lesquels nous avons inscrit 14 buts. C\u2019est beaucoup. <\/em>\u00bb<\/p>\n\n\n\n<p>Buteur, Ben Seghir a donn\u00e9 satisfaction \u00e0 son entra\u00eeneur, qui le voit capable de retrouver son niveau du d\u00e9but de saison apr\u00e8s un passage \u00e0 vide : \u00ab\u00a0<em>Eliesse a d\u00e9marr\u00e9 cette saison tr\u00e8s fort. Peut-\u00eatre que certains ont cru qu\u2019il pourrait maintenir ce niveau toute la saison. C\u2019est un jeune joueur avec des performances qui peuvent \u00eatre en dents de scie. Il a eu du mal, mais pour moi c\u2019est normal. Cela peut para\u00eetre difficile \u00e0 comprendre pourquoi il ne joue pas tout le temps mais en tant qu\u2019entra\u00eeneur, je dois le prot\u00e9ger. Il a marqu\u00e9 et c\u2019\u00e9tait important pour lui et pour nous. Je pense qu\u2019il est de retour.\u00a0<\/em>\u00bb<\/p>\n\n\n","protected":false},"excerpt":{"rendered":"<p>L\u2019AS Monaco a sign\u00e9 un succ\u00e8s \u00e9clatant contre Nantes ce samedi (7-1). Pourtant, l\u2019entame de match a \u00e9t\u00e9 tr\u00e8s difficile pour les Rouge et Blanc, comme l\u2019a conc\u00e9d\u00e9 Adi H\u00fctter : \u00ab\u00a0C\u2019\u00e9tait un d\u00e9but de match horrible. Sur leur premi\u00e8re occasion, ils ont touch\u00e9 le poteau, et deux minutes plus tard, nous avons conc\u00e9d\u00e9 l\u2019ouverture [&#8230;]\n","protected":false},"author":2,"featured_media":0,"comment_status":"open","ping_status":"open","sticky":false,"template":"","format":"standard","meta":[],"categories":[6],"tags":[576,86,94,158],"yoast_head":"<!-- This site is optimized with the Yoast SEO plugin v19.8 - https:\/\/yoast.com\/wordpress\/plugins\/seo\/ -->\n<title>H\u00fctter : \u00ab&nbsp;L\u2019expulsion nous a beaucoup aid\u00e9s&nbsp;\u00bb - La Diagonale<\/title>\n<meta name=\"robots\" content=\"index, follow, max-snippet:-1, max-image-preview:large, max-video-preview:-1\" \/>\n<link rel=\"canonical\" href=\"https:\/\/www.ladiagonale.net\/index.php\/2025\/02\/15\/hutter-lexpulsion-nous-a-beaucoup-aides\/\" \/>\n<meta property=\"og:locale\" content=\"fr_FR\" \/>\n<meta property=\"og:type\" content=\"article\" \/>\n<meta property=\"og:title\" content=\"H\u00fctter : \u00ab&nbsp;L\u2019expulsion nous a beaucoup aid\u00e9s&nbsp;\u00bb - La Diagonale\" \/>\n<meta property=\"og:description\" content=\"L\u2019AS Monaco a sign\u00e9 un succ\u00e8s \u00e9clatant contre Nantes ce samedi (7-1). Pourtant, l\u2019entame de match a \u00e9t\u00e9 tr\u00e8s difficile pour les Rouge et Blanc, comme l\u2019a conc\u00e9d\u00e9 Adi H\u00fctter : \u00ab\u00a0C\u2019\u00e9tait un d\u00e9but de match horrible. Sur leur premi\u00e8re occasion, ils ont touch\u00e9 le poteau, et deux minutes plus tard, nous avons conc\u00e9d\u00e9 l\u2019ouverture [...]\" \/>\n<meta property=\"og:url\" content=\"https:\/\/www.ladiagonale.net\/index.php\/2025\/02\/15\/hutter-lexpulsion-nous-a-beaucoup-aides\/\" \/>\n<meta property=\"og:site_name\" content=\"La Diagonale\" \/>\n<meta property=\"article:published_time\" content=\"2025-02-15T21:55:10+00:00\" \/>\n<meta property=\"article:modified_time\" content=\"2025-02-15T21:55:11+00:00\" \/>\n<meta property=\"og:image\" content=\"https:\/\/www.ladiagonale.net\/wp-content\/uploads\/2024\/12\/Hutterldc.png\" \/>\n\t<meta property=\"og:image:width\" content=\"1160\" \/>\n\t<meta property=\"og:image:height\" content=\"650\" \/>\n\t<meta property=\"og:image:type\" content=\"image\/png\" \/>\n<meta name=\"author\" content=\"Damien Dellerba\" \/>\n<meta name=\"twitter:card\" content=\"summary_large_image\" \/>\n<meta name=\"twitter:image\" content=\"https:\/\/www.ladiagonale.net\/wp-content\/uploads\/2024\/12\/Hutterldc.png\" \/>\n<meta name=\"twitter:label1\" content=\"\u00c9crit par\" \/>\n\t<meta name=\"twitter:data1\" content=\"Damien Dellerba\" \/>\n\t<meta name=\"twitter:label2\" content=\"Dur\u00e9e de lecture estim\u00e9e\" \/>\n\t<meta name=\"twitter:data2\" content=\"2 minutes\" \/>\n<script type=\"application\/ld+json\" class=\"yoast-schema-graph\">{\"@context\":\"https:\/\/schema.org\",\"@graph\":[{\"@type\":\"WebPage\",\"@id\":\"https:\/\/www.ladiagonale.net\/index.php\/2025\/02\/15\/hutter-lexpulsion-nous-a-beaucoup-aides\/\",\"url\":\"https:\/\/www.ladiagonale.net\/index.php\/2025\/02\/15\/hutter-lexpulsion-nous-a-beaucoup-aides\/\",\"name\":\"H\u00fctter : \u00ab&nbsp;L\u2019expulsion nous a beaucoup aid\u00e9s&nbsp;\u00bb - La Diagonale\",\"isPartOf\":{\"@id\":\"https:\/\/www.ladiagonale.net\/#website\"},\"datePublished\":\"2025-02-15T21:55:10+00:00\",\"dateModified\":\"2025-02-15T21:55:11+00:00\",\"author\":{\"@id\":\"https:\/\/www.ladiagonale.net\/#\/schema\/person\/79ff1e7b0853ed01b2aa26e64ad300bf\"},\"breadcrumb\":{\"@id\":\"https:\/\/www.ladiagonale.net\/index.php\/2025\/02\/15\/hutter-lexpulsion-nous-a-beaucoup-aides\/#breadcrumb\"},\"inLanguage\":\"fr-FR\",\"potentialAction\":[{\"@type\":\"ReadAction\",\"target\":[\"https:\/\/www.ladiagonale.net\/index.php\/2025\/02\/15\/hutter-lexpulsion-nous-a-beaucoup-aides\/\"]}]},{\"@type\":\"BreadcrumbList\",\"@id\":\"https:\/\/www.ladiagonale.net\/index.php\/2025\/02\/15\/hutter-lexpulsion-nous-a-beaucoup-aides\/#breadcrumb\",\"itemListElement\":[{\"@type\":\"ListItem\",\"position\":1,\"name\":\"Accueil\",\"item\":\"https:\/\/www.ladiagonale.net\/\"},{\"@type\":\"ListItem\",\"position\":2,\"name\":\"H\u00fctter : \u00ab&nbsp;L\u2019expulsion nous a beaucoup aid\u00e9s&nbsp;\u00bb\"}]},{\"@type\":\"WebSite\",\"@id\":\"https:\/\/www.ladiagonale.net\/#website\",\"url\":\"https:\/\/www.ladiagonale.net\/\",\"name\":\"La Diagonale\",\"description\":\"Le site des supporters de l&#039;AS Monaco FC\",\"potentialAction\":[{\"@type\":\"SearchAction\",\"target\":{\"@type\":\"EntryPoint\",\"urlTemplate\":\"https:\/\/www.ladiagonale.net\/?s={search_term_string}\"},\"query-input\":\"required name=search_term_string\"}],\"inLanguage\":\"fr-FR\"},{\"@type\":\"Person\",\"@id\":\"https:\/\/www.ladiagonale.net\/#\/schema\/person\/79ff1e7b0853ed01b2aa26e64ad300bf\",\"name\":\"Damien Dellerba\",\"image\":{\"@type\":\"ImageObject\",\"inLanguage\":\"fr-FR\",\"@id\":\"https:\/\/www.ladiagonale.net\/#\/schema\/person\/image\/\",\"url\":\"https:\/\/secure.gravatar.com\/avatar\/c7850e06d3ff63cdbaee88b7fc16e2f0?s=96&d=mm&r=g\",\"contentUrl\":\"https:\/\/secure.gravatar.com\/avatar\/c7850e06d3ff63cdbaee88b7fc16e2f0?s=96&d=mm&r=g\",\"caption\":\"Damien Dellerba\"},\"url\":\"https:\/\/www.ladiagonale.net\/index.php\/author\/damien\/\"}]}<\/script>\n<!-- \/ Yoast SEO plugin. -->","yoast_head_json":{"title":"H\u00fctter : \u00ab&nbsp;L\u2019expulsion nous a beaucoup aid\u00e9s&nbsp;\u00bb - La Diagonale","robots":{"index":"index","follow":"follow","max-snippet":"max-snippet:-1","max-image-preview":"max-image-preview:large","max-video-preview":"max-video-preview:-1"},"canonical":"https:\/\/www.ladiagonale.net\/index.php\/2025\/02\/15\/hutter-lexpulsion-nous-a-beaucoup-aides\/","og_locale":"fr_FR","og_type":"article","og_title":"H\u00fctter : \u00ab&nbsp;L\u2019expulsion nous a beaucoup aid\u00e9s&nbsp;\u00bb - La Diagonale","og_description":"L\u2019AS Monaco a sign\u00e9 un succ\u00e8s \u00e9clatant contre Nantes ce samedi (7-1). Pourtant, l\u2019entame de match a \u00e9t\u00e9 tr\u00e8s difficile pour les Rouge et Blanc, comme l\u2019a conc\u00e9d\u00e9 Adi H\u00fctter : \u00ab\u00a0C\u2019\u00e9tait un d\u00e9but de match horrible. Sur leur premi\u00e8re occasion, ils ont touch\u00e9 le poteau, et deux minutes plus tard, nous avons conc\u00e9d\u00e9 l\u2019ouverture [...]","og_url":"https:\/\/www.ladiagonale.net\/index.php\/2025\/02\/15\/hutter-lexpulsion-nous-a-beaucoup-aides\/","og_site_name":"La Diagonale","article_published_time":"2025-02-15T21:55:10+00:00","article_modified_time":"2025-02-15T21:55:11+00:00","og_image":[{"width":1160,"height":650,"url":"https:\/\/www.ladiagonale.net\/wp-content\/uploads\/2024\/12\/Hutterldc.png","type":"image\/png"}],"author":"Damien Dellerba","twitter_card":"summary_large_image","twitter_image":"https:\/\/www.ladiagonale.net\/wp-content\/uploads\/2024\/12\/Hutterldc.png","twitter_misc":{"\u00c9crit par":"Damien Dellerba","Dur\u00e9e de lecture estim\u00e9e":"2 minutes"},"schema":{"@context":"https:\/\/schema.org","@graph":[{"@type":"WebPage","@id":"https:\/\/www.ladiagonale.net\/index.php\/2025\/02\/15\/hutter-lexpulsion-nous-a-beaucoup-aides\/","url":"https:\/\/www.ladiagonale.net\/index.php\/2025\/02\/15\/hutter-lexpulsion-nous-a-beaucoup-aides\/","name":"H\u00fctter : \u00ab&nbsp;L\u2019expulsion nous a beaucoup aid\u00e9s&nbsp;\u00bb - La Diagonale","isPartOf":{"@id":"https:\/\/www.ladiagonale.net\/#website"},"datePublished":"2025-02-15T21:55:10+00:00","dateModified":"2025-02-15T21:55:11+00:00","author":{"@id":"https:\/\/www.ladiagonale.net\/#\/schema\/person\/79ff1e7b0853ed01b2aa26e64ad300bf"},"breadcrumb":{"@id":"https:\/\/www.ladiagonale.net\/index.php\/2025\/02\/15\/hutter-lexpulsion-nous-a-beaucoup-aides\/#breadcrumb"},"inLanguage":"fr-FR","potentialAction":[{"@type":"ReadAction","target":["https:\/\/www.ladiagonale.net\/index.php\/2025\/02\/15\/hutter-lexpulsion-nous-a-beaucoup-aides\/"]}]},{"@type":"BreadcrumbList","@id":"https:\/\/www.ladiagonale.net\/index.php\/2025\/02\/15\/hutter-lexpulsion-nous-a-beaucoup-aides\/#breadcrumb","itemListElement":[{"@type":"ListItem","position":1,"name":"Accueil","item":"https:\/\/www.ladiagonale.net\/"},{"@type":"ListItem","position":2,"name":"H\u00fctter : \u00ab&nbsp;L\u2019expulsion nous a beaucoup aid\u00e9s&nbsp;\u00bb"}]},{"@type":"WebSite","@id":"https:\/\/www.ladiagonale.net\/#website","url":"https:\/\/www.ladiagonale.net\/","name":"La Diagonale","description":"Le site des supporters de l&#039;AS Monaco FC","potentialAction":[{"@type":"SearchAction","target":{"@type":"EntryPoint","urlTemplate":"https:\/\/www.ladiagonale.net\/?s={search_term_string}"},"query-input":"required name=search_term_string"}],"inLanguage":"fr-FR"},{"@type":"Person","@id":"https:\/\/www.ladiagonale.net\/#\/schema\/person\/79ff1e7b0853ed01b2aa26e64ad300bf","name":"Damien Dellerba","image":{"@type":"ImageObject","inLanguage":"fr-FR","@id":"https:\/\/www.ladiagonale.net\/#\/schema\/person\/image\/","url":"https:\/\/secure.gravatar.com\/avatar\/c7850e06d3ff63cdbaee88b7fc16e2f0?s=96&d=mm&r=g","contentUrl":"https:\/\/secure.gravatar.com\/avatar\/c7850e06d3ff63cdbaee88b7fc16e2f0?s=96&d=mm&r=g","caption":"Damien Dellerba"},"url":"https:\/\/www.ladiagonale.net\/index.php\/author\/damien\/"}]}},"_links":{"self":[{"href":"https:\/\/www.ladiagonale.net\/index.php\/wp-json\/wp\/v2\/posts\/29853"}],"collection":[{"href":"https:\/\/www.ladiagonale.net\/index.php\/wp-json\/wp\/v2\/posts"}],"about":[{"href":"https:\/\/www.ladiagonale.net\/index.php\/wp-json\/wp\/v2\/types\/post"}],"author":[{"embeddable":true,"href":"https:\/\/www.ladiagonale.net\/index.php\/wp-json\/wp\/v2\/users\/2"}],"replies":[{"embeddable":true,"href":"https:\/\/www.ladiagonale.net\/index.php\/wp-json\/wp\/v2\/comments?post=29853"}],"version-history":[{"count":1,"href":"https:\/\/www.ladiagonale.net\/index.php\/wp-json\/wp\/v2\/posts\/29853\/revisions"}],"predecessor-version":[{"id":29854,"href":"https:\/\/www.ladiagonale.net\/index.php\/wp-json\/wp\/v2\/posts\/29853\/revisions\/29854"}],"wp:attachment":[{"href":"https:\/\/www.ladiagonale.net\/index.php\/wp-json\/wp\/v2\/media?parent=29853"}],"wp:term":[{"taxonomy":"category","embeddable":true,"href":"https:\/\/www.ladiagonale.net\/index.php\/wp-json\/wp\/v2\/categories?post=29853"},{"taxonomy":"post_tag","embeddable":true,"href":"https:\/\/www.ladiagonale.net\/index.php\/wp-json\/wp\/v2\/tags?post=29853"}],"curies":[{"name":"wp","href":"https:\/\/api.w.org\/{rel}","templated":true}]}}