{"id":29906,"date":"2025-02-17T20:37:02","date_gmt":"2025-02-17T19:37:02","guid":{"rendered":"https:\/\/www.ladiagonale.net\/?p=29906"},"modified":"2025-02-17T20:37:04","modified_gmt":"2025-02-17T19:37:04","slug":"di-maria-et-florentino-luis-absents-aursnes-incertain-a-benfica","status":"publish","type":"post","link":"https:\/\/www.ladiagonale.net\/index.php\/2025\/02\/17\/di-maria-et-florentino-luis-absents-aursnes-incertain-a-benfica\/","title":{"rendered":"Di Maria et Florentino Luis absents, Aursnes incertain \u00e0 Benfica"},"content":{"rendered":"\n\n\n<p>L\u2019AS Monaco n\u2019est pas en bonne posture pour se qualifier en 8<sup>es<\/sup> de finale de la Ligue des champions apr\u00e8s sa d\u00e9faite contre Benfica en barrage aller mercredi dernier (0-1) et les nombreuses absences, surtout au milieu, peuvent donner lieu \u00e0 un certain pessimisme. Mais la formation portugaise ne sera pas non plus au complet, et comptera de nombreuses absences, ce qui r\u00e9tablira un certain \u00e9quilibre \u00e0 cette confrontation.<\/p>\n\n\n\n<p>Rempla\u00e7ant face \u00e0 l\u2019ASM lors du match aller, Angel Di Maria n\u2019est pas rest\u00e9 longtemps (19 minutes) sur la pelouse du stade Louis-II. Touch\u00e9 \u00e0 une cuisse et m\u00e9nag\u00e9 avant la premi\u00e8re manche, l\u2019Argentin a rechut\u00e9 pendant le match. Selon <em>L\u2019\u00c9quipe<\/em>, le milieu offensif de 37 ans devrait manquer quatre semaines de comp\u00e9tition et donc manquer le match retour face aux Rouge et Blanc.<\/p>\n\n\n\n<p>Si Adi H\u00fctter va devoir trouver une solution pour son milieu de terrain, son homologue Bruno Lage sera possiblement dans la m\u00eame situation. Dans l\u2019entrejeu portugais, l\u2019ancien Mon\u00e9gasque Florentino Luis manquera lui aussi \u00e0 l\u2019appel. Suspendu pour cette rencontre, il est en plus touch\u00e9 \u00e0 une cuisse. Autre \u00e9l\u00e9ment cl\u00e9 du milieu \u00e0 trois de Benfica, Fredrik Aursnes est lui aussi incertain en raison d\u2019un souci \u00e0 une cuisse.<\/p>\n","protected":false},"excerpt":{"rendered":"<p>L\u2019AS Monaco n\u2019est pas en bonne posture pour se qualifier en 8es de finale de la Ligue des champions apr\u00e8s sa d\u00e9faite contre Benfica en barrage aller mercredi dernier (0-1) et les nombreuses absences, surtout au milieu, peuvent donner lieu \u00e0 un certain pessimisme. Mais la formation portugaise ne sera pas non plus au complet, [&#8230;]\n","protected":false},"author":2,"featured_media":0,"comment_status":"open","ping_status":"open","sticky":false,"template":"","format":"standard","meta":[],"categories":[6],"tags":[996,86,986,287],"yoast_head":"<!-- This site is optimized with the Yoast SEO plugin v19.8 - https:\/\/yoast.com\/wordpress\/plugins\/seo\/ -->\n<title>Di Maria et Florentino Luis absents, Aursnes incertain \u00e0 Benfica - La Diagonale<\/title>\n<meta name=\"robots\" content=\"index, follow, max-snippet:-1, max-image-preview:large, max-video-preview:-1\" \/>\n<link rel=\"canonical\" href=\"https:\/\/www.ladiagonale.net\/index.php\/2025\/02\/17\/di-maria-et-florentino-luis-absents-aursnes-incertain-a-benfica\/\" \/>\n<meta property=\"og:locale\" content=\"fr_FR\" \/>\n<meta property=\"og:type\" content=\"article\" \/>\n<meta property=\"og:title\" content=\"Di Maria et Florentino Luis absents, Aursnes incertain \u00e0 Benfica - La Diagonale\" \/>\n<meta property=\"og:description\" content=\"L\u2019AS Monaco n\u2019est pas en bonne posture pour se qualifier en 8es de finale de la Ligue des champions apr\u00e8s sa d\u00e9faite contre Benfica en barrage aller mercredi dernier (0-1) et les nombreuses absences, surtout au milieu, peuvent donner lieu \u00e0 un certain pessimisme. Mais la formation portugaise ne sera pas non plus au complet, [...]\" \/>\n<meta property=\"og:url\" content=\"https:\/\/www.ladiagonale.net\/index.php\/2025\/02\/17\/di-maria-et-florentino-luis-absents-aursnes-incertain-a-benfica\/\" \/>\n<meta property=\"og:site_name\" content=\"La Diagonale\" \/>\n<meta property=\"article:published_time\" content=\"2025-02-17T19:37:02+00:00\" \/>\n<meta property=\"article:modified_time\" content=\"2025-02-17T19:37:04+00:00\" \/>\n<meta property=\"og:image\" content=\"https:\/\/www.ladiagonale.net\/wp-content\/uploads\/2025\/02\/IMG_9155.jpeg\" \/>\n\t<meta property=\"og:image:width\" content=\"900\" \/>\n\t<meta property=\"og:image:height\" content=\"600\" \/>\n\t<meta property=\"og:image:type\" content=\"image\/jpeg\" \/>\n<meta name=\"author\" content=\"Damien Dellerba\" \/>\n<meta name=\"twitter:card\" content=\"summary_large_image\" \/>\n<meta name=\"twitter:image\" content=\"https:\/\/www.ladiagonale.net\/wp-content\/uploads\/2025\/02\/IMG_9155.jpeg\" \/>\n<meta name=\"twitter:label1\" content=\"\u00c9crit par\" \/>\n\t<meta name=\"twitter:data1\" content=\"Damien Dellerba\" \/>\n\t<meta name=\"twitter:label2\" content=\"Dur\u00e9e de lecture estim\u00e9e\" \/>\n\t<meta name=\"twitter:data2\" content=\"2 minutes\" \/>\n<script type=\"application\/ld+json\" class=\"yoast-schema-graph\">{\"@context\":\"https:\/\/schema.org\",\"@graph\":[{\"@type\":\"WebPage\",\"@id\":\"https:\/\/www.ladiagonale.net\/index.php\/2025\/02\/17\/di-maria-et-florentino-luis-absents-aursnes-incertain-a-benfica\/\",\"url\":\"https:\/\/www.ladiagonale.net\/index.php\/2025\/02\/17\/di-maria-et-florentino-luis-absents-aursnes-incertain-a-benfica\/\",\"name\":\"Di Maria et Florentino Luis absents, Aursnes incertain \u00e0 Benfica - La Diagonale\",\"isPartOf\":{\"@id\":\"https:\/\/www.ladiagonale.net\/#website\"},\"datePublished\":\"2025-02-17T19:37:02+00:00\",\"dateModified\":\"2025-02-17T19:37:04+00:00\",\"author\":{\"@id\":\"https:\/\/www.ladiagonale.net\/#\/schema\/person\/79ff1e7b0853ed01b2aa26e64ad300bf\"},\"breadcrumb\":{\"@id\":\"https:\/\/www.ladiagonale.net\/index.php\/2025\/02\/17\/di-maria-et-florentino-luis-absents-aursnes-incertain-a-benfica\/#breadcrumb\"},\"inLanguage\":\"fr-FR\",\"potentialAction\":[{\"@type\":\"ReadAction\",\"target\":[\"https:\/\/www.ladiagonale.net\/index.php\/2025\/02\/17\/di-maria-et-florentino-luis-absents-aursnes-incertain-a-benfica\/\"]}]},{\"@type\":\"BreadcrumbList\",\"@id\":\"https:\/\/www.ladiagonale.net\/index.php\/2025\/02\/17\/di-maria-et-florentino-luis-absents-aursnes-incertain-a-benfica\/#breadcrumb\",\"itemListElement\":[{\"@type\":\"ListItem\",\"position\":1,\"name\":\"Accueil\",\"item\":\"https:\/\/www.ladiagonale.net\/\"},{\"@type\":\"ListItem\",\"position\":2,\"name\":\"Di Maria et Florentino Luis absents, Aursnes incertain \u00e0 Benfica\"}]},{\"@type\":\"WebSite\",\"@id\":\"https:\/\/www.ladiagonale.net\/#website\",\"url\":\"https:\/\/www.ladiagonale.net\/\",\"name\":\"La Diagonale\",\"description\":\"Le site des supporters de l&#039;AS Monaco FC\",\"potentialAction\":[{\"@type\":\"SearchAction\",\"target\":{\"@type\":\"EntryPoint\",\"urlTemplate\":\"https:\/\/www.ladiagonale.net\/?s={search_term_string}\"},\"query-input\":\"required name=search_term_string\"}],\"inLanguage\":\"fr-FR\"},{\"@type\":\"Person\",\"@id\":\"https:\/\/www.ladiagonale.net\/#\/schema\/person\/79ff1e7b0853ed01b2aa26e64ad300bf\",\"name\":\"Damien Dellerba\",\"image\":{\"@type\":\"ImageObject\",\"inLanguage\":\"fr-FR\",\"@id\":\"https:\/\/www.ladiagonale.net\/#\/schema\/person\/image\/\",\"url\":\"https:\/\/secure.gravatar.com\/avatar\/c7850e06d3ff63cdbaee88b7fc16e2f0?s=96&d=mm&r=g\",\"contentUrl\":\"https:\/\/secure.gravatar.com\/avatar\/c7850e06d3ff63cdbaee88b7fc16e2f0?s=96&d=mm&r=g\",\"caption\":\"Damien Dellerba\"},\"url\":\"https:\/\/www.ladiagonale.net\/index.php\/author\/damien\/\"}]}<\/script>\n<!-- \/ Yoast SEO plugin. -->","yoast_head_json":{"title":"Di Maria et Florentino Luis absents, Aursnes incertain \u00e0 Benfica - La Diagonale","robots":{"index":"index","follow":"follow","max-snippet":"max-snippet:-1","max-image-preview":"max-image-preview:large","max-video-preview":"max-video-preview:-1"},"canonical":"https:\/\/www.ladiagonale.net\/index.php\/2025\/02\/17\/di-maria-et-florentino-luis-absents-aursnes-incertain-a-benfica\/","og_locale":"fr_FR","og_type":"article","og_title":"Di Maria et Florentino Luis absents, Aursnes incertain \u00e0 Benfica - La Diagonale","og_description":"L\u2019AS Monaco n\u2019est pas en bonne posture pour se qualifier en 8es de finale de la Ligue des champions apr\u00e8s sa d\u00e9faite contre Benfica en barrage aller mercredi dernier (0-1) et les nombreuses absences, surtout au milieu, peuvent donner lieu \u00e0 un certain pessimisme. Mais la formation portugaise ne sera pas non plus au complet, [...]","og_url":"https:\/\/www.ladiagonale.net\/index.php\/2025\/02\/17\/di-maria-et-florentino-luis-absents-aursnes-incertain-a-benfica\/","og_site_name":"La Diagonale","article_published_time":"2025-02-17T19:37:02+00:00","article_modified_time":"2025-02-17T19:37:04+00:00","og_image":[{"width":900,"height":600,"url":"https:\/\/www.ladiagonale.net\/wp-content\/uploads\/2025\/02\/IMG_9155.jpeg","type":"image\/jpeg"}],"author":"Damien Dellerba","twitter_card":"summary_large_image","twitter_image":"https:\/\/www.ladiagonale.net\/wp-content\/uploads\/2025\/02\/IMG_9155.jpeg","twitter_misc":{"\u00c9crit par":"Damien Dellerba","Dur\u00e9e de lecture estim\u00e9e":"2 minutes"},"schema":{"@context":"https:\/\/schema.org","@graph":[{"@type":"WebPage","@id":"https:\/\/www.ladiagonale.net\/index.php\/2025\/02\/17\/di-maria-et-florentino-luis-absents-aursnes-incertain-a-benfica\/","url":"https:\/\/www.ladiagonale.net\/index.php\/2025\/02\/17\/di-maria-et-florentino-luis-absents-aursnes-incertain-a-benfica\/","name":"Di Maria et Florentino Luis absents, Aursnes incertain \u00e0 Benfica - La Diagonale","isPartOf":{"@id":"https:\/\/www.ladiagonale.net\/#website"},"datePublished":"2025-02-17T19:37:02+00:00","dateModified":"2025-02-17T19:37:04+00:00","author":{"@id":"https:\/\/www.ladiagonale.net\/#\/schema\/person\/79ff1e7b0853ed01b2aa26e64ad300bf"},"breadcrumb":{"@id":"https:\/\/www.ladiagonale.net\/index.php\/2025\/02\/17\/di-maria-et-florentino-luis-absents-aursnes-incertain-a-benfica\/#breadcrumb"},"inLanguage":"fr-FR","potentialAction":[{"@type":"ReadAction","target":["https:\/\/www.ladiagonale.net\/index.php\/2025\/02\/17\/di-maria-et-florentino-luis-absents-aursnes-incertain-a-benfica\/"]}]},{"@type":"BreadcrumbList","@id":"https:\/\/www.ladiagonale.net\/index.php\/2025\/02\/17\/di-maria-et-florentino-luis-absents-aursnes-incertain-a-benfica\/#breadcrumb","itemListElement":[{"@type":"ListItem","position":1,"name":"Accueil","item":"https:\/\/www.ladiagonale.net\/"},{"@type":"ListItem","position":2,"name":"Di Maria et Florentino Luis absents, Aursnes incertain \u00e0 Benfica"}]},{"@type":"WebSite","@id":"https:\/\/www.ladiagonale.net\/#website","url":"https:\/\/www.ladiagonale.net\/","name":"La Diagonale","description":"Le site des supporters de l&#039;AS Monaco FC","potentialAction":[{"@type":"SearchAction","target":{"@type":"EntryPoint","urlTemplate":"https:\/\/www.ladiagonale.net\/?s={search_term_string}"},"query-input":"required name=search_term_string"}],"inLanguage":"fr-FR"},{"@type":"Person","@id":"https:\/\/www.ladiagonale.net\/#\/schema\/person\/79ff1e7b0853ed01b2aa26e64ad300bf","name":"Damien Dellerba","image":{"@type":"ImageObject","inLanguage":"fr-FR","@id":"https:\/\/www.ladiagonale.net\/#\/schema\/person\/image\/","url":"https:\/\/secure.gravatar.com\/avatar\/c7850e06d3ff63cdbaee88b7fc16e2f0?s=96&d=mm&r=g","contentUrl":"https:\/\/secure.gravatar.com\/avatar\/c7850e06d3ff63cdbaee88b7fc16e2f0?s=96&d=mm&r=g","caption":"Damien Dellerba"},"url":"https:\/\/www.ladiagonale.net\/index.php\/author\/damien\/"}]}},"_links":{"self":[{"href":"https:\/\/www.ladiagonale.net\/index.php\/wp-json\/wp\/v2\/posts\/29906"}],"collection":[{"href":"https:\/\/www.ladiagonale.net\/index.php\/wp-json\/wp\/v2\/posts"}],"about":[{"href":"https:\/\/www.ladiagonale.net\/index.php\/wp-json\/wp\/v2\/types\/post"}],"author":[{"embeddable":true,"href":"https:\/\/www.ladiagonale.net\/index.php\/wp-json\/wp\/v2\/users\/2"}],"replies":[{"embeddable":true,"href":"https:\/\/www.ladiagonale.net\/index.php\/wp-json\/wp\/v2\/comments?post=29906"}],"version-history":[{"count":1,"href":"https:\/\/www.ladiagonale.net\/index.php\/wp-json\/wp\/v2\/posts\/29906\/revisions"}],"predecessor-version":[{"id":29907,"href":"https:\/\/www.ladiagonale.net\/index.php\/wp-json\/wp\/v2\/posts\/29906\/revisions\/29907"}],"wp:attachment":[{"href":"https:\/\/www.ladiagonale.net\/index.php\/wp-json\/wp\/v2\/media?parent=29906"}],"wp:term":[{"taxonomy":"category","embeddable":true,"href":"https:\/\/www.ladiagonale.net\/index.php\/wp-json\/wp\/v2\/categories?post=29906"},{"taxonomy":"post_tag","embeddable":true,"href":"https:\/\/www.ladiagonale.net\/index.php\/wp-json\/wp\/v2\/tags?post=29906"}],"curies":[{"name":"wp","href":"https:\/\/api.w.org\/{rel}","templated":true}]}}