{"id":29912,"date":"2025-02-18T11:48:33","date_gmt":"2025-02-18T10:48:33","guid":{"rendered":"https:\/\/www.ladiagonale.net\/?p=29912"},"modified":"2025-02-18T12:20:55","modified_gmt":"2025-02-18T11:20:55","slug":"le-tout-pour-le-tout","status":"publish","type":"post","link":"https:\/\/www.ladiagonale.net\/index.php\/2025\/02\/18\/le-tout-pour-le-tout\/","title":{"rendered":"Le tout pour le tout"},"content":{"rendered":"\n\n\n<p><strong>Apr\u00e8s avoir inflig\u00e9 \u00e0 Nantes la pire d\u00e9faite de son histoire, samedi, l\u2019AS Monaco doit maintenant s\u2019attaquer \u00e0 une montagne. Ils vont devoir renverser Benfica au stade de la Luz, en barrage retour de la Ligue des champions. Mais il faudra innover et ne pas calculer.<\/strong><\/p>\n\n\n\n<p>Monaco est dos au mur. Adi H\u00fctter le sait, puisque c\u2019est lui-m\u00eame qui a utilis\u00e9 cette expression apr\u00e8s la victoire contre Nantes, samedi, en se projetant sur cette rencontre face \u00e0 Benfica. Battus \u00e0 domicile 1-0 au cours de la manche aller, les Rouge et Blanc savent qu\u2019ils vont devoir jouer leur va-tout dans cette deuxi\u00e8me confrontation et livrer toutes leurs forces dans la bataille. Dans un stade o\u00f9 l\u2019ASM ne s\u2019est jamais impos\u00e9e, o\u00f9 elle a m\u00eame v\u00e9cu l\u2019une des plus grandes d\u00e9ceptions de son histoire, battue un soir de mai 1992 en finale de la Coupe des vainqueurs de Coupes par le Werder Br\u00eame (0-2), et qui sera chauff\u00e9 \u00e0 blanc par 60 000 \u00e2mes furieuses, il faudra montrer du caract\u00e8re et apporter une v\u00e9ritable r\u00e9ponse.<\/p>\n\n\n\n<p>La victoire contre Nantes n\u2019a pas totalement rassur\u00e9, et cela pour une raison : les Canaris ont jou\u00e9 \u00e0 10 contre 11 pendant pr\u00e8s de 90 minutes, et ils menaient tr\u00e8s t\u00f4t au score lorsqu\u2019ils comptaient le m\u00eame nombre de joueurs sur le terrain que les Mon\u00e9gasques. Qu\u2019importe, pour Thiago Scuro, \u00ab&nbsp;<em>les joueurs ont r\u00e9pondu<\/em>&nbsp;\u00bb apr\u00e8s la d\u00e9faite contre Benfica de mercredi mais la vraie r\u00e9ponse est v\u00e9ritablement attendue ce mardi. \u00c0 l\u2019aller, les joueurs de la Principaut\u00e9 ont limit\u00e9 la casse en n\u2019encaissant qu\u2019un seul but, et l\u2019addition aurait pu \u00eatre bien plus sal\u00e9e. Apr\u00e8s l\u2019exclusion de Moatasem al-Musrati, ils ont jou\u00e9 avec le frein \u00e0 main, accul\u00e9s dans leur camp. Un choix strat\u00e9gique assum\u00e9 de la part d\u2019H\u00fctter pour garder les options ouvertes pour la deuxi\u00e8me manche : \u00ab&nbsp;<em>Si c\u2019\u00e9tait la manche retour, j\u2019aurais \u00e9videmment pris plus de risques en fin de match. Mais il y a un deuxi\u00e8me round \u00e0 Lisbonne, donc je devais pr\u00e9server nos chances en ne conc\u00e9dant pas de deuxi\u00e8me but&nbsp;<\/em>\u00bb, avait-il lanc\u00e9 apr\u00e8s le match.<\/p>\n\n\n\n<p>Prendre de plus de risques, au-del\u00e0 m\u00eame du raisonnable, Monaco sait faire, et va certainement afficher cet \u00e9tat d\u2019esprit d\u00e8s que le coup d\u2019envoi sera donn\u00e9 par M. Nyberg. Mais avec quels joueurs, \u00e7a, c\u2019est encore un grand myst\u00e8re. Les absents seront l\u00e9gion encore une fois, et surtout au milieu de terrain. Seul Lamine Camara est apte \u00e0 \u00e9voluer dans l&rsquo;entrejeu, tout en pr\u00e9sentant les garanties pour jouer un match de ce niveau et de cet enjeu. Le reste ne sera que pari pour Adi H\u00fctter. Mamadou Coulibaly a rejou\u00e9 ses premi\u00e8res minutes contre Nantes, plus de huit mois apr\u00e8s sa grave blessure au genou gauche contre cette m\u00eame \u00e9quipe en mai dernier. Il fait partie des options, comme nous l&rsquo;a confi\u00e9 le coach autrichien, mais on l&rsquo;imagine mal d\u00e9buter une rencontre de cette importance et de ce niveau avec seulement une dizaine de minutes dans les jambes. Edan Diop n&rsquo;a pas jou\u00e9 la moindre minute non plus cette saison et n&rsquo;est m\u00eame plus r\u00e9guli\u00e8rement dans le groupe.<\/p>\n\n\n\n<p>Il faudra donc innover, faire peut-\u00eatre monter un d\u00e9fenseur, comme Thilo Kehrer ou Wilfried Singo, qui revient \u00e0 peine de blessure, ou alors faire jouer un cran plus bas un milieu offensif. Maghnes Akliouche, par exemple, a d\u00e9j\u00e0 jou\u00e9 dans un milieu \u00e0 trois avec l&rsquo;\u00e9quipe de France Espoirs de Thierry Henry. Mais il en faudrait un troisi\u00e8me si cette option venait \u00e0 \u00eatre choisie, et elle pourrait s&rsquo;appeler Takumi Minamino. Cette perspective ne semble pas inciter \u00e0 l&rsquo;optimisme, mais ce serait oublier que Monaco n\u2019a pas toujours \u00e9crit les plus belles pages de son histoire avec son \u00e9quipe type ou ses meilleurs joueurs \u00e0 leur bon poste. Didier Deschamps n\u2019avait-il pas d\u00fb composer un milieu totalement in\u00e9dit pour terrasser le Real Madrid en 2004 ? Et en 2015, Leonardo Jardim n\u2019avait-il pas d\u00fb lui aussi innover dans sa composition contre Arsenal en pla\u00e7ant Fabinho au milieu, sorte d\u2019\u00e9piphanie pour ce qui deviendrait le poste de sa r\u00e9v\u00e9lation et de son explosion deux ans plus tard ? L\u2019exploit ne se mesure pas seulement \u00e0 l\u2019aune de la diff\u00e9rence de valeur entre deux \u00e9quipes. Il s&rsquo;appr\u00e9cie aussi par les choix et les compromis qui marquent une rencontre avant m\u00eame qu&rsquo;elle ne commence.<\/p>\n","protected":false},"excerpt":{"rendered":"<p>Apr\u00e8s avoir inflig\u00e9 \u00e0 Nantes la pire d\u00e9faite de son histoire, samedi, l\u2019AS Monaco doit maintenant s\u2019attaquer \u00e0 une montagne. Ils vont devoir renverser Benfica au stade de la Luz, en barrage retour de la Ligue des champions. Mais il faudra innover et ne pas calculer. Monaco est dos au mur. Adi H\u00fctter le sait, [&#8230;]\n","protected":false},"author":2,"featured_media":29916,"comment_status":"open","ping_status":"open","sticky":false,"template":"","format":"standard","meta":[],"categories":[5,6],"tags":[86,986,287],"yoast_head":"<!-- This site is optimized with the Yoast SEO plugin v19.8 - https:\/\/yoast.com\/wordpress\/plugins\/seo\/ -->\n<title>Le tout pour le tout - La Diagonale<\/title>\n<meta name=\"robots\" content=\"index, follow, max-snippet:-1, max-image-preview:large, max-video-preview:-1\" \/>\n<link rel=\"canonical\" href=\"https:\/\/www.ladiagonale.net\/index.php\/2025\/02\/18\/le-tout-pour-le-tout\/\" \/>\n<meta property=\"og:locale\" content=\"fr_FR\" \/>\n<meta property=\"og:type\" content=\"article\" \/>\n<meta property=\"og:title\" content=\"Le tout pour le tout - La Diagonale\" \/>\n<meta property=\"og:description\" content=\"Apr\u00e8s avoir inflig\u00e9 \u00e0 Nantes la pire d\u00e9faite de son histoire, samedi, l\u2019AS Monaco doit maintenant s\u2019attaquer \u00e0 une montagne. Ils vont devoir renverser Benfica au stade de la Luz, en barrage retour de la Ligue des champions. Mais il faudra innover et ne pas calculer. Monaco est dos au mur. Adi H\u00fctter le sait, [...]\" \/>\n<meta property=\"og:url\" content=\"https:\/\/www.ladiagonale.net\/index.php\/2025\/02\/18\/le-tout-pour-le-tout\/\" \/>\n<meta property=\"og:site_name\" content=\"La Diagonale\" \/>\n<meta property=\"article:published_time\" content=\"2025-02-18T10:48:33+00:00\" \/>\n<meta property=\"article:modified_time\" content=\"2025-02-18T11:20:55+00:00\" \/>\n<meta property=\"og:image\" content=\"https:\/\/www.ladiagonale.net\/wp-content\/uploads\/2025\/02\/Camara-ldc.png\" \/>\n\t<meta property=\"og:image:width\" content=\"1160\" \/>\n\t<meta property=\"og:image:height\" content=\"650\" \/>\n\t<meta property=\"og:image:type\" content=\"image\/png\" \/>\n<meta name=\"author\" content=\"Damien Dellerba\" \/>\n<meta name=\"twitter:card\" content=\"summary_large_image\" \/>\n<meta name=\"twitter:label1\" content=\"\u00c9crit par\" \/>\n\t<meta name=\"twitter:data1\" content=\"Damien Dellerba\" \/>\n\t<meta name=\"twitter:label2\" content=\"Dur\u00e9e de lecture estim\u00e9e\" \/>\n\t<meta name=\"twitter:data2\" content=\"4 minutes\" \/>\n<script type=\"application\/ld+json\" class=\"yoast-schema-graph\">{\"@context\":\"https:\/\/schema.org\",\"@graph\":[{\"@type\":\"WebPage\",\"@id\":\"https:\/\/www.ladiagonale.net\/index.php\/2025\/02\/18\/le-tout-pour-le-tout\/\",\"url\":\"https:\/\/www.ladiagonale.net\/index.php\/2025\/02\/18\/le-tout-pour-le-tout\/\",\"name\":\"Le tout pour le tout - La Diagonale\",\"isPartOf\":{\"@id\":\"https:\/\/www.ladiagonale.net\/#website\"},\"datePublished\":\"2025-02-18T10:48:33+00:00\",\"dateModified\":\"2025-02-18T11:20:55+00:00\",\"author\":{\"@id\":\"https:\/\/www.ladiagonale.net\/#\/schema\/person\/79ff1e7b0853ed01b2aa26e64ad300bf\"},\"breadcrumb\":{\"@id\":\"https:\/\/www.ladiagonale.net\/index.php\/2025\/02\/18\/le-tout-pour-le-tout\/#breadcrumb\"},\"inLanguage\":\"fr-FR\",\"potentialAction\":[{\"@type\":\"ReadAction\",\"target\":[\"https:\/\/www.ladiagonale.net\/index.php\/2025\/02\/18\/le-tout-pour-le-tout\/\"]}]},{\"@type\":\"BreadcrumbList\",\"@id\":\"https:\/\/www.ladiagonale.net\/index.php\/2025\/02\/18\/le-tout-pour-le-tout\/#breadcrumb\",\"itemListElement\":[{\"@type\":\"ListItem\",\"position\":1,\"name\":\"Accueil\",\"item\":\"https:\/\/www.ladiagonale.net\/\"},{\"@type\":\"ListItem\",\"position\":2,\"name\":\"Le tout pour le tout\"}]},{\"@type\":\"WebSite\",\"@id\":\"https:\/\/www.ladiagonale.net\/#website\",\"url\":\"https:\/\/www.ladiagonale.net\/\",\"name\":\"La Diagonale\",\"description\":\"Le site des supporters de l&#039;AS Monaco FC\",\"potentialAction\":[{\"@type\":\"SearchAction\",\"target\":{\"@type\":\"EntryPoint\",\"urlTemplate\":\"https:\/\/www.ladiagonale.net\/?s={search_term_string}\"},\"query-input\":\"required name=search_term_string\"}],\"inLanguage\":\"fr-FR\"},{\"@type\":\"Person\",\"@id\":\"https:\/\/www.ladiagonale.net\/#\/schema\/person\/79ff1e7b0853ed01b2aa26e64ad300bf\",\"name\":\"Damien Dellerba\",\"image\":{\"@type\":\"ImageObject\",\"inLanguage\":\"fr-FR\",\"@id\":\"https:\/\/www.ladiagonale.net\/#\/schema\/person\/image\/\",\"url\":\"https:\/\/secure.gravatar.com\/avatar\/c7850e06d3ff63cdbaee88b7fc16e2f0?s=96&d=mm&r=g\",\"contentUrl\":\"https:\/\/secure.gravatar.com\/avatar\/c7850e06d3ff63cdbaee88b7fc16e2f0?s=96&d=mm&r=g\",\"caption\":\"Damien Dellerba\"},\"url\":\"https:\/\/www.ladiagonale.net\/index.php\/author\/damien\/\"}]}<\/script>\n<!-- \/ Yoast SEO plugin. -->","yoast_head_json":{"title":"Le tout pour le tout - La Diagonale","robots":{"index":"index","follow":"follow","max-snippet":"max-snippet:-1","max-image-preview":"max-image-preview:large","max-video-preview":"max-video-preview:-1"},"canonical":"https:\/\/www.ladiagonale.net\/index.php\/2025\/02\/18\/le-tout-pour-le-tout\/","og_locale":"fr_FR","og_type":"article","og_title":"Le tout pour le tout - La Diagonale","og_description":"Apr\u00e8s avoir inflig\u00e9 \u00e0 Nantes la pire d\u00e9faite de son histoire, samedi, l\u2019AS Monaco doit maintenant s\u2019attaquer \u00e0 une montagne. Ils vont devoir renverser Benfica au stade de la Luz, en barrage retour de la Ligue des champions. Mais il faudra innover et ne pas calculer. Monaco est dos au mur. Adi H\u00fctter le sait, [...]","og_url":"https:\/\/www.ladiagonale.net\/index.php\/2025\/02\/18\/le-tout-pour-le-tout\/","og_site_name":"La Diagonale","article_published_time":"2025-02-18T10:48:33+00:00","article_modified_time":"2025-02-18T11:20:55+00:00","og_image":[{"width":1160,"height":650,"url":"https:\/\/www.ladiagonale.net\/wp-content\/uploads\/2025\/02\/Camara-ldc.png","type":"image\/png"}],"author":"Damien Dellerba","twitter_card":"summary_large_image","twitter_misc":{"\u00c9crit par":"Damien Dellerba","Dur\u00e9e de lecture estim\u00e9e":"4 minutes"},"schema":{"@context":"https:\/\/schema.org","@graph":[{"@type":"WebPage","@id":"https:\/\/www.ladiagonale.net\/index.php\/2025\/02\/18\/le-tout-pour-le-tout\/","url":"https:\/\/www.ladiagonale.net\/index.php\/2025\/02\/18\/le-tout-pour-le-tout\/","name":"Le tout pour le tout - La Diagonale","isPartOf":{"@id":"https:\/\/www.ladiagonale.net\/#website"},"datePublished":"2025-02-18T10:48:33+00:00","dateModified":"2025-02-18T11:20:55+00:00","author":{"@id":"https:\/\/www.ladiagonale.net\/#\/schema\/person\/79ff1e7b0853ed01b2aa26e64ad300bf"},"breadcrumb":{"@id":"https:\/\/www.ladiagonale.net\/index.php\/2025\/02\/18\/le-tout-pour-le-tout\/#breadcrumb"},"inLanguage":"fr-FR","potentialAction":[{"@type":"ReadAction","target":["https:\/\/www.ladiagonale.net\/index.php\/2025\/02\/18\/le-tout-pour-le-tout\/"]}]},{"@type":"BreadcrumbList","@id":"https:\/\/www.ladiagonale.net\/index.php\/2025\/02\/18\/le-tout-pour-le-tout\/#breadcrumb","itemListElement":[{"@type":"ListItem","position":1,"name":"Accueil","item":"https:\/\/www.ladiagonale.net\/"},{"@type":"ListItem","position":2,"name":"Le tout pour le tout"}]},{"@type":"WebSite","@id":"https:\/\/www.ladiagonale.net\/#website","url":"https:\/\/www.ladiagonale.net\/","name":"La Diagonale","description":"Le site des supporters de l&#039;AS Monaco FC","potentialAction":[{"@type":"SearchAction","target":{"@type":"EntryPoint","urlTemplate":"https:\/\/www.ladiagonale.net\/?s={search_term_string}"},"query-input":"required name=search_term_string"}],"inLanguage":"fr-FR"},{"@type":"Person","@id":"https:\/\/www.ladiagonale.net\/#\/schema\/person\/79ff1e7b0853ed01b2aa26e64ad300bf","name":"Damien Dellerba","image":{"@type":"ImageObject","inLanguage":"fr-FR","@id":"https:\/\/www.ladiagonale.net\/#\/schema\/person\/image\/","url":"https:\/\/secure.gravatar.com\/avatar\/c7850e06d3ff63cdbaee88b7fc16e2f0?s=96&d=mm&r=g","contentUrl":"https:\/\/secure.gravatar.com\/avatar\/c7850e06d3ff63cdbaee88b7fc16e2f0?s=96&d=mm&r=g","caption":"Damien Dellerba"},"url":"https:\/\/www.ladiagonale.net\/index.php\/author\/damien\/"}]}},"_links":{"self":[{"href":"https:\/\/www.ladiagonale.net\/index.php\/wp-json\/wp\/v2\/posts\/29912"}],"collection":[{"href":"https:\/\/www.ladiagonale.net\/index.php\/wp-json\/wp\/v2\/posts"}],"about":[{"href":"https:\/\/www.ladiagonale.net\/index.php\/wp-json\/wp\/v2\/types\/post"}],"author":[{"embeddable":true,"href":"https:\/\/www.ladiagonale.net\/index.php\/wp-json\/wp\/v2\/users\/2"}],"replies":[{"embeddable":true,"href":"https:\/\/www.ladiagonale.net\/index.php\/wp-json\/wp\/v2\/comments?post=29912"}],"version-history":[{"count":6,"href":"https:\/\/www.ladiagonale.net\/index.php\/wp-json\/wp\/v2\/posts\/29912\/revisions"}],"predecessor-version":[{"id":29921,"href":"https:\/\/www.ladiagonale.net\/index.php\/wp-json\/wp\/v2\/posts\/29912\/revisions\/29921"}],"wp:featuredmedia":[{"embeddable":true,"href":"https:\/\/www.ladiagonale.net\/index.php\/wp-json\/wp\/v2\/media\/29916"}],"wp:attachment":[{"href":"https:\/\/www.ladiagonale.net\/index.php\/wp-json\/wp\/v2\/media?parent=29912"}],"wp:term":[{"taxonomy":"category","embeddable":true,"href":"https:\/\/www.ladiagonale.net\/index.php\/wp-json\/wp\/v2\/categories?post=29912"},{"taxonomy":"post_tag","embeddable":true,"href":"https:\/\/www.ladiagonale.net\/index.php\/wp-json\/wp\/v2\/tags?post=29912"}],"curies":[{"name":"wp","href":"https:\/\/api.w.org\/{rel}","templated":true}]}}