{"id":29914,"date":"2025-02-18T11:35:13","date_gmt":"2025-02-18T10:35:13","guid":{"rendered":"https:\/\/www.ladiagonale.net\/?p=29914"},"modified":"2025-02-18T11:35:14","modified_gmt":"2025-02-18T10:35:14","slug":"biereth-un-dur-combat-face-a-otamendi","status":"publish","type":"post","link":"https:\/\/www.ladiagonale.net\/index.php\/2025\/02\/18\/biereth-un-dur-combat-face-a-otamendi\/","title":{"rendered":"Biereth : \u00ab\u00a0Un dur combat face \u00e0 Otamendi\u00a0\u00bb"},"content":{"rendered":"\n\n\n<p>Si Mika Biereth r\u00e9ussit des d\u00e9buts sensationnels en Ligue 1, o\u00f9 il a d\u00e9j\u00e0 sign\u00e9 deux tripl\u00e9s face \u00e0 Auxerre et Nantes, il a eu pour l\u2019instant un peu plus de mal \u00e0 exister quand l\u2019opposition s\u2019est \u00e9lev\u00e9e. Le Danois doit encore prouver qu\u2019il a les qualit\u00e9s en C1 : \u00ab\u00a0<em>Je pense que j\u2019ai la confiance n\u00e9cessaire pour r\u00e9aliser une meilleure performance qu\u2019au barrage aller \u00e0 domicile. Quand je suis arriv\u00e9 dans ce championnat de France, il y avait des questions compr\u00e9hensibles sur le fait que j\u2019arrive ou non \u00e0 m\u2019y adapter en venant d\u2019Autriche. Et je pense que j\u2019ai apport\u00e9 une partie de la r\u00e9ponse sur ces sept premiers matchs disput\u00e9s. Maintenant la question est la suivante : serais-je capable de montrer aussi cette rapide adaptation en Ligue des Champions ? Ce qui est certain c\u2019est que je suis en bonne forme et que je dois le montrer \u00e0 nouveau en coupe d\u2019Europe cette fois.\u00a0<\/em>\u00bb<\/p>\n\n\n\n<p>Son duel face \u00e0 Nicolas Otamendi, une r\u00e9f\u00e9rence du football mondial, a tourn\u00e9 \u00e0 l\u2019avantage de l\u2019Argentin au match aller. Biereth esp\u00e8re donc pouvoir prendre sa revanche ce mardi au retour : \u00ab\u00a0<em>C\u2019est vrai que je m\u2019attends \u00e0 un dur combat face \u00e0 lui. La semaine derni\u00e8re, il m\u2019a montr\u00e9 qu\u2019il est un des meilleurs d\u00e9fenseurs centraux que j\u2019ai eu l\u2019occasion d\u2019affronter dans ma jeune carri\u00e8re. Il m\u2019a pos\u00e9 beaucoup de difficult\u00e9s, et \u00e0 la fin Benfica m\u00e9ritait sa victoire. Il a certainement \u00e9t\u00e9 l\u2019un des meilleurs sur le terrain. Je vais donc essayer de proposer la meilleure performance possible demain (mardi) pour aider l\u2019\u00e9quipe \u00e0 remporter cette manche retour.<\/em>\u00a0\u00bb<\/p>\n","protected":false},"excerpt":{"rendered":"<p>Si Mika Biereth r\u00e9ussit des d\u00e9buts sensationnels en Ligue 1, o\u00f9 il a d\u00e9j\u00e0 sign\u00e9 deux tripl\u00e9s face \u00e0 Auxerre et Nantes, il a eu pour l\u2019instant un peu plus de mal \u00e0 exister quand l\u2019opposition s\u2019est \u00e9lev\u00e9e. Le Danois doit encore prouver qu\u2019il a les qualit\u00e9s en C1 : \u00ab\u00a0Je pense que j\u2019ai la [&#8230;]\n","protected":false},"author":2,"featured_media":0,"comment_status":"open","ping_status":"open","sticky":false,"template":"","format":"standard","meta":[],"categories":[6],"tags":[86,986,287,965],"yoast_head":"<!-- This site is optimized with the Yoast SEO plugin v19.8 - https:\/\/yoast.com\/wordpress\/plugins\/seo\/ -->\n<title>Biereth : \u00ab\u00a0Un dur combat face \u00e0 Otamendi\u00a0\u00bb - La Diagonale<\/title>\n<meta name=\"robots\" content=\"index, follow, max-snippet:-1, max-image-preview:large, max-video-preview:-1\" \/>\n<link rel=\"canonical\" href=\"https:\/\/www.ladiagonale.net\/index.php\/2025\/02\/18\/biereth-un-dur-combat-face-a-otamendi\/\" \/>\n<meta property=\"og:locale\" content=\"fr_FR\" \/>\n<meta property=\"og:type\" content=\"article\" \/>\n<meta property=\"og:title\" content=\"Biereth : \u00ab\u00a0Un dur combat face \u00e0 Otamendi\u00a0\u00bb - La Diagonale\" \/>\n<meta property=\"og:description\" content=\"Si Mika Biereth r\u00e9ussit des d\u00e9buts sensationnels en Ligue 1, o\u00f9 il a d\u00e9j\u00e0 sign\u00e9 deux tripl\u00e9s face \u00e0 Auxerre et Nantes, il a eu pour l\u2019instant un peu plus de mal \u00e0 exister quand l\u2019opposition s\u2019est \u00e9lev\u00e9e. Le Danois doit encore prouver qu\u2019il a les qualit\u00e9s en C1 : \u00ab\u00a0Je pense que j\u2019ai la [...]\" \/>\n<meta property=\"og:url\" content=\"https:\/\/www.ladiagonale.net\/index.php\/2025\/02\/18\/biereth-un-dur-combat-face-a-otamendi\/\" \/>\n<meta property=\"og:site_name\" content=\"La Diagonale\" \/>\n<meta property=\"article:published_time\" content=\"2025-02-18T10:35:13+00:00\" \/>\n<meta property=\"article:modified_time\" content=\"2025-02-18T10:35:14+00:00\" \/>\n<meta property=\"og:image\" content=\"https:\/\/www.ladiagonale.net\/wp-content\/uploads\/2025\/02\/biereth-benfica.png\" \/>\n\t<meta property=\"og:image:width\" content=\"1160\" \/>\n\t<meta property=\"og:image:height\" content=\"650\" \/>\n\t<meta property=\"og:image:type\" content=\"image\/png\" \/>\n<meta name=\"author\" content=\"Damien Dellerba\" \/>\n<meta name=\"twitter:card\" content=\"summary_large_image\" \/>\n<meta name=\"twitter:image\" content=\"https:\/\/www.ladiagonale.net\/wp-content\/uploads\/2025\/02\/biereth-benfica.png\" \/>\n<meta name=\"twitter:label1\" content=\"\u00c9crit par\" \/>\n\t<meta name=\"twitter:data1\" content=\"Damien Dellerba\" \/>\n\t<meta name=\"twitter:label2\" content=\"Dur\u00e9e de lecture estim\u00e9e\" \/>\n\t<meta name=\"twitter:data2\" content=\"2 minutes\" \/>\n<script type=\"application\/ld+json\" class=\"yoast-schema-graph\">{\"@context\":\"https:\/\/schema.org\",\"@graph\":[{\"@type\":\"WebPage\",\"@id\":\"https:\/\/www.ladiagonale.net\/index.php\/2025\/02\/18\/biereth-un-dur-combat-face-a-otamendi\/\",\"url\":\"https:\/\/www.ladiagonale.net\/index.php\/2025\/02\/18\/biereth-un-dur-combat-face-a-otamendi\/\",\"name\":\"Biereth : \u00ab\u00a0Un dur combat face \u00e0 Otamendi\u00a0\u00bb - La Diagonale\",\"isPartOf\":{\"@id\":\"https:\/\/www.ladiagonale.net\/#website\"},\"datePublished\":\"2025-02-18T10:35:13+00:00\",\"dateModified\":\"2025-02-18T10:35:14+00:00\",\"author\":{\"@id\":\"https:\/\/www.ladiagonale.net\/#\/schema\/person\/79ff1e7b0853ed01b2aa26e64ad300bf\"},\"breadcrumb\":{\"@id\":\"https:\/\/www.ladiagonale.net\/index.php\/2025\/02\/18\/biereth-un-dur-combat-face-a-otamendi\/#breadcrumb\"},\"inLanguage\":\"fr-FR\",\"potentialAction\":[{\"@type\":\"ReadAction\",\"target\":[\"https:\/\/www.ladiagonale.net\/index.php\/2025\/02\/18\/biereth-un-dur-combat-face-a-otamendi\/\"]}]},{\"@type\":\"BreadcrumbList\",\"@id\":\"https:\/\/www.ladiagonale.net\/index.php\/2025\/02\/18\/biereth-un-dur-combat-face-a-otamendi\/#breadcrumb\",\"itemListElement\":[{\"@type\":\"ListItem\",\"position\":1,\"name\":\"Accueil\",\"item\":\"https:\/\/www.ladiagonale.net\/\"},{\"@type\":\"ListItem\",\"position\":2,\"name\":\"Biereth : \u00ab\u00a0Un dur combat face \u00e0 Otamendi\u00a0\u00bb\"}]},{\"@type\":\"WebSite\",\"@id\":\"https:\/\/www.ladiagonale.net\/#website\",\"url\":\"https:\/\/www.ladiagonale.net\/\",\"name\":\"La Diagonale\",\"description\":\"Le site des supporters de l&#039;AS Monaco FC\",\"potentialAction\":[{\"@type\":\"SearchAction\",\"target\":{\"@type\":\"EntryPoint\",\"urlTemplate\":\"https:\/\/www.ladiagonale.net\/?s={search_term_string}\"},\"query-input\":\"required name=search_term_string\"}],\"inLanguage\":\"fr-FR\"},{\"@type\":\"Person\",\"@id\":\"https:\/\/www.ladiagonale.net\/#\/schema\/person\/79ff1e7b0853ed01b2aa26e64ad300bf\",\"name\":\"Damien Dellerba\",\"image\":{\"@type\":\"ImageObject\",\"inLanguage\":\"fr-FR\",\"@id\":\"https:\/\/www.ladiagonale.net\/#\/schema\/person\/image\/\",\"url\":\"https:\/\/secure.gravatar.com\/avatar\/c7850e06d3ff63cdbaee88b7fc16e2f0?s=96&d=mm&r=g\",\"contentUrl\":\"https:\/\/secure.gravatar.com\/avatar\/c7850e06d3ff63cdbaee88b7fc16e2f0?s=96&d=mm&r=g\",\"caption\":\"Damien Dellerba\"},\"url\":\"https:\/\/www.ladiagonale.net\/index.php\/author\/damien\/\"}]}<\/script>\n<!-- \/ Yoast SEO plugin. -->","yoast_head_json":{"title":"Biereth : \u00ab\u00a0Un dur combat face \u00e0 Otamendi\u00a0\u00bb - La Diagonale","robots":{"index":"index","follow":"follow","max-snippet":"max-snippet:-1","max-image-preview":"max-image-preview:large","max-video-preview":"max-video-preview:-1"},"canonical":"https:\/\/www.ladiagonale.net\/index.php\/2025\/02\/18\/biereth-un-dur-combat-face-a-otamendi\/","og_locale":"fr_FR","og_type":"article","og_title":"Biereth : \u00ab\u00a0Un dur combat face \u00e0 Otamendi\u00a0\u00bb - La Diagonale","og_description":"Si Mika Biereth r\u00e9ussit des d\u00e9buts sensationnels en Ligue 1, o\u00f9 il a d\u00e9j\u00e0 sign\u00e9 deux tripl\u00e9s face \u00e0 Auxerre et Nantes, il a eu pour l\u2019instant un peu plus de mal \u00e0 exister quand l\u2019opposition s\u2019est \u00e9lev\u00e9e. Le Danois doit encore prouver qu\u2019il a les qualit\u00e9s en C1 : \u00ab\u00a0Je pense que j\u2019ai la [...]","og_url":"https:\/\/www.ladiagonale.net\/index.php\/2025\/02\/18\/biereth-un-dur-combat-face-a-otamendi\/","og_site_name":"La Diagonale","article_published_time":"2025-02-18T10:35:13+00:00","article_modified_time":"2025-02-18T10:35:14+00:00","og_image":[{"width":1160,"height":650,"url":"https:\/\/www.ladiagonale.net\/wp-content\/uploads\/2025\/02\/biereth-benfica.png","type":"image\/png"}],"author":"Damien Dellerba","twitter_card":"summary_large_image","twitter_image":"https:\/\/www.ladiagonale.net\/wp-content\/uploads\/2025\/02\/biereth-benfica.png","twitter_misc":{"\u00c9crit par":"Damien Dellerba","Dur\u00e9e de lecture estim\u00e9e":"2 minutes"},"schema":{"@context":"https:\/\/schema.org","@graph":[{"@type":"WebPage","@id":"https:\/\/www.ladiagonale.net\/index.php\/2025\/02\/18\/biereth-un-dur-combat-face-a-otamendi\/","url":"https:\/\/www.ladiagonale.net\/index.php\/2025\/02\/18\/biereth-un-dur-combat-face-a-otamendi\/","name":"Biereth : \u00ab\u00a0Un dur combat face \u00e0 Otamendi\u00a0\u00bb - La Diagonale","isPartOf":{"@id":"https:\/\/www.ladiagonale.net\/#website"},"datePublished":"2025-02-18T10:35:13+00:00","dateModified":"2025-02-18T10:35:14+00:00","author":{"@id":"https:\/\/www.ladiagonale.net\/#\/schema\/person\/79ff1e7b0853ed01b2aa26e64ad300bf"},"breadcrumb":{"@id":"https:\/\/www.ladiagonale.net\/index.php\/2025\/02\/18\/biereth-un-dur-combat-face-a-otamendi\/#breadcrumb"},"inLanguage":"fr-FR","potentialAction":[{"@type":"ReadAction","target":["https:\/\/www.ladiagonale.net\/index.php\/2025\/02\/18\/biereth-un-dur-combat-face-a-otamendi\/"]}]},{"@type":"BreadcrumbList","@id":"https:\/\/www.ladiagonale.net\/index.php\/2025\/02\/18\/biereth-un-dur-combat-face-a-otamendi\/#breadcrumb","itemListElement":[{"@type":"ListItem","position":1,"name":"Accueil","item":"https:\/\/www.ladiagonale.net\/"},{"@type":"ListItem","position":2,"name":"Biereth : \u00ab\u00a0Un dur combat face \u00e0 Otamendi\u00a0\u00bb"}]},{"@type":"WebSite","@id":"https:\/\/www.ladiagonale.net\/#website","url":"https:\/\/www.ladiagonale.net\/","name":"La Diagonale","description":"Le site des supporters de l&#039;AS Monaco FC","potentialAction":[{"@type":"SearchAction","target":{"@type":"EntryPoint","urlTemplate":"https:\/\/www.ladiagonale.net\/?s={search_term_string}"},"query-input":"required name=search_term_string"}],"inLanguage":"fr-FR"},{"@type":"Person","@id":"https:\/\/www.ladiagonale.net\/#\/schema\/person\/79ff1e7b0853ed01b2aa26e64ad300bf","name":"Damien Dellerba","image":{"@type":"ImageObject","inLanguage":"fr-FR","@id":"https:\/\/www.ladiagonale.net\/#\/schema\/person\/image\/","url":"https:\/\/secure.gravatar.com\/avatar\/c7850e06d3ff63cdbaee88b7fc16e2f0?s=96&d=mm&r=g","contentUrl":"https:\/\/secure.gravatar.com\/avatar\/c7850e06d3ff63cdbaee88b7fc16e2f0?s=96&d=mm&r=g","caption":"Damien Dellerba"},"url":"https:\/\/www.ladiagonale.net\/index.php\/author\/damien\/"}]}},"_links":{"self":[{"href":"https:\/\/www.ladiagonale.net\/index.php\/wp-json\/wp\/v2\/posts\/29914"}],"collection":[{"href":"https:\/\/www.ladiagonale.net\/index.php\/wp-json\/wp\/v2\/posts"}],"about":[{"href":"https:\/\/www.ladiagonale.net\/index.php\/wp-json\/wp\/v2\/types\/post"}],"author":[{"embeddable":true,"href":"https:\/\/www.ladiagonale.net\/index.php\/wp-json\/wp\/v2\/users\/2"}],"replies":[{"embeddable":true,"href":"https:\/\/www.ladiagonale.net\/index.php\/wp-json\/wp\/v2\/comments?post=29914"}],"version-history":[{"count":1,"href":"https:\/\/www.ladiagonale.net\/index.php\/wp-json\/wp\/v2\/posts\/29914\/revisions"}],"predecessor-version":[{"id":29915,"href":"https:\/\/www.ladiagonale.net\/index.php\/wp-json\/wp\/v2\/posts\/29914\/revisions\/29915"}],"wp:attachment":[{"href":"https:\/\/www.ladiagonale.net\/index.php\/wp-json\/wp\/v2\/media?parent=29914"}],"wp:term":[{"taxonomy":"category","embeddable":true,"href":"https:\/\/www.ladiagonale.net\/index.php\/wp-json\/wp\/v2\/categories?post=29914"},{"taxonomy":"post_tag","embeddable":true,"href":"https:\/\/www.ladiagonale.net\/index.php\/wp-json\/wp\/v2\/tags?post=29914"}],"curies":[{"name":"wp","href":"https:\/\/api.w.org\/{rel}","templated":true}]}}