{"id":29954,"date":"2025-02-19T01:24:00","date_gmt":"2025-02-19T00:24:00","guid":{"rendered":"https:\/\/www.ladiagonale.net\/?p=29954"},"modified":"2025-02-19T11:20:56","modified_gmt":"2025-02-19T10:20:56","slug":"hutter-trop-derreurs-individuelles-pour-esperer-lemporter","status":"publish","type":"post","link":"https:\/\/www.ladiagonale.net\/index.php\/2025\/02\/19\/hutter-trop-derreurs-individuelles-pour-esperer-lemporter\/","title":{"rendered":"H\u00fctter : \u00ab\u00a0Trop d\u2019erreurs individuelles pour esp\u00e9rer l\u2019emporter\u00a0\u00bb"},"content":{"rendered":"\n\n\n<p>Les sentiments d\u2019ami H\u00fctter \u00e0 l\u2019issue du match face \u00e0 Benfica (3-3) \u00e9taient forc\u00e9ment mitig\u00e9s : \u00ab&nbsp;<em>Je dirais que c\u2019est un m\u00e9lange de fiert\u00e9 et de d\u00e9ception, m\u00eame si je veux tout d\u2019abord f\u00e9liciter Benfica pour sa qualification. Tout le monde \u00e9tait forc\u00e9ment tr\u00e8s d\u00e9\u00e7u dans le vestiaire. Mais d\u2019un autre c\u00f4t\u00e9, je suis content et fier du visage montr\u00e9 par cette jeune \u00e9quipe ici \u00e0 Lisbonne. Elle m\u00e9ritait mieux sur les deux matchs, car pour moi Benfica a \u00e9t\u00e9 pour le moins chanceux.&nbsp;<\/em>\u00bb<\/p>\n\n\n\n<p>Mais Monaco a fait trop d\u2019erreurs pour passer ce barrage :&nbsp;\u00ab&nbsp;<em>Seulement nous sommes coupables de ne pas avoir converti davantage d\u2019occasions, car elles ont \u00e9t\u00e9 nombreuses. Mais \u00e0 la fin nous avons aussi conc\u00e9d\u00e9 trois buts, ce qui est trop \u00e0 ce niveau de la comp\u00e9tition. Il est \u00e9vident que nous avons fait trop d\u2019erreurs individuelles pour esp\u00e9rer l\u2019emporter, et c\u2019est trop face \u00e0 ce genre d\u2019adversaires. Mais nous pouvons beaucoup apprendre \u00e0 ce niveau de la comp\u00e9tition, et pour les jeunes c\u2019est une super exp\u00e9rience. Ce que j\u2019ai vu ce soir \u00e0 Lisbonne me rend vraiment fier, et c\u2019est une promesse pour le futur<\/em>. \u00bb<\/p>\n\n\n\n<p><br \/>Pour l\u2019Autrichien, la qualification de Benfica est en grande partie due aux erreurs mon\u00e9gasques et \u00e0\u2026 la chance : \u00ab&nbsp;<em>Pour moi il est trop facile de parler d\u2019exp\u00e9rience \u00e0 chaque fois. Nous n\u2019avons pas \u00e9t\u00e9 assez bons pour d\u00e9fendre, m\u00eame si je pense que Benfica a eu une tr\u00e8s grande efficacit\u00e9 ce soir. Je le r\u00e9p\u00e8te, nous avons manqu\u00e9 trop d\u2019occasions, et l\u2019on ne peut pas parler d\u2019exp\u00e9rience, car nous avons un bon mix dans le groupe. Je crois que nous avons surpris Benfica en alignant une d\u00e9fense \u00e0 cinq avec trois milieux de terrain et deux attaquants. Nous leur avons pos\u00e9 beaucoup de soucis, mais nous aurions d\u00fb \u00eatre plus en r\u00e9ussite devant le but. Benfica a eu beaucoup de chance ce soir encore une fois.<\/em>&nbsp;\u00bb<\/p>\n\n\n\n<p>Enfin, H\u00fctter a \u00e9voqu\u00e9 les performances d\u2019Eliesse Ben Seghir et Maghnes Akliouche, positionn\u00e9s \u00e0 un r\u00f4le inhabituel de relayeurs : \u00ab&nbsp;<em>C\u2019est la fa\u00e7on dont nous voulons jouer, avec de jeunes talents issus de notre Academy. Nous sommes tr\u00e8s fiers d\u2019Eliesse, qui n\u2019a que 19 ans, et de Maghnes (22 ans), qui sont des exemples de la qualit\u00e9 de la formation \u00e0 La Diagonale. Ils ont \u00e9t\u00e9 fantastiques ce soir au coeur du jeu malgr\u00e9 les nombreuses absences. Il nous manquait beaucoup de joueurs mais je suis content de la mani\u00e8re dont nous avons palli\u00e9 ces manques, avec trois jeunes joueurs de talent, avec Lamine Camara qui n\u2019a aussi que 20 ans.&nbsp;<\/em>\u00bb<\/p>\n","protected":false},"excerpt":{"rendered":"<p>Les sentiments d\u2019ami H\u00fctter \u00e0 l\u2019issue du match face \u00e0 Benfica (3-3) \u00e9taient forc\u00e9ment mitig\u00e9s : \u00ab&nbsp;Je dirais que c\u2019est un m\u00e9lange de fiert\u00e9 et de d\u00e9ception, m\u00eame si je veux tout d\u2019abord f\u00e9liciter Benfica pour sa qualification. Tout le monde \u00e9tait forc\u00e9ment tr\u00e8s d\u00e9\u00e7u dans le vestiaire. Mais d\u2019un autre c\u00f4t\u00e9, je suis content [&#8230;]\n","protected":false},"author":2,"featured_media":0,"comment_status":"open","ping_status":"open","sticky":false,"template":"","format":"standard","meta":[],"categories":[6],"tags":[576,86,986,287],"yoast_head":"<!-- This site is optimized with the Yoast SEO plugin v19.8 - https:\/\/yoast.com\/wordpress\/plugins\/seo\/ -->\n<title>H\u00fctter : \u00ab\u00a0Trop d\u2019erreurs individuelles pour esp\u00e9rer l\u2019emporter\u00a0\u00bb - La Diagonale<\/title>\n<meta name=\"robots\" content=\"index, follow, max-snippet:-1, max-image-preview:large, max-video-preview:-1\" \/>\n<link rel=\"canonical\" href=\"https:\/\/www.ladiagonale.net\/index.php\/2025\/02\/19\/hutter-trop-derreurs-individuelles-pour-esperer-lemporter\/\" \/>\n<meta property=\"og:locale\" content=\"fr_FR\" \/>\n<meta property=\"og:type\" content=\"article\" \/>\n<meta property=\"og:title\" content=\"H\u00fctter : \u00ab\u00a0Trop d\u2019erreurs individuelles pour esp\u00e9rer l\u2019emporter\u00a0\u00bb - La Diagonale\" \/>\n<meta property=\"og:description\" content=\"Les sentiments d\u2019ami H\u00fctter \u00e0 l\u2019issue du match face \u00e0 Benfica (3-3) \u00e9taient forc\u00e9ment mitig\u00e9s : \u00ab&nbsp;Je dirais que c\u2019est un m\u00e9lange de fiert\u00e9 et de d\u00e9ception, m\u00eame si je veux tout d\u2019abord f\u00e9liciter Benfica pour sa qualification. Tout le monde \u00e9tait forc\u00e9ment tr\u00e8s d\u00e9\u00e7u dans le vestiaire. Mais d\u2019un autre c\u00f4t\u00e9, je suis content [...]\" \/>\n<meta property=\"og:url\" content=\"https:\/\/www.ladiagonale.net\/index.php\/2025\/02\/19\/hutter-trop-derreurs-individuelles-pour-esperer-lemporter\/\" \/>\n<meta property=\"og:site_name\" content=\"La Diagonale\" \/>\n<meta property=\"article:published_time\" content=\"2025-02-19T00:24:00+00:00\" \/>\n<meta property=\"article:modified_time\" content=\"2025-02-19T10:20:56+00:00\" \/>\n<meta property=\"og:image\" content=\"https:\/\/www.ladiagonale.net\/wp-content\/uploads\/2025\/02\/hutter-benfica.png\" \/>\n\t<meta property=\"og:image:width\" content=\"1160\" \/>\n\t<meta property=\"og:image:height\" content=\"650\" \/>\n\t<meta property=\"og:image:type\" content=\"image\/png\" \/>\n<meta name=\"author\" content=\"Damien Dellerba\" \/>\n<meta name=\"twitter:card\" content=\"summary_large_image\" \/>\n<meta name=\"twitter:image\" content=\"https:\/\/www.ladiagonale.net\/wp-content\/uploads\/2025\/02\/hutter-benfica.png\" \/>\n<meta name=\"twitter:label1\" content=\"\u00c9crit par\" \/>\n\t<meta name=\"twitter:data1\" content=\"Damien Dellerba\" \/>\n\t<meta name=\"twitter:label2\" content=\"Dur\u00e9e de lecture estim\u00e9e\" \/>\n\t<meta name=\"twitter:data2\" content=\"3 minutes\" \/>\n<script type=\"application\/ld+json\" class=\"yoast-schema-graph\">{\"@context\":\"https:\/\/schema.org\",\"@graph\":[{\"@type\":\"WebPage\",\"@id\":\"https:\/\/www.ladiagonale.net\/index.php\/2025\/02\/19\/hutter-trop-derreurs-individuelles-pour-esperer-lemporter\/\",\"url\":\"https:\/\/www.ladiagonale.net\/index.php\/2025\/02\/19\/hutter-trop-derreurs-individuelles-pour-esperer-lemporter\/\",\"name\":\"H\u00fctter : \u00ab\u00a0Trop d\u2019erreurs individuelles pour esp\u00e9rer l\u2019emporter\u00a0\u00bb - La Diagonale\",\"isPartOf\":{\"@id\":\"https:\/\/www.ladiagonale.net\/#website\"},\"datePublished\":\"2025-02-19T00:24:00+00:00\",\"dateModified\":\"2025-02-19T10:20:56+00:00\",\"author\":{\"@id\":\"https:\/\/www.ladiagonale.net\/#\/schema\/person\/79ff1e7b0853ed01b2aa26e64ad300bf\"},\"breadcrumb\":{\"@id\":\"https:\/\/www.ladiagonale.net\/index.php\/2025\/02\/19\/hutter-trop-derreurs-individuelles-pour-esperer-lemporter\/#breadcrumb\"},\"inLanguage\":\"fr-FR\",\"potentialAction\":[{\"@type\":\"ReadAction\",\"target\":[\"https:\/\/www.ladiagonale.net\/index.php\/2025\/02\/19\/hutter-trop-derreurs-individuelles-pour-esperer-lemporter\/\"]}]},{\"@type\":\"BreadcrumbList\",\"@id\":\"https:\/\/www.ladiagonale.net\/index.php\/2025\/02\/19\/hutter-trop-derreurs-individuelles-pour-esperer-lemporter\/#breadcrumb\",\"itemListElement\":[{\"@type\":\"ListItem\",\"position\":1,\"name\":\"Accueil\",\"item\":\"https:\/\/www.ladiagonale.net\/\"},{\"@type\":\"ListItem\",\"position\":2,\"name\":\"H\u00fctter : \u00ab\u00a0Trop d\u2019erreurs individuelles pour esp\u00e9rer l\u2019emporter\u00a0\u00bb\"}]},{\"@type\":\"WebSite\",\"@id\":\"https:\/\/www.ladiagonale.net\/#website\",\"url\":\"https:\/\/www.ladiagonale.net\/\",\"name\":\"La Diagonale\",\"description\":\"Le site des supporters de l&#039;AS Monaco FC\",\"potentialAction\":[{\"@type\":\"SearchAction\",\"target\":{\"@type\":\"EntryPoint\",\"urlTemplate\":\"https:\/\/www.ladiagonale.net\/?s={search_term_string}\"},\"query-input\":\"required name=search_term_string\"}],\"inLanguage\":\"fr-FR\"},{\"@type\":\"Person\",\"@id\":\"https:\/\/www.ladiagonale.net\/#\/schema\/person\/79ff1e7b0853ed01b2aa26e64ad300bf\",\"name\":\"Damien Dellerba\",\"image\":{\"@type\":\"ImageObject\",\"inLanguage\":\"fr-FR\",\"@id\":\"https:\/\/www.ladiagonale.net\/#\/schema\/person\/image\/\",\"url\":\"https:\/\/secure.gravatar.com\/avatar\/c7850e06d3ff63cdbaee88b7fc16e2f0?s=96&d=mm&r=g\",\"contentUrl\":\"https:\/\/secure.gravatar.com\/avatar\/c7850e06d3ff63cdbaee88b7fc16e2f0?s=96&d=mm&r=g\",\"caption\":\"Damien Dellerba\"},\"url\":\"https:\/\/www.ladiagonale.net\/index.php\/author\/damien\/\"}]}<\/script>\n<!-- \/ Yoast SEO plugin. -->","yoast_head_json":{"title":"H\u00fctter : \u00ab\u00a0Trop d\u2019erreurs individuelles pour esp\u00e9rer l\u2019emporter\u00a0\u00bb - La Diagonale","robots":{"index":"index","follow":"follow","max-snippet":"max-snippet:-1","max-image-preview":"max-image-preview:large","max-video-preview":"max-video-preview:-1"},"canonical":"https:\/\/www.ladiagonale.net\/index.php\/2025\/02\/19\/hutter-trop-derreurs-individuelles-pour-esperer-lemporter\/","og_locale":"fr_FR","og_type":"article","og_title":"H\u00fctter : \u00ab\u00a0Trop d\u2019erreurs individuelles pour esp\u00e9rer l\u2019emporter\u00a0\u00bb - La Diagonale","og_description":"Les sentiments d\u2019ami H\u00fctter \u00e0 l\u2019issue du match face \u00e0 Benfica (3-3) \u00e9taient forc\u00e9ment mitig\u00e9s : \u00ab&nbsp;Je dirais que c\u2019est un m\u00e9lange de fiert\u00e9 et de d\u00e9ception, m\u00eame si je veux tout d\u2019abord f\u00e9liciter Benfica pour sa qualification. Tout le monde \u00e9tait forc\u00e9ment tr\u00e8s d\u00e9\u00e7u dans le vestiaire. Mais d\u2019un autre c\u00f4t\u00e9, je suis content [...]","og_url":"https:\/\/www.ladiagonale.net\/index.php\/2025\/02\/19\/hutter-trop-derreurs-individuelles-pour-esperer-lemporter\/","og_site_name":"La Diagonale","article_published_time":"2025-02-19T00:24:00+00:00","article_modified_time":"2025-02-19T10:20:56+00:00","og_image":[{"width":1160,"height":650,"url":"https:\/\/www.ladiagonale.net\/wp-content\/uploads\/2025\/02\/hutter-benfica.png","type":"image\/png"}],"author":"Damien Dellerba","twitter_card":"summary_large_image","twitter_image":"https:\/\/www.ladiagonale.net\/wp-content\/uploads\/2025\/02\/hutter-benfica.png","twitter_misc":{"\u00c9crit par":"Damien Dellerba","Dur\u00e9e de lecture estim\u00e9e":"3 minutes"},"schema":{"@context":"https:\/\/schema.org","@graph":[{"@type":"WebPage","@id":"https:\/\/www.ladiagonale.net\/index.php\/2025\/02\/19\/hutter-trop-derreurs-individuelles-pour-esperer-lemporter\/","url":"https:\/\/www.ladiagonale.net\/index.php\/2025\/02\/19\/hutter-trop-derreurs-individuelles-pour-esperer-lemporter\/","name":"H\u00fctter : \u00ab\u00a0Trop d\u2019erreurs individuelles pour esp\u00e9rer l\u2019emporter\u00a0\u00bb - La Diagonale","isPartOf":{"@id":"https:\/\/www.ladiagonale.net\/#website"},"datePublished":"2025-02-19T00:24:00+00:00","dateModified":"2025-02-19T10:20:56+00:00","author":{"@id":"https:\/\/www.ladiagonale.net\/#\/schema\/person\/79ff1e7b0853ed01b2aa26e64ad300bf"},"breadcrumb":{"@id":"https:\/\/www.ladiagonale.net\/index.php\/2025\/02\/19\/hutter-trop-derreurs-individuelles-pour-esperer-lemporter\/#breadcrumb"},"inLanguage":"fr-FR","potentialAction":[{"@type":"ReadAction","target":["https:\/\/www.ladiagonale.net\/index.php\/2025\/02\/19\/hutter-trop-derreurs-individuelles-pour-esperer-lemporter\/"]}]},{"@type":"BreadcrumbList","@id":"https:\/\/www.ladiagonale.net\/index.php\/2025\/02\/19\/hutter-trop-derreurs-individuelles-pour-esperer-lemporter\/#breadcrumb","itemListElement":[{"@type":"ListItem","position":1,"name":"Accueil","item":"https:\/\/www.ladiagonale.net\/"},{"@type":"ListItem","position":2,"name":"H\u00fctter : \u00ab\u00a0Trop d\u2019erreurs individuelles pour esp\u00e9rer l\u2019emporter\u00a0\u00bb"}]},{"@type":"WebSite","@id":"https:\/\/www.ladiagonale.net\/#website","url":"https:\/\/www.ladiagonale.net\/","name":"La Diagonale","description":"Le site des supporters de l&#039;AS Monaco FC","potentialAction":[{"@type":"SearchAction","target":{"@type":"EntryPoint","urlTemplate":"https:\/\/www.ladiagonale.net\/?s={search_term_string}"},"query-input":"required name=search_term_string"}],"inLanguage":"fr-FR"},{"@type":"Person","@id":"https:\/\/www.ladiagonale.net\/#\/schema\/person\/79ff1e7b0853ed01b2aa26e64ad300bf","name":"Damien Dellerba","image":{"@type":"ImageObject","inLanguage":"fr-FR","@id":"https:\/\/www.ladiagonale.net\/#\/schema\/person\/image\/","url":"https:\/\/secure.gravatar.com\/avatar\/c7850e06d3ff63cdbaee88b7fc16e2f0?s=96&d=mm&r=g","contentUrl":"https:\/\/secure.gravatar.com\/avatar\/c7850e06d3ff63cdbaee88b7fc16e2f0?s=96&d=mm&r=g","caption":"Damien Dellerba"},"url":"https:\/\/www.ladiagonale.net\/index.php\/author\/damien\/"}]}},"_links":{"self":[{"href":"https:\/\/www.ladiagonale.net\/index.php\/wp-json\/wp\/v2\/posts\/29954"}],"collection":[{"href":"https:\/\/www.ladiagonale.net\/index.php\/wp-json\/wp\/v2\/posts"}],"about":[{"href":"https:\/\/www.ladiagonale.net\/index.php\/wp-json\/wp\/v2\/types\/post"}],"author":[{"embeddable":true,"href":"https:\/\/www.ladiagonale.net\/index.php\/wp-json\/wp\/v2\/users\/2"}],"replies":[{"embeddable":true,"href":"https:\/\/www.ladiagonale.net\/index.php\/wp-json\/wp\/v2\/comments?post=29954"}],"version-history":[{"count":3,"href":"https:\/\/www.ladiagonale.net\/index.php\/wp-json\/wp\/v2\/posts\/29954\/revisions"}],"predecessor-version":[{"id":29970,"href":"https:\/\/www.ladiagonale.net\/index.php\/wp-json\/wp\/v2\/posts\/29954\/revisions\/29970"}],"wp:attachment":[{"href":"https:\/\/www.ladiagonale.net\/index.php\/wp-json\/wp\/v2\/media?parent=29954"}],"wp:term":[{"taxonomy":"category","embeddable":true,"href":"https:\/\/www.ladiagonale.net\/index.php\/wp-json\/wp\/v2\/categories?post=29954"},{"taxonomy":"post_tag","embeddable":true,"href":"https:\/\/www.ladiagonale.net\/index.php\/wp-json\/wp\/v2\/tags?post=29954"}],"curies":[{"name":"wp","href":"https:\/\/api.w.org\/{rel}","templated":true}]}}