{"id":29961,"date":"2025-02-19T18:00:57","date_gmt":"2025-02-19T17:00:57","guid":{"rendered":"https:\/\/www.ladiagonale.net\/?p=29961"},"modified":"2025-02-19T18:00:57","modified_gmt":"2025-02-19T17:00:57","slug":"les-notes-lattaque-na-pas-suffi","status":"publish","type":"post","link":"https:\/\/www.ladiagonale.net\/index.php\/2025\/02\/19\/les-notes-lattaque-na-pas-suffi\/","title":{"rendered":"Les notes : l&rsquo;attaque n&rsquo;a pas suffi"},"content":{"rendered":"\n\n\n<p><strong>Malgr\u00e9 une certaine audace sur le plan offensif, marqu\u00e9e par des performances s\u00e9duisantes de Maghnes Akliouche et Eliesse Ben Seghir, Monaco a \u00e9t\u00e9 p\u00e9nalis\u00e9 par ses errements d\u00e9fensifs.<\/strong><\/p>\n\n\n\n<h4 class=\"wp-block-heading has-white-color has-text-color has-background\" style=\"background-color:#045000\">TOPS<\/h4>\n\n\n\n<div class=\"wp-block-media-text alignwide is-stacked-on-mobile\" style=\"grid-template-columns:30% auto\"><figure class=\"wp-block-media-text__media\"><img loading=\"lazy\" width=\"400\" height=\"400\" src=\"https:\/\/www.ladiagonale.net\/wp-content\/uploads\/2024\/09\/Akliouche7.png\" alt=\"\" class=\"wp-image-25929 size-full\"\/><\/figure><div class=\"wp-block-media-text__content\">\n<p style=\"font-size:16px\"><strong>Maghnes Akliouche<\/strong><\/p>\n\n\n\n<p style=\"font-size:15px\">Il ne d\u00e9couvrait pas totalement ce poste de relayeur, puisque Thierry Henry l&rsquo;avait d\u00e9j\u00e0 employ\u00e9 dans ce r\u00f4le chez les Espoirs, mais \u00e0 Monaco, c&rsquo;\u00e9tait une nouveaut\u00e9. Akliouche s&rsquo;est montr\u00e9 au niveau et a r\u00e9alis\u00e9 un match plein, solide de par son activit\u00e9 et d&rsquo;une grande finesse quant \u00e0 sa justesse technique. Des appels incessants, des acc\u00e9l\u00e9rations balle au pied, des d\u00e9calages d\u00e9licieux, et bien s\u00fbr sa passe d\u00e9cisive pour Ben Seghir (51<sup>e<\/sup>). Les Portugais n&rsquo;ont jamais su le cadrer et il les a rendus ch\u00e8vres. Il a eu plus de mal \u00e0 encha\u00eener en seconde p\u00e9riode mais sa d\u00e9bauche d&rsquo;\u00e9nergie et son sens du collectif ont \u00e9t\u00e9 r\u00e9els.<\/p>\n<\/div><\/div>\n\n\n\n<div style=\"height:50px\" aria-hidden=\"true\" class=\"wp-block-spacer\"><\/div>\n\n\n\n<div class=\"wp-block-media-text alignwide is-stacked-on-mobile\" style=\"grid-template-columns:30% auto\"><figure class=\"wp-block-media-text__media\"><img loading=\"lazy\" width=\"400\" height=\"400\" src=\"https:\/\/www.ladiagonale.net\/wp-content\/uploads\/2024\/11\/Ben-Seghir6.png\" alt=\"\" class=\"wp-image-27797 size-full\" srcset=\"https:\/\/www.ladiagonale.net\/wp-content\/uploads\/2024\/11\/Ben-Seghir6.png 400w, https:\/\/www.ladiagonale.net\/wp-content\/uploads\/2024\/11\/Ben-Seghir6-300x300.png 300w, https:\/\/www.ladiagonale.net\/wp-content\/uploads\/2024\/11\/Ben-Seghir6-150x150.png 150w, https:\/\/www.ladiagonale.net\/wp-content\/uploads\/2024\/11\/Ben-Seghir6-128x128.png 128w, https:\/\/www.ladiagonale.net\/wp-content\/uploads\/2024\/11\/Ben-Seghir6-32x32.png 32w\" sizes=\"(max-width: 400px) 100vw, 400px\" \/><\/figure><div class=\"wp-block-media-text__content\">\n<p style=\"font-size:16px\"><strong>Eliesse Ben Seghir<\/strong><\/p>\n\n\n\n<p style=\"font-size:15px\">Lui aussi a \u00e9t\u00e9 positionn\u00e9 plus bas sur cette rencontre, pendant \u00e0 gauche d&rsquo;Akliouche. Sa prestation n&rsquo;en a pas \u00e9t\u00e9 moins int\u00e9ressante m\u00eame si un peu moins aboutie. Un but d&rsquo;une frappe limpide (51<sup>e<\/sup>), un tir claqu\u00e9 par Trubin (47<sup>e<\/sup>) juste avant et beaucoup de volont\u00e9 de d\u00e9s\u00e9quilibrer balle au pied. Il a aussi \u0153uvr\u00e9 sur le plan d\u00e9fensif en r\u00e9cup\u00e9rant 7 ballons au total (2<sup>e<\/sup> meilleur total du match). Il a tout de m\u00eame eu des creux dans cette rencontre.<\/p>\n<\/div><\/div>\n\n\n\n<div style=\"height:50px\" aria-hidden=\"true\" class=\"wp-block-spacer\"><\/div>\n\n\n\n<div class=\"wp-block-media-text alignwide is-stacked-on-mobile\" style=\"grid-template-columns:30% auto\"><figure class=\"wp-block-media-text__media\"><img loading=\"lazy\" width=\"400\" height=\"400\" src=\"https:\/\/www.ladiagonale.net\/wp-content\/uploads\/2024\/12\/Camara6.png\" alt=\"\" class=\"wp-image-28152 size-full\" srcset=\"https:\/\/www.ladiagonale.net\/wp-content\/uploads\/2024\/12\/Camara6.png 400w, https:\/\/www.ladiagonale.net\/wp-content\/uploads\/2024\/12\/Camara6-300x300.png 300w, https:\/\/www.ladiagonale.net\/wp-content\/uploads\/2024\/12\/Camara6-150x150.png 150w, https:\/\/www.ladiagonale.net\/wp-content\/uploads\/2024\/12\/Camara6-128x128.png 128w, https:\/\/www.ladiagonale.net\/wp-content\/uploads\/2024\/12\/Camara6-32x32.png 32w\" sizes=\"(max-width: 400px) 100vw, 400px\" \/><\/figure><div class=\"wp-block-media-text__content\">\n<p style=\"font-size:16px\"><strong>Lamine Camara<\/strong><\/p>\n\n\n\n<p style=\"font-size:15px\">Seul milieu d\u00e9fensif\/relayeur de m\u00e9tier dans le onze, il a d\u00fb jouer dans un r\u00f4le un peu plus recul\u00e9 qu&rsquo;\u00e0 l\u2019accoutum\u00e9e et a d\u00fb se refr\u00e9ner sur le plan offensif pour garantir l&rsquo;\u00e9quilibre du bloc \u00e9quipe. Mais il s&rsquo;est tr\u00e8s bien tenu \u00e0 cette t\u00e2che et a \u00e9t\u00e9 tr\u00e8s bon \u00e0 la r\u00e9cup\u00e9ration (10 ballons gagn\u00e9s, record du match). Dans l&rsquo;utilisation du cuir aussi, il a r\u00e9alis\u00e9 de bonnes orientations, m\u00eame s&rsquo;il a par moments jou\u00e9 dans un fauteuil tant Benfica ne le pressait pas. Malheureusement, il rate son d\u00e9gagement sur l&rsquo;action qui am\u00e8ne le p\u00e9nalty.<\/p>\n<\/div><\/div>\n\n\n\n<div style=\"height:50px\" aria-hidden=\"true\" class=\"wp-block-spacer\"><\/div>\n\n\n\n<div class=\"wp-block-media-text alignwide is-stacked-on-mobile\" style=\"grid-template-columns:30% auto\"><figure class=\"wp-block-media-text__media\"><img loading=\"lazy\" width=\"400\" height=\"400\" src=\"https:\/\/www.ladiagonale.net\/wp-content\/uploads\/2024\/12\/Minamino6.png\" alt=\"\" class=\"wp-image-28102 size-full\" srcset=\"https:\/\/www.ladiagonale.net\/wp-content\/uploads\/2024\/12\/Minamino6.png 400w, https:\/\/www.ladiagonale.net\/wp-content\/uploads\/2024\/12\/Minamino6-300x300.png 300w, https:\/\/www.ladiagonale.net\/wp-content\/uploads\/2024\/12\/Minamino6-150x150.png 150w, https:\/\/www.ladiagonale.net\/wp-content\/uploads\/2024\/12\/Minamino6-128x128.png 128w, https:\/\/www.ladiagonale.net\/wp-content\/uploads\/2024\/12\/Minamino6-32x32.png 32w\" sizes=\"(max-width: 400px) 100vw, 400px\" \/><\/figure><div class=\"wp-block-media-text__content\">\n<p style=\"font-size:16px\"><strong>Takumi Minamino<\/strong><\/p>\n\n\n\n<p style=\"font-size:15px\">Le Japonais encha\u00eene avec un but apr\u00e8s Nantes, qui l&rsquo;a peut-\u00eatre lib\u00e9r\u00e9. Il a profit\u00e9 du bon travail d&rsquo;Embolo pour aller marquer en prenant Trubin \u00e0 son premier poteau. Il s&rsquo;est montr\u00e9 particuli\u00e8rement en vue sans ballon, gr\u00e2ce \u00e0 ses appels incessants et les espaces ouverts \u00e0 ses partenaires. Il a \u00e9t\u00e9 \u00e9galement pr\u00e9cieux comme premier rideau dans le pressing. On aurait sans doute aim\u00e9 le voir un peu plus toucher le cuir, car il a finalement eu assez peu le ballon dans les pieds.<\/p>\n<\/div><\/div>\n\n\n\n<div style=\"height:50px\" aria-hidden=\"true\" class=\"wp-block-spacer\"><\/div>\n\n\n\n<h4 class=\"wp-block-heading has-white-color has-text-color has-background\" style=\"background-color:#c00501\">FLOPS<\/h4>\n\n\n\n<div class=\"wp-block-media-text alignwide is-stacked-on-mobile\" style=\"grid-template-columns:30% auto\"><figure class=\"wp-block-media-text__media\"><img loading=\"lazy\" width=\"400\" height=\"400\" src=\"https:\/\/www.ladiagonale.net\/wp-content\/uploads\/2024\/12\/Kehrer2.png\" alt=\"\" class=\"wp-image-28137 size-full\" srcset=\"https:\/\/www.ladiagonale.net\/wp-content\/uploads\/2024\/12\/Kehrer2.png 400w, https:\/\/www.ladiagonale.net\/wp-content\/uploads\/2024\/12\/Kehrer2-300x300.png 300w, https:\/\/www.ladiagonale.net\/wp-content\/uploads\/2024\/12\/Kehrer2-150x150.png 150w, https:\/\/www.ladiagonale.net\/wp-content\/uploads\/2024\/12\/Kehrer2-128x128.png 128w, https:\/\/www.ladiagonale.net\/wp-content\/uploads\/2024\/12\/Kehrer2-32x32.png 32w\" sizes=\"(max-width: 400px) 100vw, 400px\" \/><\/figure><div class=\"wp-block-media-text__content\">\n<p style=\"font-size:16px\"><strong>Thilo Kehrer<\/strong><\/p>\n\n\n\n<p style=\"font-size:15px\">Chassez le naturel, il revient au galop. Les supporters du PSG n&rsquo;ont sans doute pas \u00e9t\u00e9 d\u00e9pays\u00e9s en voyant la performance de Kehrer sur ce match, qui leur a sans doute rappel\u00e9 des mauvais souvenirs pendant qu&rsquo;elle donnait la chair de poule aux amoureux de l&rsquo;ASM. Interventions rat\u00e9es, comme lorsqu&rsquo;il est d\u00e9pos\u00e9 par Pavlidis sur l&rsquo;ouverture du score, marquage absent sur le troisi\u00e8me but, faute qui provoque un p\u00e9nalty, tout le catalogue de b\u00eatises du d\u00e9fenseur est pass\u00e9 entre les mains (ou les pieds) du capitaine, qui n&rsquo;a donc pas \u00e9t\u00e9 le leader esp\u00e9r\u00e9 sur cette rencontre. Un match \u00e0 oublier, mais les errements commencent aussi \u00e0 s&rsquo;accumuler pour lui dans cette saison&#8230;<\/p>\n<\/div><\/div>\n\n\n\n<div style=\"height:50px\" aria-hidden=\"true\" class=\"wp-block-spacer\"><\/div>\n\n\n\n<div class=\"wp-block-media-text alignwide is-stacked-on-mobile\" style=\"grid-template-columns:30% auto\"><figure class=\"wp-block-media-text__media\"><img loading=\"lazy\" width=\"400\" height=\"400\" src=\"https:\/\/www.ladiagonale.net\/wp-content\/uploads\/2025\/02\/Singo2.png\" alt=\"\" class=\"wp-image-29973 size-full\" srcset=\"https:\/\/www.ladiagonale.net\/wp-content\/uploads\/2025\/02\/Singo2.png 400w, https:\/\/www.ladiagonale.net\/wp-content\/uploads\/2025\/02\/Singo2-300x300.png 300w, https:\/\/www.ladiagonale.net\/wp-content\/uploads\/2025\/02\/Singo2-150x150.png 150w, https:\/\/www.ladiagonale.net\/wp-content\/uploads\/2025\/02\/Singo2-128x128.png 128w, https:\/\/www.ladiagonale.net\/wp-content\/uploads\/2025\/02\/Singo2-32x32.png 32w\" sizes=\"(max-width: 400px) 100vw, 400px\" \/><\/figure><div class=\"wp-block-media-text__content\">\n<p style=\"font-size:16px\"><strong>Wilfried Singo<\/strong><\/p>\n\n\n\n<p style=\"font-size:15px\">Tout juste revenu de blessure apr\u00e8s un mois d&rsquo;absence, Singo \u00e9tait-il vraiment \u00e0 100% pour ce match ? La question peut se poser, mais H\u00fctter avait sans doute peu d&rsquo;options et se priver de son meilleur d\u00e9fenseur pour cette rencontre capitale aurait \u00e9t\u00e9 une \u00e9pine suppl\u00e9mentaire dans sa botte. C&rsquo;est en tout cas ce qu&rsquo;on pouvait se dire <em>a priori<\/em>, car le bilan commande de dire qu&rsquo;il aurait sans doute mieux valu le laisser sur le banc tant sa prestation a \u00e9t\u00e9 indigente. L&rsquo;Ivoirien est grandement fautif sur le premier but portugais, press\u00e9 et coupable de perdre le ballon. Sur le troisi\u00e8me, sa simulation grotesque dans la surface entra\u00eene un d\u00e9s\u00e9quilibre de toute la ligne d\u00e9fensive. En difficult\u00e9 au duel, il s&rsquo;est un peu rattrap\u00e9 en seconde, mais cela reste insuffisant.<\/p>\n<\/div><\/div>\n\n\n\n<div style=\"height:50px\" aria-hidden=\"true\" class=\"wp-block-spacer\"><\/div>\n\n\n\n<div class=\"wp-block-media-text alignwide is-stacked-on-mobile\" style=\"grid-template-columns:30% auto\"><figure class=\"wp-block-media-text__media\"><img loading=\"lazy\" width=\"400\" height=\"400\" src=\"https:\/\/www.ladiagonale.net\/wp-content\/uploads\/2024\/12\/Embolo3.png\" alt=\"\" class=\"wp-image-28090 size-full\" srcset=\"https:\/\/www.ladiagonale.net\/wp-content\/uploads\/2024\/12\/Embolo3.png 400w, https:\/\/www.ladiagonale.net\/wp-content\/uploads\/2024\/12\/Embolo3-300x300.png 300w, https:\/\/www.ladiagonale.net\/wp-content\/uploads\/2024\/12\/Embolo3-150x150.png 150w, https:\/\/www.ladiagonale.net\/wp-content\/uploads\/2024\/12\/Embolo3-128x128.png 128w, https:\/\/www.ladiagonale.net\/wp-content\/uploads\/2024\/12\/Embolo3-32x32.png 32w\" sizes=\"(max-width: 400px) 100vw, 400px\" \/><\/figure><div class=\"wp-block-media-text__content\">\n<p style=\"font-size:16px\"><strong>Breel Embolo<\/strong><\/p>\n\n\n\n<p style=\"font-size:15px\">Si le secteur offensif a \u00e9t\u00e9 plut\u00f4t en vue, lui en a en revanche \u00e9t\u00e9 le gros point noir. Certes, il gagne son duel face \u00e0 Otamendi et offre une \u00ab\u00a0passe d\u00e9cisive\u00a0\u00bb pour Minamino sur le but de l&rsquo;\u00e9galisation, et il joue tr\u00e8s bien le coup en laissant passer le ballon qui arrive sur Ben Seghir sur le but du 2-1. Mais pour le reste, il a \u00e9t\u00e9 en dessous. Dans ses remises, dans la justesse technique, il a eu un d\u00e9chet important. Mais surtout, face au but, il s&rsquo;est totalement d\u00e9chir\u00e9 sur une grosse occasion (45<sup>e<\/sup>+4) ou rate son contr\u00f4le sur la premi\u00e8re situation mon\u00e9gasque de la partie (4<sup>e<\/sup>). Moins en r\u00e9ussite aussi sur son coup de t\u00eate qui trouve le poteau et longe la ligne (32<sup>e<\/sup>). Autant d&rsquo;opportunit\u00e9s qui auraient pu donner un autre visage \u00e0 cette rencontre et peut-\u00eatre permis \u00e0 Monaco de se qualifier.<\/p>\n<\/div><\/div>\n\n\n\n<div style=\"height:50px\" aria-hidden=\"true\" class=\"wp-block-spacer\"><\/div>\n\n\n\n<h4 class=\"wp-block-heading has-white-color has-text-color has-background\" style=\"background-color:#303030\">Les autres notes<\/h4>\n\n\n<div class=\"wp-block-image\">\n<figure class=\"aligncenter size-large is-resized\"><img loading=\"lazy\" src=\"https:\/\/www.ladiagonale.net\/wp-content\/uploads\/2025\/02\/lineup-builder37-819x1024.png\" alt=\"\" class=\"wp-image-29978\" width=\"614\" height=\"768\" srcset=\"https:\/\/www.ladiagonale.net\/wp-content\/uploads\/2025\/02\/lineup-builder37-819x1024.png 819w, https:\/\/www.ladiagonale.net\/wp-content\/uploads\/2025\/02\/lineup-builder37-240x300.png 240w, https:\/\/www.ladiagonale.net\/wp-content\/uploads\/2025\/02\/lineup-builder37-768x960.png 768w, https:\/\/www.ladiagonale.net\/wp-content\/uploads\/2025\/02\/lineup-builder37-1229x1536.png 1229w, https:\/\/www.ladiagonale.net\/wp-content\/uploads\/2025\/02\/lineup-builder37-102x128.png 102w, https:\/\/www.ladiagonale.net\/wp-content\/uploads\/2025\/02\/lineup-builder37-26x32.png 26w, https:\/\/www.ladiagonale.net\/wp-content\/uploads\/2025\/02\/lineup-builder37.png 1242w\" sizes=\"(max-width: 614px) 100vw, 614px\" \/><figcaption>H\u00fctter : 5<br>Moyenne : 4,5\/10<\/figcaption><\/figure><\/div>","protected":false},"excerpt":{"rendered":"<p>Malgr\u00e9 une certaine audace sur le plan offensif, marqu\u00e9e par des performances s\u00e9duisantes de Maghnes Akliouche et Eliesse Ben Seghir, Monaco a \u00e9t\u00e9 p\u00e9nalis\u00e9 par ses errements d\u00e9fensifs. TOPS Maghnes Akliouche Il ne d\u00e9couvrait pas totalement ce poste de relayeur, puisque Thierry Henry l&rsquo;avait d\u00e9j\u00e0 employ\u00e9 dans ce r\u00f4le chez les Espoirs, mais \u00e0 Monaco, [&#8230;]\n","protected":false},"author":2,"featured_media":29977,"comment_status":"open","ping_status":"open","sticky":false,"template":"","format":"standard","meta":[],"categories":[5,6],"tags":[86,986,287,248],"yoast_head":"<!-- This site is optimized with the Yoast SEO plugin v19.8 - https:\/\/yoast.com\/wordpress\/plugins\/seo\/ -->\n<title>Les notes : l&#039;attaque n&#039;a pas suffi - La Diagonale<\/title>\n<meta name=\"robots\" content=\"index, follow, max-snippet:-1, max-image-preview:large, max-video-preview:-1\" \/>\n<link rel=\"canonical\" href=\"https:\/\/www.ladiagonale.net\/index.php\/2025\/02\/19\/les-notes-lattaque-na-pas-suffi\/\" \/>\n<meta property=\"og:locale\" content=\"fr_FR\" \/>\n<meta property=\"og:type\" content=\"article\" \/>\n<meta property=\"og:title\" content=\"Les notes : l&#039;attaque n&#039;a pas suffi - La Diagonale\" \/>\n<meta property=\"og:description\" content=\"Malgr\u00e9 une certaine audace sur le plan offensif, marqu\u00e9e par des performances s\u00e9duisantes de Maghnes Akliouche et Eliesse Ben Seghir, Monaco a \u00e9t\u00e9 p\u00e9nalis\u00e9 par ses errements d\u00e9fensifs. TOPS Maghnes Akliouche Il ne d\u00e9couvrait pas totalement ce poste de relayeur, puisque Thierry Henry l&rsquo;avait d\u00e9j\u00e0 employ\u00e9 dans ce r\u00f4le chez les Espoirs, mais \u00e0 Monaco, [...]\" \/>\n<meta property=\"og:url\" content=\"https:\/\/www.ladiagonale.net\/index.php\/2025\/02\/19\/les-notes-lattaque-na-pas-suffi\/\" \/>\n<meta property=\"og:site_name\" content=\"La Diagonale\" \/>\n<meta property=\"article:published_time\" content=\"2025-02-19T17:00:57+00:00\" \/>\n<meta property=\"og:image\" content=\"https:\/\/www.ladiagonale.net\/wp-content\/uploads\/2025\/02\/benfica-retour.png\" \/>\n\t<meta property=\"og:image:width\" content=\"1160\" \/>\n\t<meta property=\"og:image:height\" content=\"650\" \/>\n\t<meta property=\"og:image:type\" content=\"image\/png\" \/>\n<meta name=\"author\" content=\"Damien Dellerba\" \/>\n<meta name=\"twitter:card\" content=\"summary_large_image\" \/>\n<meta name=\"twitter:image\" content=\"https:\/\/www.ladiagonale.net\/wp-content\/uploads\/2025\/02\/benfica-retour.png\" \/>\n<meta name=\"twitter:label1\" content=\"\u00c9crit par\" \/>\n\t<meta name=\"twitter:data1\" content=\"Damien Dellerba\" \/>\n\t<meta name=\"twitter:label2\" content=\"Dur\u00e9e de lecture estim\u00e9e\" \/>\n\t<meta name=\"twitter:data2\" content=\"6 minutes\" \/>\n<script type=\"application\/ld+json\" class=\"yoast-schema-graph\">{\"@context\":\"https:\/\/schema.org\",\"@graph\":[{\"@type\":\"WebPage\",\"@id\":\"https:\/\/www.ladiagonale.net\/index.php\/2025\/02\/19\/les-notes-lattaque-na-pas-suffi\/\",\"url\":\"https:\/\/www.ladiagonale.net\/index.php\/2025\/02\/19\/les-notes-lattaque-na-pas-suffi\/\",\"name\":\"Les notes : l'attaque n'a pas suffi - La Diagonale\",\"isPartOf\":{\"@id\":\"https:\/\/www.ladiagonale.net\/#website\"},\"datePublished\":\"2025-02-19T17:00:57+00:00\",\"dateModified\":\"2025-02-19T17:00:57+00:00\",\"author\":{\"@id\":\"https:\/\/www.ladiagonale.net\/#\/schema\/person\/79ff1e7b0853ed01b2aa26e64ad300bf\"},\"breadcrumb\":{\"@id\":\"https:\/\/www.ladiagonale.net\/index.php\/2025\/02\/19\/les-notes-lattaque-na-pas-suffi\/#breadcrumb\"},\"inLanguage\":\"fr-FR\",\"potentialAction\":[{\"@type\":\"ReadAction\",\"target\":[\"https:\/\/www.ladiagonale.net\/index.php\/2025\/02\/19\/les-notes-lattaque-na-pas-suffi\/\"]}]},{\"@type\":\"BreadcrumbList\",\"@id\":\"https:\/\/www.ladiagonale.net\/index.php\/2025\/02\/19\/les-notes-lattaque-na-pas-suffi\/#breadcrumb\",\"itemListElement\":[{\"@type\":\"ListItem\",\"position\":1,\"name\":\"Accueil\",\"item\":\"https:\/\/www.ladiagonale.net\/\"},{\"@type\":\"ListItem\",\"position\":2,\"name\":\"Les notes : l&rsquo;attaque n&rsquo;a pas suffi\"}]},{\"@type\":\"WebSite\",\"@id\":\"https:\/\/www.ladiagonale.net\/#website\",\"url\":\"https:\/\/www.ladiagonale.net\/\",\"name\":\"La Diagonale\",\"description\":\"Le site des supporters de l&#039;AS Monaco FC\",\"potentialAction\":[{\"@type\":\"SearchAction\",\"target\":{\"@type\":\"EntryPoint\",\"urlTemplate\":\"https:\/\/www.ladiagonale.net\/?s={search_term_string}\"},\"query-input\":\"required name=search_term_string\"}],\"inLanguage\":\"fr-FR\"},{\"@type\":\"Person\",\"@id\":\"https:\/\/www.ladiagonale.net\/#\/schema\/person\/79ff1e7b0853ed01b2aa26e64ad300bf\",\"name\":\"Damien Dellerba\",\"image\":{\"@type\":\"ImageObject\",\"inLanguage\":\"fr-FR\",\"@id\":\"https:\/\/www.ladiagonale.net\/#\/schema\/person\/image\/\",\"url\":\"https:\/\/secure.gravatar.com\/avatar\/c7850e06d3ff63cdbaee88b7fc16e2f0?s=96&d=mm&r=g\",\"contentUrl\":\"https:\/\/secure.gravatar.com\/avatar\/c7850e06d3ff63cdbaee88b7fc16e2f0?s=96&d=mm&r=g\",\"caption\":\"Damien Dellerba\"},\"url\":\"https:\/\/www.ladiagonale.net\/index.php\/author\/damien\/\"}]}<\/script>\n<!-- \/ Yoast SEO plugin. -->","yoast_head_json":{"title":"Les notes : l'attaque n'a pas suffi - La Diagonale","robots":{"index":"index","follow":"follow","max-snippet":"max-snippet:-1","max-image-preview":"max-image-preview:large","max-video-preview":"max-video-preview:-1"},"canonical":"https:\/\/www.ladiagonale.net\/index.php\/2025\/02\/19\/les-notes-lattaque-na-pas-suffi\/","og_locale":"fr_FR","og_type":"article","og_title":"Les notes : l'attaque n'a pas suffi - La Diagonale","og_description":"Malgr\u00e9 une certaine audace sur le plan offensif, marqu\u00e9e par des performances s\u00e9duisantes de Maghnes Akliouche et Eliesse Ben Seghir, Monaco a \u00e9t\u00e9 p\u00e9nalis\u00e9 par ses errements d\u00e9fensifs. TOPS Maghnes Akliouche Il ne d\u00e9couvrait pas totalement ce poste de relayeur, puisque Thierry Henry l&rsquo;avait d\u00e9j\u00e0 employ\u00e9 dans ce r\u00f4le chez les Espoirs, mais \u00e0 Monaco, [...]","og_url":"https:\/\/www.ladiagonale.net\/index.php\/2025\/02\/19\/les-notes-lattaque-na-pas-suffi\/","og_site_name":"La Diagonale","article_published_time":"2025-02-19T17:00:57+00:00","og_image":[{"width":1160,"height":650,"url":"https:\/\/www.ladiagonale.net\/wp-content\/uploads\/2025\/02\/benfica-retour.png","type":"image\/png"}],"author":"Damien Dellerba","twitter_card":"summary_large_image","twitter_image":"https:\/\/www.ladiagonale.net\/wp-content\/uploads\/2025\/02\/benfica-retour.png","twitter_misc":{"\u00c9crit par":"Damien Dellerba","Dur\u00e9e de lecture estim\u00e9e":"6 minutes"},"schema":{"@context":"https:\/\/schema.org","@graph":[{"@type":"WebPage","@id":"https:\/\/www.ladiagonale.net\/index.php\/2025\/02\/19\/les-notes-lattaque-na-pas-suffi\/","url":"https:\/\/www.ladiagonale.net\/index.php\/2025\/02\/19\/les-notes-lattaque-na-pas-suffi\/","name":"Les notes : l'attaque n'a pas suffi - La Diagonale","isPartOf":{"@id":"https:\/\/www.ladiagonale.net\/#website"},"datePublished":"2025-02-19T17:00:57+00:00","dateModified":"2025-02-19T17:00:57+00:00","author":{"@id":"https:\/\/www.ladiagonale.net\/#\/schema\/person\/79ff1e7b0853ed01b2aa26e64ad300bf"},"breadcrumb":{"@id":"https:\/\/www.ladiagonale.net\/index.php\/2025\/02\/19\/les-notes-lattaque-na-pas-suffi\/#breadcrumb"},"inLanguage":"fr-FR","potentialAction":[{"@type":"ReadAction","target":["https:\/\/www.ladiagonale.net\/index.php\/2025\/02\/19\/les-notes-lattaque-na-pas-suffi\/"]}]},{"@type":"BreadcrumbList","@id":"https:\/\/www.ladiagonale.net\/index.php\/2025\/02\/19\/les-notes-lattaque-na-pas-suffi\/#breadcrumb","itemListElement":[{"@type":"ListItem","position":1,"name":"Accueil","item":"https:\/\/www.ladiagonale.net\/"},{"@type":"ListItem","position":2,"name":"Les notes : l&rsquo;attaque n&rsquo;a pas suffi"}]},{"@type":"WebSite","@id":"https:\/\/www.ladiagonale.net\/#website","url":"https:\/\/www.ladiagonale.net\/","name":"La Diagonale","description":"Le site des supporters de l&#039;AS Monaco FC","potentialAction":[{"@type":"SearchAction","target":{"@type":"EntryPoint","urlTemplate":"https:\/\/www.ladiagonale.net\/?s={search_term_string}"},"query-input":"required name=search_term_string"}],"inLanguage":"fr-FR"},{"@type":"Person","@id":"https:\/\/www.ladiagonale.net\/#\/schema\/person\/79ff1e7b0853ed01b2aa26e64ad300bf","name":"Damien Dellerba","image":{"@type":"ImageObject","inLanguage":"fr-FR","@id":"https:\/\/www.ladiagonale.net\/#\/schema\/person\/image\/","url":"https:\/\/secure.gravatar.com\/avatar\/c7850e06d3ff63cdbaee88b7fc16e2f0?s=96&d=mm&r=g","contentUrl":"https:\/\/secure.gravatar.com\/avatar\/c7850e06d3ff63cdbaee88b7fc16e2f0?s=96&d=mm&r=g","caption":"Damien Dellerba"},"url":"https:\/\/www.ladiagonale.net\/index.php\/author\/damien\/"}]}},"_links":{"self":[{"href":"https:\/\/www.ladiagonale.net\/index.php\/wp-json\/wp\/v2\/posts\/29961"}],"collection":[{"href":"https:\/\/www.ladiagonale.net\/index.php\/wp-json\/wp\/v2\/posts"}],"about":[{"href":"https:\/\/www.ladiagonale.net\/index.php\/wp-json\/wp\/v2\/types\/post"}],"author":[{"embeddable":true,"href":"https:\/\/www.ladiagonale.net\/index.php\/wp-json\/wp\/v2\/users\/2"}],"replies":[{"embeddable":true,"href":"https:\/\/www.ladiagonale.net\/index.php\/wp-json\/wp\/v2\/comments?post=29961"}],"version-history":[{"count":5,"href":"https:\/\/www.ladiagonale.net\/index.php\/wp-json\/wp\/v2\/posts\/29961\/revisions"}],"predecessor-version":[{"id":29979,"href":"https:\/\/www.ladiagonale.net\/index.php\/wp-json\/wp\/v2\/posts\/29961\/revisions\/29979"}],"wp:featuredmedia":[{"embeddable":true,"href":"https:\/\/www.ladiagonale.net\/index.php\/wp-json\/wp\/v2\/media\/29977"}],"wp:attachment":[{"href":"https:\/\/www.ladiagonale.net\/index.php\/wp-json\/wp\/v2\/media?parent=29961"}],"wp:term":[{"taxonomy":"category","embeddable":true,"href":"https:\/\/www.ladiagonale.net\/index.php\/wp-json\/wp\/v2\/categories?post=29961"},{"taxonomy":"post_tag","embeddable":true,"href":"https:\/\/www.ladiagonale.net\/index.php\/wp-json\/wp\/v2\/tags?post=29961"}],"curies":[{"name":"wp","href":"https:\/\/api.w.org\/{rel}","templated":true}]}}