{"id":29975,"date":"2025-02-19T15:07:49","date_gmt":"2025-02-19T14:07:49","guid":{"rendered":"https:\/\/www.ladiagonale.net\/?p=29975"},"modified":"2025-12-28T00:53:46","modified_gmt":"2025-12-27T23:53:46","slug":"scuro-sur-lelimination-de-monaco-en-c1-bien-sur-que-cest-un-echec","status":"publish","type":"post","link":"https:\/\/www.ladiagonale.net\/index.php\/2025\/02\/19\/scuro-sur-lelimination-de-monaco-en-c1-bien-sur-que-cest-un-echec\/","title":{"rendered":"Scuro sur l&rsquo;\u00e9limination de Monaco en C1 : \u00ab\u00a0Bien s\u00fbr que c\u2019est un \u00e9chec\u00a0\u00bb"},"content":{"rendered":"\n\n\n<p>Thiago Scuro est revenu sur l\u2019\u00e9limination de l\u2019AS Monaco contre Benfica en Ligue des champions. Selon lui, c\u2019est la manche aller qui a surtout caus\u00e9 cette d\u00e9confiture : \u00ab&nbsp;<em>Je crois que nous devons regarder le tableau dans son ensemble. Ce soir, nous avons montr\u00e9 de tr\u00e8s belles choses, beaucoup de qualit\u00e9 malgr\u00e9 l\u2019absence de plusieurs joueurs. Cette jeune \u00e9quipe a aussi montr\u00e9 qu\u2019elle croit en son coach, en la fa\u00e7on dont nous jouons au football et en notre progression. Malheureusement l\u2019histoire du match ne nous est pas favorable. Nous avons aussi fait des erreurs, cela fait partie du jeu. Mais clairement nous avons perdu la qualification \u00e0 Monaco, pas ici \u00e0 Lisbonne. Au contraire, nous avons montr\u00e9 que l\u2019AS Monaco \u00e9tait fort et que le club m\u00e9ritait sa place ici.<\/em>&nbsp;\u00bb<\/p>\n\n\n\n<p>Pour le Directeur g\u00e9n\u00e9ral du club, ne pas passer cet obstacle portugais n\u2019en reste pas moins un \u00e9chec. Le Br\u00e9silien estime m\u00eame que l\u2019ASM tout autant de qualit\u00e9 que la formation adverse : \u00ab&nbsp;<em>Pour un club comme Monaco, avec les qualit\u00e9s qu&rsquo;on a, jouer contre Benfica qui n&rsquo;est pas meilleur que nous, et se faire \u00e9liminer, c&rsquo;est un \u00e9chec. Nous devons apprendre de cet \u00e9chec et se reconcentrer sur le championnat. Nous voulons absolument \u00eatre de retour en Ligue des champions la saison prochaine. Nous devons donc poursuivre notre chemin en Ligue 1. C&rsquo;est ce qu&rsquo;on va faire ce week-end \u00e0 Lille, qui est une \u00e9quipe tr\u00e8s forte<\/em>.&nbsp;\u00bb<\/p>\n\n\n\n<blockquote class=\"wp-block-quote\"><p>\u00ab&nbsp;<em>Notre objectif ne change pas par rapport au d\u00e9but de saison<\/em>&nbsp;\u00bb<\/p><cite>Thiago Scuro, \u00e0 propos d&rsquo;une qualification en Ligue des champions pour la saison prochaine<\/cite><\/blockquote>\n\n\n\n<p>Sur les erreurs, Scuro n\u2019a pas vraiment de regrets. Il fallait prendre des risques pour se qualifier et cela fait partie du jeu : \u00ab\u00a0<em>Il y a eu des erreurs offensives comme d\u00e9fensives, c\u2019est le football, il est fait d\u2019erreurs multiples. Aucune \u00e9quipe ne fait aucune erreur, sinon il n\u2019y aurait que des 0-0. Je ne vois pas les choses comme \u00e7a. Il y a eu des erreurs, \u00e7a fait partie du jeu. Je le r\u00e9p\u00e8te, nous sommes fiers de ce que nous avons montr\u00e9 ce soir, du visage montr\u00e9 par nos joueurs, qui ont prouv\u00e9 ce qu\u2019est l\u2019AS Monaco. Et nous allons continuer \u00e0 progresser.<\/em>\u00a0\u00bb<\/p>\n\n\n\n<p>Ce soir, il a manqu\u00e9 de nombreux joueurs exp\u00e9riment\u00e9s dans l\u2019\u00e9quipe mais Scuro estime que ce n\u2019est pas vraiment le moment de parler de \u00e7a : \u00ab&nbsp;<em>C\u2019est une discussion que nous avons eue durant le mercato d\u2019hiver. Mais je pense que ce soir nous avons vu qu\u2019il y avait un bon \u00e9quilibre entre joueurs d\u2019exp\u00e9rience et jeunes talents. Nous avons parfois souffert des absences cette saison et esp\u00e9rons que cela sera diff\u00e9rent l\u2019an prochain. Mais la saison n\u2019est pas finie, le moment n\u2019est pas venu de se pencher sur ce point mais plut\u00f4t de bien r\u00e9cup\u00e9rer, et travailler pour r\u00e9cup\u00e9rer ceux qui n\u2019\u00e9taient pas disponibles ce soir, pour avoir un groupe plus fort dans le sprint final.<\/em>&nbsp;\u00bb<\/p>\n\n\n\n<p>Scuro a h\u00e2te de retourner en Ligue des champions la saison prochaine. Mais il faudra atteindre le top 3 et jeter toutes ses forces dans la bataille en championnat d\u00e9sormais : \u00ab&nbsp;<em>Bien s\u00fbr, notre objectif ne change pas par rapport au d\u00e9but de saison. Nous voulons terminer parmi les trois premiers au classement et \u00e9crire la m\u00eame histoire que la saison derni\u00e8re. Nous sommes encore en course au classement pour nous qualifier directement pour la Ligue des Champions et avons des confrontations avec nos adversaires directs. Nous allons donc travailler dur pour atteindre cet objectif du Top 3 et retrouver cette comp\u00e9tition lors du prochain exercice.<\/em>&nbsp;\u00bb<\/p>\n\n\n\n<p class=\"has-text-align-right has-small-font-size\">Source : <em>AS Monaco<\/em><\/p>\n","protected":false},"excerpt":{"rendered":"<p>Thiago Scuro est revenu sur l\u2019\u00e9limination de l\u2019AS Monaco contre Benfica en Ligue des champions. Selon lui, c\u2019est la manche aller qui a surtout caus\u00e9 cette d\u00e9confiture : \u00ab&nbsp;Je crois que nous devons regarder le tableau dans son ensemble. Ce soir, nous avons montr\u00e9 de tr\u00e8s belles choses, beaucoup de qualit\u00e9 malgr\u00e9 l\u2019absence de plusieurs [&#8230;]\n","protected":false},"author":2,"featured_media":0,"comment_status":"open","ping_status":"open","sticky":false,"template":"","format":"standard","meta":[],"categories":[6],"tags":[86,986,287,479],"yoast_head":"<!-- This site is optimized with the Yoast SEO plugin v19.8 - https:\/\/yoast.com\/wordpress\/plugins\/seo\/ -->\n<title>Scuro sur l&#039;\u00e9limination de Monaco en C1 : \u00ab\u00a0Bien s\u00fbr que c\u2019est un \u00e9chec\u00a0\u00bb - La Diagonale<\/title>\n<meta name=\"robots\" content=\"index, follow, max-snippet:-1, max-image-preview:large, max-video-preview:-1\" \/>\n<link rel=\"canonical\" href=\"https:\/\/www.ladiagonale.net\/index.php\/2025\/02\/19\/scuro-sur-lelimination-de-monaco-en-c1-bien-sur-que-cest-un-echec\/\" \/>\n<meta property=\"og:locale\" content=\"fr_FR\" \/>\n<meta property=\"og:type\" content=\"article\" \/>\n<meta property=\"og:title\" content=\"Scuro sur l&#039;\u00e9limination de Monaco en C1 : \u00ab\u00a0Bien s\u00fbr que c\u2019est un \u00e9chec\u00a0\u00bb - La Diagonale\" \/>\n<meta property=\"og:description\" content=\"Thiago Scuro est revenu sur l\u2019\u00e9limination de l\u2019AS Monaco contre Benfica en Ligue des champions. Selon lui, c\u2019est la manche aller qui a surtout caus\u00e9 cette d\u00e9confiture : \u00ab&nbsp;Je crois que nous devons regarder le tableau dans son ensemble. Ce soir, nous avons montr\u00e9 de tr\u00e8s belles choses, beaucoup de qualit\u00e9 malgr\u00e9 l\u2019absence de plusieurs [...]\" \/>\n<meta property=\"og:url\" content=\"https:\/\/www.ladiagonale.net\/index.php\/2025\/02\/19\/scuro-sur-lelimination-de-monaco-en-c1-bien-sur-que-cest-un-echec\/\" \/>\n<meta property=\"og:site_name\" content=\"La Diagonale\" \/>\n<meta property=\"article:published_time\" content=\"2025-02-19T14:07:49+00:00\" \/>\n<meta property=\"article:modified_time\" content=\"2025-12-27T23:53:46+00:00\" \/>\n<meta property=\"og:image\" content=\"https:\/\/www.ladiagonale.net\/wp-content\/uploads\/2024\/01\/scuro-2.png\" \/>\n\t<meta property=\"og:image:width\" content=\"1160\" \/>\n\t<meta property=\"og:image:height\" content=\"650\" \/>\n\t<meta property=\"og:image:type\" content=\"image\/png\" \/>\n<meta name=\"author\" content=\"Damien Dellerba\" \/>\n<meta name=\"twitter:card\" content=\"summary_large_image\" \/>\n<meta name=\"twitter:image\" content=\"https:\/\/www.ladiagonale.net\/wp-content\/uploads\/2024\/01\/scuro-2.png\" \/>\n<meta name=\"twitter:label1\" content=\"\u00c9crit par\" \/>\n\t<meta name=\"twitter:data1\" content=\"Damien Dellerba\" \/>\n\t<meta name=\"twitter:label2\" content=\"Dur\u00e9e de lecture estim\u00e9e\" \/>\n\t<meta name=\"twitter:data2\" content=\"4 minutes\" \/>\n<script type=\"application\/ld+json\" class=\"yoast-schema-graph\">{\"@context\":\"https:\/\/schema.org\",\"@graph\":[{\"@type\":\"WebPage\",\"@id\":\"https:\/\/www.ladiagonale.net\/index.php\/2025\/02\/19\/scuro-sur-lelimination-de-monaco-en-c1-bien-sur-que-cest-un-echec\/\",\"url\":\"https:\/\/www.ladiagonale.net\/index.php\/2025\/02\/19\/scuro-sur-lelimination-de-monaco-en-c1-bien-sur-que-cest-un-echec\/\",\"name\":\"Scuro sur l'\u00e9limination de Monaco en C1 : \u00ab\u00a0Bien s\u00fbr que c\u2019est un \u00e9chec\u00a0\u00bb - La Diagonale\",\"isPartOf\":{\"@id\":\"https:\/\/www.ladiagonale.net\/#website\"},\"datePublished\":\"2025-02-19T14:07:49+00:00\",\"dateModified\":\"2025-12-27T23:53:46+00:00\",\"author\":{\"@id\":\"https:\/\/www.ladiagonale.net\/#\/schema\/person\/79ff1e7b0853ed01b2aa26e64ad300bf\"},\"breadcrumb\":{\"@id\":\"https:\/\/www.ladiagonale.net\/index.php\/2025\/02\/19\/scuro-sur-lelimination-de-monaco-en-c1-bien-sur-que-cest-un-echec\/#breadcrumb\"},\"inLanguage\":\"fr-FR\",\"potentialAction\":[{\"@type\":\"ReadAction\",\"target\":[\"https:\/\/www.ladiagonale.net\/index.php\/2025\/02\/19\/scuro-sur-lelimination-de-monaco-en-c1-bien-sur-que-cest-un-echec\/\"]}]},{\"@type\":\"BreadcrumbList\",\"@id\":\"https:\/\/www.ladiagonale.net\/index.php\/2025\/02\/19\/scuro-sur-lelimination-de-monaco-en-c1-bien-sur-que-cest-un-echec\/#breadcrumb\",\"itemListElement\":[{\"@type\":\"ListItem\",\"position\":1,\"name\":\"Accueil\",\"item\":\"https:\/\/www.ladiagonale.net\/\"},{\"@type\":\"ListItem\",\"position\":2,\"name\":\"Scuro sur l&rsquo;\u00e9limination de Monaco en C1 : \u00ab\u00a0Bien s\u00fbr que c\u2019est un \u00e9chec\u00a0\u00bb\"}]},{\"@type\":\"WebSite\",\"@id\":\"https:\/\/www.ladiagonale.net\/#website\",\"url\":\"https:\/\/www.ladiagonale.net\/\",\"name\":\"La Diagonale\",\"description\":\"Le site des supporters de l&#039;AS Monaco FC\",\"potentialAction\":[{\"@type\":\"SearchAction\",\"target\":{\"@type\":\"EntryPoint\",\"urlTemplate\":\"https:\/\/www.ladiagonale.net\/?s={search_term_string}\"},\"query-input\":\"required name=search_term_string\"}],\"inLanguage\":\"fr-FR\"},{\"@type\":\"Person\",\"@id\":\"https:\/\/www.ladiagonale.net\/#\/schema\/person\/79ff1e7b0853ed01b2aa26e64ad300bf\",\"name\":\"Damien Dellerba\",\"image\":{\"@type\":\"ImageObject\",\"inLanguage\":\"fr-FR\",\"@id\":\"https:\/\/www.ladiagonale.net\/#\/schema\/person\/image\/\",\"url\":\"https:\/\/secure.gravatar.com\/avatar\/c7850e06d3ff63cdbaee88b7fc16e2f0?s=96&d=mm&r=g\",\"contentUrl\":\"https:\/\/secure.gravatar.com\/avatar\/c7850e06d3ff63cdbaee88b7fc16e2f0?s=96&d=mm&r=g\",\"caption\":\"Damien Dellerba\"},\"url\":\"https:\/\/www.ladiagonale.net\/index.php\/author\/damien\/\"}]}<\/script>\n<!-- \/ Yoast SEO plugin. -->","yoast_head_json":{"title":"Scuro sur l'\u00e9limination de Monaco en C1 : \u00ab\u00a0Bien s\u00fbr que c\u2019est un \u00e9chec\u00a0\u00bb - La Diagonale","robots":{"index":"index","follow":"follow","max-snippet":"max-snippet:-1","max-image-preview":"max-image-preview:large","max-video-preview":"max-video-preview:-1"},"canonical":"https:\/\/www.ladiagonale.net\/index.php\/2025\/02\/19\/scuro-sur-lelimination-de-monaco-en-c1-bien-sur-que-cest-un-echec\/","og_locale":"fr_FR","og_type":"article","og_title":"Scuro sur l'\u00e9limination de Monaco en C1 : \u00ab\u00a0Bien s\u00fbr que c\u2019est un \u00e9chec\u00a0\u00bb - La Diagonale","og_description":"Thiago Scuro est revenu sur l\u2019\u00e9limination de l\u2019AS Monaco contre Benfica en Ligue des champions. Selon lui, c\u2019est la manche aller qui a surtout caus\u00e9 cette d\u00e9confiture : \u00ab&nbsp;Je crois que nous devons regarder le tableau dans son ensemble. Ce soir, nous avons montr\u00e9 de tr\u00e8s belles choses, beaucoup de qualit\u00e9 malgr\u00e9 l\u2019absence de plusieurs [...]","og_url":"https:\/\/www.ladiagonale.net\/index.php\/2025\/02\/19\/scuro-sur-lelimination-de-monaco-en-c1-bien-sur-que-cest-un-echec\/","og_site_name":"La Diagonale","article_published_time":"2025-02-19T14:07:49+00:00","article_modified_time":"2025-12-27T23:53:46+00:00","og_image":[{"width":1160,"height":650,"url":"https:\/\/www.ladiagonale.net\/wp-content\/uploads\/2024\/01\/scuro-2.png","type":"image\/png"}],"author":"Damien Dellerba","twitter_card":"summary_large_image","twitter_image":"https:\/\/www.ladiagonale.net\/wp-content\/uploads\/2024\/01\/scuro-2.png","twitter_misc":{"\u00c9crit par":"Damien Dellerba","Dur\u00e9e de lecture estim\u00e9e":"4 minutes"},"schema":{"@context":"https:\/\/schema.org","@graph":[{"@type":"WebPage","@id":"https:\/\/www.ladiagonale.net\/index.php\/2025\/02\/19\/scuro-sur-lelimination-de-monaco-en-c1-bien-sur-que-cest-un-echec\/","url":"https:\/\/www.ladiagonale.net\/index.php\/2025\/02\/19\/scuro-sur-lelimination-de-monaco-en-c1-bien-sur-que-cest-un-echec\/","name":"Scuro sur l'\u00e9limination de Monaco en C1 : \u00ab\u00a0Bien s\u00fbr que c\u2019est un \u00e9chec\u00a0\u00bb - La Diagonale","isPartOf":{"@id":"https:\/\/www.ladiagonale.net\/#website"},"datePublished":"2025-02-19T14:07:49+00:00","dateModified":"2025-12-27T23:53:46+00:00","author":{"@id":"https:\/\/www.ladiagonale.net\/#\/schema\/person\/79ff1e7b0853ed01b2aa26e64ad300bf"},"breadcrumb":{"@id":"https:\/\/www.ladiagonale.net\/index.php\/2025\/02\/19\/scuro-sur-lelimination-de-monaco-en-c1-bien-sur-que-cest-un-echec\/#breadcrumb"},"inLanguage":"fr-FR","potentialAction":[{"@type":"ReadAction","target":["https:\/\/www.ladiagonale.net\/index.php\/2025\/02\/19\/scuro-sur-lelimination-de-monaco-en-c1-bien-sur-que-cest-un-echec\/"]}]},{"@type":"BreadcrumbList","@id":"https:\/\/www.ladiagonale.net\/index.php\/2025\/02\/19\/scuro-sur-lelimination-de-monaco-en-c1-bien-sur-que-cest-un-echec\/#breadcrumb","itemListElement":[{"@type":"ListItem","position":1,"name":"Accueil","item":"https:\/\/www.ladiagonale.net\/"},{"@type":"ListItem","position":2,"name":"Scuro sur l&rsquo;\u00e9limination de Monaco en C1 : \u00ab\u00a0Bien s\u00fbr que c\u2019est un \u00e9chec\u00a0\u00bb"}]},{"@type":"WebSite","@id":"https:\/\/www.ladiagonale.net\/#website","url":"https:\/\/www.ladiagonale.net\/","name":"La Diagonale","description":"Le site des supporters de l&#039;AS Monaco FC","potentialAction":[{"@type":"SearchAction","target":{"@type":"EntryPoint","urlTemplate":"https:\/\/www.ladiagonale.net\/?s={search_term_string}"},"query-input":"required name=search_term_string"}],"inLanguage":"fr-FR"},{"@type":"Person","@id":"https:\/\/www.ladiagonale.net\/#\/schema\/person\/79ff1e7b0853ed01b2aa26e64ad300bf","name":"Damien Dellerba","image":{"@type":"ImageObject","inLanguage":"fr-FR","@id":"https:\/\/www.ladiagonale.net\/#\/schema\/person\/image\/","url":"https:\/\/secure.gravatar.com\/avatar\/c7850e06d3ff63cdbaee88b7fc16e2f0?s=96&d=mm&r=g","contentUrl":"https:\/\/secure.gravatar.com\/avatar\/c7850e06d3ff63cdbaee88b7fc16e2f0?s=96&d=mm&r=g","caption":"Damien Dellerba"},"url":"https:\/\/www.ladiagonale.net\/index.php\/author\/damien\/"}]}},"_links":{"self":[{"href":"https:\/\/www.ladiagonale.net\/index.php\/wp-json\/wp\/v2\/posts\/29975"}],"collection":[{"href":"https:\/\/www.ladiagonale.net\/index.php\/wp-json\/wp\/v2\/posts"}],"about":[{"href":"https:\/\/www.ladiagonale.net\/index.php\/wp-json\/wp\/v2\/types\/post"}],"author":[{"embeddable":true,"href":"https:\/\/www.ladiagonale.net\/index.php\/wp-json\/wp\/v2\/users\/2"}],"replies":[{"embeddable":true,"href":"https:\/\/www.ladiagonale.net\/index.php\/wp-json\/wp\/v2\/comments?post=29975"}],"version-history":[{"count":2,"href":"https:\/\/www.ladiagonale.net\/index.php\/wp-json\/wp\/v2\/posts\/29975\/revisions"}],"predecessor-version":[{"id":35938,"href":"https:\/\/www.ladiagonale.net\/index.php\/wp-json\/wp\/v2\/posts\/29975\/revisions\/35938"}],"wp:attachment":[{"href":"https:\/\/www.ladiagonale.net\/index.php\/wp-json\/wp\/v2\/media?parent=29975"}],"wp:term":[{"taxonomy":"category","embeddable":true,"href":"https:\/\/www.ladiagonale.net\/index.php\/wp-json\/wp\/v2\/categories?post=29975"},{"taxonomy":"post_tag","embeddable":true,"href":"https:\/\/www.ladiagonale.net\/index.php\/wp-json\/wp\/v2\/tags?post=29975"}],"curies":[{"name":"wp","href":"https:\/\/api.w.org\/{rel}","templated":true}]}}