{"id":29986,"date":"2025-02-20T15:00:16","date_gmt":"2025-02-20T14:00:16","guid":{"rendered":"https:\/\/www.ladiagonale.net\/?p=29986"},"modified":"2025-02-20T15:49:24","modified_gmt":"2025-02-20T14:49:24","slug":"un-bon-de-sortie-pour-akliouche-cet-ete","status":"publish","type":"post","link":"https:\/\/www.ladiagonale.net\/index.php\/2025\/02\/20\/un-bon-de-sortie-pour-akliouche-cet-ete\/","title":{"rendered":"Un bon de sortie pour Akliouche cet \u00e9t\u00e9"},"content":{"rendered":"\n\n\n<p>Apr\u00e8s avoir explos\u00e9 la saison derni\u00e8re, Maghnes Akliouche confirme cette saison et notamment au plus haut niveau europ\u00e9en, o\u00f9 il a livr\u00e9 plusieurs grandes prestations, que ce soit contre Barcelone en d\u00e9but de saison <em>(2-1, le 19 septembre)<\/em> ou contre Benifca (3-3) mardi soir. Le milieu offensif de l\u2019AS Monaco dispose d\u2019une belle cote, et c\u2019\u00e9tait d\u00e9j\u00e0 le cas bien avant qu\u2019il se r\u00e9v\u00e8le, puisqu\u2019il \u00e9tait courtis\u00e9 par de nombreux clubs fran\u00e7ais, Lille et Lorient en t\u00eate. L\u2019ASM n\u2019a jamais voulu le l\u00e2cher jusqu\u2019alors mais cela devrait changer cet \u00e9t\u00e9. Selon <em>L\u2019\u00c9quipe<\/em>, le joueur de 22 ans devrait disposer d\u2019un bon de sortie lors du prochain mercato.<\/p>\n\n\n\n<p>Une information qui ne devrait pas surprendre grand monde par rapport au niveau atteint par l\u2019international Espoirs, d\u00e9sormais m\u00fbr pour aller se frotter au gratin europ\u00e9en, mais aussi en raison du mod\u00e8le mon\u00e9gasque et de sa logique \u00e9conomique. Le natif de Tremblay-en-France, prolong\u00e9 jusqu&rsquo;en 2028 en janvier dernier, a disput\u00e9 31 rencontres cette saison, pour cinq buts inscrits et sept passes d\u00e9cisives d\u00e9livr\u00e9es. Au total, Akliouche a jou\u00e9 84 rencontres avec l&rsquo;ASM depuis sa premi\u00e8re apparition en octobre 2021 \u00e0 Lyon. Depuis plusieurs mois, il serait dans le viseur du PSG.<\/p>\n","protected":false},"excerpt":{"rendered":"<p>Apr\u00e8s avoir explos\u00e9 la saison derni\u00e8re, Maghnes Akliouche confirme cette saison et notamment au plus haut niveau europ\u00e9en, o\u00f9 il a livr\u00e9 plusieurs grandes prestations, que ce soit contre Barcelone en d\u00e9but de saison (2-1, le 19 septembre) ou contre Benifca (3-3) mardi soir. Le milieu offensif de l\u2019AS Monaco dispose d\u2019une belle cote, et [&#8230;]\n","protected":false},"author":2,"featured_media":0,"comment_status":"open","ping_status":"open","sticky":false,"template":"","format":"standard","meta":[],"categories":[6],"tags":[86,190,111,110],"yoast_head":"<!-- This site is optimized with the Yoast SEO plugin v19.8 - https:\/\/yoast.com\/wordpress\/plugins\/seo\/ -->\n<title>Un bon de sortie pour Akliouche cet \u00e9t\u00e9 - La Diagonale<\/title>\n<meta name=\"robots\" content=\"index, follow, max-snippet:-1, max-image-preview:large, max-video-preview:-1\" \/>\n<link rel=\"canonical\" href=\"https:\/\/www.ladiagonale.net\/index.php\/2025\/02\/20\/un-bon-de-sortie-pour-akliouche-cet-ete\/\" \/>\n<meta property=\"og:locale\" content=\"fr_FR\" \/>\n<meta property=\"og:type\" content=\"article\" \/>\n<meta property=\"og:title\" content=\"Un bon de sortie pour Akliouche cet \u00e9t\u00e9 - La Diagonale\" \/>\n<meta property=\"og:description\" content=\"Apr\u00e8s avoir explos\u00e9 la saison derni\u00e8re, Maghnes Akliouche confirme cette saison et notamment au plus haut niveau europ\u00e9en, o\u00f9 il a livr\u00e9 plusieurs grandes prestations, que ce soit contre Barcelone en d\u00e9but de saison (2-1, le 19 septembre) ou contre Benifca (3-3) mardi soir. Le milieu offensif de l\u2019AS Monaco dispose d\u2019une belle cote, et [...]\" \/>\n<meta property=\"og:url\" content=\"https:\/\/www.ladiagonale.net\/index.php\/2025\/02\/20\/un-bon-de-sortie-pour-akliouche-cet-ete\/\" \/>\n<meta property=\"og:site_name\" content=\"La Diagonale\" \/>\n<meta property=\"article:published_time\" content=\"2025-02-20T14:00:16+00:00\" \/>\n<meta property=\"article:modified_time\" content=\"2025-02-20T14:49:24+00:00\" \/>\n<meta property=\"og:image\" content=\"https:\/\/www.ladiagonale.net\/wp-content\/uploads\/2025\/01\/Akliouche.png\" \/>\n\t<meta property=\"og:image:width\" content=\"1160\" \/>\n\t<meta property=\"og:image:height\" content=\"650\" \/>\n\t<meta property=\"og:image:type\" content=\"image\/png\" \/>\n<meta name=\"author\" content=\"Damien Dellerba\" \/>\n<meta name=\"twitter:card\" content=\"summary_large_image\" \/>\n<meta name=\"twitter:image\" content=\"https:\/\/www.ladiagonale.net\/wp-content\/uploads\/2025\/01\/Akliouche.png\" \/>\n<meta name=\"twitter:label1\" content=\"\u00c9crit par\" \/>\n\t<meta name=\"twitter:data1\" content=\"Damien Dellerba\" \/>\n\t<meta name=\"twitter:label2\" content=\"Dur\u00e9e de lecture estim\u00e9e\" \/>\n\t<meta name=\"twitter:data2\" content=\"2 minutes\" \/>\n<script type=\"application\/ld+json\" class=\"yoast-schema-graph\">{\"@context\":\"https:\/\/schema.org\",\"@graph\":[{\"@type\":\"WebPage\",\"@id\":\"https:\/\/www.ladiagonale.net\/index.php\/2025\/02\/20\/un-bon-de-sortie-pour-akliouche-cet-ete\/\",\"url\":\"https:\/\/www.ladiagonale.net\/index.php\/2025\/02\/20\/un-bon-de-sortie-pour-akliouche-cet-ete\/\",\"name\":\"Un bon de sortie pour Akliouche cet \u00e9t\u00e9 - La Diagonale\",\"isPartOf\":{\"@id\":\"https:\/\/www.ladiagonale.net\/#website\"},\"datePublished\":\"2025-02-20T14:00:16+00:00\",\"dateModified\":\"2025-02-20T14:49:24+00:00\",\"author\":{\"@id\":\"https:\/\/www.ladiagonale.net\/#\/schema\/person\/79ff1e7b0853ed01b2aa26e64ad300bf\"},\"breadcrumb\":{\"@id\":\"https:\/\/www.ladiagonale.net\/index.php\/2025\/02\/20\/un-bon-de-sortie-pour-akliouche-cet-ete\/#breadcrumb\"},\"inLanguage\":\"fr-FR\",\"potentialAction\":[{\"@type\":\"ReadAction\",\"target\":[\"https:\/\/www.ladiagonale.net\/index.php\/2025\/02\/20\/un-bon-de-sortie-pour-akliouche-cet-ete\/\"]}]},{\"@type\":\"BreadcrumbList\",\"@id\":\"https:\/\/www.ladiagonale.net\/index.php\/2025\/02\/20\/un-bon-de-sortie-pour-akliouche-cet-ete\/#breadcrumb\",\"itemListElement\":[{\"@type\":\"ListItem\",\"position\":1,\"name\":\"Accueil\",\"item\":\"https:\/\/www.ladiagonale.net\/\"},{\"@type\":\"ListItem\",\"position\":2,\"name\":\"Un bon de sortie pour Akliouche cet \u00e9t\u00e9\"}]},{\"@type\":\"WebSite\",\"@id\":\"https:\/\/www.ladiagonale.net\/#website\",\"url\":\"https:\/\/www.ladiagonale.net\/\",\"name\":\"La Diagonale\",\"description\":\"Le site des supporters de l&#039;AS Monaco FC\",\"potentialAction\":[{\"@type\":\"SearchAction\",\"target\":{\"@type\":\"EntryPoint\",\"urlTemplate\":\"https:\/\/www.ladiagonale.net\/?s={search_term_string}\"},\"query-input\":\"required name=search_term_string\"}],\"inLanguage\":\"fr-FR\"},{\"@type\":\"Person\",\"@id\":\"https:\/\/www.ladiagonale.net\/#\/schema\/person\/79ff1e7b0853ed01b2aa26e64ad300bf\",\"name\":\"Damien Dellerba\",\"image\":{\"@type\":\"ImageObject\",\"inLanguage\":\"fr-FR\",\"@id\":\"https:\/\/www.ladiagonale.net\/#\/schema\/person\/image\/\",\"url\":\"https:\/\/secure.gravatar.com\/avatar\/c7850e06d3ff63cdbaee88b7fc16e2f0?s=96&d=mm&r=g\",\"contentUrl\":\"https:\/\/secure.gravatar.com\/avatar\/c7850e06d3ff63cdbaee88b7fc16e2f0?s=96&d=mm&r=g\",\"caption\":\"Damien Dellerba\"},\"url\":\"https:\/\/www.ladiagonale.net\/index.php\/author\/damien\/\"}]}<\/script>\n<!-- \/ Yoast SEO plugin. -->","yoast_head_json":{"title":"Un bon de sortie pour Akliouche cet \u00e9t\u00e9 - La Diagonale","robots":{"index":"index","follow":"follow","max-snippet":"max-snippet:-1","max-image-preview":"max-image-preview:large","max-video-preview":"max-video-preview:-1"},"canonical":"https:\/\/www.ladiagonale.net\/index.php\/2025\/02\/20\/un-bon-de-sortie-pour-akliouche-cet-ete\/","og_locale":"fr_FR","og_type":"article","og_title":"Un bon de sortie pour Akliouche cet \u00e9t\u00e9 - La Diagonale","og_description":"Apr\u00e8s avoir explos\u00e9 la saison derni\u00e8re, Maghnes Akliouche confirme cette saison et notamment au plus haut niveau europ\u00e9en, o\u00f9 il a livr\u00e9 plusieurs grandes prestations, que ce soit contre Barcelone en d\u00e9but de saison (2-1, le 19 septembre) ou contre Benifca (3-3) mardi soir. Le milieu offensif de l\u2019AS Monaco dispose d\u2019une belle cote, et [...]","og_url":"https:\/\/www.ladiagonale.net\/index.php\/2025\/02\/20\/un-bon-de-sortie-pour-akliouche-cet-ete\/","og_site_name":"La Diagonale","article_published_time":"2025-02-20T14:00:16+00:00","article_modified_time":"2025-02-20T14:49:24+00:00","og_image":[{"width":1160,"height":650,"url":"https:\/\/www.ladiagonale.net\/wp-content\/uploads\/2025\/01\/Akliouche.png","type":"image\/png"}],"author":"Damien Dellerba","twitter_card":"summary_large_image","twitter_image":"https:\/\/www.ladiagonale.net\/wp-content\/uploads\/2025\/01\/Akliouche.png","twitter_misc":{"\u00c9crit par":"Damien Dellerba","Dur\u00e9e de lecture estim\u00e9e":"2 minutes"},"schema":{"@context":"https:\/\/schema.org","@graph":[{"@type":"WebPage","@id":"https:\/\/www.ladiagonale.net\/index.php\/2025\/02\/20\/un-bon-de-sortie-pour-akliouche-cet-ete\/","url":"https:\/\/www.ladiagonale.net\/index.php\/2025\/02\/20\/un-bon-de-sortie-pour-akliouche-cet-ete\/","name":"Un bon de sortie pour Akliouche cet \u00e9t\u00e9 - La Diagonale","isPartOf":{"@id":"https:\/\/www.ladiagonale.net\/#website"},"datePublished":"2025-02-20T14:00:16+00:00","dateModified":"2025-02-20T14:49:24+00:00","author":{"@id":"https:\/\/www.ladiagonale.net\/#\/schema\/person\/79ff1e7b0853ed01b2aa26e64ad300bf"},"breadcrumb":{"@id":"https:\/\/www.ladiagonale.net\/index.php\/2025\/02\/20\/un-bon-de-sortie-pour-akliouche-cet-ete\/#breadcrumb"},"inLanguage":"fr-FR","potentialAction":[{"@type":"ReadAction","target":["https:\/\/www.ladiagonale.net\/index.php\/2025\/02\/20\/un-bon-de-sortie-pour-akliouche-cet-ete\/"]}]},{"@type":"BreadcrumbList","@id":"https:\/\/www.ladiagonale.net\/index.php\/2025\/02\/20\/un-bon-de-sortie-pour-akliouche-cet-ete\/#breadcrumb","itemListElement":[{"@type":"ListItem","position":1,"name":"Accueil","item":"https:\/\/www.ladiagonale.net\/"},{"@type":"ListItem","position":2,"name":"Un bon de sortie pour Akliouche cet \u00e9t\u00e9"}]},{"@type":"WebSite","@id":"https:\/\/www.ladiagonale.net\/#website","url":"https:\/\/www.ladiagonale.net\/","name":"La Diagonale","description":"Le site des supporters de l&#039;AS Monaco FC","potentialAction":[{"@type":"SearchAction","target":{"@type":"EntryPoint","urlTemplate":"https:\/\/www.ladiagonale.net\/?s={search_term_string}"},"query-input":"required name=search_term_string"}],"inLanguage":"fr-FR"},{"@type":"Person","@id":"https:\/\/www.ladiagonale.net\/#\/schema\/person\/79ff1e7b0853ed01b2aa26e64ad300bf","name":"Damien Dellerba","image":{"@type":"ImageObject","inLanguage":"fr-FR","@id":"https:\/\/www.ladiagonale.net\/#\/schema\/person\/image\/","url":"https:\/\/secure.gravatar.com\/avatar\/c7850e06d3ff63cdbaee88b7fc16e2f0?s=96&d=mm&r=g","contentUrl":"https:\/\/secure.gravatar.com\/avatar\/c7850e06d3ff63cdbaee88b7fc16e2f0?s=96&d=mm&r=g","caption":"Damien Dellerba"},"url":"https:\/\/www.ladiagonale.net\/index.php\/author\/damien\/"}]}},"_links":{"self":[{"href":"https:\/\/www.ladiagonale.net\/index.php\/wp-json\/wp\/v2\/posts\/29986"}],"collection":[{"href":"https:\/\/www.ladiagonale.net\/index.php\/wp-json\/wp\/v2\/posts"}],"about":[{"href":"https:\/\/www.ladiagonale.net\/index.php\/wp-json\/wp\/v2\/types\/post"}],"author":[{"embeddable":true,"href":"https:\/\/www.ladiagonale.net\/index.php\/wp-json\/wp\/v2\/users\/2"}],"replies":[{"embeddable":true,"href":"https:\/\/www.ladiagonale.net\/index.php\/wp-json\/wp\/v2\/comments?post=29986"}],"version-history":[{"count":2,"href":"https:\/\/www.ladiagonale.net\/index.php\/wp-json\/wp\/v2\/posts\/29986\/revisions"}],"predecessor-version":[{"id":29989,"href":"https:\/\/www.ladiagonale.net\/index.php\/wp-json\/wp\/v2\/posts\/29986\/revisions\/29989"}],"wp:attachment":[{"href":"https:\/\/www.ladiagonale.net\/index.php\/wp-json\/wp\/v2\/media?parent=29986"}],"wp:term":[{"taxonomy":"category","embeddable":true,"href":"https:\/\/www.ladiagonale.net\/index.php\/wp-json\/wp\/v2\/categories?post=29986"},{"taxonomy":"post_tag","embeddable":true,"href":"https:\/\/www.ladiagonale.net\/index.php\/wp-json\/wp\/v2\/tags?post=29986"}],"curies":[{"name":"wp","href":"https:\/\/api.w.org\/{rel}","templated":true}]}}