{"id":29990,"date":"2025-02-20T16:59:45","date_gmt":"2025-02-20T15:59:45","guid":{"rendered":"https:\/\/www.ladiagonale.net\/?p=29990"},"modified":"2025-02-20T16:59:46","modified_gmt":"2025-02-20T15:59:46","slug":"singo-ne-serait-pas-contre-un-depart","status":"publish","type":"post","link":"https:\/\/www.ladiagonale.net\/index.php\/2025\/02\/20\/singo-ne-serait-pas-contre-un-depart\/","title":{"rendered":"Singo ne serait pas contre un d\u00e9part"},"content":{"rendered":"\n\n\n<p>Consid\u00e9r\u00e9 comme le meilleur d\u00e9fenseur de l\u2019effectif et l\u2019une des tr\u00e8s bonnes pioches du mercato d\u2019\u00e9t\u00e9 2023, Wilfried Singo pourrait changer d\u2019air cet \u00e9t\u00e9, <a href=\"https:\/\/www.ladiagonale.net\/index.php\/2025\/02\/20\/un-bon-de-sortie-pour-akliouche-cet-ete\/\">\u00e0 l\u2019instar<\/a><a href=\"https:\/\/www.ladiagonale.net\/index.php\/2025\/02\/20\/un-bon-de-sortie-pour-akliouche-cet-ete\/\" target=\"_blank\" rel=\"noreferrer noopener\"> <\/a><a href=\"https:\/\/www.ladiagonale.net\/index.php\/2025\/02\/20\/un-bon-de-sortie-pour-akliouche-cet-ete\/\">de Maghnes Akliouche<\/a>. Selon <em>L\u2019\u00c9quipe<\/em>, sa situation serait aussi \u00e0 surveiller en raison de sa cote sur le march\u00e9, d\u2019autant plus que l\u2019Ivoirien ne serait pas contre un d\u00e9part. Arriv\u00e9 contre 10 millions d\u2019euros (hors bonus) du Torino il y a un peu moins de deux ans, Singo dispose d\u2019un contrat jusqu\u2019en juin 2028 en Principaut\u00e9. Cette saison, il a jou\u00e9 24 matches et inscrit trois buts.<\/p>\n\n\n\n<p>Comme pour cet hiver, Vanderson dispose lui aussi d\u2019un bon de sortie, m\u00eame si les pr\u00e9tendants ne semblent pas l\u00e9gion. Des int\u00e9r\u00eats de Barcelone ou de Tottenham avaient \u00e9t\u00e9 r\u00e9v\u00e9l\u00e9s ces derniers mois m\u00eame si rien de concret ne semble \u00eatre arriv\u00e9 sur la table des dirigeants mon\u00e9gasques. L\u2019international br\u00e9silien, qui a repris sa progression cette saison et jou\u00e9 30 matches, est lui aussi sous contrat jusqu&rsquo;en 2028. Vanderson avait \u00e9t\u00e9 prolong\u00e9 il y a un an, en f\u00e9vrier 2024.<\/p>\n","protected":false},"excerpt":{"rendered":"<p>Consid\u00e9r\u00e9 comme le meilleur d\u00e9fenseur de l\u2019effectif et l\u2019une des tr\u00e8s bonnes pioches du mercato d\u2019\u00e9t\u00e9 2023, Wilfried Singo pourrait changer d\u2019air cet \u00e9t\u00e9, \u00e0 l\u2019instar de Maghnes Akliouche. Selon L\u2019\u00c9quipe, sa situation serait aussi \u00e0 surveiller en raison de sa cote sur le march\u00e9, d\u2019autant plus que l\u2019Ivoirien ne serait pas contre un d\u00e9part. [&#8230;]\n","protected":false},"author":2,"featured_media":0,"comment_status":"open","ping_status":"open","sticky":false,"template":"","format":"standard","meta":[],"categories":[6],"tags":[86,111,110,125,665],"yoast_head":"<!-- This site is optimized with the Yoast SEO plugin v19.8 - https:\/\/yoast.com\/wordpress\/plugins\/seo\/ -->\n<title>Singo ne serait pas contre un d\u00e9part - La Diagonale<\/title>\n<meta name=\"robots\" content=\"index, follow, max-snippet:-1, max-image-preview:large, max-video-preview:-1\" \/>\n<link rel=\"canonical\" href=\"https:\/\/www.ladiagonale.net\/index.php\/2025\/02\/20\/singo-ne-serait-pas-contre-un-depart\/\" \/>\n<meta property=\"og:locale\" content=\"fr_FR\" \/>\n<meta property=\"og:type\" content=\"article\" \/>\n<meta property=\"og:title\" content=\"Singo ne serait pas contre un d\u00e9part - La Diagonale\" \/>\n<meta property=\"og:description\" content=\"Consid\u00e9r\u00e9 comme le meilleur d\u00e9fenseur de l\u2019effectif et l\u2019une des tr\u00e8s bonnes pioches du mercato d\u2019\u00e9t\u00e9 2023, Wilfried Singo pourrait changer d\u2019air cet \u00e9t\u00e9, \u00e0 l\u2019instar de Maghnes Akliouche. Selon L\u2019\u00c9quipe, sa situation serait aussi \u00e0 surveiller en raison de sa cote sur le march\u00e9, d\u2019autant plus que l\u2019Ivoirien ne serait pas contre un d\u00e9part. [...]\" \/>\n<meta property=\"og:url\" content=\"https:\/\/www.ladiagonale.net\/index.php\/2025\/02\/20\/singo-ne-serait-pas-contre-un-depart\/\" \/>\n<meta property=\"og:site_name\" content=\"La Diagonale\" \/>\n<meta property=\"article:published_time\" content=\"2025-02-20T15:59:45+00:00\" \/>\n<meta property=\"article:modified_time\" content=\"2025-02-20T15:59:46+00:00\" \/>\n<meta property=\"og:image\" content=\"https:\/\/www.ladiagonale.net\/wp-content\/uploads\/2024\/09\/Singo-1.png\" \/>\n\t<meta property=\"og:image:width\" content=\"1160\" \/>\n\t<meta property=\"og:image:height\" content=\"650\" \/>\n\t<meta property=\"og:image:type\" content=\"image\/png\" \/>\n<meta name=\"author\" content=\"Damien Dellerba\" \/>\n<meta name=\"twitter:card\" content=\"summary_large_image\" \/>\n<meta name=\"twitter:image\" content=\"https:\/\/www.ladiagonale.net\/wp-content\/uploads\/2024\/09\/Singo-1.png\" \/>\n<meta name=\"twitter:label1\" content=\"\u00c9crit par\" \/>\n\t<meta name=\"twitter:data1\" content=\"Damien Dellerba\" \/>\n\t<meta name=\"twitter:label2\" content=\"Dur\u00e9e de lecture estim\u00e9e\" \/>\n\t<meta name=\"twitter:data2\" content=\"1 minute\" \/>\n<script type=\"application\/ld+json\" class=\"yoast-schema-graph\">{\"@context\":\"https:\/\/schema.org\",\"@graph\":[{\"@type\":\"WebPage\",\"@id\":\"https:\/\/www.ladiagonale.net\/index.php\/2025\/02\/20\/singo-ne-serait-pas-contre-un-depart\/\",\"url\":\"https:\/\/www.ladiagonale.net\/index.php\/2025\/02\/20\/singo-ne-serait-pas-contre-un-depart\/\",\"name\":\"Singo ne serait pas contre un d\u00e9part - La Diagonale\",\"isPartOf\":{\"@id\":\"https:\/\/www.ladiagonale.net\/#website\"},\"datePublished\":\"2025-02-20T15:59:45+00:00\",\"dateModified\":\"2025-02-20T15:59:46+00:00\",\"author\":{\"@id\":\"https:\/\/www.ladiagonale.net\/#\/schema\/person\/79ff1e7b0853ed01b2aa26e64ad300bf\"},\"breadcrumb\":{\"@id\":\"https:\/\/www.ladiagonale.net\/index.php\/2025\/02\/20\/singo-ne-serait-pas-contre-un-depart\/#breadcrumb\"},\"inLanguage\":\"fr-FR\",\"potentialAction\":[{\"@type\":\"ReadAction\",\"target\":[\"https:\/\/www.ladiagonale.net\/index.php\/2025\/02\/20\/singo-ne-serait-pas-contre-un-depart\/\"]}]},{\"@type\":\"BreadcrumbList\",\"@id\":\"https:\/\/www.ladiagonale.net\/index.php\/2025\/02\/20\/singo-ne-serait-pas-contre-un-depart\/#breadcrumb\",\"itemListElement\":[{\"@type\":\"ListItem\",\"position\":1,\"name\":\"Accueil\",\"item\":\"https:\/\/www.ladiagonale.net\/\"},{\"@type\":\"ListItem\",\"position\":2,\"name\":\"Singo ne serait pas contre un d\u00e9part\"}]},{\"@type\":\"WebSite\",\"@id\":\"https:\/\/www.ladiagonale.net\/#website\",\"url\":\"https:\/\/www.ladiagonale.net\/\",\"name\":\"La Diagonale\",\"description\":\"Le site des supporters de l&#039;AS Monaco FC\",\"potentialAction\":[{\"@type\":\"SearchAction\",\"target\":{\"@type\":\"EntryPoint\",\"urlTemplate\":\"https:\/\/www.ladiagonale.net\/?s={search_term_string}\"},\"query-input\":\"required name=search_term_string\"}],\"inLanguage\":\"fr-FR\"},{\"@type\":\"Person\",\"@id\":\"https:\/\/www.ladiagonale.net\/#\/schema\/person\/79ff1e7b0853ed01b2aa26e64ad300bf\",\"name\":\"Damien Dellerba\",\"image\":{\"@type\":\"ImageObject\",\"inLanguage\":\"fr-FR\",\"@id\":\"https:\/\/www.ladiagonale.net\/#\/schema\/person\/image\/\",\"url\":\"https:\/\/secure.gravatar.com\/avatar\/c7850e06d3ff63cdbaee88b7fc16e2f0?s=96&d=mm&r=g\",\"contentUrl\":\"https:\/\/secure.gravatar.com\/avatar\/c7850e06d3ff63cdbaee88b7fc16e2f0?s=96&d=mm&r=g\",\"caption\":\"Damien Dellerba\"},\"url\":\"https:\/\/www.ladiagonale.net\/index.php\/author\/damien\/\"}]}<\/script>\n<!-- \/ Yoast SEO plugin. -->","yoast_head_json":{"title":"Singo ne serait pas contre un d\u00e9part - La Diagonale","robots":{"index":"index","follow":"follow","max-snippet":"max-snippet:-1","max-image-preview":"max-image-preview:large","max-video-preview":"max-video-preview:-1"},"canonical":"https:\/\/www.ladiagonale.net\/index.php\/2025\/02\/20\/singo-ne-serait-pas-contre-un-depart\/","og_locale":"fr_FR","og_type":"article","og_title":"Singo ne serait pas contre un d\u00e9part - La Diagonale","og_description":"Consid\u00e9r\u00e9 comme le meilleur d\u00e9fenseur de l\u2019effectif et l\u2019une des tr\u00e8s bonnes pioches du mercato d\u2019\u00e9t\u00e9 2023, Wilfried Singo pourrait changer d\u2019air cet \u00e9t\u00e9, \u00e0 l\u2019instar de Maghnes Akliouche. Selon L\u2019\u00c9quipe, sa situation serait aussi \u00e0 surveiller en raison de sa cote sur le march\u00e9, d\u2019autant plus que l\u2019Ivoirien ne serait pas contre un d\u00e9part. [...]","og_url":"https:\/\/www.ladiagonale.net\/index.php\/2025\/02\/20\/singo-ne-serait-pas-contre-un-depart\/","og_site_name":"La Diagonale","article_published_time":"2025-02-20T15:59:45+00:00","article_modified_time":"2025-02-20T15:59:46+00:00","og_image":[{"width":1160,"height":650,"url":"https:\/\/www.ladiagonale.net\/wp-content\/uploads\/2024\/09\/Singo-1.png","type":"image\/png"}],"author":"Damien Dellerba","twitter_card":"summary_large_image","twitter_image":"https:\/\/www.ladiagonale.net\/wp-content\/uploads\/2024\/09\/Singo-1.png","twitter_misc":{"\u00c9crit par":"Damien Dellerba","Dur\u00e9e de lecture estim\u00e9e":"1 minute"},"schema":{"@context":"https:\/\/schema.org","@graph":[{"@type":"WebPage","@id":"https:\/\/www.ladiagonale.net\/index.php\/2025\/02\/20\/singo-ne-serait-pas-contre-un-depart\/","url":"https:\/\/www.ladiagonale.net\/index.php\/2025\/02\/20\/singo-ne-serait-pas-contre-un-depart\/","name":"Singo ne serait pas contre un d\u00e9part - La Diagonale","isPartOf":{"@id":"https:\/\/www.ladiagonale.net\/#website"},"datePublished":"2025-02-20T15:59:45+00:00","dateModified":"2025-02-20T15:59:46+00:00","author":{"@id":"https:\/\/www.ladiagonale.net\/#\/schema\/person\/79ff1e7b0853ed01b2aa26e64ad300bf"},"breadcrumb":{"@id":"https:\/\/www.ladiagonale.net\/index.php\/2025\/02\/20\/singo-ne-serait-pas-contre-un-depart\/#breadcrumb"},"inLanguage":"fr-FR","potentialAction":[{"@type":"ReadAction","target":["https:\/\/www.ladiagonale.net\/index.php\/2025\/02\/20\/singo-ne-serait-pas-contre-un-depart\/"]}]},{"@type":"BreadcrumbList","@id":"https:\/\/www.ladiagonale.net\/index.php\/2025\/02\/20\/singo-ne-serait-pas-contre-un-depart\/#breadcrumb","itemListElement":[{"@type":"ListItem","position":1,"name":"Accueil","item":"https:\/\/www.ladiagonale.net\/"},{"@type":"ListItem","position":2,"name":"Singo ne serait pas contre un d\u00e9part"}]},{"@type":"WebSite","@id":"https:\/\/www.ladiagonale.net\/#website","url":"https:\/\/www.ladiagonale.net\/","name":"La Diagonale","description":"Le site des supporters de l&#039;AS Monaco FC","potentialAction":[{"@type":"SearchAction","target":{"@type":"EntryPoint","urlTemplate":"https:\/\/www.ladiagonale.net\/?s={search_term_string}"},"query-input":"required name=search_term_string"}],"inLanguage":"fr-FR"},{"@type":"Person","@id":"https:\/\/www.ladiagonale.net\/#\/schema\/person\/79ff1e7b0853ed01b2aa26e64ad300bf","name":"Damien Dellerba","image":{"@type":"ImageObject","inLanguage":"fr-FR","@id":"https:\/\/www.ladiagonale.net\/#\/schema\/person\/image\/","url":"https:\/\/secure.gravatar.com\/avatar\/c7850e06d3ff63cdbaee88b7fc16e2f0?s=96&d=mm&r=g","contentUrl":"https:\/\/secure.gravatar.com\/avatar\/c7850e06d3ff63cdbaee88b7fc16e2f0?s=96&d=mm&r=g","caption":"Damien Dellerba"},"url":"https:\/\/www.ladiagonale.net\/index.php\/author\/damien\/"}]}},"_links":{"self":[{"href":"https:\/\/www.ladiagonale.net\/index.php\/wp-json\/wp\/v2\/posts\/29990"}],"collection":[{"href":"https:\/\/www.ladiagonale.net\/index.php\/wp-json\/wp\/v2\/posts"}],"about":[{"href":"https:\/\/www.ladiagonale.net\/index.php\/wp-json\/wp\/v2\/types\/post"}],"author":[{"embeddable":true,"href":"https:\/\/www.ladiagonale.net\/index.php\/wp-json\/wp\/v2\/users\/2"}],"replies":[{"embeddable":true,"href":"https:\/\/www.ladiagonale.net\/index.php\/wp-json\/wp\/v2\/comments?post=29990"}],"version-history":[{"count":1,"href":"https:\/\/www.ladiagonale.net\/index.php\/wp-json\/wp\/v2\/posts\/29990\/revisions"}],"predecessor-version":[{"id":29991,"href":"https:\/\/www.ladiagonale.net\/index.php\/wp-json\/wp\/v2\/posts\/29990\/revisions\/29991"}],"wp:attachment":[{"href":"https:\/\/www.ladiagonale.net\/index.php\/wp-json\/wp\/v2\/media?parent=29990"}],"wp:term":[{"taxonomy":"category","embeddable":true,"href":"https:\/\/www.ladiagonale.net\/index.php\/wp-json\/wp\/v2\/categories?post=29990"},{"taxonomy":"post_tag","embeddable":true,"href":"https:\/\/www.ladiagonale.net\/index.php\/wp-json\/wp\/v2\/tags?post=29990"}],"curies":[{"name":"wp","href":"https:\/\/api.w.org\/{rel}","templated":true}]}}