{"id":29992,"date":"2025-02-20T17:25:39","date_gmt":"2025-02-20T16:25:39","guid":{"rendered":"https:\/\/www.ladiagonale.net\/?p=29992"},"modified":"2025-02-20T17:25:40","modified_gmt":"2025-02-20T16:25:40","slug":"pas-encore-de-prolongation-en-vue-pour-embolo-et-minamino","status":"publish","type":"post","link":"https:\/\/www.ladiagonale.net\/index.php\/2025\/02\/20\/pas-encore-de-prolongation-en-vue-pour-embolo-et-minamino\/","title":{"rendered":"Pas encore de prolongation en vue pour Embolo et Minamino ?"},"content":{"rendered":"\n\n\n<p>Auteurs d&rsquo;une saison au mieux d\u00e9cevante pour l&rsquo;instant, Breel Embolo et Takumi Minamino ne savent pas encore de quoi leur avenir sera fait. S&rsquo;ils disposent tous deux d&rsquo;un contrat jusqu&rsquo;en juin 2026 avec l&rsquo;AS Monaco, l&rsquo;\u00e9t\u00e9 \u00e0 venir sera forc\u00e9ment charni\u00e8re, puisqu&rsquo;ils n&rsquo;auront plus qu&rsquo;un an \u00e0 tirer avec l&rsquo;ASM et avec la possibilit\u00e9 de s&rsquo;engager librement avec un autre club \u00e0 partir de janvier 2026. Pour l&rsquo;heure, difficile de savoir ce que fera le club de la Principaut\u00e9 avec ses deux joueurs, mais selon <em>L&rsquo;\u00c9quipe<\/em>, aucune discussion \u00e0 propos d&rsquo;une prolongation n&rsquo;aurait \u00e9t\u00e9 amorc\u00e9e.<\/p>\n\n\n\n<p>Concernant Breel Embolo, des rumeurs de d\u00e9part avaient d\u00e9j\u00e0 \u00e9t\u00e9 r\u00e9v\u00e9l\u00e9es lors de l&rsquo;\u00e9t\u00e9 pr\u00e9c\u00e9dent et elles ont refait surface au cours de l&rsquo;hiver. Monaco ne semblait alors pas tr\u00e8s satisfait du rendement de l&rsquo;international suisse, auteur de cinq buts et sept passes d\u00e9cisives cette saison, mais dont les nombreux loup\u00e9s devant le but ont marqu\u00e9 les esprits. Avec trois autres jeunes attaquants dans ses rangs (Balogun, Biereth et Ilenikhena), il ne serait pas \u00e9tonnant de voir l&rsquo;ASM tenter de trouver une porte de sortie \u00e0 Embolo cet \u00e9t\u00e9. <\/p>\n","protected":false},"excerpt":{"rendered":"<p>Auteurs d&rsquo;une saison au mieux d\u00e9cevante pour l&rsquo;instant, Breel Embolo et Takumi Minamino ne savent pas encore de quoi leur avenir sera fait. S&rsquo;ils disposent tous deux d&rsquo;un contrat jusqu&rsquo;en juin 2026 avec l&rsquo;AS Monaco, l&rsquo;\u00e9t\u00e9 \u00e0 venir sera forc\u00e9ment charni\u00e8re, puisqu&rsquo;ils n&rsquo;auront plus qu&rsquo;un an \u00e0 tirer avec l&rsquo;ASM et avec la possibilit\u00e9 de [&#8230;]\n","protected":false},"author":2,"featured_media":0,"comment_status":"open","ping_status":"open","sticky":false,"template":"","format":"standard","meta":[],"categories":[6],"tags":[86,161,186,164],"yoast_head":"<!-- This site is optimized with the Yoast SEO plugin v19.8 - https:\/\/yoast.com\/wordpress\/plugins\/seo\/ -->\n<title>Pas encore de prolongation en vue pour Embolo et Minamino ? - La Diagonale<\/title>\n<meta name=\"robots\" content=\"index, follow, max-snippet:-1, max-image-preview:large, max-video-preview:-1\" \/>\n<link rel=\"canonical\" href=\"https:\/\/www.ladiagonale.net\/index.php\/2025\/02\/20\/pas-encore-de-prolongation-en-vue-pour-embolo-et-minamino\/\" \/>\n<meta property=\"og:locale\" content=\"fr_FR\" \/>\n<meta property=\"og:type\" content=\"article\" \/>\n<meta property=\"og:title\" content=\"Pas encore de prolongation en vue pour Embolo et Minamino ? - La Diagonale\" \/>\n<meta property=\"og:description\" content=\"Auteurs d&rsquo;une saison au mieux d\u00e9cevante pour l&rsquo;instant, Breel Embolo et Takumi Minamino ne savent pas encore de quoi leur avenir sera fait. S&rsquo;ils disposent tous deux d&rsquo;un contrat jusqu&rsquo;en juin 2026 avec l&rsquo;AS Monaco, l&rsquo;\u00e9t\u00e9 \u00e0 venir sera forc\u00e9ment charni\u00e8re, puisqu&rsquo;ils n&rsquo;auront plus qu&rsquo;un an \u00e0 tirer avec l&rsquo;ASM et avec la possibilit\u00e9 de [...]\" \/>\n<meta property=\"og:url\" content=\"https:\/\/www.ladiagonale.net\/index.php\/2025\/02\/20\/pas-encore-de-prolongation-en-vue-pour-embolo-et-minamino\/\" \/>\n<meta property=\"og:site_name\" content=\"La Diagonale\" \/>\n<meta property=\"article:published_time\" content=\"2025-02-20T16:25:39+00:00\" \/>\n<meta property=\"article:modified_time\" content=\"2025-02-20T16:25:40+00:00\" \/>\n<meta property=\"og:image\" content=\"https:\/\/www.ladiagonale.net\/wp-content\/uploads\/2025\/02\/Embolo-Minamino.png\" \/>\n\t<meta property=\"og:image:width\" content=\"1160\" \/>\n\t<meta property=\"og:image:height\" content=\"650\" \/>\n\t<meta property=\"og:image:type\" content=\"image\/png\" \/>\n<meta name=\"author\" content=\"Damien Dellerba\" \/>\n<meta name=\"twitter:card\" content=\"summary_large_image\" \/>\n<meta name=\"twitter:image\" content=\"https:\/\/www.ladiagonale.net\/wp-content\/uploads\/2025\/02\/Embolo-Minamino.png\" \/>\n<meta name=\"twitter:label1\" content=\"\u00c9crit par\" \/>\n\t<meta name=\"twitter:data1\" content=\"Damien Dellerba\" \/>\n\t<meta name=\"twitter:label2\" content=\"Dur\u00e9e de lecture estim\u00e9e\" \/>\n\t<meta name=\"twitter:data2\" content=\"1 minute\" \/>\n<script type=\"application\/ld+json\" class=\"yoast-schema-graph\">{\"@context\":\"https:\/\/schema.org\",\"@graph\":[{\"@type\":\"WebPage\",\"@id\":\"https:\/\/www.ladiagonale.net\/index.php\/2025\/02\/20\/pas-encore-de-prolongation-en-vue-pour-embolo-et-minamino\/\",\"url\":\"https:\/\/www.ladiagonale.net\/index.php\/2025\/02\/20\/pas-encore-de-prolongation-en-vue-pour-embolo-et-minamino\/\",\"name\":\"Pas encore de prolongation en vue pour Embolo et Minamino ? - La Diagonale\",\"isPartOf\":{\"@id\":\"https:\/\/www.ladiagonale.net\/#website\"},\"datePublished\":\"2025-02-20T16:25:39+00:00\",\"dateModified\":\"2025-02-20T16:25:40+00:00\",\"author\":{\"@id\":\"https:\/\/www.ladiagonale.net\/#\/schema\/person\/79ff1e7b0853ed01b2aa26e64ad300bf\"},\"breadcrumb\":{\"@id\":\"https:\/\/www.ladiagonale.net\/index.php\/2025\/02\/20\/pas-encore-de-prolongation-en-vue-pour-embolo-et-minamino\/#breadcrumb\"},\"inLanguage\":\"fr-FR\",\"potentialAction\":[{\"@type\":\"ReadAction\",\"target\":[\"https:\/\/www.ladiagonale.net\/index.php\/2025\/02\/20\/pas-encore-de-prolongation-en-vue-pour-embolo-et-minamino\/\"]}]},{\"@type\":\"BreadcrumbList\",\"@id\":\"https:\/\/www.ladiagonale.net\/index.php\/2025\/02\/20\/pas-encore-de-prolongation-en-vue-pour-embolo-et-minamino\/#breadcrumb\",\"itemListElement\":[{\"@type\":\"ListItem\",\"position\":1,\"name\":\"Accueil\",\"item\":\"https:\/\/www.ladiagonale.net\/\"},{\"@type\":\"ListItem\",\"position\":2,\"name\":\"Pas encore de prolongation en vue pour Embolo et Minamino ?\"}]},{\"@type\":\"WebSite\",\"@id\":\"https:\/\/www.ladiagonale.net\/#website\",\"url\":\"https:\/\/www.ladiagonale.net\/\",\"name\":\"La Diagonale\",\"description\":\"Le site des supporters de l&#039;AS Monaco FC\",\"potentialAction\":[{\"@type\":\"SearchAction\",\"target\":{\"@type\":\"EntryPoint\",\"urlTemplate\":\"https:\/\/www.ladiagonale.net\/?s={search_term_string}\"},\"query-input\":\"required name=search_term_string\"}],\"inLanguage\":\"fr-FR\"},{\"@type\":\"Person\",\"@id\":\"https:\/\/www.ladiagonale.net\/#\/schema\/person\/79ff1e7b0853ed01b2aa26e64ad300bf\",\"name\":\"Damien Dellerba\",\"image\":{\"@type\":\"ImageObject\",\"inLanguage\":\"fr-FR\",\"@id\":\"https:\/\/www.ladiagonale.net\/#\/schema\/person\/image\/\",\"url\":\"https:\/\/secure.gravatar.com\/avatar\/c7850e06d3ff63cdbaee88b7fc16e2f0?s=96&d=mm&r=g\",\"contentUrl\":\"https:\/\/secure.gravatar.com\/avatar\/c7850e06d3ff63cdbaee88b7fc16e2f0?s=96&d=mm&r=g\",\"caption\":\"Damien Dellerba\"},\"url\":\"https:\/\/www.ladiagonale.net\/index.php\/author\/damien\/\"}]}<\/script>\n<!-- \/ Yoast SEO plugin. -->","yoast_head_json":{"title":"Pas encore de prolongation en vue pour Embolo et Minamino ? - La Diagonale","robots":{"index":"index","follow":"follow","max-snippet":"max-snippet:-1","max-image-preview":"max-image-preview:large","max-video-preview":"max-video-preview:-1"},"canonical":"https:\/\/www.ladiagonale.net\/index.php\/2025\/02\/20\/pas-encore-de-prolongation-en-vue-pour-embolo-et-minamino\/","og_locale":"fr_FR","og_type":"article","og_title":"Pas encore de prolongation en vue pour Embolo et Minamino ? - La Diagonale","og_description":"Auteurs d&rsquo;une saison au mieux d\u00e9cevante pour l&rsquo;instant, Breel Embolo et Takumi Minamino ne savent pas encore de quoi leur avenir sera fait. S&rsquo;ils disposent tous deux d&rsquo;un contrat jusqu&rsquo;en juin 2026 avec l&rsquo;AS Monaco, l&rsquo;\u00e9t\u00e9 \u00e0 venir sera forc\u00e9ment charni\u00e8re, puisqu&rsquo;ils n&rsquo;auront plus qu&rsquo;un an \u00e0 tirer avec l&rsquo;ASM et avec la possibilit\u00e9 de [...]","og_url":"https:\/\/www.ladiagonale.net\/index.php\/2025\/02\/20\/pas-encore-de-prolongation-en-vue-pour-embolo-et-minamino\/","og_site_name":"La Diagonale","article_published_time":"2025-02-20T16:25:39+00:00","article_modified_time":"2025-02-20T16:25:40+00:00","og_image":[{"width":1160,"height":650,"url":"https:\/\/www.ladiagonale.net\/wp-content\/uploads\/2025\/02\/Embolo-Minamino.png","type":"image\/png"}],"author":"Damien Dellerba","twitter_card":"summary_large_image","twitter_image":"https:\/\/www.ladiagonale.net\/wp-content\/uploads\/2025\/02\/Embolo-Minamino.png","twitter_misc":{"\u00c9crit par":"Damien Dellerba","Dur\u00e9e de lecture estim\u00e9e":"1 minute"},"schema":{"@context":"https:\/\/schema.org","@graph":[{"@type":"WebPage","@id":"https:\/\/www.ladiagonale.net\/index.php\/2025\/02\/20\/pas-encore-de-prolongation-en-vue-pour-embolo-et-minamino\/","url":"https:\/\/www.ladiagonale.net\/index.php\/2025\/02\/20\/pas-encore-de-prolongation-en-vue-pour-embolo-et-minamino\/","name":"Pas encore de prolongation en vue pour Embolo et Minamino ? - La Diagonale","isPartOf":{"@id":"https:\/\/www.ladiagonale.net\/#website"},"datePublished":"2025-02-20T16:25:39+00:00","dateModified":"2025-02-20T16:25:40+00:00","author":{"@id":"https:\/\/www.ladiagonale.net\/#\/schema\/person\/79ff1e7b0853ed01b2aa26e64ad300bf"},"breadcrumb":{"@id":"https:\/\/www.ladiagonale.net\/index.php\/2025\/02\/20\/pas-encore-de-prolongation-en-vue-pour-embolo-et-minamino\/#breadcrumb"},"inLanguage":"fr-FR","potentialAction":[{"@type":"ReadAction","target":["https:\/\/www.ladiagonale.net\/index.php\/2025\/02\/20\/pas-encore-de-prolongation-en-vue-pour-embolo-et-minamino\/"]}]},{"@type":"BreadcrumbList","@id":"https:\/\/www.ladiagonale.net\/index.php\/2025\/02\/20\/pas-encore-de-prolongation-en-vue-pour-embolo-et-minamino\/#breadcrumb","itemListElement":[{"@type":"ListItem","position":1,"name":"Accueil","item":"https:\/\/www.ladiagonale.net\/"},{"@type":"ListItem","position":2,"name":"Pas encore de prolongation en vue pour Embolo et Minamino ?"}]},{"@type":"WebSite","@id":"https:\/\/www.ladiagonale.net\/#website","url":"https:\/\/www.ladiagonale.net\/","name":"La Diagonale","description":"Le site des supporters de l&#039;AS Monaco FC","potentialAction":[{"@type":"SearchAction","target":{"@type":"EntryPoint","urlTemplate":"https:\/\/www.ladiagonale.net\/?s={search_term_string}"},"query-input":"required name=search_term_string"}],"inLanguage":"fr-FR"},{"@type":"Person","@id":"https:\/\/www.ladiagonale.net\/#\/schema\/person\/79ff1e7b0853ed01b2aa26e64ad300bf","name":"Damien Dellerba","image":{"@type":"ImageObject","inLanguage":"fr-FR","@id":"https:\/\/www.ladiagonale.net\/#\/schema\/person\/image\/","url":"https:\/\/secure.gravatar.com\/avatar\/c7850e06d3ff63cdbaee88b7fc16e2f0?s=96&d=mm&r=g","contentUrl":"https:\/\/secure.gravatar.com\/avatar\/c7850e06d3ff63cdbaee88b7fc16e2f0?s=96&d=mm&r=g","caption":"Damien Dellerba"},"url":"https:\/\/www.ladiagonale.net\/index.php\/author\/damien\/"}]}},"_links":{"self":[{"href":"https:\/\/www.ladiagonale.net\/index.php\/wp-json\/wp\/v2\/posts\/29992"}],"collection":[{"href":"https:\/\/www.ladiagonale.net\/index.php\/wp-json\/wp\/v2\/posts"}],"about":[{"href":"https:\/\/www.ladiagonale.net\/index.php\/wp-json\/wp\/v2\/types\/post"}],"author":[{"embeddable":true,"href":"https:\/\/www.ladiagonale.net\/index.php\/wp-json\/wp\/v2\/users\/2"}],"replies":[{"embeddable":true,"href":"https:\/\/www.ladiagonale.net\/index.php\/wp-json\/wp\/v2\/comments?post=29992"}],"version-history":[{"count":3,"href":"https:\/\/www.ladiagonale.net\/index.php\/wp-json\/wp\/v2\/posts\/29992\/revisions"}],"predecessor-version":[{"id":29996,"href":"https:\/\/www.ladiagonale.net\/index.php\/wp-json\/wp\/v2\/posts\/29992\/revisions\/29996"}],"wp:attachment":[{"href":"https:\/\/www.ladiagonale.net\/index.php\/wp-json\/wp\/v2\/media?parent=29992"}],"wp:term":[{"taxonomy":"category","embeddable":true,"href":"https:\/\/www.ladiagonale.net\/index.php\/wp-json\/wp\/v2\/categories?post=29992"},{"taxonomy":"post_tag","embeddable":true,"href":"https:\/\/www.ladiagonale.net\/index.php\/wp-json\/wp\/v2\/tags?post=29992"}],"curies":[{"name":"wp","href":"https:\/\/api.w.org\/{rel}","templated":true}]}}