{"id":29999,"date":"2025-02-21T18:26:54","date_gmt":"2025-02-21T17:26:54","guid":{"rendered":"https:\/\/www.ladiagonale.net\/?p=29999"},"modified":"2025-02-21T18:26:55","modified_gmt":"2025-02-21T17:26:55","slug":"hutter-nous-avons-un-niveau-proche-de-celui-du-debut-de-saison","status":"publish","type":"post","link":"https:\/\/www.ladiagonale.net\/index.php\/2025\/02\/21\/hutter-nous-avons-un-niveau-proche-de-celui-du-debut-de-saison\/","title":{"rendered":"H\u00fctter : \u00ab&nbsp;Nous avons un niveau proche de celui du d\u00e9but de saison&nbsp;\u00bb"},"content":{"rendered":"\n<p>L\u2019AS Monaco n\u2019a plus que la Ligue 1 \u00e0 jouer cette saison, apr\u00e8s son \u00e9limination contre Benfica en Ligue des champions. Pour Adi H\u00fctter, et alors que Lille se profile, l\u2019heure est d\u00e9sormais \u00e0 ce qui semble \u00eatre le d\u00e9but du sprint final. Selon l\u2019entra\u00eeneur autrichien, Monaco l\u2019aborde dans de bonnes dispositions : \u00ab\u00a0<em>Je pense que nous sommes \u00e0 peu pr\u00e8s au m\u00eame point que la saison derni\u00e8re au m\u00eame moment (2 points de plus au classement, ndlr), avant d\u2019attaquer le sprint final. Nous avions r\u00e9ussi \u00e0 bien terminer la saison et je pense que nous sommes capables de le refaire cette ann\u00e9e.<\/em> \u00bb<\/p>\n\n\n\n<p>Pour H\u00fctter, Monaco a quasiment retrouv\u00e9 son niveau du d\u00e9but de saison, m\u00eame si les r\u00e9sultats ne le montrent pas, et il se dit pr\u00eat pour affronter les futurs gros du championnat :\u00a0\u00ab\u00a0<em>Nous sommes pr\u00eats \u00e0 les affronter, beaucoup plus que quelques semaines auparavant, car nous avons actuellement un niveau proche de celui du d\u00e9but de saison.<\/em>\u00a0\u00bb Avec un seul match par semaine, l\u2019ASM aura d\u00e9sormais un peu plus de temps pour mieux n\u00e9gocier les prochains rendez-vous :\u00a0\u00ab\u00a0<em>C\u2019est plus confortable pour un coach d\u2019avoir une semaine d\u00e9sormais pour pr\u00e9parer les matchs de Ligue 1. C\u2019est important pour pouvoir travailler davantage nos principes de jeu, et nous sommes pr\u00eats pour ce sprint final !<\/em>\u00a0\u00bb<\/p>\n\n\n\n<p>Le prochain adversaire est Lille et la formation nordiste talonne les Rouge et Blanc au classement, deux points derri\u00e8re : \u00ab\u00a0<em>Nous allons rencontrer une des meilleures \u00e9quipes de Ligue 1, un concurrent direct pour le Top 3 qui a \u00e9galement disput\u00e9 la Ligue des Champions. C\u2019est assur\u00e9ment l\u2019une des meilleures \u00e9quipes \u00e0 domicile, et l\u2019un des matchs les plus difficiles \u00e0 n\u00e9gocier \u00e0 l\u2019ext\u00e9rieur pour nous. (\u2026) Ils sont en bonne forme et n\u2019ont perdu que deux journ\u00e9es chez eux, m\u00eame si leur d\u00e9faite contre Le Havre \u00e9tait inattendue. Cela peut arriver dans le football, et nous allons l\u00e0-bas pour prendre des points. Nous savons qu\u2019ils sont tr\u00e8s forts \u00e0 domicile avec le soutien de leur public, mais nous avons montr\u00e9 \u00e0 Benfica que nous pouvons aussi \u00eatre forts dans ce genre de contexte<\/em>.<em>\u00a0<\/em>\u00bb<\/p>\n\n\n\n<p class=\"has-text-align-right has-small-font-size\">Source : <em>AS Monaco<\/em><\/p>\n\n\n","protected":false},"excerpt":{"rendered":"<p>L\u2019AS Monaco n\u2019a plus que la Ligue 1 \u00e0 jouer cette saison, apr\u00e8s son \u00e9limination contre Benfica en Ligue des champions. Pour Adi H\u00fctter, et alors que Lille se profile, l\u2019heure est d\u00e9sormais \u00e0 ce qui semble \u00eatre le d\u00e9but du sprint final. Selon l\u2019entra\u00eeneur autrichien, Monaco l\u2019aborde dans de bonnes dispositions : \u00ab\u00a0Je pense [&#8230;]\n","protected":false},"author":2,"featured_media":0,"comment_status":"open","ping_status":"open","sticky":false,"template":"","format":"standard","meta":[],"categories":[6],"tags":[576,86,94,246],"yoast_head":"<!-- This site is optimized with the Yoast SEO plugin v19.8 - https:\/\/yoast.com\/wordpress\/plugins\/seo\/ -->\n<title>H\u00fctter : \u00ab&nbsp;Nous avons un niveau proche de celui du d\u00e9but de saison&nbsp;\u00bb - La Diagonale<\/title>\n<meta name=\"robots\" content=\"index, follow, max-snippet:-1, max-image-preview:large, max-video-preview:-1\" \/>\n<link rel=\"canonical\" href=\"https:\/\/www.ladiagonale.net\/index.php\/2025\/02\/21\/hutter-nous-avons-un-niveau-proche-de-celui-du-debut-de-saison\/\" \/>\n<meta property=\"og:locale\" content=\"fr_FR\" \/>\n<meta property=\"og:type\" content=\"article\" \/>\n<meta property=\"og:title\" content=\"H\u00fctter : \u00ab&nbsp;Nous avons un niveau proche de celui du d\u00e9but de saison&nbsp;\u00bb - La Diagonale\" \/>\n<meta property=\"og:description\" content=\"L\u2019AS Monaco n\u2019a plus que la Ligue 1 \u00e0 jouer cette saison, apr\u00e8s son \u00e9limination contre Benfica en Ligue des champions. Pour Adi H\u00fctter, et alors que Lille se profile, l\u2019heure est d\u00e9sormais \u00e0 ce qui semble \u00eatre le d\u00e9but du sprint final. Selon l\u2019entra\u00eeneur autrichien, Monaco l\u2019aborde dans de bonnes dispositions : \u00ab\u00a0Je pense [...]\" \/>\n<meta property=\"og:url\" content=\"https:\/\/www.ladiagonale.net\/index.php\/2025\/02\/21\/hutter-nous-avons-un-niveau-proche-de-celui-du-debut-de-saison\/\" \/>\n<meta property=\"og:site_name\" content=\"La Diagonale\" \/>\n<meta property=\"article:published_time\" content=\"2025-02-21T17:26:54+00:00\" \/>\n<meta property=\"article:modified_time\" content=\"2025-02-21T17:26:55+00:00\" \/>\n<meta property=\"og:image\" content=\"https:\/\/www.ladiagonale.net\/wp-content\/uploads\/2024\/07\/Hu\u0308tter-training.png\" \/>\n\t<meta property=\"og:image:width\" content=\"1160\" \/>\n\t<meta property=\"og:image:height\" content=\"650\" \/>\n\t<meta property=\"og:image:type\" content=\"image\/png\" \/>\n<meta name=\"author\" content=\"Damien Dellerba\" \/>\n<meta name=\"twitter:card\" content=\"summary_large_image\" \/>\n<meta name=\"twitter:image\" content=\"https:\/\/www.ladiagonale.net\/wp-content\/uploads\/2024\/07\/Hu\u0308tter-training.png\" \/>\n<meta name=\"twitter:label1\" content=\"\u00c9crit par\" \/>\n\t<meta name=\"twitter:data1\" content=\"Damien Dellerba\" \/>\n\t<meta name=\"twitter:label2\" content=\"Dur\u00e9e de lecture estim\u00e9e\" \/>\n\t<meta name=\"twitter:data2\" content=\"2 minutes\" \/>\n<script type=\"application\/ld+json\" class=\"yoast-schema-graph\">{\"@context\":\"https:\/\/schema.org\",\"@graph\":[{\"@type\":\"WebPage\",\"@id\":\"https:\/\/www.ladiagonale.net\/index.php\/2025\/02\/21\/hutter-nous-avons-un-niveau-proche-de-celui-du-debut-de-saison\/\",\"url\":\"https:\/\/www.ladiagonale.net\/index.php\/2025\/02\/21\/hutter-nous-avons-un-niveau-proche-de-celui-du-debut-de-saison\/\",\"name\":\"H\u00fctter : \u00ab&nbsp;Nous avons un niveau proche de celui du d\u00e9but de saison&nbsp;\u00bb - La Diagonale\",\"isPartOf\":{\"@id\":\"https:\/\/www.ladiagonale.net\/#website\"},\"datePublished\":\"2025-02-21T17:26:54+00:00\",\"dateModified\":\"2025-02-21T17:26:55+00:00\",\"author\":{\"@id\":\"https:\/\/www.ladiagonale.net\/#\/schema\/person\/79ff1e7b0853ed01b2aa26e64ad300bf\"},\"breadcrumb\":{\"@id\":\"https:\/\/www.ladiagonale.net\/index.php\/2025\/02\/21\/hutter-nous-avons-un-niveau-proche-de-celui-du-debut-de-saison\/#breadcrumb\"},\"inLanguage\":\"fr-FR\",\"potentialAction\":[{\"@type\":\"ReadAction\",\"target\":[\"https:\/\/www.ladiagonale.net\/index.php\/2025\/02\/21\/hutter-nous-avons-un-niveau-proche-de-celui-du-debut-de-saison\/\"]}]},{\"@type\":\"BreadcrumbList\",\"@id\":\"https:\/\/www.ladiagonale.net\/index.php\/2025\/02\/21\/hutter-nous-avons-un-niveau-proche-de-celui-du-debut-de-saison\/#breadcrumb\",\"itemListElement\":[{\"@type\":\"ListItem\",\"position\":1,\"name\":\"Accueil\",\"item\":\"https:\/\/www.ladiagonale.net\/\"},{\"@type\":\"ListItem\",\"position\":2,\"name\":\"H\u00fctter : \u00ab&nbsp;Nous avons un niveau proche de celui du d\u00e9but de saison&nbsp;\u00bb\"}]},{\"@type\":\"WebSite\",\"@id\":\"https:\/\/www.ladiagonale.net\/#website\",\"url\":\"https:\/\/www.ladiagonale.net\/\",\"name\":\"La Diagonale\",\"description\":\"Le site des supporters de l&#039;AS Monaco FC\",\"potentialAction\":[{\"@type\":\"SearchAction\",\"target\":{\"@type\":\"EntryPoint\",\"urlTemplate\":\"https:\/\/www.ladiagonale.net\/?s={search_term_string}\"},\"query-input\":\"required name=search_term_string\"}],\"inLanguage\":\"fr-FR\"},{\"@type\":\"Person\",\"@id\":\"https:\/\/www.ladiagonale.net\/#\/schema\/person\/79ff1e7b0853ed01b2aa26e64ad300bf\",\"name\":\"Damien Dellerba\",\"image\":{\"@type\":\"ImageObject\",\"inLanguage\":\"fr-FR\",\"@id\":\"https:\/\/www.ladiagonale.net\/#\/schema\/person\/image\/\",\"url\":\"https:\/\/secure.gravatar.com\/avatar\/c7850e06d3ff63cdbaee88b7fc16e2f0?s=96&d=mm&r=g\",\"contentUrl\":\"https:\/\/secure.gravatar.com\/avatar\/c7850e06d3ff63cdbaee88b7fc16e2f0?s=96&d=mm&r=g\",\"caption\":\"Damien Dellerba\"},\"url\":\"https:\/\/www.ladiagonale.net\/index.php\/author\/damien\/\"}]}<\/script>\n<!-- \/ Yoast SEO plugin. -->","yoast_head_json":{"title":"H\u00fctter : \u00ab&nbsp;Nous avons un niveau proche de celui du d\u00e9but de saison&nbsp;\u00bb - La Diagonale","robots":{"index":"index","follow":"follow","max-snippet":"max-snippet:-1","max-image-preview":"max-image-preview:large","max-video-preview":"max-video-preview:-1"},"canonical":"https:\/\/www.ladiagonale.net\/index.php\/2025\/02\/21\/hutter-nous-avons-un-niveau-proche-de-celui-du-debut-de-saison\/","og_locale":"fr_FR","og_type":"article","og_title":"H\u00fctter : \u00ab&nbsp;Nous avons un niveau proche de celui du d\u00e9but de saison&nbsp;\u00bb - La Diagonale","og_description":"L\u2019AS Monaco n\u2019a plus que la Ligue 1 \u00e0 jouer cette saison, apr\u00e8s son \u00e9limination contre Benfica en Ligue des champions. Pour Adi H\u00fctter, et alors que Lille se profile, l\u2019heure est d\u00e9sormais \u00e0 ce qui semble \u00eatre le d\u00e9but du sprint final. Selon l\u2019entra\u00eeneur autrichien, Monaco l\u2019aborde dans de bonnes dispositions : \u00ab\u00a0Je pense [...]","og_url":"https:\/\/www.ladiagonale.net\/index.php\/2025\/02\/21\/hutter-nous-avons-un-niveau-proche-de-celui-du-debut-de-saison\/","og_site_name":"La Diagonale","article_published_time":"2025-02-21T17:26:54+00:00","article_modified_time":"2025-02-21T17:26:55+00:00","og_image":[{"width":1160,"height":650,"url":"https:\/\/www.ladiagonale.net\/wp-content\/uploads\/2024\/07\/Hu\u0308tter-training.png","type":"image\/png"}],"author":"Damien Dellerba","twitter_card":"summary_large_image","twitter_image":"https:\/\/www.ladiagonale.net\/wp-content\/uploads\/2024\/07\/Hu\u0308tter-training.png","twitter_misc":{"\u00c9crit par":"Damien Dellerba","Dur\u00e9e de lecture estim\u00e9e":"2 minutes"},"schema":{"@context":"https:\/\/schema.org","@graph":[{"@type":"WebPage","@id":"https:\/\/www.ladiagonale.net\/index.php\/2025\/02\/21\/hutter-nous-avons-un-niveau-proche-de-celui-du-debut-de-saison\/","url":"https:\/\/www.ladiagonale.net\/index.php\/2025\/02\/21\/hutter-nous-avons-un-niveau-proche-de-celui-du-debut-de-saison\/","name":"H\u00fctter : \u00ab&nbsp;Nous avons un niveau proche de celui du d\u00e9but de saison&nbsp;\u00bb - La Diagonale","isPartOf":{"@id":"https:\/\/www.ladiagonale.net\/#website"},"datePublished":"2025-02-21T17:26:54+00:00","dateModified":"2025-02-21T17:26:55+00:00","author":{"@id":"https:\/\/www.ladiagonale.net\/#\/schema\/person\/79ff1e7b0853ed01b2aa26e64ad300bf"},"breadcrumb":{"@id":"https:\/\/www.ladiagonale.net\/index.php\/2025\/02\/21\/hutter-nous-avons-un-niveau-proche-de-celui-du-debut-de-saison\/#breadcrumb"},"inLanguage":"fr-FR","potentialAction":[{"@type":"ReadAction","target":["https:\/\/www.ladiagonale.net\/index.php\/2025\/02\/21\/hutter-nous-avons-un-niveau-proche-de-celui-du-debut-de-saison\/"]}]},{"@type":"BreadcrumbList","@id":"https:\/\/www.ladiagonale.net\/index.php\/2025\/02\/21\/hutter-nous-avons-un-niveau-proche-de-celui-du-debut-de-saison\/#breadcrumb","itemListElement":[{"@type":"ListItem","position":1,"name":"Accueil","item":"https:\/\/www.ladiagonale.net\/"},{"@type":"ListItem","position":2,"name":"H\u00fctter : \u00ab&nbsp;Nous avons un niveau proche de celui du d\u00e9but de saison&nbsp;\u00bb"}]},{"@type":"WebSite","@id":"https:\/\/www.ladiagonale.net\/#website","url":"https:\/\/www.ladiagonale.net\/","name":"La Diagonale","description":"Le site des supporters de l&#039;AS Monaco FC","potentialAction":[{"@type":"SearchAction","target":{"@type":"EntryPoint","urlTemplate":"https:\/\/www.ladiagonale.net\/?s={search_term_string}"},"query-input":"required name=search_term_string"}],"inLanguage":"fr-FR"},{"@type":"Person","@id":"https:\/\/www.ladiagonale.net\/#\/schema\/person\/79ff1e7b0853ed01b2aa26e64ad300bf","name":"Damien Dellerba","image":{"@type":"ImageObject","inLanguage":"fr-FR","@id":"https:\/\/www.ladiagonale.net\/#\/schema\/person\/image\/","url":"https:\/\/secure.gravatar.com\/avatar\/c7850e06d3ff63cdbaee88b7fc16e2f0?s=96&d=mm&r=g","contentUrl":"https:\/\/secure.gravatar.com\/avatar\/c7850e06d3ff63cdbaee88b7fc16e2f0?s=96&d=mm&r=g","caption":"Damien Dellerba"},"url":"https:\/\/www.ladiagonale.net\/index.php\/author\/damien\/"}]}},"_links":{"self":[{"href":"https:\/\/www.ladiagonale.net\/index.php\/wp-json\/wp\/v2\/posts\/29999"}],"collection":[{"href":"https:\/\/www.ladiagonale.net\/index.php\/wp-json\/wp\/v2\/posts"}],"about":[{"href":"https:\/\/www.ladiagonale.net\/index.php\/wp-json\/wp\/v2\/types\/post"}],"author":[{"embeddable":true,"href":"https:\/\/www.ladiagonale.net\/index.php\/wp-json\/wp\/v2\/users\/2"}],"replies":[{"embeddable":true,"href":"https:\/\/www.ladiagonale.net\/index.php\/wp-json\/wp\/v2\/comments?post=29999"}],"version-history":[{"count":1,"href":"https:\/\/www.ladiagonale.net\/index.php\/wp-json\/wp\/v2\/posts\/29999\/revisions"}],"predecessor-version":[{"id":30000,"href":"https:\/\/www.ladiagonale.net\/index.php\/wp-json\/wp\/v2\/posts\/29999\/revisions\/30000"}],"wp:attachment":[{"href":"https:\/\/www.ladiagonale.net\/index.php\/wp-json\/wp\/v2\/media?parent=29999"}],"wp:term":[{"taxonomy":"category","embeddable":true,"href":"https:\/\/www.ladiagonale.net\/index.php\/wp-json\/wp\/v2\/categories?post=29999"},{"taxonomy":"post_tag","embeddable":true,"href":"https:\/\/www.ladiagonale.net\/index.php\/wp-json\/wp\/v2\/tags?post=29999"}],"curies":[{"name":"wp","href":"https:\/\/api.w.org\/{rel}","templated":true}]}}