{"id":30081,"date":"2025-02-28T07:08:39","date_gmt":"2025-02-28T06:08:39","guid":{"rendered":"https:\/\/www.ladiagonale.net\/?p=30081"},"modified":"2025-02-28T07:13:33","modified_gmt":"2025-02-28T06:13:33","slug":"le-coupable-ideal","status":"publish","type":"post","link":"https:\/\/www.ladiagonale.net\/index.php\/2025\/02\/28\/le-coupable-ideal\/","title":{"rendered":"Le coupable id\u00e9al ?"},"content":{"rendered":"\n<p>En perdant sa place sur le banc des Rangers dimanche soir, Philippe Clement s\u2019est rappel\u00e9 au bon souvenir des supporters mon\u00e9gasques. Son licenciement a aussi raviv\u00e9 la pens\u00e9e que certaines choses sont fragiles dans ce monde et le poste d\u2019entra\u00eeneur \u00e0 l\u2019AS Monaco en fait partie. Depuis plusieurs semaines, la grogne s\u2019accentue du c\u00f4t\u00e9 des supporters et les interrogations fleurissent sur la capacit\u00e9 de son successeur Adi H\u00fctter \u00e0 corriger le tir. De quoi faire sortir de sa r\u00e9serve l\u2019\u00e9tat-major du club de la Principaut\u00e9, qui s\u2019est publiquement positionn\u00e9 \u00e0 plusieurs reprises pour soutenir son technicien, quitte \u00e0 laisser para\u00eetre une pointe d\u2019agacement m\u00eal\u00e9e \u00e0 une forme d\u2019incompr\u00e9hension sur ce qui est per\u00e7u comme une envie de changement.<\/p>\n\n\n\n<p>Le Directeur g\u00e9n\u00e9ral Thiago Scuro ne semble pas dispos\u00e9 \u00e0 l\u00e2cher son entra\u00eeneur, dont il vient de renouveler le contrat pour deux saisons, jusqu\u2019en 2027, et ce n\u2019est pas une mauvaise chose en soi que de voir un peu de stabilit\u00e9 \u00e0 ce poste, m\u00eame s\u2019il serait sans doute aussi un peu difficile pour lui de se d\u00e9savouer aussi rapidement. C\u2019\u00e9tait en tout cas l\u2019un des griefs \u00e9nonc\u00e9s par le Br\u00e9silien face \u00e0 <em>Nice-Matin<\/em>, lui qui aspire \u00e0 sortir d\u2019une vision court-termiste&nbsp;: <em>\u00ab Quand je suis arriv\u00e9 \u00e0 Monaco, vous reprochiez au club de ne pas avoir de stabilit\u00e9, \u00ab\u00a0Le pr\u00e9sident est toujours en train de virer l\u2019entra\u00eeneur\u00a0\u00bb disiez-vous. Mais d\u00e8s qu\u2019on a des d\u00e9faites, une passe n\u00e9gative ou qu\u2019on manque de points, vous parlez de licencier l\u2019entra\u00eeneur\u2026 \u00bb.<\/em><\/p>\n\n\n\n<p>Il faut dire que depuis de nombreuses semaines, les r\u00e9sultats de l\u2019AS Monaco ne sont gu\u00e8re encourageants, entre \u00e9liminations en Europe et en Coupe de France et chute du podium en championnat. Quelques soubresauts par-ci par-l\u00e0, comme une victoire pleine de r\u00e9silience face \u00e0 Aston Villa (1-0, le 21 janvier) ou un feu d\u2019artifice contre Nantes (7-1, le 15 f\u00e9vrier), sorte de cache-mis\u00e8re d\u2019un lent d\u00e9clin entam\u00e9 en novembre. Comme souvent, en pareil cas, le premier fusible \u00e0 sauter est celui de l\u2019entra\u00eeneur. Il n\u2019y a certes pas encore urgence, et il est encore un peu t\u00f4t pour faire le bilan d\u2019une saison du centenaire qu\u2019on esp\u00e9rait plus festive, mais la rencontre face \u00e0 Reims ce vendredi, contre une \u00e9quipe qui a jou\u00e9 il y a trois jours et qui est en mauvaise posture en Ligue 1, doit marquer le d\u00e9but d\u2019une nouvelle dynamique.<\/p>\n\n\n\n<h3>Des limites face aux gros<\/h3>\n\n\n\n<p>Fort heureusement pour Monaco, Reims est une \u00e9quipe qui appara\u00eet comme bien malade, et il vaut mieux cela qu\u2019une \u00e9quipe du top 5 du championnat pour tenter de se relancer. Les chiffres sont assez s\u00e9v\u00e8res pour le club du Rocher, qui n\u2019a pris qu\u2019un seul point sur 18 contre Paris, Marseille, Nice et Lille cette saison. On pourrait aussi mentionner les corrections inflig\u00e9es par Arsenal et l\u2019Inter (0-3) en Ligue des champions ou encore la d\u00e9faite au Troph\u00e9e des champions contre Paris (0-1) apr\u00e8s avoir subi les vagues pendant la plus grande partie de la rencontre.<\/p>\n\n\n\n<p>Avec autant de d\u00e9convenues qui montrent qu\u2019il ne suffit pas d\u2019\u00eatre forts avec les faibles pour terminer sur le podium, la question de la pr\u00e9paration de ces matches \u00e0 enjeu se pose forc\u00e9ment. Et elle ne peut pas exon\u00e9rer l\u2019entra\u00eeneur de cette responsabilit\u00e9, m\u00eame s\u2019il peut para\u00eetre ingrat de faire porter le chapeau \u00e0 un seul homme quand les comp\u00e9tences et les missions sont dilu\u00e9es dans un staff fourni. <\/p>\n\n\n\n<p>Reste que comme l\u2019attaquant sur le terrain qui est en bout de cha\u00eene pour conclure les actions, l\u2019entra\u00eeneur a cette responsabilit\u00e9 d\u2019agencer toutes les briques pour que la performance soit au rendez-vous. Et dans les gros matches, le compte n\u2019y est pas, m\u00eame si, comme s\u2019est d\u00e9fendu Scuro, <em>\u00ab&nbsp;la responsabilit\u00e9 des r\u00e9sultats n\u2019appartient pas qu\u2019\u00e0 l\u2019entra\u00eeneur.<\/em> <em>Elle appartient au staff, elle m\u2019appartient et elle appartient aux joueurs aussi.&nbsp;\u00bb<\/em><\/p>\n\n\n\n<h3>Une accumulation d\u2019erreurs individuelles<\/h3>\n\n\n\n<p>Cette saison, Monaco peut regretter les erreurs d\u00e9fensives et les boulettes de son arri\u00e8re-garde. Entre cartons rouges qui ont mis l\u2019\u00e9quipe en difficult\u00e9 (Singo et Al-Musrati face \u00e0 Benfica), p\u00e9naltys conc\u00e9d\u00e9s (Zakaria contre l\u2019Inter, Mawissa \u00e0 Marseille) ou encore relances rat\u00e9es et mauvais alignements, les Rouge et Blanc ont offert un panel relativement exhaustif de tout ce qu\u2019il ne faut pas faire pour gagner des matches et ont donn\u00e9 le sentiment d\u2019un sabordage quasi permanent. Le dernier ne remonte pas plus loin qu\u2019au match pr\u00e9c\u00e9dent, face \u00e0 Lille, avec une erreur de relance de Wilfried Singo. Des situations qui tendent \u00e0 se r\u00e9p\u00e9ter et qui fragilisent l\u2019\u00e9difice.<\/p>\n\n\n\n<p>La part d\u2019erreurs individuelles est cons\u00e9quente cette saison et son influence n\u00e9faste sur les r\u00e9sultats actuels serait \u00e0 m\u00eame de d\u00e9douaner l\u2019Autrichien. Mais ce serait sans doute faire fi que certaines de ces erreurs ne sont pas imputables \u00e0 la seule responsabilit\u00e9 des joueurs, fut-elle plus importante quand m\u00eame. Le travail tactique de l\u2019entra\u00eeneur et du staff, la mise en place, les principes de jeu et plus largement circuits de passes, d\u00e9placements, prises d\u2019information et prises de d\u00e9cision sont des choses qui se travaillent \u00e0 l\u2019entra\u00eenement. Il est aussi de la mission de l\u2019entra\u00eeneur d\u2019essayer d\u2019en anticiper le plus possible pour \u00e9viter de mettre les joueurs dans l\u2019inconfort et leur donner le plus de cl\u00e9s pour prendre la bonne d\u00e9cision.<\/p>\n\n\n\n<p>Avant Lille, la r\u00e9ponse de Thilo Kehrer avait de quoi laisser songeur : \u00ab&nbsp;<em>C\u2019est particulier car il n\u2019y a pas forc\u00e9ment d\u2019autres cas exactement similaires cette saison.<\/em>&nbsp;\u00bb Dans ce contexte, difficile de voir dans l&rsquo;erreur de Singo \u00e0 Lille quelque chose de purement fortuit. Et ceux qui en font le reproche \u00e0 l&rsquo;entra\u00eeneur ne sont pas non plus totalement dans le faux. Preuve en est avec Thiago Scuro qui est encore venu au secours d&rsquo;H\u00fctter : <em>\u00ab&nbsp;Adi fait des r\u00e9unions uniquement avec les d\u00e9fenseurs pour essayer de leur fournir des solutions, qu\u2019ils soient plus s\u00fbrs et prennent moins de risques, comme celui qu\u2019on a pris \u00e0 Lille en essayant de jouer dans une zone dangereuse sans \u00eatre organis\u00e9s.&nbsp;\u00bb<\/em><\/p>\n\n\n\n<p>Reste que Adi H\u00fctter est fid\u00e8le \u00e0 ses principes, et c&rsquo;est tout \u00e0 son honneur. Il veut avant tout voir une \u00e9quipe joueuse, capable de se procurer beaucoup d\u2019occasions et de marquer beaucoup de buts. Si tous les matches ne sont pas aboutis de ce point de vue, on peut globalement remarquer une constance dans le nombre d&rsquo;<em>expected goals<\/em> offensifs cette saison, et la grande maladresse de ses attaquants n&rsquo;a souvent pas permis d&rsquo;obtenir des victoires m\u00e9rit\u00e9es ou plus larges et a contribu\u00e9 \u00e0 laisser l&rsquo;\u00e9quipe sous la menace. Mais cela n&rsquo;explique pas le nombre d&rsquo;<em>expected goals<\/em> conc\u00e9d\u00e9s qui a augment\u00e9 de fa\u00e7on spectaculaire et la perte de cette assurance et s\u00e9r\u00e9nit\u00e9 d\u00e9fensives vues en d\u00e9but de saison.<\/p>\n\n\n\n<blockquote class=\"twitter-tweet\"><p lang=\"fr\" dir=\"ltr\">Tr\u00e8s int\u00e9ressante au passage l&rsquo;\u00e9volution des xG sur la saison de l&rsquo;<a href=\"https:\/\/twitter.com\/AS_Monaco?ref_src=twsrc%5Etfw\">@AS_Monaco<\/a>. <a href=\"https:\/\/twitter.com\/hashtag\/LOSCASM?src=hash&amp;ref_src=twsrc%5Etfw\">#LOSCASM<\/a> <br><br>\ud83d\udd35 xG pour<br>\ud83d\udd34 xG contre<br><br>Difficile de mieux illustrer les probl\u00e8mes d\u00e9fensifs de l&rsquo;ASM alors que l&rsquo;attaque est d&rsquo;une r\u00e9gularit\u00e9 impressionnante depuis ao\u00fbt. <a href=\"https:\/\/twitter.com\/hashtag\/ASM?src=hash&amp;ref_src=twsrc%5Etfw\">#ASM<\/a> <a href=\"https:\/\/t.co\/t5AL7Mn9UB\">pic.twitter.com\/t5AL7Mn9UB<\/a><\/p>\u2014 Florent Toniutti (@FlorentToniutti) <a href=\"https:\/\/twitter.com\/FlorentToniutti\/status\/1893342758447767870?ref_src=twsrc%5Etfw\">February 22, 2025<\/a><\/blockquote> <script async=\"\" src=\"https:\/\/platform.twitter.com\/widgets.js\" charset=\"utf-8\"><\/script>\n\n\n\n<h3>Un effectif trop juste<\/h3>\n\n\n\n<p>Le mercato hivernal a permis \u00e0 Monaco de recruter deux joueurs, avec des moyens limit\u00e9s. L\u2019ASM a attir\u00e9 Mika Biereth, d\u00e9j\u00e0 auteur de deux tripl\u00e9s, et a fait venir en pr\u00eat Moatasem al-Musrati. De quoi donner plus d\u2019options \u00e0 son entra\u00eeneur, qui, il faut le dire, commen\u00e7ait \u00e0 en manquer cruellement. En attaque, les deux blessures de Balogun sont de l\u2019ordre de la malchance, et combin\u00e9es \u00e0 la maladresse chronique de Breel Embolo devant le but, elles pouvaient difficilement \u00eatre anticip\u00e9es, m\u00eame si la saison derni\u00e8re et son lot de graves blessures avaient montr\u00e9 qu\u2019il fallait \u00eatre en capacit\u00e9 de se pr\u00e9parer au pire.<\/p>\n\n\n\n<p>En revanche, l\u2019arriv\u00e9e d\u2019un renfort au milieu \u00e9tait absolument indispensable et c\u2019est sur ce point que la plus grosse erreur a \u00e9t\u00e9 sans doute commise durant l&rsquo;\u00e9t\u00e9. Avec une comp\u00e9tition en plus \u00e0 jouer cette saison par rapport \u00e0 la pr\u00e9c\u00e9dente, et pas n&rsquo;importe laquelle, il \u00e9tait inconcevable de partir avec un duo compos\u00e9 de Denis Zakaria, r\u00e9put\u00e9 pour sa fragilit\u00e9, et Lamine Camara, un tr\u00e8s jeune \u00e9l\u00e9ment au milieu qui doit confirmer apr\u00e8s une premi\u00e8re saison en pro \u00e0 jouer le maintien avec Metz. Et encore moins avec Soungoutou Magassa, comme troisi\u00e8me option, m\u00eame s&rsquo;il a montr\u00e9 des progr\u00e8s. <\/p>\n\n\n\n<p>Les absences r\u00e9p\u00e9t\u00e9es du capitaine pour cause de blessures ont probablement \u00e9t\u00e9 un \u00e9l\u00e9ment d\u00e9clencheur de la spirale n\u00e9gative, du doute qui s\u2019est install\u00e9, et de la perte de confiance et de rep\u00e8res. Et sur ces points, Adi H\u00fctter n&rsquo;y pouvait pas grand-chose, oblig\u00e9 de bricoler et de m\u00e9nager les \u00e9tats de forme des uns et des autres en devant jouer tous les trois jours. Ce n&rsquo;est d\u00e9sormais plus le cas et il reste 11 matches et du temps pour r\u00e9gler tout \u00e7a afin de retrouver une place sur le podium, et pour H\u00fctter, garder la sienne sous le soleil.<\/p>\n","protected":false},"excerpt":{"rendered":"<p>En perdant sa place sur le banc des Rangers dimanche soir, Philippe Clement s\u2019est rappel\u00e9 au bon souvenir des supporters mon\u00e9gasques. Son licenciement a aussi raviv\u00e9 la pens\u00e9e que certaines choses sont fragiles dans ce monde et le poste d\u2019entra\u00eeneur \u00e0 l\u2019AS Monaco en fait partie. Depuis plusieurs semaines, la grogne s\u2019accentue du c\u00f4t\u00e9 des [&#8230;]\n","protected":false},"author":2,"featured_media":30082,"comment_status":"open","ping_status":"open","sticky":false,"template":"","format":"standard","meta":[],"categories":[5,6],"tags":[576,86],"yoast_head":"<!-- This site is optimized with the Yoast SEO plugin v19.8 - https:\/\/yoast.com\/wordpress\/plugins\/seo\/ -->\n<title>Le coupable id\u00e9al ? - La Diagonale<\/title>\n<meta name=\"robots\" content=\"index, follow, max-snippet:-1, max-image-preview:large, max-video-preview:-1\" \/>\n<link rel=\"canonical\" href=\"https:\/\/www.ladiagonale.net\/index.php\/2025\/02\/28\/le-coupable-ideal\/\" \/>\n<meta property=\"og:locale\" content=\"fr_FR\" \/>\n<meta property=\"og:type\" content=\"article\" \/>\n<meta property=\"og:title\" content=\"Le coupable id\u00e9al ? - La Diagonale\" \/>\n<meta property=\"og:description\" content=\"En perdant sa place sur le banc des Rangers dimanche soir, Philippe Clement s\u2019est rappel\u00e9 au bon souvenir des supporters mon\u00e9gasques. Son licenciement a aussi raviv\u00e9 la pens\u00e9e que certaines choses sont fragiles dans ce monde et le poste d\u2019entra\u00eeneur \u00e0 l\u2019AS Monaco en fait partie. Depuis plusieurs semaines, la grogne s\u2019accentue du c\u00f4t\u00e9 des [...]\" \/>\n<meta property=\"og:url\" content=\"https:\/\/www.ladiagonale.net\/index.php\/2025\/02\/28\/le-coupable-ideal\/\" \/>\n<meta property=\"og:site_name\" content=\"La Diagonale\" \/>\n<meta property=\"article:published_time\" content=\"2025-02-28T06:08:39+00:00\" \/>\n<meta property=\"article:modified_time\" content=\"2025-02-28T06:13:33+00:00\" \/>\n<meta property=\"og:image\" content=\"https:\/\/www.ladiagonale.net\/wp-content\/uploads\/2025\/02\/hutter-coupable.png\" \/>\n\t<meta property=\"og:image:width\" content=\"1160\" \/>\n\t<meta property=\"og:image:height\" content=\"650\" \/>\n\t<meta property=\"og:image:type\" content=\"image\/png\" \/>\n<meta name=\"author\" content=\"Damien Dellerba\" \/>\n<meta name=\"twitter:card\" content=\"summary_large_image\" \/>\n<meta name=\"twitter:image\" content=\"https:\/\/www.ladiagonale.net\/wp-content\/uploads\/2025\/02\/hutter-coupable.png\" \/>\n<meta name=\"twitter:label1\" content=\"\u00c9crit par\" \/>\n\t<meta name=\"twitter:data1\" content=\"Damien Dellerba\" \/>\n\t<meta name=\"twitter:label2\" content=\"Dur\u00e9e de lecture estim\u00e9e\" \/>\n\t<meta name=\"twitter:data2\" content=\"8 minutes\" \/>\n<script type=\"application\/ld+json\" class=\"yoast-schema-graph\">{\"@context\":\"https:\/\/schema.org\",\"@graph\":[{\"@type\":\"WebPage\",\"@id\":\"https:\/\/www.ladiagonale.net\/index.php\/2025\/02\/28\/le-coupable-ideal\/\",\"url\":\"https:\/\/www.ladiagonale.net\/index.php\/2025\/02\/28\/le-coupable-ideal\/\",\"name\":\"Le coupable id\u00e9al ? - La Diagonale\",\"isPartOf\":{\"@id\":\"https:\/\/www.ladiagonale.net\/#website\"},\"datePublished\":\"2025-02-28T06:08:39+00:00\",\"dateModified\":\"2025-02-28T06:13:33+00:00\",\"author\":{\"@id\":\"https:\/\/www.ladiagonale.net\/#\/schema\/person\/79ff1e7b0853ed01b2aa26e64ad300bf\"},\"breadcrumb\":{\"@id\":\"https:\/\/www.ladiagonale.net\/index.php\/2025\/02\/28\/le-coupable-ideal\/#breadcrumb\"},\"inLanguage\":\"fr-FR\",\"potentialAction\":[{\"@type\":\"ReadAction\",\"target\":[\"https:\/\/www.ladiagonale.net\/index.php\/2025\/02\/28\/le-coupable-ideal\/\"]}]},{\"@type\":\"BreadcrumbList\",\"@id\":\"https:\/\/www.ladiagonale.net\/index.php\/2025\/02\/28\/le-coupable-ideal\/#breadcrumb\",\"itemListElement\":[{\"@type\":\"ListItem\",\"position\":1,\"name\":\"Accueil\",\"item\":\"https:\/\/www.ladiagonale.net\/\"},{\"@type\":\"ListItem\",\"position\":2,\"name\":\"Le coupable id\u00e9al ?\"}]},{\"@type\":\"WebSite\",\"@id\":\"https:\/\/www.ladiagonale.net\/#website\",\"url\":\"https:\/\/www.ladiagonale.net\/\",\"name\":\"La Diagonale\",\"description\":\"Le site des supporters de l&#039;AS Monaco FC\",\"potentialAction\":[{\"@type\":\"SearchAction\",\"target\":{\"@type\":\"EntryPoint\",\"urlTemplate\":\"https:\/\/www.ladiagonale.net\/?s={search_term_string}\"},\"query-input\":\"required name=search_term_string\"}],\"inLanguage\":\"fr-FR\"},{\"@type\":\"Person\",\"@id\":\"https:\/\/www.ladiagonale.net\/#\/schema\/person\/79ff1e7b0853ed01b2aa26e64ad300bf\",\"name\":\"Damien Dellerba\",\"image\":{\"@type\":\"ImageObject\",\"inLanguage\":\"fr-FR\",\"@id\":\"https:\/\/www.ladiagonale.net\/#\/schema\/person\/image\/\",\"url\":\"https:\/\/secure.gravatar.com\/avatar\/c7850e06d3ff63cdbaee88b7fc16e2f0?s=96&d=mm&r=g\",\"contentUrl\":\"https:\/\/secure.gravatar.com\/avatar\/c7850e06d3ff63cdbaee88b7fc16e2f0?s=96&d=mm&r=g\",\"caption\":\"Damien Dellerba\"},\"url\":\"https:\/\/www.ladiagonale.net\/index.php\/author\/damien\/\"}]}<\/script>\n<!-- \/ Yoast SEO plugin. -->","yoast_head_json":{"title":"Le coupable id\u00e9al ? - La Diagonale","robots":{"index":"index","follow":"follow","max-snippet":"max-snippet:-1","max-image-preview":"max-image-preview:large","max-video-preview":"max-video-preview:-1"},"canonical":"https:\/\/www.ladiagonale.net\/index.php\/2025\/02\/28\/le-coupable-ideal\/","og_locale":"fr_FR","og_type":"article","og_title":"Le coupable id\u00e9al ? - La Diagonale","og_description":"En perdant sa place sur le banc des Rangers dimanche soir, Philippe Clement s\u2019est rappel\u00e9 au bon souvenir des supporters mon\u00e9gasques. Son licenciement a aussi raviv\u00e9 la pens\u00e9e que certaines choses sont fragiles dans ce monde et le poste d\u2019entra\u00eeneur \u00e0 l\u2019AS Monaco en fait partie. Depuis plusieurs semaines, la grogne s\u2019accentue du c\u00f4t\u00e9 des [...]","og_url":"https:\/\/www.ladiagonale.net\/index.php\/2025\/02\/28\/le-coupable-ideal\/","og_site_name":"La Diagonale","article_published_time":"2025-02-28T06:08:39+00:00","article_modified_time":"2025-02-28T06:13:33+00:00","og_image":[{"width":1160,"height":650,"url":"https:\/\/www.ladiagonale.net\/wp-content\/uploads\/2025\/02\/hutter-coupable.png","type":"image\/png"}],"author":"Damien Dellerba","twitter_card":"summary_large_image","twitter_image":"https:\/\/www.ladiagonale.net\/wp-content\/uploads\/2025\/02\/hutter-coupable.png","twitter_misc":{"\u00c9crit par":"Damien Dellerba","Dur\u00e9e de lecture estim\u00e9e":"8 minutes"},"schema":{"@context":"https:\/\/schema.org","@graph":[{"@type":"WebPage","@id":"https:\/\/www.ladiagonale.net\/index.php\/2025\/02\/28\/le-coupable-ideal\/","url":"https:\/\/www.ladiagonale.net\/index.php\/2025\/02\/28\/le-coupable-ideal\/","name":"Le coupable id\u00e9al ? - La Diagonale","isPartOf":{"@id":"https:\/\/www.ladiagonale.net\/#website"},"datePublished":"2025-02-28T06:08:39+00:00","dateModified":"2025-02-28T06:13:33+00:00","author":{"@id":"https:\/\/www.ladiagonale.net\/#\/schema\/person\/79ff1e7b0853ed01b2aa26e64ad300bf"},"breadcrumb":{"@id":"https:\/\/www.ladiagonale.net\/index.php\/2025\/02\/28\/le-coupable-ideal\/#breadcrumb"},"inLanguage":"fr-FR","potentialAction":[{"@type":"ReadAction","target":["https:\/\/www.ladiagonale.net\/index.php\/2025\/02\/28\/le-coupable-ideal\/"]}]},{"@type":"BreadcrumbList","@id":"https:\/\/www.ladiagonale.net\/index.php\/2025\/02\/28\/le-coupable-ideal\/#breadcrumb","itemListElement":[{"@type":"ListItem","position":1,"name":"Accueil","item":"https:\/\/www.ladiagonale.net\/"},{"@type":"ListItem","position":2,"name":"Le coupable id\u00e9al ?"}]},{"@type":"WebSite","@id":"https:\/\/www.ladiagonale.net\/#website","url":"https:\/\/www.ladiagonale.net\/","name":"La Diagonale","description":"Le site des supporters de l&#039;AS Monaco FC","potentialAction":[{"@type":"SearchAction","target":{"@type":"EntryPoint","urlTemplate":"https:\/\/www.ladiagonale.net\/?s={search_term_string}"},"query-input":"required name=search_term_string"}],"inLanguage":"fr-FR"},{"@type":"Person","@id":"https:\/\/www.ladiagonale.net\/#\/schema\/person\/79ff1e7b0853ed01b2aa26e64ad300bf","name":"Damien Dellerba","image":{"@type":"ImageObject","inLanguage":"fr-FR","@id":"https:\/\/www.ladiagonale.net\/#\/schema\/person\/image\/","url":"https:\/\/secure.gravatar.com\/avatar\/c7850e06d3ff63cdbaee88b7fc16e2f0?s=96&d=mm&r=g","contentUrl":"https:\/\/secure.gravatar.com\/avatar\/c7850e06d3ff63cdbaee88b7fc16e2f0?s=96&d=mm&r=g","caption":"Damien Dellerba"},"url":"https:\/\/www.ladiagonale.net\/index.php\/author\/damien\/"}]}},"_links":{"self":[{"href":"https:\/\/www.ladiagonale.net\/index.php\/wp-json\/wp\/v2\/posts\/30081"}],"collection":[{"href":"https:\/\/www.ladiagonale.net\/index.php\/wp-json\/wp\/v2\/posts"}],"about":[{"href":"https:\/\/www.ladiagonale.net\/index.php\/wp-json\/wp\/v2\/types\/post"}],"author":[{"embeddable":true,"href":"https:\/\/www.ladiagonale.net\/index.php\/wp-json\/wp\/v2\/users\/2"}],"replies":[{"embeddable":true,"href":"https:\/\/www.ladiagonale.net\/index.php\/wp-json\/wp\/v2\/comments?post=30081"}],"version-history":[{"count":8,"href":"https:\/\/www.ladiagonale.net\/index.php\/wp-json\/wp\/v2\/posts\/30081\/revisions"}],"predecessor-version":[{"id":30120,"href":"https:\/\/www.ladiagonale.net\/index.php\/wp-json\/wp\/v2\/posts\/30081\/revisions\/30120"}],"wp:featuredmedia":[{"embeddable":true,"href":"https:\/\/www.ladiagonale.net\/index.php\/wp-json\/wp\/v2\/media\/30082"}],"wp:attachment":[{"href":"https:\/\/www.ladiagonale.net\/index.php\/wp-json\/wp\/v2\/media?parent=30081"}],"wp:term":[{"taxonomy":"category","embeddable":true,"href":"https:\/\/www.ladiagonale.net\/index.php\/wp-json\/wp\/v2\/categories?post=30081"},{"taxonomy":"post_tag","embeddable":true,"href":"https:\/\/www.ladiagonale.net\/index.php\/wp-json\/wp\/v2\/tags?post=30081"}],"curies":[{"name":"wp","href":"https:\/\/api.w.org\/{rel}","templated":true}]}}