{"id":30110,"date":"2025-02-27T19:32:07","date_gmt":"2025-02-27T18:32:07","guid":{"rendered":"https:\/\/www.ladiagonale.net\/?p=30110"},"modified":"2025-02-28T01:42:09","modified_gmt":"2025-02-28T00:42:09","slug":"diawara-le-pire-moment-pour-jouer-contre-monaco","status":"publish","type":"post","link":"https:\/\/www.ladiagonale.net\/index.php\/2025\/02\/27\/diawara-le-pire-moment-pour-jouer-contre-monaco\/","title":{"rendered":"Diawara : \u00ab\u00a0Le pire moment pour jouer contre Monaco\u00a0\u00bb"},"content":{"rendered":"\n\n\n<p>Le Stade de Reims traverse une p\u00e9riode tr\u00e8s compliqu\u00e9e depuis de nombreux mois, m\u00eame si un rayon de soleil est apparu cette semaine avec la qualification pour les demi-finales de la Coupe de France. Mais la crise de r\u00e9sultats a eu pour cons\u00e9quence le renvoi de l\u2019entra\u00eeneur Luka Elsner, remplac\u00e9 par Samba Diawara, qui s\u2019est exprim\u00e9 en conf\u00e9rence de presse \u00e0 la veille de la rencontre face \u00e0 l\u2019AS Monaco. Le Technicien malien s\u2019attend \u00e0 une formation mon\u00e9gasque tr\u00e8s revancharde.<\/p>\n\n\n\n<p>\u00ab&nbsp;<em>Malgr\u00e9 l\u2019historique, qui peut para\u00eetre positif parce que les deux derni\u00e8res saisons on est all\u00e9s faire un r\u00e9sultat l\u00e0-bas (1-0, 3-1), je pense que c\u2019est le pire moment pour jouer contre Monaco<\/em>, a admis le Malien. <em>Tout simplement parce que c\u2019est une tr\u00e8s bonne \u00e9quipe. C\u2019est l\u2019\u00e9quipe la plus intense de Ligue 1, la plus performante sur coups de pied arr\u00eat\u00e9s, mais aussi pire moment parce qu\u2019ils viennent de perdre contre Lille et de se faire \u00e9liminer en Ligue des champions par Benfica. Et je pense qu\u2019en affrontant une \u00e9quipe qui vient de jouer trois jours avant, qui est en mauvaise posture, ils vont \u00eatre ultra pr\u00eats et motiv\u00e9s.<\/em>&nbsp;\u00bb<\/p>\n\n\n\n<p>Diawara estime que ses joueurs devront \u00eatre \u00e0 leur meilleur niveau pour ramener un r\u00e9sultat : \u00ab&nbsp;<em>Ce sera \u00e0 nous de nous mettre au niveau pour r\u00e9pondre \u00e0 cette adversit\u00e9. Mais c\u2019est clair qu\u2019on s\u2019attend \u00e0 une rencontre difficile. Il faut \u00eatre bons dans tous les secteurs et complets. On ne doit pas avoir de d\u00e9faillances. Il va falloir r\u00e9pondre athl\u00e9tiquement, refournir des efforts. Et au niveau tactique, contre ce genre d\u2019\u00e9quipes et ce genre de joueurs il faut \u00eatre tr\u00e8s pr\u00e9cis et commettre le moins d\u2019erreurs possibles. Techniquement, on ne peut pas g\u00e2cher, c\u2019est-\u00e0-dire rendre des ballons, et mentalement on ne peut pas abandonner. Sur tous les points on doit \u00eatre au summum.<\/em>&nbsp;\u00bb<\/p>\n\n\n\n<blockquote class=\"wp-block-quote\"><p>\u00ab <em>Contre ces joueurs-l\u00e0, avoir un joueur en moins c\u2019est tr\u00e8s, tr\u00e8s compliqu\u00e9. On pr\u00e9f\u00e9rerait m\u00eame en avoir 12, mais ce n\u2019est pas possible<\/em> \u00bb<\/p><cite>Samba Diawara, entra\u00eeneur de Reims, sur le fait de jouer en inf\u00e9riorit\u00e9 num\u00e9rique contre Monaco<\/cite><\/blockquote>\n\n\n\n<p>Le coach r\u00e9mois a d\u00e9crit ce \u00e0 quoi pourrait ressembler la rencontre et comment exploiter certains temps faibles de l&rsquo;ASM : \u00ab&nbsp;<em>On ne peut pas se permettre de faire bloc pendant tout un match. Apr\u00e8s, il y a le rapport de force impos\u00e9 par l\u2019adversaire. Notre volont\u00e9 sera \u00e9videmment d\u2019essayer de les emb\u00eater, les mettre dans une zone d\u2019inconfort, leur faire faire ce qu\u2019ils n\u2019aiment pas, mais pour cela, il faut qu\u2019on ait le ballon, qu\u2019on puisse le garder, ne pas le rendre quand on l\u2019a et qu\u2019on n\u2019est pas mis sous pression. On s\u2019attend \u00e0 \u00eatre mis sous pression mais on ne peut mettre la pression pendant tout un match. Il y a des moments o\u00f9 je pense qu\u2019on pourra faire circuler le ballon. \u00c0 nous de faire les bons choix, les bons mouvements, les bonnes courses et essayer de cr\u00e9er du danger.&nbsp;<\/em>\u00bb<\/p>\n\n\n\n<p>Vendredi dernier contre Rennes, les R\u00e9mois ont eu deux joueurs exclus, dont C\u00e9dric Kipr\u00e9 qui sera toujours suspendu. \u00c0 l&rsquo;image de Nantes face \u00e0 l&rsquo;ASM, il faudra \u00e9viter l&rsquo;inf\u00e9riorit\u00e9 num\u00e9rique : \u00ab&nbsp;<em>On l\u2019a vu il y a quelques jours contre Nantes, qui a tr\u00e8s bien d\u00e9but\u00e9 et s\u2019est malheureusement retrouv\u00e9 \u00e0 dix et a compl\u00e8tement sombr\u00e9. Une fois que la machine est lanc\u00e9e, \u00e7a peut aller tr\u00e8s, tr\u00e8s vite. \u00c0 nous d\u2019\u00eatre vigilants, faire en sorte de rester \u00e0 11, parce que contre ces joueurs-l\u00e0, avoir un joueur en moins c\u2019est tr\u00e8s, tr\u00e8s compliqu\u00e9. On pr\u00e9f\u00e9rerait m\u00eame en avoir 12, mais ce n\u2019est pas possible (rires). On doit jouer notre meilleure partition. On ne pourra pas se permettre de faire moins pour obtenir un r\u00e9sultat.<\/em> \u00bb<\/p>\n","protected":false},"excerpt":{"rendered":"<p>Le Stade de Reims traverse une p\u00e9riode tr\u00e8s compliqu\u00e9e depuis de nombreux mois, m\u00eame si un rayon de soleil est apparu cette semaine avec la qualification pour les demi-finales de la Coupe de France. Mais la crise de r\u00e9sultats a eu pour cons\u00e9quence le renvoi de l\u2019entra\u00eeneur Luka Elsner, remplac\u00e9 par Samba Diawara, qui s\u2019est [&#8230;]\n","protected":false},"author":2,"featured_media":0,"comment_status":"open","ping_status":"open","sticky":false,"template":"","format":"standard","meta":[],"categories":[6],"tags":[86,94,696,999],"yoast_head":"<!-- This site is optimized with the Yoast SEO plugin v19.8 - https:\/\/yoast.com\/wordpress\/plugins\/seo\/ -->\n<title>Diawara : \u00ab\u00a0Le pire moment pour jouer contre Monaco\u00a0\u00bb - La Diagonale<\/title>\n<meta name=\"robots\" content=\"index, follow, max-snippet:-1, max-image-preview:large, max-video-preview:-1\" \/>\n<link rel=\"canonical\" href=\"https:\/\/www.ladiagonale.net\/index.php\/2025\/02\/27\/diawara-le-pire-moment-pour-jouer-contre-monaco\/\" \/>\n<meta property=\"og:locale\" content=\"fr_FR\" \/>\n<meta property=\"og:type\" content=\"article\" \/>\n<meta property=\"og:title\" content=\"Diawara : \u00ab\u00a0Le pire moment pour jouer contre Monaco\u00a0\u00bb - La Diagonale\" \/>\n<meta property=\"og:description\" content=\"Le Stade de Reims traverse une p\u00e9riode tr\u00e8s compliqu\u00e9e depuis de nombreux mois, m\u00eame si un rayon de soleil est apparu cette semaine avec la qualification pour les demi-finales de la Coupe de France. Mais la crise de r\u00e9sultats a eu pour cons\u00e9quence le renvoi de l\u2019entra\u00eeneur Luka Elsner, remplac\u00e9 par Samba Diawara, qui s\u2019est [...]\" \/>\n<meta property=\"og:url\" content=\"https:\/\/www.ladiagonale.net\/index.php\/2025\/02\/27\/diawara-le-pire-moment-pour-jouer-contre-monaco\/\" \/>\n<meta property=\"og:site_name\" content=\"La Diagonale\" \/>\n<meta property=\"article:published_time\" content=\"2025-02-27T18:32:07+00:00\" \/>\n<meta property=\"article:modified_time\" content=\"2025-02-28T00:42:09+00:00\" \/>\n<meta property=\"og:image\" content=\"https:\/\/www.ladiagonale.net\/wp-content\/uploads\/2025\/02\/samba-diawara-1.png\" \/>\n\t<meta property=\"og:image:width\" content=\"1160\" \/>\n\t<meta property=\"og:image:height\" content=\"650\" \/>\n\t<meta property=\"og:image:type\" content=\"image\/png\" \/>\n<meta name=\"author\" content=\"Damien Dellerba\" \/>\n<meta name=\"twitter:card\" content=\"summary_large_image\" \/>\n<meta name=\"twitter:image\" content=\"https:\/\/www.ladiagonale.net\/wp-content\/uploads\/2025\/02\/samba-diawara-1.png\" \/>\n<meta name=\"twitter:label1\" content=\"\u00c9crit par\" \/>\n\t<meta name=\"twitter:data1\" content=\"Damien Dellerba\" \/>\n\t<meta name=\"twitter:label2\" content=\"Dur\u00e9e de lecture estim\u00e9e\" \/>\n\t<meta name=\"twitter:data2\" content=\"4 minutes\" \/>\n<script type=\"application\/ld+json\" class=\"yoast-schema-graph\">{\"@context\":\"https:\/\/schema.org\",\"@graph\":[{\"@type\":\"WebPage\",\"@id\":\"https:\/\/www.ladiagonale.net\/index.php\/2025\/02\/27\/diawara-le-pire-moment-pour-jouer-contre-monaco\/\",\"url\":\"https:\/\/www.ladiagonale.net\/index.php\/2025\/02\/27\/diawara-le-pire-moment-pour-jouer-contre-monaco\/\",\"name\":\"Diawara : \u00ab\u00a0Le pire moment pour jouer contre Monaco\u00a0\u00bb - La Diagonale\",\"isPartOf\":{\"@id\":\"https:\/\/www.ladiagonale.net\/#website\"},\"datePublished\":\"2025-02-27T18:32:07+00:00\",\"dateModified\":\"2025-02-28T00:42:09+00:00\",\"author\":{\"@id\":\"https:\/\/www.ladiagonale.net\/#\/schema\/person\/79ff1e7b0853ed01b2aa26e64ad300bf\"},\"breadcrumb\":{\"@id\":\"https:\/\/www.ladiagonale.net\/index.php\/2025\/02\/27\/diawara-le-pire-moment-pour-jouer-contre-monaco\/#breadcrumb\"},\"inLanguage\":\"fr-FR\",\"potentialAction\":[{\"@type\":\"ReadAction\",\"target\":[\"https:\/\/www.ladiagonale.net\/index.php\/2025\/02\/27\/diawara-le-pire-moment-pour-jouer-contre-monaco\/\"]}]},{\"@type\":\"BreadcrumbList\",\"@id\":\"https:\/\/www.ladiagonale.net\/index.php\/2025\/02\/27\/diawara-le-pire-moment-pour-jouer-contre-monaco\/#breadcrumb\",\"itemListElement\":[{\"@type\":\"ListItem\",\"position\":1,\"name\":\"Accueil\",\"item\":\"https:\/\/www.ladiagonale.net\/\"},{\"@type\":\"ListItem\",\"position\":2,\"name\":\"Diawara : \u00ab\u00a0Le pire moment pour jouer contre Monaco\u00a0\u00bb\"}]},{\"@type\":\"WebSite\",\"@id\":\"https:\/\/www.ladiagonale.net\/#website\",\"url\":\"https:\/\/www.ladiagonale.net\/\",\"name\":\"La Diagonale\",\"description\":\"Le site des supporters de l&#039;AS Monaco FC\",\"potentialAction\":[{\"@type\":\"SearchAction\",\"target\":{\"@type\":\"EntryPoint\",\"urlTemplate\":\"https:\/\/www.ladiagonale.net\/?s={search_term_string}\"},\"query-input\":\"required name=search_term_string\"}],\"inLanguage\":\"fr-FR\"},{\"@type\":\"Person\",\"@id\":\"https:\/\/www.ladiagonale.net\/#\/schema\/person\/79ff1e7b0853ed01b2aa26e64ad300bf\",\"name\":\"Damien Dellerba\",\"image\":{\"@type\":\"ImageObject\",\"inLanguage\":\"fr-FR\",\"@id\":\"https:\/\/www.ladiagonale.net\/#\/schema\/person\/image\/\",\"url\":\"https:\/\/secure.gravatar.com\/avatar\/c7850e06d3ff63cdbaee88b7fc16e2f0?s=96&d=mm&r=g\",\"contentUrl\":\"https:\/\/secure.gravatar.com\/avatar\/c7850e06d3ff63cdbaee88b7fc16e2f0?s=96&d=mm&r=g\",\"caption\":\"Damien Dellerba\"},\"url\":\"https:\/\/www.ladiagonale.net\/index.php\/author\/damien\/\"}]}<\/script>\n<!-- \/ Yoast SEO plugin. -->","yoast_head_json":{"title":"Diawara : \u00ab\u00a0Le pire moment pour jouer contre Monaco\u00a0\u00bb - La Diagonale","robots":{"index":"index","follow":"follow","max-snippet":"max-snippet:-1","max-image-preview":"max-image-preview:large","max-video-preview":"max-video-preview:-1"},"canonical":"https:\/\/www.ladiagonale.net\/index.php\/2025\/02\/27\/diawara-le-pire-moment-pour-jouer-contre-monaco\/","og_locale":"fr_FR","og_type":"article","og_title":"Diawara : \u00ab\u00a0Le pire moment pour jouer contre Monaco\u00a0\u00bb - La Diagonale","og_description":"Le Stade de Reims traverse une p\u00e9riode tr\u00e8s compliqu\u00e9e depuis de nombreux mois, m\u00eame si un rayon de soleil est apparu cette semaine avec la qualification pour les demi-finales de la Coupe de France. Mais la crise de r\u00e9sultats a eu pour cons\u00e9quence le renvoi de l\u2019entra\u00eeneur Luka Elsner, remplac\u00e9 par Samba Diawara, qui s\u2019est [...]","og_url":"https:\/\/www.ladiagonale.net\/index.php\/2025\/02\/27\/diawara-le-pire-moment-pour-jouer-contre-monaco\/","og_site_name":"La Diagonale","article_published_time":"2025-02-27T18:32:07+00:00","article_modified_time":"2025-02-28T00:42:09+00:00","og_image":[{"width":1160,"height":650,"url":"https:\/\/www.ladiagonale.net\/wp-content\/uploads\/2025\/02\/samba-diawara-1.png","type":"image\/png"}],"author":"Damien Dellerba","twitter_card":"summary_large_image","twitter_image":"https:\/\/www.ladiagonale.net\/wp-content\/uploads\/2025\/02\/samba-diawara-1.png","twitter_misc":{"\u00c9crit par":"Damien Dellerba","Dur\u00e9e de lecture estim\u00e9e":"4 minutes"},"schema":{"@context":"https:\/\/schema.org","@graph":[{"@type":"WebPage","@id":"https:\/\/www.ladiagonale.net\/index.php\/2025\/02\/27\/diawara-le-pire-moment-pour-jouer-contre-monaco\/","url":"https:\/\/www.ladiagonale.net\/index.php\/2025\/02\/27\/diawara-le-pire-moment-pour-jouer-contre-monaco\/","name":"Diawara : \u00ab\u00a0Le pire moment pour jouer contre Monaco\u00a0\u00bb - La Diagonale","isPartOf":{"@id":"https:\/\/www.ladiagonale.net\/#website"},"datePublished":"2025-02-27T18:32:07+00:00","dateModified":"2025-02-28T00:42:09+00:00","author":{"@id":"https:\/\/www.ladiagonale.net\/#\/schema\/person\/79ff1e7b0853ed01b2aa26e64ad300bf"},"breadcrumb":{"@id":"https:\/\/www.ladiagonale.net\/index.php\/2025\/02\/27\/diawara-le-pire-moment-pour-jouer-contre-monaco\/#breadcrumb"},"inLanguage":"fr-FR","potentialAction":[{"@type":"ReadAction","target":["https:\/\/www.ladiagonale.net\/index.php\/2025\/02\/27\/diawara-le-pire-moment-pour-jouer-contre-monaco\/"]}]},{"@type":"BreadcrumbList","@id":"https:\/\/www.ladiagonale.net\/index.php\/2025\/02\/27\/diawara-le-pire-moment-pour-jouer-contre-monaco\/#breadcrumb","itemListElement":[{"@type":"ListItem","position":1,"name":"Accueil","item":"https:\/\/www.ladiagonale.net\/"},{"@type":"ListItem","position":2,"name":"Diawara : \u00ab\u00a0Le pire moment pour jouer contre Monaco\u00a0\u00bb"}]},{"@type":"WebSite","@id":"https:\/\/www.ladiagonale.net\/#website","url":"https:\/\/www.ladiagonale.net\/","name":"La Diagonale","description":"Le site des supporters de l&#039;AS Monaco FC","potentialAction":[{"@type":"SearchAction","target":{"@type":"EntryPoint","urlTemplate":"https:\/\/www.ladiagonale.net\/?s={search_term_string}"},"query-input":"required name=search_term_string"}],"inLanguage":"fr-FR"},{"@type":"Person","@id":"https:\/\/www.ladiagonale.net\/#\/schema\/person\/79ff1e7b0853ed01b2aa26e64ad300bf","name":"Damien Dellerba","image":{"@type":"ImageObject","inLanguage":"fr-FR","@id":"https:\/\/www.ladiagonale.net\/#\/schema\/person\/image\/","url":"https:\/\/secure.gravatar.com\/avatar\/c7850e06d3ff63cdbaee88b7fc16e2f0?s=96&d=mm&r=g","contentUrl":"https:\/\/secure.gravatar.com\/avatar\/c7850e06d3ff63cdbaee88b7fc16e2f0?s=96&d=mm&r=g","caption":"Damien Dellerba"},"url":"https:\/\/www.ladiagonale.net\/index.php\/author\/damien\/"}]}},"_links":{"self":[{"href":"https:\/\/www.ladiagonale.net\/index.php\/wp-json\/wp\/v2\/posts\/30110"}],"collection":[{"href":"https:\/\/www.ladiagonale.net\/index.php\/wp-json\/wp\/v2\/posts"}],"about":[{"href":"https:\/\/www.ladiagonale.net\/index.php\/wp-json\/wp\/v2\/types\/post"}],"author":[{"embeddable":true,"href":"https:\/\/www.ladiagonale.net\/index.php\/wp-json\/wp\/v2\/users\/2"}],"replies":[{"embeddable":true,"href":"https:\/\/www.ladiagonale.net\/index.php\/wp-json\/wp\/v2\/comments?post=30110"}],"version-history":[{"count":2,"href":"https:\/\/www.ladiagonale.net\/index.php\/wp-json\/wp\/v2\/posts\/30110\/revisions"}],"predecessor-version":[{"id":30114,"href":"https:\/\/www.ladiagonale.net\/index.php\/wp-json\/wp\/v2\/posts\/30110\/revisions\/30114"}],"wp:attachment":[{"href":"https:\/\/www.ladiagonale.net\/index.php\/wp-json\/wp\/v2\/media?parent=30110"}],"wp:term":[{"taxonomy":"category","embeddable":true,"href":"https:\/\/www.ladiagonale.net\/index.php\/wp-json\/wp\/v2\/categories?post=30110"},{"taxonomy":"post_tag","embeddable":true,"href":"https:\/\/www.ladiagonale.net\/index.php\/wp-json\/wp\/v2\/tags?post=30110"}],"curies":[{"name":"wp","href":"https:\/\/api.w.org\/{rel}","templated":true}]}}