{"id":30144,"date":"2025-03-01T14:49:36","date_gmt":"2025-03-01T13:49:36","guid":{"rendered":"https:\/\/www.ladiagonale.net\/?p=30144"},"modified":"2025-03-01T14:49:52","modified_gmt":"2025-03-01T13:49:52","slug":"biereth-je-ne-me-rends-pas-totalement-compte","status":"publish","type":"post","link":"https:\/\/www.ladiagonale.net\/index.php\/2025\/03\/01\/biereth-je-ne-me-rends-pas-totalement-compte\/","title":{"rendered":"Biereth : \u00ab\u00a0Je ne me rends pas totalement compte\u00a0\u00bb"},"content":{"rendered":"\n\n\n<p>Mika Biereth marche sur l\u2019eau depuis ses d\u00e9buts avec l\u2019AS Monaco. Le Danois a inscrit son troisi\u00e8me tripl\u00e9 sur les trois derniers matches \u00e0 domicile, une performance exceptionnelle, et lui-m\u00eame ne r\u00e9alise pas ce qu\u2019il est en train d\u2019accomplir : \u00ab\u00a0<em>J\u2019avoue ne pas me rendre totalement compte de ce qui se passe avec ce nouveau tripl\u00e9. J\u2019aborde chaque match en essayant de marquer et mes co\u00e9quipiers me mettent dans de bonnes positions. Je pense que j\u2019ai toujours \u00e9t\u00e9 assez bon pour mettre le ballon au fond des filets. Aujourd\u2019hui, \u00e7a a encore bien fonctionn\u00e9. (Sur les ballons ramen\u00e9s chez lui) Je n\u2019ai pas \u00e9norm\u00e9ment de meubles \u00e0 la maison, alors pour l\u2019instant, il y a beaucoup d\u2019espaces.<\/em>\u00a0\u00bb<\/p>\n\n\n\n<p>Collectif, l\u2019ancien attaquant du Sturm Graz a voulu mettre en avant ses co\u00e9quipiers qui lui ont permis de marquer : \u00ab\u00a0<em>Je pense que personne ne s\u2019attendait \u00e0 ce que je commence aussi bien. Mais le m\u00e9rite en revient \u00e0 l\u2019\u00e9quipe, au staff et \u00e0 tous ceux qui m\u2019entourent, qui m\u2019ont permis de me sentir \u00e0 l\u2019aise d\u00e8s mon arriv\u00e9e. Sur le terrain, mes co\u00e9quipiers m\u2019ont mis dans de bonnes positions, l\u00e0 o\u00f9 il est plus facile de marquer des buts. (Le troisi\u00e8me but ?) Pour \u00eatre honn\u00eate, je pensais que j\u2019\u00e9tais hors-jeu ! Je ne voulais pas m\u2019emballer, je suis heureux que cela ait compt\u00e9.<\/em>\u00a0\u00bb<\/p>\n\n\n\n<p>Avec 10 buts en L1, Biereth est d\u00e9j\u00e0 dans le top 5 des meilleurs buteurs du championnat. Peut-il aller chercher Ousmane Demb\u00e9l\u00e9, actuellement \u00e0 17 r\u00e9alisations ? Il n\u2019en fait pas un objectif : \u00ab\u00a0<em>La fin de la saison est encore loin, je vais prendre les matchs les uns apr\u00e8s les autres et j\u2019esp\u00e8re que les buts vont continuer \u00e0 s\u2019accumuler. Bien s\u00fbr, cela se passe tr\u00e8s bien en ce moment, mais tout le monde autour de moi me permet de garder les pieds sur terre. Cela ne fait que neuf matchs (dix, NDLR) que je porte le maillot de l\u2019AS Monaco, tout se passe bien pour l\u2019instant.<\/em>\u00a0\u00bb<\/p>\n\n\n\n<p class=\"has-text-align-right has-small-font-size\">Source : <em>AS Monaco<\/em><\/p>\n","protected":false},"excerpt":{"rendered":"<p>Mika Biereth marche sur l\u2019eau depuis ses d\u00e9buts avec l\u2019AS Monaco. Le Danois a inscrit son troisi\u00e8me tripl\u00e9 sur les trois derniers matches \u00e0 domicile, une performance exceptionnelle, et lui-m\u00eame ne r\u00e9alise pas ce qu\u2019il est en train d\u2019accomplir : \u00ab\u00a0J\u2019avoue ne pas me rendre totalement compte de ce qui se passe avec ce nouveau [&#8230;]\n","protected":false},"author":2,"featured_media":0,"comment_status":"open","ping_status":"open","sticky":false,"template":"","format":"standard","meta":[],"categories":[6],"tags":[86,94,965,436],"yoast_head":"<!-- This site is optimized with the Yoast SEO plugin v19.8 - https:\/\/yoast.com\/wordpress\/plugins\/seo\/ -->\n<title>Biereth : \u00ab\u00a0Je ne me rends pas totalement compte\u00a0\u00bb - La Diagonale<\/title>\n<meta name=\"robots\" content=\"index, follow, max-snippet:-1, max-image-preview:large, max-video-preview:-1\" \/>\n<link rel=\"canonical\" href=\"https:\/\/www.ladiagonale.net\/index.php\/2025\/03\/01\/biereth-je-ne-me-rends-pas-totalement-compte\/\" \/>\n<meta property=\"og:locale\" content=\"fr_FR\" \/>\n<meta property=\"og:type\" content=\"article\" \/>\n<meta property=\"og:title\" content=\"Biereth : \u00ab\u00a0Je ne me rends pas totalement compte\u00a0\u00bb - La Diagonale\" \/>\n<meta property=\"og:description\" content=\"Mika Biereth marche sur l\u2019eau depuis ses d\u00e9buts avec l\u2019AS Monaco. Le Danois a inscrit son troisi\u00e8me tripl\u00e9 sur les trois derniers matches \u00e0 domicile, une performance exceptionnelle, et lui-m\u00eame ne r\u00e9alise pas ce qu\u2019il est en train d\u2019accomplir : \u00ab\u00a0J\u2019avoue ne pas me rendre totalement compte de ce qui se passe avec ce nouveau [...]\" \/>\n<meta property=\"og:url\" content=\"https:\/\/www.ladiagonale.net\/index.php\/2025\/03\/01\/biereth-je-ne-me-rends-pas-totalement-compte\/\" \/>\n<meta property=\"og:site_name\" content=\"La Diagonale\" \/>\n<meta property=\"article:published_time\" content=\"2025-03-01T13:49:36+00:00\" \/>\n<meta property=\"article:modified_time\" content=\"2025-03-01T13:49:52+00:00\" \/>\n<meta property=\"og:image\" content=\"https:\/\/www.ladiagonale.net\/wp-content\/uploads\/2025\/02\/Biereth-triple\u0301-.png\" \/>\n\t<meta property=\"og:image:width\" content=\"1160\" \/>\n\t<meta property=\"og:image:height\" content=\"650\" \/>\n\t<meta property=\"og:image:type\" content=\"image\/png\" \/>\n<meta name=\"author\" content=\"Damien Dellerba\" \/>\n<meta name=\"twitter:card\" content=\"summary_large_image\" \/>\n<meta name=\"twitter:image\" content=\"https:\/\/www.ladiagonale.net\/wp-content\/uploads\/2025\/02\/Biereth-triple\u0301-.png\" \/>\n<meta name=\"twitter:label1\" content=\"\u00c9crit par\" \/>\n\t<meta name=\"twitter:data1\" content=\"Damien Dellerba\" \/>\n\t<meta name=\"twitter:label2\" content=\"Dur\u00e9e de lecture estim\u00e9e\" \/>\n\t<meta name=\"twitter:data2\" content=\"2 minutes\" \/>\n<script type=\"application\/ld+json\" class=\"yoast-schema-graph\">{\"@context\":\"https:\/\/schema.org\",\"@graph\":[{\"@type\":\"WebPage\",\"@id\":\"https:\/\/www.ladiagonale.net\/index.php\/2025\/03\/01\/biereth-je-ne-me-rends-pas-totalement-compte\/\",\"url\":\"https:\/\/www.ladiagonale.net\/index.php\/2025\/03\/01\/biereth-je-ne-me-rends-pas-totalement-compte\/\",\"name\":\"Biereth : \u00ab\u00a0Je ne me rends pas totalement compte\u00a0\u00bb - La Diagonale\",\"isPartOf\":{\"@id\":\"https:\/\/www.ladiagonale.net\/#website\"},\"datePublished\":\"2025-03-01T13:49:36+00:00\",\"dateModified\":\"2025-03-01T13:49:52+00:00\",\"author\":{\"@id\":\"https:\/\/www.ladiagonale.net\/#\/schema\/person\/79ff1e7b0853ed01b2aa26e64ad300bf\"},\"breadcrumb\":{\"@id\":\"https:\/\/www.ladiagonale.net\/index.php\/2025\/03\/01\/biereth-je-ne-me-rends-pas-totalement-compte\/#breadcrumb\"},\"inLanguage\":\"fr-FR\",\"potentialAction\":[{\"@type\":\"ReadAction\",\"target\":[\"https:\/\/www.ladiagonale.net\/index.php\/2025\/03\/01\/biereth-je-ne-me-rends-pas-totalement-compte\/\"]}]},{\"@type\":\"BreadcrumbList\",\"@id\":\"https:\/\/www.ladiagonale.net\/index.php\/2025\/03\/01\/biereth-je-ne-me-rends-pas-totalement-compte\/#breadcrumb\",\"itemListElement\":[{\"@type\":\"ListItem\",\"position\":1,\"name\":\"Accueil\",\"item\":\"https:\/\/www.ladiagonale.net\/\"},{\"@type\":\"ListItem\",\"position\":2,\"name\":\"Biereth : \u00ab\u00a0Je ne me rends pas totalement compte\u00a0\u00bb\"}]},{\"@type\":\"WebSite\",\"@id\":\"https:\/\/www.ladiagonale.net\/#website\",\"url\":\"https:\/\/www.ladiagonale.net\/\",\"name\":\"La Diagonale\",\"description\":\"Le site des supporters de l&#039;AS Monaco FC\",\"potentialAction\":[{\"@type\":\"SearchAction\",\"target\":{\"@type\":\"EntryPoint\",\"urlTemplate\":\"https:\/\/www.ladiagonale.net\/?s={search_term_string}\"},\"query-input\":\"required name=search_term_string\"}],\"inLanguage\":\"fr-FR\"},{\"@type\":\"Person\",\"@id\":\"https:\/\/www.ladiagonale.net\/#\/schema\/person\/79ff1e7b0853ed01b2aa26e64ad300bf\",\"name\":\"Damien Dellerba\",\"image\":{\"@type\":\"ImageObject\",\"inLanguage\":\"fr-FR\",\"@id\":\"https:\/\/www.ladiagonale.net\/#\/schema\/person\/image\/\",\"url\":\"https:\/\/secure.gravatar.com\/avatar\/c7850e06d3ff63cdbaee88b7fc16e2f0?s=96&d=mm&r=g\",\"contentUrl\":\"https:\/\/secure.gravatar.com\/avatar\/c7850e06d3ff63cdbaee88b7fc16e2f0?s=96&d=mm&r=g\",\"caption\":\"Damien Dellerba\"},\"url\":\"https:\/\/www.ladiagonale.net\/index.php\/author\/damien\/\"}]}<\/script>\n<!-- \/ Yoast SEO plugin. -->","yoast_head_json":{"title":"Biereth : \u00ab\u00a0Je ne me rends pas totalement compte\u00a0\u00bb - La Diagonale","robots":{"index":"index","follow":"follow","max-snippet":"max-snippet:-1","max-image-preview":"max-image-preview:large","max-video-preview":"max-video-preview:-1"},"canonical":"https:\/\/www.ladiagonale.net\/index.php\/2025\/03\/01\/biereth-je-ne-me-rends-pas-totalement-compte\/","og_locale":"fr_FR","og_type":"article","og_title":"Biereth : \u00ab\u00a0Je ne me rends pas totalement compte\u00a0\u00bb - La Diagonale","og_description":"Mika Biereth marche sur l\u2019eau depuis ses d\u00e9buts avec l\u2019AS Monaco. Le Danois a inscrit son troisi\u00e8me tripl\u00e9 sur les trois derniers matches \u00e0 domicile, une performance exceptionnelle, et lui-m\u00eame ne r\u00e9alise pas ce qu\u2019il est en train d\u2019accomplir : \u00ab\u00a0J\u2019avoue ne pas me rendre totalement compte de ce qui se passe avec ce nouveau [...]","og_url":"https:\/\/www.ladiagonale.net\/index.php\/2025\/03\/01\/biereth-je-ne-me-rends-pas-totalement-compte\/","og_site_name":"La Diagonale","article_published_time":"2025-03-01T13:49:36+00:00","article_modified_time":"2025-03-01T13:49:52+00:00","og_image":[{"width":1160,"height":650,"url":"https:\/\/www.ladiagonale.net\/wp-content\/uploads\/2025\/02\/Biereth-triple\u0301-.png","type":"image\/png"}],"author":"Damien Dellerba","twitter_card":"summary_large_image","twitter_image":"https:\/\/www.ladiagonale.net\/wp-content\/uploads\/2025\/02\/Biereth-triple\u0301-.png","twitter_misc":{"\u00c9crit par":"Damien Dellerba","Dur\u00e9e de lecture estim\u00e9e":"2 minutes"},"schema":{"@context":"https:\/\/schema.org","@graph":[{"@type":"WebPage","@id":"https:\/\/www.ladiagonale.net\/index.php\/2025\/03\/01\/biereth-je-ne-me-rends-pas-totalement-compte\/","url":"https:\/\/www.ladiagonale.net\/index.php\/2025\/03\/01\/biereth-je-ne-me-rends-pas-totalement-compte\/","name":"Biereth : \u00ab\u00a0Je ne me rends pas totalement compte\u00a0\u00bb - La Diagonale","isPartOf":{"@id":"https:\/\/www.ladiagonale.net\/#website"},"datePublished":"2025-03-01T13:49:36+00:00","dateModified":"2025-03-01T13:49:52+00:00","author":{"@id":"https:\/\/www.ladiagonale.net\/#\/schema\/person\/79ff1e7b0853ed01b2aa26e64ad300bf"},"breadcrumb":{"@id":"https:\/\/www.ladiagonale.net\/index.php\/2025\/03\/01\/biereth-je-ne-me-rends-pas-totalement-compte\/#breadcrumb"},"inLanguage":"fr-FR","potentialAction":[{"@type":"ReadAction","target":["https:\/\/www.ladiagonale.net\/index.php\/2025\/03\/01\/biereth-je-ne-me-rends-pas-totalement-compte\/"]}]},{"@type":"BreadcrumbList","@id":"https:\/\/www.ladiagonale.net\/index.php\/2025\/03\/01\/biereth-je-ne-me-rends-pas-totalement-compte\/#breadcrumb","itemListElement":[{"@type":"ListItem","position":1,"name":"Accueil","item":"https:\/\/www.ladiagonale.net\/"},{"@type":"ListItem","position":2,"name":"Biereth : \u00ab\u00a0Je ne me rends pas totalement compte\u00a0\u00bb"}]},{"@type":"WebSite","@id":"https:\/\/www.ladiagonale.net\/#website","url":"https:\/\/www.ladiagonale.net\/","name":"La Diagonale","description":"Le site des supporters de l&#039;AS Monaco FC","potentialAction":[{"@type":"SearchAction","target":{"@type":"EntryPoint","urlTemplate":"https:\/\/www.ladiagonale.net\/?s={search_term_string}"},"query-input":"required name=search_term_string"}],"inLanguage":"fr-FR"},{"@type":"Person","@id":"https:\/\/www.ladiagonale.net\/#\/schema\/person\/79ff1e7b0853ed01b2aa26e64ad300bf","name":"Damien Dellerba","image":{"@type":"ImageObject","inLanguage":"fr-FR","@id":"https:\/\/www.ladiagonale.net\/#\/schema\/person\/image\/","url":"https:\/\/secure.gravatar.com\/avatar\/c7850e06d3ff63cdbaee88b7fc16e2f0?s=96&d=mm&r=g","contentUrl":"https:\/\/secure.gravatar.com\/avatar\/c7850e06d3ff63cdbaee88b7fc16e2f0?s=96&d=mm&r=g","caption":"Damien Dellerba"},"url":"https:\/\/www.ladiagonale.net\/index.php\/author\/damien\/"}]}},"_links":{"self":[{"href":"https:\/\/www.ladiagonale.net\/index.php\/wp-json\/wp\/v2\/posts\/30144"}],"collection":[{"href":"https:\/\/www.ladiagonale.net\/index.php\/wp-json\/wp\/v2\/posts"}],"about":[{"href":"https:\/\/www.ladiagonale.net\/index.php\/wp-json\/wp\/v2\/types\/post"}],"author":[{"embeddable":true,"href":"https:\/\/www.ladiagonale.net\/index.php\/wp-json\/wp\/v2\/users\/2"}],"replies":[{"embeddable":true,"href":"https:\/\/www.ladiagonale.net\/index.php\/wp-json\/wp\/v2\/comments?post=30144"}],"version-history":[{"count":2,"href":"https:\/\/www.ladiagonale.net\/index.php\/wp-json\/wp\/v2\/posts\/30144\/revisions"}],"predecessor-version":[{"id":30146,"href":"https:\/\/www.ladiagonale.net\/index.php\/wp-json\/wp\/v2\/posts\/30144\/revisions\/30146"}],"wp:attachment":[{"href":"https:\/\/www.ladiagonale.net\/index.php\/wp-json\/wp\/v2\/media?parent=30144"}],"wp:term":[{"taxonomy":"category","embeddable":true,"href":"https:\/\/www.ladiagonale.net\/index.php\/wp-json\/wp\/v2\/categories?post=30144"},{"taxonomy":"post_tag","embeddable":true,"href":"https:\/\/www.ladiagonale.net\/index.php\/wp-json\/wp\/v2\/tags?post=30144"}],"curies":[{"name":"wp","href":"https:\/\/api.w.org\/{rel}","templated":true}]}}