{"id":30147,"date":"2025-03-01T17:20:24","date_gmt":"2025-03-01T16:20:24","guid":{"rendered":"https:\/\/www.ladiagonale.net\/?p=30147"},"modified":"2025-03-01T17:20:25","modified_gmt":"2025-03-01T16:20:25","slug":"les-notes-biereth-comme-dans-un-reve","status":"publish","type":"post","link":"https:\/\/www.ladiagonale.net\/index.php\/2025\/03\/01\/les-notes-biereth-comme-dans-un-reve\/","title":{"rendered":"Les notes : Biereth comme dans un r\u00eave"},"content":{"rendered":"\n\n\n<p><strong>Du roman d&rsquo;un renard au conte de f\u00e9es, il n&rsquo;y a qu&rsquo;un pas et Mika Biereth l&rsquo;a all\u00e8grement franchi. Le Danois signe un troisi\u00e8me tripl\u00e9 de rang \u00e0 domicile, cette fois contre Reims, et explose les compteurs et les records.<\/strong><\/p>\n\n\n\n<h4 class=\"wp-block-heading has-white-color has-text-color has-background\" style=\"background-color:#045000\">TOPS<\/h4>\n\n\n\n<div class=\"wp-block-media-text alignwide is-stacked-on-mobile\" style=\"grid-template-columns:30% auto\"><figure class=\"wp-block-media-text__media\"><img loading=\"lazy\" width=\"400\" height=\"400\" src=\"https:\/\/www.ladiagonale.net\/wp-content\/uploads\/2025\/02\/Biereth9.png\" alt=\"\" class=\"wp-image-29574 size-full\" srcset=\"https:\/\/www.ladiagonale.net\/wp-content\/uploads\/2025\/02\/Biereth9.png 400w, https:\/\/www.ladiagonale.net\/wp-content\/uploads\/2025\/02\/Biereth9-300x300.png 300w, https:\/\/www.ladiagonale.net\/wp-content\/uploads\/2025\/02\/Biereth9-150x150.png 150w, https:\/\/www.ladiagonale.net\/wp-content\/uploads\/2025\/02\/Biereth9-128x128.png 128w, https:\/\/www.ladiagonale.net\/wp-content\/uploads\/2025\/02\/Biereth9-32x32.png 32w\" sizes=\"(max-width: 400px) 100vw, 400px\" \/><\/figure><div class=\"wp-block-media-text__content\">\n<p style=\"font-size:16px\"><strong>Mika Biereth<\/strong><\/p>\n\n\n\n<p style=\"font-size:15px\">Les superlatifs vont commencer \u00e0 manquer pour d\u00e9crire les d\u00e9buts du Danois sous le maillot mon\u00e9gasque. Il s&rsquo;offre un nouveau tripl\u00e9 d&rsquo;affil\u00e9e au stade Louis-II, performance exceptionnelle, pour amener l&rsquo;ASM vers un succ\u00e8s facile. Il marque de nouveau dans toutes les positions possibles, mais ce qui est fascinant, c&rsquo;est sa facilit\u00e9 \u00e0 se trouver dans les bonnes zones de fa\u00e7on quasi syst\u00e9matique, gr\u00e2ce \u00e0 des d\u00e9placements d&rsquo;une grande intelligence. Comme contre Auxerre ou Nantes, il aurait m\u00eame pu marquer plus que trois buts car il a eu d&rsquo;autres occasions. Quelques rat\u00e9s (32<sup>e<\/sup>, 43<sup>e<\/sup>) dont on ne lui tiendra pas trop rigueur.<\/p>\n<\/div><\/div>\n\n\n\n<div style=\"height:50px\" aria-hidden=\"true\" class=\"wp-block-spacer\"><\/div>\n\n\n\n<div class=\"wp-block-media-text alignwide is-stacked-on-mobile\" style=\"grid-template-columns:30% auto\"><figure class=\"wp-block-media-text__media\"><img loading=\"lazy\" width=\"400\" height=\"400\" src=\"https:\/\/www.ladiagonale.net\/wp-content\/uploads\/2024\/12\/Caio7-1.png\" alt=\"\" class=\"wp-image-28292 size-full\" srcset=\"https:\/\/www.ladiagonale.net\/wp-content\/uploads\/2024\/12\/Caio7-1.png 400w, https:\/\/www.ladiagonale.net\/wp-content\/uploads\/2024\/12\/Caio7-1-300x300.png 300w, https:\/\/www.ladiagonale.net\/wp-content\/uploads\/2024\/12\/Caio7-1-150x150.png 150w, https:\/\/www.ladiagonale.net\/wp-content\/uploads\/2024\/12\/Caio7-1-128x128.png 128w, https:\/\/www.ladiagonale.net\/wp-content\/uploads\/2024\/12\/Caio7-1-32x32.png 32w\" sizes=\"(max-width: 400px) 100vw, 400px\" \/><\/figure><div class=\"wp-block-media-text__content\">\n<p style=\"font-size:16px\"><strong>Caio Henrique<\/strong><\/p>\n\n\n\n<p style=\"font-size:15px\">Son retour en forme semble se confirmer, tant sur le plan physique que technique. Il a relanc\u00e9 la machine \u00e0 passes d\u00e9cisives (sa quatri\u00e8me de la saison) et \u00e0 centres (12 au total), qui ont souvent \u00e9t\u00e9 de grande qualit\u00e9. De fa\u00e7on surprenante, c&rsquo;est du droit qu&rsquo;il d\u00e9pose la premi\u00e8re offrande pour Biereth (34e). Il a eu un boulevard pour s&rsquo;exprimer dans son couloir sur le plan offensif et a retrouv\u00e9 une bonne connexion avec ses partenaires, ce qui manquait le plus ses derniers mois. D\u00e9fensivement, il n&rsquo;a jamais \u00e9t\u00e9 mis en danger par les R\u00e9mois. Il a aussi tir\u00e9 efficacement corners et coup francs.<\/p>\n<\/div><\/div>\n\n\n\n<div style=\"height:50px\" aria-hidden=\"true\" class=\"wp-block-spacer\"><\/div>\n\n\n\n<div class=\"wp-block-media-text alignwide is-stacked-on-mobile\" style=\"grid-template-columns:30% auto\"><figure class=\"wp-block-media-text__media\"><img loading=\"lazy\" width=\"400\" height=\"400\" src=\"https:\/\/www.ladiagonale.net\/wp-content\/uploads\/2025\/02\/Almusrati7.png\" alt=\"\" class=\"wp-image-29730 size-full\" srcset=\"https:\/\/www.ladiagonale.net\/wp-content\/uploads\/2025\/02\/Almusrati7.png 400w, https:\/\/www.ladiagonale.net\/wp-content\/uploads\/2025\/02\/Almusrati7-300x300.png 300w, https:\/\/www.ladiagonale.net\/wp-content\/uploads\/2025\/02\/Almusrati7-150x150.png 150w, https:\/\/www.ladiagonale.net\/wp-content\/uploads\/2025\/02\/Almusrati7-128x128.png 128w, https:\/\/www.ladiagonale.net\/wp-content\/uploads\/2025\/02\/Almusrati7-32x32.png 32w\" sizes=\"(max-width: 400px) 100vw, 400px\" \/><\/figure><div class=\"wp-block-media-text__content\">\n<p style=\"font-size:16px\"><strong>Moatasem al-Musrati<\/strong><\/p>\n\n\n\n<p style=\"font-size:15px\">Il a jou\u00e9 dans un fauteuil. Un cran plus bas que Zakaria, le Libyen a assur\u00e9 l&rsquo;\u00e9quilibre du bloc et distill\u00e9 les caviars en jeu long pour \u00e9carter le jeu et trouver de nouveaux espaces. Quand il n&rsquo;est pas press\u00e9 et qu&rsquo;il a du temps pour jouer sans forcer, sa qualit\u00e9 technique fait merveille et fait beaucoup de bien. Le joueur pr\u00eat\u00e9 par Besiktas a aussi eu deux occasions de la t\u00eate autour du quart d&rsquo;heure de jeu. Un peu moins dans le bon tempo lorsque Reims a commenc\u00e9 \u00e0 sortir de son camp en seconde p\u00e9riode.<\/p>\n<\/div><\/div>\n\n\n\n<div style=\"height:50px\" aria-hidden=\"true\" class=\"wp-block-spacer\"><\/div>\n\n\n\n<div class=\"wp-block-media-text alignwide is-stacked-on-mobile\" style=\"grid-template-columns:30% auto\"><figure class=\"wp-block-media-text__media\"><img loading=\"lazy\" width=\"400\" height=\"400\" src=\"https:\/\/www.ladiagonale.net\/wp-content\/uploads\/2024\/10\/Embolo6.png\" alt=\"\" class=\"wp-image-27009 size-full\"\/><\/figure><div class=\"wp-block-media-text__content\">\n<p style=\"font-size:16px\"><strong>Breel Embolo<\/strong><\/p>\n\n\n\n<p style=\"font-size:15px\">On retiendra sans doute de son match ce contre g\u00e2ch\u00e9 \u00e0 la 70<sup>e<\/sup> minute, quand il oublie Biereth sur sa droite pour rejouer sur Akliouche et se fait intercepter. Mais ce serait un peu injuste, alors que le score \u00e9tait d\u00e9j\u00e0 acquis, de lui enlever tous les bons points pris le reste du temps o\u00f9 il s&rsquo;est montr\u00e9 tr\u00e8s utile dans le jeu dos au but, dans ses d\u00e9viations et ses remises, et pour gratter aussi plusieurs fautes. Il aurait pu \u00eatre passeur d\u00e9cisif avec un bon centre pour Biereth (43<sup>e<\/sup>). Il a pes\u00e9 sur cette rencontre et fait des diff\u00e9rences (23<sup>e<\/sup>, 49<sup>e<\/sup>), m\u00eame s&rsquo;il lui manque encore ce petit but, puisqu&rsquo;il s&rsquo;est aussi heurt\u00e9 \u00e0 Diouf (27<sup>e<\/sup>).<\/p>\n<\/div><\/div>\n\n\n\n<div style=\"height:50px\" aria-hidden=\"true\" class=\"wp-block-spacer\"><\/div>\n\n\n\n<div class=\"wp-block-media-text alignwide is-stacked-on-mobile\" style=\"grid-template-columns:30% auto\"><figure class=\"wp-block-media-text__media\"><img loading=\"lazy\" width=\"400\" height=\"400\" src=\"https:\/\/www.ladiagonale.net\/wp-content\/uploads\/2024\/09\/Mawissa6.png\" alt=\"\" class=\"wp-image-26131 size-full\"\/><\/figure><div class=\"wp-block-media-text__content\">\n<p style=\"font-size:16px\"><strong>Christian Mawissa<\/strong><\/p>\n\n\n\n<p style=\"font-size:15px\">Peu mis en danger sur ce match, il a bien g\u00e9r\u00e9 la profondeur en couvrant un peu les arri\u00e8res de Kehrer. Il a r\u00e9cup\u00e9r\u00e9 7 ballons au total et est intervenu \u00e0 bon escient sur un centre r\u00e9mois dangereux en pleine surface (29<sup>e<\/sup>). Il doit rester un peu plus vigilant et \u00e9viter certaines fautes un peu grossi\u00e8res, comme sur Ito (2<sup>e<\/sup>), ou lorsqu&rsquo;il accroche Diakit\u00e9 \u00e0 la limite de la surface (68<sup>e<\/sup>).<\/p>\n<\/div><\/div>\n\n\n\n<div style=\"height:50px\" aria-hidden=\"true\" class=\"wp-block-spacer\"><\/div>\n\n\n\n<div class=\"wp-block-media-text alignwide is-stacked-on-mobile\" style=\"grid-template-columns:30% auto\"><figure class=\"wp-block-media-text__media\"><img loading=\"lazy\" width=\"400\" height=\"400\" src=\"https:\/\/www.ladiagonale.net\/wp-content\/uploads\/2024\/10\/Akliouche6-1.png\" alt=\"\" class=\"wp-image-27012 size-full\"\/><\/figure><div class=\"wp-block-media-text__content\">\n<p style=\"font-size:16px\"><strong>Maghnes Akliouche<\/strong><\/p>\n\n\n\n<p style=\"font-size:15px\">L&rsquo;international Espoirs a parfois \u00e9t\u00e9 sur courant alternatif dans cette rencontre. Il a montr\u00e9 des choses d\u00e9licieuses, comme cette louche qui fait office de passe d\u00e9cisive pour le deuxi\u00e8me but de Biereth (39<sup>e<\/sup>) et il a \u00e9norm\u00e9ment jou\u00e9 vers l&rsquo;avant, avec 37 passes dans le dernier tiers adverse. Impliqu\u00e9 sur le troisi\u00e8me but par son centre. Mais sa seconde p\u00e9riode a \u00e9t\u00e9 un peu moins ma\u00eetris\u00e9e.<\/p>\n<\/div><\/div>\n\n\n\n<div style=\"height:50px\" aria-hidden=\"true\" class=\"wp-block-spacer\"><\/div>\n\n\n\n<h4 class=\"wp-block-heading has-white-color has-text-color has-background\" style=\"background-color:#303030\">Les autres notes<\/h4>\n\n\n<div class=\"wp-block-image\">\n<figure class=\"aligncenter size-large is-resized\"><img loading=\"lazy\" src=\"https:\/\/www.ladiagonale.net\/wp-content\/uploads\/2025\/03\/lineup-builder39-819x1024.png\" alt=\"\" class=\"wp-image-30149\" width=\"614\" height=\"768\" srcset=\"https:\/\/www.ladiagonale.net\/wp-content\/uploads\/2025\/03\/lineup-builder39-819x1024.png 819w, https:\/\/www.ladiagonale.net\/wp-content\/uploads\/2025\/03\/lineup-builder39-240x300.png 240w, https:\/\/www.ladiagonale.net\/wp-content\/uploads\/2025\/03\/lineup-builder39-768x960.png 768w, https:\/\/www.ladiagonale.net\/wp-content\/uploads\/2025\/03\/lineup-builder39-1229x1536.png 1229w, https:\/\/www.ladiagonale.net\/wp-content\/uploads\/2025\/03\/lineup-builder39-102x128.png 102w, https:\/\/www.ladiagonale.net\/wp-content\/uploads\/2025\/03\/lineup-builder39-26x32.png 26w, https:\/\/www.ladiagonale.net\/wp-content\/uploads\/2025\/03\/lineup-builder39.png 1242w\" sizes=\"(max-width: 614px) 100vw, 614px\" \/><figcaption>H\u00fctter : 8<br>Moyenne : 6,3\/10<\/figcaption><\/figure><\/div>","protected":false},"excerpt":{"rendered":"<p>Du roman d&rsquo;un renard au conte de f\u00e9es, il n&rsquo;y a qu&rsquo;un pas et Mika Biereth l&rsquo;a all\u00e8grement franchi. Le Danois signe un troisi\u00e8me tripl\u00e9 de rang \u00e0 domicile, cette fois contre Reims, et explose les compteurs et les records. TOPS Mika Biereth Les superlatifs vont commencer \u00e0 manquer pour d\u00e9crire les d\u00e9buts du Danois [&#8230;]\n","protected":false},"author":2,"featured_media":30148,"comment_status":"open","ping_status":"open","sticky":false,"template":"","format":"standard","meta":[],"categories":[5,6],"tags":[86,94,436,248],"yoast_head":"<!-- This site is optimized with the Yoast SEO plugin v19.8 - https:\/\/yoast.com\/wordpress\/plugins\/seo\/ -->\n<title>Les notes : Biereth comme dans un r\u00eave - La Diagonale<\/title>\n<meta name=\"robots\" content=\"index, follow, max-snippet:-1, max-image-preview:large, max-video-preview:-1\" \/>\n<link rel=\"canonical\" href=\"https:\/\/www.ladiagonale.net\/index.php\/2025\/03\/01\/les-notes-biereth-comme-dans-un-reve\/\" \/>\n<meta property=\"og:locale\" content=\"fr_FR\" \/>\n<meta property=\"og:type\" content=\"article\" \/>\n<meta property=\"og:title\" content=\"Les notes : Biereth comme dans un r\u00eave - La Diagonale\" \/>\n<meta property=\"og:description\" content=\"Du roman d&rsquo;un renard au conte de f\u00e9es, il n&rsquo;y a qu&rsquo;un pas et Mika Biereth l&rsquo;a all\u00e8grement franchi. Le Danois signe un troisi\u00e8me tripl\u00e9 de rang \u00e0 domicile, cette fois contre Reims, et explose les compteurs et les records. TOPS Mika Biereth Les superlatifs vont commencer \u00e0 manquer pour d\u00e9crire les d\u00e9buts du Danois [...]\" \/>\n<meta property=\"og:url\" content=\"https:\/\/www.ladiagonale.net\/index.php\/2025\/03\/01\/les-notes-biereth-comme-dans-un-reve\/\" \/>\n<meta property=\"og:site_name\" content=\"La Diagonale\" \/>\n<meta property=\"article:published_time\" content=\"2025-03-01T16:20:24+00:00\" \/>\n<meta property=\"article:modified_time\" content=\"2025-03-01T16:20:25+00:00\" \/>\n<meta property=\"og:image\" content=\"https:\/\/www.ladiagonale.net\/wp-content\/uploads\/2025\/03\/Birereth-Reims.png\" \/>\n\t<meta property=\"og:image:width\" content=\"1160\" \/>\n\t<meta property=\"og:image:height\" content=\"650\" \/>\n\t<meta property=\"og:image:type\" content=\"image\/png\" \/>\n<meta name=\"author\" content=\"Damien Dellerba\" \/>\n<meta name=\"twitter:card\" content=\"summary_large_image\" \/>\n<meta name=\"twitter:image\" content=\"https:\/\/www.ladiagonale.net\/wp-content\/uploads\/2025\/03\/Birereth-Reims.png\" \/>\n<meta name=\"twitter:label1\" content=\"\u00c9crit par\" \/>\n\t<meta name=\"twitter:data1\" content=\"Damien Dellerba\" \/>\n\t<meta name=\"twitter:label2\" content=\"Dur\u00e9e de lecture estim\u00e9e\" \/>\n\t<meta name=\"twitter:data2\" content=\"5 minutes\" \/>\n<script type=\"application\/ld+json\" class=\"yoast-schema-graph\">{\"@context\":\"https:\/\/schema.org\",\"@graph\":[{\"@type\":\"WebPage\",\"@id\":\"https:\/\/www.ladiagonale.net\/index.php\/2025\/03\/01\/les-notes-biereth-comme-dans-un-reve\/\",\"url\":\"https:\/\/www.ladiagonale.net\/index.php\/2025\/03\/01\/les-notes-biereth-comme-dans-un-reve\/\",\"name\":\"Les notes : Biereth comme dans un r\u00eave - La Diagonale\",\"isPartOf\":{\"@id\":\"https:\/\/www.ladiagonale.net\/#website\"},\"datePublished\":\"2025-03-01T16:20:24+00:00\",\"dateModified\":\"2025-03-01T16:20:25+00:00\",\"author\":{\"@id\":\"https:\/\/www.ladiagonale.net\/#\/schema\/person\/79ff1e7b0853ed01b2aa26e64ad300bf\"},\"breadcrumb\":{\"@id\":\"https:\/\/www.ladiagonale.net\/index.php\/2025\/03\/01\/les-notes-biereth-comme-dans-un-reve\/#breadcrumb\"},\"inLanguage\":\"fr-FR\",\"potentialAction\":[{\"@type\":\"ReadAction\",\"target\":[\"https:\/\/www.ladiagonale.net\/index.php\/2025\/03\/01\/les-notes-biereth-comme-dans-un-reve\/\"]}]},{\"@type\":\"BreadcrumbList\",\"@id\":\"https:\/\/www.ladiagonale.net\/index.php\/2025\/03\/01\/les-notes-biereth-comme-dans-un-reve\/#breadcrumb\",\"itemListElement\":[{\"@type\":\"ListItem\",\"position\":1,\"name\":\"Accueil\",\"item\":\"https:\/\/www.ladiagonale.net\/\"},{\"@type\":\"ListItem\",\"position\":2,\"name\":\"Les notes : Biereth comme dans un r\u00eave\"}]},{\"@type\":\"WebSite\",\"@id\":\"https:\/\/www.ladiagonale.net\/#website\",\"url\":\"https:\/\/www.ladiagonale.net\/\",\"name\":\"La Diagonale\",\"description\":\"Le site des supporters de l&#039;AS Monaco FC\",\"potentialAction\":[{\"@type\":\"SearchAction\",\"target\":{\"@type\":\"EntryPoint\",\"urlTemplate\":\"https:\/\/www.ladiagonale.net\/?s={search_term_string}\"},\"query-input\":\"required name=search_term_string\"}],\"inLanguage\":\"fr-FR\"},{\"@type\":\"Person\",\"@id\":\"https:\/\/www.ladiagonale.net\/#\/schema\/person\/79ff1e7b0853ed01b2aa26e64ad300bf\",\"name\":\"Damien Dellerba\",\"image\":{\"@type\":\"ImageObject\",\"inLanguage\":\"fr-FR\",\"@id\":\"https:\/\/www.ladiagonale.net\/#\/schema\/person\/image\/\",\"url\":\"https:\/\/secure.gravatar.com\/avatar\/c7850e06d3ff63cdbaee88b7fc16e2f0?s=96&d=mm&r=g\",\"contentUrl\":\"https:\/\/secure.gravatar.com\/avatar\/c7850e06d3ff63cdbaee88b7fc16e2f0?s=96&d=mm&r=g\",\"caption\":\"Damien Dellerba\"},\"url\":\"https:\/\/www.ladiagonale.net\/index.php\/author\/damien\/\"}]}<\/script>\n<!-- \/ Yoast SEO plugin. -->","yoast_head_json":{"title":"Les notes : Biereth comme dans un r\u00eave - La Diagonale","robots":{"index":"index","follow":"follow","max-snippet":"max-snippet:-1","max-image-preview":"max-image-preview:large","max-video-preview":"max-video-preview:-1"},"canonical":"https:\/\/www.ladiagonale.net\/index.php\/2025\/03\/01\/les-notes-biereth-comme-dans-un-reve\/","og_locale":"fr_FR","og_type":"article","og_title":"Les notes : Biereth comme dans un r\u00eave - La Diagonale","og_description":"Du roman d&rsquo;un renard au conte de f\u00e9es, il n&rsquo;y a qu&rsquo;un pas et Mika Biereth l&rsquo;a all\u00e8grement franchi. Le Danois signe un troisi\u00e8me tripl\u00e9 de rang \u00e0 domicile, cette fois contre Reims, et explose les compteurs et les records. TOPS Mika Biereth Les superlatifs vont commencer \u00e0 manquer pour d\u00e9crire les d\u00e9buts du Danois [...]","og_url":"https:\/\/www.ladiagonale.net\/index.php\/2025\/03\/01\/les-notes-biereth-comme-dans-un-reve\/","og_site_name":"La Diagonale","article_published_time":"2025-03-01T16:20:24+00:00","article_modified_time":"2025-03-01T16:20:25+00:00","og_image":[{"width":1160,"height":650,"url":"https:\/\/www.ladiagonale.net\/wp-content\/uploads\/2025\/03\/Birereth-Reims.png","type":"image\/png"}],"author":"Damien Dellerba","twitter_card":"summary_large_image","twitter_image":"https:\/\/www.ladiagonale.net\/wp-content\/uploads\/2025\/03\/Birereth-Reims.png","twitter_misc":{"\u00c9crit par":"Damien Dellerba","Dur\u00e9e de lecture estim\u00e9e":"5 minutes"},"schema":{"@context":"https:\/\/schema.org","@graph":[{"@type":"WebPage","@id":"https:\/\/www.ladiagonale.net\/index.php\/2025\/03\/01\/les-notes-biereth-comme-dans-un-reve\/","url":"https:\/\/www.ladiagonale.net\/index.php\/2025\/03\/01\/les-notes-biereth-comme-dans-un-reve\/","name":"Les notes : Biereth comme dans un r\u00eave - La Diagonale","isPartOf":{"@id":"https:\/\/www.ladiagonale.net\/#website"},"datePublished":"2025-03-01T16:20:24+00:00","dateModified":"2025-03-01T16:20:25+00:00","author":{"@id":"https:\/\/www.ladiagonale.net\/#\/schema\/person\/79ff1e7b0853ed01b2aa26e64ad300bf"},"breadcrumb":{"@id":"https:\/\/www.ladiagonale.net\/index.php\/2025\/03\/01\/les-notes-biereth-comme-dans-un-reve\/#breadcrumb"},"inLanguage":"fr-FR","potentialAction":[{"@type":"ReadAction","target":["https:\/\/www.ladiagonale.net\/index.php\/2025\/03\/01\/les-notes-biereth-comme-dans-un-reve\/"]}]},{"@type":"BreadcrumbList","@id":"https:\/\/www.ladiagonale.net\/index.php\/2025\/03\/01\/les-notes-biereth-comme-dans-un-reve\/#breadcrumb","itemListElement":[{"@type":"ListItem","position":1,"name":"Accueil","item":"https:\/\/www.ladiagonale.net\/"},{"@type":"ListItem","position":2,"name":"Les notes : Biereth comme dans un r\u00eave"}]},{"@type":"WebSite","@id":"https:\/\/www.ladiagonale.net\/#website","url":"https:\/\/www.ladiagonale.net\/","name":"La Diagonale","description":"Le site des supporters de l&#039;AS Monaco FC","potentialAction":[{"@type":"SearchAction","target":{"@type":"EntryPoint","urlTemplate":"https:\/\/www.ladiagonale.net\/?s={search_term_string}"},"query-input":"required name=search_term_string"}],"inLanguage":"fr-FR"},{"@type":"Person","@id":"https:\/\/www.ladiagonale.net\/#\/schema\/person\/79ff1e7b0853ed01b2aa26e64ad300bf","name":"Damien Dellerba","image":{"@type":"ImageObject","inLanguage":"fr-FR","@id":"https:\/\/www.ladiagonale.net\/#\/schema\/person\/image\/","url":"https:\/\/secure.gravatar.com\/avatar\/c7850e06d3ff63cdbaee88b7fc16e2f0?s=96&d=mm&r=g","contentUrl":"https:\/\/secure.gravatar.com\/avatar\/c7850e06d3ff63cdbaee88b7fc16e2f0?s=96&d=mm&r=g","caption":"Damien Dellerba"},"url":"https:\/\/www.ladiagonale.net\/index.php\/author\/damien\/"}]}},"_links":{"self":[{"href":"https:\/\/www.ladiagonale.net\/index.php\/wp-json\/wp\/v2\/posts\/30147"}],"collection":[{"href":"https:\/\/www.ladiagonale.net\/index.php\/wp-json\/wp\/v2\/posts"}],"about":[{"href":"https:\/\/www.ladiagonale.net\/index.php\/wp-json\/wp\/v2\/types\/post"}],"author":[{"embeddable":true,"href":"https:\/\/www.ladiagonale.net\/index.php\/wp-json\/wp\/v2\/users\/2"}],"replies":[{"embeddable":true,"href":"https:\/\/www.ladiagonale.net\/index.php\/wp-json\/wp\/v2\/comments?post=30147"}],"version-history":[{"count":1,"href":"https:\/\/www.ladiagonale.net\/index.php\/wp-json\/wp\/v2\/posts\/30147\/revisions"}],"predecessor-version":[{"id":30150,"href":"https:\/\/www.ladiagonale.net\/index.php\/wp-json\/wp\/v2\/posts\/30147\/revisions\/30150"}],"wp:featuredmedia":[{"embeddable":true,"href":"https:\/\/www.ladiagonale.net\/index.php\/wp-json\/wp\/v2\/media\/30148"}],"wp:attachment":[{"href":"https:\/\/www.ladiagonale.net\/index.php\/wp-json\/wp\/v2\/media?parent=30147"}],"wp:term":[{"taxonomy":"category","embeddable":true,"href":"https:\/\/www.ladiagonale.net\/index.php\/wp-json\/wp\/v2\/categories?post=30147"},{"taxonomy":"post_tag","embeddable":true,"href":"https:\/\/www.ladiagonale.net\/index.php\/wp-json\/wp\/v2\/tags?post=30147"}],"curies":[{"name":"wp","href":"https:\/\/api.w.org\/{rel}","templated":true}]}}