{"id":30154,"date":"2025-03-02T13:59:04","date_gmt":"2025-03-02T12:59:04","guid":{"rendered":"https:\/\/www.ladiagonale.net\/?p=30154"},"modified":"2025-03-02T15:07:28","modified_gmt":"2025-03-02T14:07:28","slug":"scuro-sur-une-vente-dakliouche-ce-ne-sera-pas-facile-de-le-faire-partir-dici","status":"publish","type":"post","link":"https:\/\/www.ladiagonale.net\/index.php\/2025\/03\/02\/scuro-sur-une-vente-dakliouche-ce-ne-sera-pas-facile-de-le-faire-partir-dici\/","title":{"rendered":"Scuro sur une vente d\u2019Akliouche : \u00ab&nbsp;Ce ne sera pas facile de le faire partir d\u2019ici&nbsp;\u00bb"},"content":{"rendered":"\n<p>L\u2019\u00e9mission <em>T\u00e9l\u00e9foot<\/em> a consacr\u00e9 un sujet \u00e0 Maghnes Akliouche. La question de son avenir s\u2019est forc\u00e9ment pos\u00e9e, alors que le joueur, qui vient de f\u00eater ses 23 ans, est courtis\u00e9 \u00e0 l\u2019\u00e9tranger mais aussi en France. En marge de la rencontre face \u00e0 Reims, vendredi, le Directeur g\u00e9n\u00e9ral de l\u2019AS Monaco a laiss\u00e9 entendre qu\u2019il faudrait se montrer convaincant pour envisager de s\u2019en s\u00e9parer :\u00a0\u00ab\u00a0<em>C\u2019est logique que de grands clubs s\u2019int\u00e9ressent Maghnes. C\u2019est un joueur de Monaco mais ce ne sera pas facile de le faire partir d\u2019ici.<\/em>\u00a0\u00bb<\/p>\n\n\n\n<p>De son c\u00f4t\u00e9, le joueur a indiqu\u00e9 qu\u2019il se sentait bien en Principaut\u00e9 mais que cette question restait ouverte : \u00ab\u00a0<em>Je suis sous contrat jusqu\u2019en 2028. Je veux juste donner le meilleur de moi-m\u00eame au quotidien et pendant les matches. Pour le reste, on verra avec le club mais je me sens bien ici.<\/em>\u00a0\u00bb Il a \u00e9galement r\u00e9pondu sur l\u2019int\u00e9r\u00eat du PSG, qui revient avec insistance depuis quelques mois :\u00a0\u00ab\u00a0<em>Le PSG, c\u2019est toujours flatteur. C\u2019est l\u2019un, voire le meilleur, club de France.<\/em>\u00a0\u00bb<\/p>\n\n\n","protected":false},"excerpt":{"rendered":"<p>L\u2019\u00e9mission T\u00e9l\u00e9foot a consacr\u00e9 un sujet \u00e0 Maghnes Akliouche. La question de son avenir s\u2019est forc\u00e9ment pos\u00e9e, alors que le joueur, qui vient de f\u00eater ses 23 ans, est courtis\u00e9 \u00e0 l\u2019\u00e9tranger mais aussi en France. En marge de la rencontre face \u00e0 Reims, vendredi, le Directeur g\u00e9n\u00e9ral de l\u2019AS Monaco a laiss\u00e9 entendre qu\u2019il [&#8230;]\n","protected":false},"author":2,"featured_media":0,"comment_status":"open","ping_status":"open","sticky":false,"template":"","format":"standard","meta":[],"categories":[6],"tags":[86,190,111,479,110],"yoast_head":"<!-- This site is optimized with the Yoast SEO plugin v19.8 - https:\/\/yoast.com\/wordpress\/plugins\/seo\/ -->\n<title>Scuro sur une vente d\u2019Akliouche : \u00ab&nbsp;Ce ne sera pas facile de le faire partir d\u2019ici&nbsp;\u00bb - La Diagonale<\/title>\n<meta name=\"robots\" content=\"index, follow, max-snippet:-1, max-image-preview:large, max-video-preview:-1\" \/>\n<link rel=\"canonical\" href=\"https:\/\/www.ladiagonale.net\/index.php\/2025\/03\/02\/scuro-sur-une-vente-dakliouche-ce-ne-sera-pas-facile-de-le-faire-partir-dici\/\" \/>\n<meta property=\"og:locale\" content=\"fr_FR\" \/>\n<meta property=\"og:type\" content=\"article\" \/>\n<meta property=\"og:title\" content=\"Scuro sur une vente d\u2019Akliouche : \u00ab&nbsp;Ce ne sera pas facile de le faire partir d\u2019ici&nbsp;\u00bb - La Diagonale\" \/>\n<meta property=\"og:description\" content=\"L\u2019\u00e9mission T\u00e9l\u00e9foot a consacr\u00e9 un sujet \u00e0 Maghnes Akliouche. La question de son avenir s\u2019est forc\u00e9ment pos\u00e9e, alors que le joueur, qui vient de f\u00eater ses 23 ans, est courtis\u00e9 \u00e0 l\u2019\u00e9tranger mais aussi en France. En marge de la rencontre face \u00e0 Reims, vendredi, le Directeur g\u00e9n\u00e9ral de l\u2019AS Monaco a laiss\u00e9 entendre qu\u2019il [...]\" \/>\n<meta property=\"og:url\" content=\"https:\/\/www.ladiagonale.net\/index.php\/2025\/03\/02\/scuro-sur-une-vente-dakliouche-ce-ne-sera-pas-facile-de-le-faire-partir-dici\/\" \/>\n<meta property=\"og:site_name\" content=\"La Diagonale\" \/>\n<meta property=\"article:published_time\" content=\"2025-03-02T12:59:04+00:00\" \/>\n<meta property=\"article:modified_time\" content=\"2025-03-02T14:07:28+00:00\" \/>\n<meta property=\"og:image\" content=\"https:\/\/www.ladiagonale.net\/wp-content\/uploads\/2024\/01\/scuro-2.png\" \/>\n\t<meta property=\"og:image:width\" content=\"1160\" \/>\n\t<meta property=\"og:image:height\" content=\"650\" \/>\n\t<meta property=\"og:image:type\" content=\"image\/png\" \/>\n<meta name=\"author\" content=\"Damien Dellerba\" \/>\n<meta name=\"twitter:card\" content=\"summary_large_image\" \/>\n<meta name=\"twitter:image\" content=\"https:\/\/www.ladiagonale.net\/wp-content\/uploads\/2024\/01\/scuro-2.png\" \/>\n<meta name=\"twitter:label1\" content=\"\u00c9crit par\" \/>\n\t<meta name=\"twitter:data1\" content=\"Damien Dellerba\" \/>\n\t<meta name=\"twitter:label2\" content=\"Dur\u00e9e de lecture estim\u00e9e\" \/>\n\t<meta name=\"twitter:data2\" content=\"1 minute\" \/>\n<script type=\"application\/ld+json\" class=\"yoast-schema-graph\">{\"@context\":\"https:\/\/schema.org\",\"@graph\":[{\"@type\":\"WebPage\",\"@id\":\"https:\/\/www.ladiagonale.net\/index.php\/2025\/03\/02\/scuro-sur-une-vente-dakliouche-ce-ne-sera-pas-facile-de-le-faire-partir-dici\/\",\"url\":\"https:\/\/www.ladiagonale.net\/index.php\/2025\/03\/02\/scuro-sur-une-vente-dakliouche-ce-ne-sera-pas-facile-de-le-faire-partir-dici\/\",\"name\":\"Scuro sur une vente d\u2019Akliouche : \u00ab&nbsp;Ce ne sera pas facile de le faire partir d\u2019ici&nbsp;\u00bb - La Diagonale\",\"isPartOf\":{\"@id\":\"https:\/\/www.ladiagonale.net\/#website\"},\"datePublished\":\"2025-03-02T12:59:04+00:00\",\"dateModified\":\"2025-03-02T14:07:28+00:00\",\"author\":{\"@id\":\"https:\/\/www.ladiagonale.net\/#\/schema\/person\/79ff1e7b0853ed01b2aa26e64ad300bf\"},\"breadcrumb\":{\"@id\":\"https:\/\/www.ladiagonale.net\/index.php\/2025\/03\/02\/scuro-sur-une-vente-dakliouche-ce-ne-sera-pas-facile-de-le-faire-partir-dici\/#breadcrumb\"},\"inLanguage\":\"fr-FR\",\"potentialAction\":[{\"@type\":\"ReadAction\",\"target\":[\"https:\/\/www.ladiagonale.net\/index.php\/2025\/03\/02\/scuro-sur-une-vente-dakliouche-ce-ne-sera-pas-facile-de-le-faire-partir-dici\/\"]}]},{\"@type\":\"BreadcrumbList\",\"@id\":\"https:\/\/www.ladiagonale.net\/index.php\/2025\/03\/02\/scuro-sur-une-vente-dakliouche-ce-ne-sera-pas-facile-de-le-faire-partir-dici\/#breadcrumb\",\"itemListElement\":[{\"@type\":\"ListItem\",\"position\":1,\"name\":\"Accueil\",\"item\":\"https:\/\/www.ladiagonale.net\/\"},{\"@type\":\"ListItem\",\"position\":2,\"name\":\"Scuro sur une vente d\u2019Akliouche : \u00ab&nbsp;Ce ne sera pas facile de le faire partir d\u2019ici&nbsp;\u00bb\"}]},{\"@type\":\"WebSite\",\"@id\":\"https:\/\/www.ladiagonale.net\/#website\",\"url\":\"https:\/\/www.ladiagonale.net\/\",\"name\":\"La Diagonale\",\"description\":\"Le site des supporters de l&#039;AS Monaco FC\",\"potentialAction\":[{\"@type\":\"SearchAction\",\"target\":{\"@type\":\"EntryPoint\",\"urlTemplate\":\"https:\/\/www.ladiagonale.net\/?s={search_term_string}\"},\"query-input\":\"required name=search_term_string\"}],\"inLanguage\":\"fr-FR\"},{\"@type\":\"Person\",\"@id\":\"https:\/\/www.ladiagonale.net\/#\/schema\/person\/79ff1e7b0853ed01b2aa26e64ad300bf\",\"name\":\"Damien Dellerba\",\"image\":{\"@type\":\"ImageObject\",\"inLanguage\":\"fr-FR\",\"@id\":\"https:\/\/www.ladiagonale.net\/#\/schema\/person\/image\/\",\"url\":\"https:\/\/secure.gravatar.com\/avatar\/c7850e06d3ff63cdbaee88b7fc16e2f0?s=96&d=mm&r=g\",\"contentUrl\":\"https:\/\/secure.gravatar.com\/avatar\/c7850e06d3ff63cdbaee88b7fc16e2f0?s=96&d=mm&r=g\",\"caption\":\"Damien Dellerba\"},\"url\":\"https:\/\/www.ladiagonale.net\/index.php\/author\/damien\/\"}]}<\/script>\n<!-- \/ Yoast SEO plugin. -->","yoast_head_json":{"title":"Scuro sur une vente d\u2019Akliouche : \u00ab&nbsp;Ce ne sera pas facile de le faire partir d\u2019ici&nbsp;\u00bb - La Diagonale","robots":{"index":"index","follow":"follow","max-snippet":"max-snippet:-1","max-image-preview":"max-image-preview:large","max-video-preview":"max-video-preview:-1"},"canonical":"https:\/\/www.ladiagonale.net\/index.php\/2025\/03\/02\/scuro-sur-une-vente-dakliouche-ce-ne-sera-pas-facile-de-le-faire-partir-dici\/","og_locale":"fr_FR","og_type":"article","og_title":"Scuro sur une vente d\u2019Akliouche : \u00ab&nbsp;Ce ne sera pas facile de le faire partir d\u2019ici&nbsp;\u00bb - La Diagonale","og_description":"L\u2019\u00e9mission T\u00e9l\u00e9foot a consacr\u00e9 un sujet \u00e0 Maghnes Akliouche. La question de son avenir s\u2019est forc\u00e9ment pos\u00e9e, alors que le joueur, qui vient de f\u00eater ses 23 ans, est courtis\u00e9 \u00e0 l\u2019\u00e9tranger mais aussi en France. En marge de la rencontre face \u00e0 Reims, vendredi, le Directeur g\u00e9n\u00e9ral de l\u2019AS Monaco a laiss\u00e9 entendre qu\u2019il [...]","og_url":"https:\/\/www.ladiagonale.net\/index.php\/2025\/03\/02\/scuro-sur-une-vente-dakliouche-ce-ne-sera-pas-facile-de-le-faire-partir-dici\/","og_site_name":"La Diagonale","article_published_time":"2025-03-02T12:59:04+00:00","article_modified_time":"2025-03-02T14:07:28+00:00","og_image":[{"width":1160,"height":650,"url":"https:\/\/www.ladiagonale.net\/wp-content\/uploads\/2024\/01\/scuro-2.png","type":"image\/png"}],"author":"Damien Dellerba","twitter_card":"summary_large_image","twitter_image":"https:\/\/www.ladiagonale.net\/wp-content\/uploads\/2024\/01\/scuro-2.png","twitter_misc":{"\u00c9crit par":"Damien Dellerba","Dur\u00e9e de lecture estim\u00e9e":"1 minute"},"schema":{"@context":"https:\/\/schema.org","@graph":[{"@type":"WebPage","@id":"https:\/\/www.ladiagonale.net\/index.php\/2025\/03\/02\/scuro-sur-une-vente-dakliouche-ce-ne-sera-pas-facile-de-le-faire-partir-dici\/","url":"https:\/\/www.ladiagonale.net\/index.php\/2025\/03\/02\/scuro-sur-une-vente-dakliouche-ce-ne-sera-pas-facile-de-le-faire-partir-dici\/","name":"Scuro sur une vente d\u2019Akliouche : \u00ab&nbsp;Ce ne sera pas facile de le faire partir d\u2019ici&nbsp;\u00bb - La Diagonale","isPartOf":{"@id":"https:\/\/www.ladiagonale.net\/#website"},"datePublished":"2025-03-02T12:59:04+00:00","dateModified":"2025-03-02T14:07:28+00:00","author":{"@id":"https:\/\/www.ladiagonale.net\/#\/schema\/person\/79ff1e7b0853ed01b2aa26e64ad300bf"},"breadcrumb":{"@id":"https:\/\/www.ladiagonale.net\/index.php\/2025\/03\/02\/scuro-sur-une-vente-dakliouche-ce-ne-sera-pas-facile-de-le-faire-partir-dici\/#breadcrumb"},"inLanguage":"fr-FR","potentialAction":[{"@type":"ReadAction","target":["https:\/\/www.ladiagonale.net\/index.php\/2025\/03\/02\/scuro-sur-une-vente-dakliouche-ce-ne-sera-pas-facile-de-le-faire-partir-dici\/"]}]},{"@type":"BreadcrumbList","@id":"https:\/\/www.ladiagonale.net\/index.php\/2025\/03\/02\/scuro-sur-une-vente-dakliouche-ce-ne-sera-pas-facile-de-le-faire-partir-dici\/#breadcrumb","itemListElement":[{"@type":"ListItem","position":1,"name":"Accueil","item":"https:\/\/www.ladiagonale.net\/"},{"@type":"ListItem","position":2,"name":"Scuro sur une vente d\u2019Akliouche : \u00ab&nbsp;Ce ne sera pas facile de le faire partir d\u2019ici&nbsp;\u00bb"}]},{"@type":"WebSite","@id":"https:\/\/www.ladiagonale.net\/#website","url":"https:\/\/www.ladiagonale.net\/","name":"La Diagonale","description":"Le site des supporters de l&#039;AS Monaco FC","potentialAction":[{"@type":"SearchAction","target":{"@type":"EntryPoint","urlTemplate":"https:\/\/www.ladiagonale.net\/?s={search_term_string}"},"query-input":"required name=search_term_string"}],"inLanguage":"fr-FR"},{"@type":"Person","@id":"https:\/\/www.ladiagonale.net\/#\/schema\/person\/79ff1e7b0853ed01b2aa26e64ad300bf","name":"Damien Dellerba","image":{"@type":"ImageObject","inLanguage":"fr-FR","@id":"https:\/\/www.ladiagonale.net\/#\/schema\/person\/image\/","url":"https:\/\/secure.gravatar.com\/avatar\/c7850e06d3ff63cdbaee88b7fc16e2f0?s=96&d=mm&r=g","contentUrl":"https:\/\/secure.gravatar.com\/avatar\/c7850e06d3ff63cdbaee88b7fc16e2f0?s=96&d=mm&r=g","caption":"Damien Dellerba"},"url":"https:\/\/www.ladiagonale.net\/index.php\/author\/damien\/"}]}},"_links":{"self":[{"href":"https:\/\/www.ladiagonale.net\/index.php\/wp-json\/wp\/v2\/posts\/30154"}],"collection":[{"href":"https:\/\/www.ladiagonale.net\/index.php\/wp-json\/wp\/v2\/posts"}],"about":[{"href":"https:\/\/www.ladiagonale.net\/index.php\/wp-json\/wp\/v2\/types\/post"}],"author":[{"embeddable":true,"href":"https:\/\/www.ladiagonale.net\/index.php\/wp-json\/wp\/v2\/users\/2"}],"replies":[{"embeddable":true,"href":"https:\/\/www.ladiagonale.net\/index.php\/wp-json\/wp\/v2\/comments?post=30154"}],"version-history":[{"count":2,"href":"https:\/\/www.ladiagonale.net\/index.php\/wp-json\/wp\/v2\/posts\/30154\/revisions"}],"predecessor-version":[{"id":30158,"href":"https:\/\/www.ladiagonale.net\/index.php\/wp-json\/wp\/v2\/posts\/30154\/revisions\/30158"}],"wp:attachment":[{"href":"https:\/\/www.ladiagonale.net\/index.php\/wp-json\/wp\/v2\/media?parent=30154"}],"wp:term":[{"taxonomy":"category","embeddable":true,"href":"https:\/\/www.ladiagonale.net\/index.php\/wp-json\/wp\/v2\/categories?post=30154"},{"taxonomy":"post_tag","embeddable":true,"href":"https:\/\/www.ladiagonale.net\/index.php\/wp-json\/wp\/v2\/tags?post=30154"}],"curies":[{"name":"wp","href":"https:\/\/api.w.org\/{rel}","templated":true}]}}