{"id":30183,"date":"2025-03-04T19:35:54","date_gmt":"2025-03-04T18:35:54","guid":{"rendered":"https:\/\/www.ladiagonale.net\/?p=30183"},"modified":"2025-03-04T19:35:54","modified_gmt":"2025-03-04T18:35:54","slug":"larbitre-du-match-du-centenaire-pour-toulouse-frappart-a-la-var","status":"publish","type":"post","link":"https:\/\/www.ladiagonale.net\/index.php\/2025\/03\/04\/larbitre-du-match-du-centenaire-pour-toulouse-frappart-a-la-var\/","title":{"rendered":"L\u2019arbitre du match du centenaire pour Toulouse, Frappart \u00e0 la VAR"},"content":{"rendered":"\n<p>Vendredi (20h45), Monaco affrontera Toulouse dans le cadre de la 25<sup>e<\/sup> journ\u00e9e de Ligue 1. C\u2019est Marc Bollengier qui a \u00e9t\u00e9 d\u00e9sign\u00e9 par la LFP pour arbitrer cette rencontre. Il sera assist\u00e9 de Yannick Boutry et C\u00e9dric Favre. Comme contre Lille lors de la 23<sup>e<\/sup> journ\u00e9e, St\u00e9phanie Frappart sera \u00e0 la vid\u00e9o, cette fois avec Philippe Lucas.<\/p>\n\n\n\n<p>L\u2019arbitre de 33 ans a d\u00e9j\u00e0 offici\u00e9 \u00e0 deux reprises cette saison sur des matches de l\u2019ASM. Il \u00e9tait notamment de celui du centenaire, c\u00e9l\u00e9br\u00e9 le 28 septembre dernier contre Montpellier (2-1). Plus r\u00e9cemment, il avait arbitr\u00e9 le Nantes-Monaco (2-2) de d\u00e9but janvier.<\/p>\n\n\n\n<div class=\"wp-block-media-text alignwide is-stacked-on-mobile\" style=\"grid-template-columns:35% auto\"><figure class=\"wp-block-media-text__media\"><img loading=\"lazy\" width=\"540\" height=\"626\" src=\"https:\/\/www.ladiagonale.net\/wp-content\/uploads\/2025\/03\/MR8Va-19.png\" alt=\"\" class=\"wp-image-30184 size-full\" srcset=\"https:\/\/www.ladiagonale.net\/wp-content\/uploads\/2025\/03\/MR8Va-19.png 540w, https:\/\/www.ladiagonale.net\/wp-content\/uploads\/2025\/03\/MR8Va-19-259x300.png 259w, https:\/\/www.ladiagonale.net\/wp-content\/uploads\/2025\/03\/MR8Va-19-110x128.png 110w, https:\/\/www.ladiagonale.net\/wp-content\/uploads\/2025\/03\/MR8Va-19-28x32.png 28w\" sizes=\"(max-width: 540px) 100vw, 540px\" \/><\/figure><div class=\"wp-block-media-text__content\">\n<p style=\"font-size:16px\">Avec Bollengier, Monaco affiche un bilan positif de 4 victoires en sept rencontres, pour deux nuls et une d\u00e9faite. Celle-ci remonte au 30 avril 2023, contre Montpellier (0-4).<\/p>\n<\/div><\/div>\n\n\n\n<div class=\"wp-block-media-text alignwide is-stacked-on-mobile\"><figure class=\"wp-block-media-text__media\"><img loading=\"lazy\" width=\"1024\" height=\"578\" src=\"https:\/\/www.ladiagonale.net\/wp-content\/uploads\/2025\/03\/d3RnE-10-1024x578.png\" alt=\"\" class=\"wp-image-30185 size-full\" srcset=\"https:\/\/www.ladiagonale.net\/wp-content\/uploads\/2025\/03\/d3RnE-10-1024x578.png 1024w, https:\/\/www.ladiagonale.net\/wp-content\/uploads\/2025\/03\/d3RnE-10-300x169.png 300w, https:\/\/www.ladiagonale.net\/wp-content\/uploads\/2025\/03\/d3RnE-10-768x434.png 768w, https:\/\/www.ladiagonale.net\/wp-content\/uploads\/2025\/03\/d3RnE-10-128x72.png 128w, https:\/\/www.ladiagonale.net\/wp-content\/uploads\/2025\/03\/d3RnE-10-32x18.png 32w, https:\/\/www.ladiagonale.net\/wp-content\/uploads\/2025\/03\/d3RnE-10.png 1240w\" sizes=\"(max-width: 1024px) 100vw, 1024px\" \/><\/figure><div class=\"wp-block-media-text__content\">\n<p style=\"font-size:15px\">Sur les sept matches arbitr\u00e9s, Monaco a re\u00e7u 13 cartons jaunes mais aucun carton rouge, contre deux pour ses adversaires. Au niveau des p\u00e9naltys, \u00e9galit\u00e9 entre l&rsquo;ASM et ses adversaires (1 partout).<\/p>\n<\/div><\/div>\n","protected":false},"excerpt":{"rendered":"<p>Vendredi (20h45), Monaco affrontera Toulouse dans le cadre de la 25e journ\u00e9e de Ligue 1. C\u2019est Marc Bollengier qui a \u00e9t\u00e9 d\u00e9sign\u00e9 par la LFP pour arbitrer cette rencontre. Il sera assist\u00e9 de Yannick Boutry et C\u00e9dric Favre. Comme contre Lille lors de la 23e journ\u00e9e, St\u00e9phanie Frappart sera \u00e0 la vid\u00e9o, cette fois avec [&#8230;]\n","protected":false},"author":2,"featured_media":0,"comment_status":"open","ping_status":"open","sticky":false,"template":"","format":"standard","meta":[],"categories":[6],"tags":[156,86,94,396,230],"yoast_head":"<!-- This site is optimized with the Yoast SEO plugin v19.8 - https:\/\/yoast.com\/wordpress\/plugins\/seo\/ -->\n<title>L\u2019arbitre du match du centenaire pour Toulouse, Frappart \u00e0 la VAR - La Diagonale<\/title>\n<meta name=\"robots\" content=\"index, follow, max-snippet:-1, max-image-preview:large, max-video-preview:-1\" \/>\n<link rel=\"canonical\" href=\"https:\/\/www.ladiagonale.net\/index.php\/2025\/03\/04\/larbitre-du-match-du-centenaire-pour-toulouse-frappart-a-la-var\/\" \/>\n<meta property=\"og:locale\" content=\"fr_FR\" \/>\n<meta property=\"og:type\" content=\"article\" \/>\n<meta property=\"og:title\" content=\"L\u2019arbitre du match du centenaire pour Toulouse, Frappart \u00e0 la VAR - La Diagonale\" \/>\n<meta property=\"og:description\" content=\"Vendredi (20h45), Monaco affrontera Toulouse dans le cadre de la 25e journ\u00e9e de Ligue 1. C\u2019est Marc Bollengier qui a \u00e9t\u00e9 d\u00e9sign\u00e9 par la LFP pour arbitrer cette rencontre. Il sera assist\u00e9 de Yannick Boutry et C\u00e9dric Favre. Comme contre Lille lors de la 23e journ\u00e9e, St\u00e9phanie Frappart sera \u00e0 la vid\u00e9o, cette fois avec [...]\" \/>\n<meta property=\"og:url\" content=\"https:\/\/www.ladiagonale.net\/index.php\/2025\/03\/04\/larbitre-du-match-du-centenaire-pour-toulouse-frappart-a-la-var\/\" \/>\n<meta property=\"og:site_name\" content=\"La Diagonale\" \/>\n<meta property=\"article:published_time\" content=\"2025-03-04T18:35:54+00:00\" \/>\n<meta property=\"og:image\" content=\"https:\/\/www.ladiagonale.net\/wp-content\/uploads\/2022\/12\/bollengier.png\" \/>\n\t<meta property=\"og:image:width\" content=\"1160\" \/>\n\t<meta property=\"og:image:height\" content=\"650\" \/>\n\t<meta property=\"og:image:type\" content=\"image\/png\" \/>\n<meta name=\"author\" content=\"Damien Dellerba\" \/>\n<meta name=\"twitter:card\" content=\"summary_large_image\" \/>\n<meta name=\"twitter:image\" content=\"https:\/\/www.ladiagonale.net\/wp-content\/uploads\/2022\/12\/bollengier.png\" \/>\n<meta name=\"twitter:label1\" content=\"\u00c9crit par\" \/>\n\t<meta name=\"twitter:data1\" content=\"Damien Dellerba\" \/>\n\t<meta name=\"twitter:label2\" content=\"Dur\u00e9e de lecture estim\u00e9e\" \/>\n\t<meta name=\"twitter:data2\" content=\"2 minutes\" \/>\n<script type=\"application\/ld+json\" class=\"yoast-schema-graph\">{\"@context\":\"https:\/\/schema.org\",\"@graph\":[{\"@type\":\"WebPage\",\"@id\":\"https:\/\/www.ladiagonale.net\/index.php\/2025\/03\/04\/larbitre-du-match-du-centenaire-pour-toulouse-frappart-a-la-var\/\",\"url\":\"https:\/\/www.ladiagonale.net\/index.php\/2025\/03\/04\/larbitre-du-match-du-centenaire-pour-toulouse-frappart-a-la-var\/\",\"name\":\"L\u2019arbitre du match du centenaire pour Toulouse, Frappart \u00e0 la VAR - La Diagonale\",\"isPartOf\":{\"@id\":\"https:\/\/www.ladiagonale.net\/#website\"},\"datePublished\":\"2025-03-04T18:35:54+00:00\",\"dateModified\":\"2025-03-04T18:35:54+00:00\",\"author\":{\"@id\":\"https:\/\/www.ladiagonale.net\/#\/schema\/person\/79ff1e7b0853ed01b2aa26e64ad300bf\"},\"breadcrumb\":{\"@id\":\"https:\/\/www.ladiagonale.net\/index.php\/2025\/03\/04\/larbitre-du-match-du-centenaire-pour-toulouse-frappart-a-la-var\/#breadcrumb\"},\"inLanguage\":\"fr-FR\",\"potentialAction\":[{\"@type\":\"ReadAction\",\"target\":[\"https:\/\/www.ladiagonale.net\/index.php\/2025\/03\/04\/larbitre-du-match-du-centenaire-pour-toulouse-frappart-a-la-var\/\"]}]},{\"@type\":\"BreadcrumbList\",\"@id\":\"https:\/\/www.ladiagonale.net\/index.php\/2025\/03\/04\/larbitre-du-match-du-centenaire-pour-toulouse-frappart-a-la-var\/#breadcrumb\",\"itemListElement\":[{\"@type\":\"ListItem\",\"position\":1,\"name\":\"Accueil\",\"item\":\"https:\/\/www.ladiagonale.net\/\"},{\"@type\":\"ListItem\",\"position\":2,\"name\":\"L\u2019arbitre du match du centenaire pour Toulouse, Frappart \u00e0 la VAR\"}]},{\"@type\":\"WebSite\",\"@id\":\"https:\/\/www.ladiagonale.net\/#website\",\"url\":\"https:\/\/www.ladiagonale.net\/\",\"name\":\"La Diagonale\",\"description\":\"Le site des supporters de l&#039;AS Monaco FC\",\"potentialAction\":[{\"@type\":\"SearchAction\",\"target\":{\"@type\":\"EntryPoint\",\"urlTemplate\":\"https:\/\/www.ladiagonale.net\/?s={search_term_string}\"},\"query-input\":\"required name=search_term_string\"}],\"inLanguage\":\"fr-FR\"},{\"@type\":\"Person\",\"@id\":\"https:\/\/www.ladiagonale.net\/#\/schema\/person\/79ff1e7b0853ed01b2aa26e64ad300bf\",\"name\":\"Damien Dellerba\",\"image\":{\"@type\":\"ImageObject\",\"inLanguage\":\"fr-FR\",\"@id\":\"https:\/\/www.ladiagonale.net\/#\/schema\/person\/image\/\",\"url\":\"https:\/\/secure.gravatar.com\/avatar\/c7850e06d3ff63cdbaee88b7fc16e2f0?s=96&d=mm&r=g\",\"contentUrl\":\"https:\/\/secure.gravatar.com\/avatar\/c7850e06d3ff63cdbaee88b7fc16e2f0?s=96&d=mm&r=g\",\"caption\":\"Damien Dellerba\"},\"url\":\"https:\/\/www.ladiagonale.net\/index.php\/author\/damien\/\"}]}<\/script>\n<!-- \/ Yoast SEO plugin. -->","yoast_head_json":{"title":"L\u2019arbitre du match du centenaire pour Toulouse, Frappart \u00e0 la VAR - La Diagonale","robots":{"index":"index","follow":"follow","max-snippet":"max-snippet:-1","max-image-preview":"max-image-preview:large","max-video-preview":"max-video-preview:-1"},"canonical":"https:\/\/www.ladiagonale.net\/index.php\/2025\/03\/04\/larbitre-du-match-du-centenaire-pour-toulouse-frappart-a-la-var\/","og_locale":"fr_FR","og_type":"article","og_title":"L\u2019arbitre du match du centenaire pour Toulouse, Frappart \u00e0 la VAR - La Diagonale","og_description":"Vendredi (20h45), Monaco affrontera Toulouse dans le cadre de la 25e journ\u00e9e de Ligue 1. C\u2019est Marc Bollengier qui a \u00e9t\u00e9 d\u00e9sign\u00e9 par la LFP pour arbitrer cette rencontre. Il sera assist\u00e9 de Yannick Boutry et C\u00e9dric Favre. Comme contre Lille lors de la 23e journ\u00e9e, St\u00e9phanie Frappart sera \u00e0 la vid\u00e9o, cette fois avec [...]","og_url":"https:\/\/www.ladiagonale.net\/index.php\/2025\/03\/04\/larbitre-du-match-du-centenaire-pour-toulouse-frappart-a-la-var\/","og_site_name":"La Diagonale","article_published_time":"2025-03-04T18:35:54+00:00","og_image":[{"width":1160,"height":650,"url":"https:\/\/www.ladiagonale.net\/wp-content\/uploads\/2022\/12\/bollengier.png","type":"image\/png"}],"author":"Damien Dellerba","twitter_card":"summary_large_image","twitter_image":"https:\/\/www.ladiagonale.net\/wp-content\/uploads\/2022\/12\/bollengier.png","twitter_misc":{"\u00c9crit par":"Damien Dellerba","Dur\u00e9e de lecture estim\u00e9e":"2 minutes"},"schema":{"@context":"https:\/\/schema.org","@graph":[{"@type":"WebPage","@id":"https:\/\/www.ladiagonale.net\/index.php\/2025\/03\/04\/larbitre-du-match-du-centenaire-pour-toulouse-frappart-a-la-var\/","url":"https:\/\/www.ladiagonale.net\/index.php\/2025\/03\/04\/larbitre-du-match-du-centenaire-pour-toulouse-frappart-a-la-var\/","name":"L\u2019arbitre du match du centenaire pour Toulouse, Frappart \u00e0 la VAR - La Diagonale","isPartOf":{"@id":"https:\/\/www.ladiagonale.net\/#website"},"datePublished":"2025-03-04T18:35:54+00:00","dateModified":"2025-03-04T18:35:54+00:00","author":{"@id":"https:\/\/www.ladiagonale.net\/#\/schema\/person\/79ff1e7b0853ed01b2aa26e64ad300bf"},"breadcrumb":{"@id":"https:\/\/www.ladiagonale.net\/index.php\/2025\/03\/04\/larbitre-du-match-du-centenaire-pour-toulouse-frappart-a-la-var\/#breadcrumb"},"inLanguage":"fr-FR","potentialAction":[{"@type":"ReadAction","target":["https:\/\/www.ladiagonale.net\/index.php\/2025\/03\/04\/larbitre-du-match-du-centenaire-pour-toulouse-frappart-a-la-var\/"]}]},{"@type":"BreadcrumbList","@id":"https:\/\/www.ladiagonale.net\/index.php\/2025\/03\/04\/larbitre-du-match-du-centenaire-pour-toulouse-frappart-a-la-var\/#breadcrumb","itemListElement":[{"@type":"ListItem","position":1,"name":"Accueil","item":"https:\/\/www.ladiagonale.net\/"},{"@type":"ListItem","position":2,"name":"L\u2019arbitre du match du centenaire pour Toulouse, Frappart \u00e0 la VAR"}]},{"@type":"WebSite","@id":"https:\/\/www.ladiagonale.net\/#website","url":"https:\/\/www.ladiagonale.net\/","name":"La Diagonale","description":"Le site des supporters de l&#039;AS Monaco FC","potentialAction":[{"@type":"SearchAction","target":{"@type":"EntryPoint","urlTemplate":"https:\/\/www.ladiagonale.net\/?s={search_term_string}"},"query-input":"required name=search_term_string"}],"inLanguage":"fr-FR"},{"@type":"Person","@id":"https:\/\/www.ladiagonale.net\/#\/schema\/person\/79ff1e7b0853ed01b2aa26e64ad300bf","name":"Damien Dellerba","image":{"@type":"ImageObject","inLanguage":"fr-FR","@id":"https:\/\/www.ladiagonale.net\/#\/schema\/person\/image\/","url":"https:\/\/secure.gravatar.com\/avatar\/c7850e06d3ff63cdbaee88b7fc16e2f0?s=96&d=mm&r=g","contentUrl":"https:\/\/secure.gravatar.com\/avatar\/c7850e06d3ff63cdbaee88b7fc16e2f0?s=96&d=mm&r=g","caption":"Damien Dellerba"},"url":"https:\/\/www.ladiagonale.net\/index.php\/author\/damien\/"}]}},"_links":{"self":[{"href":"https:\/\/www.ladiagonale.net\/index.php\/wp-json\/wp\/v2\/posts\/30183"}],"collection":[{"href":"https:\/\/www.ladiagonale.net\/index.php\/wp-json\/wp\/v2\/posts"}],"about":[{"href":"https:\/\/www.ladiagonale.net\/index.php\/wp-json\/wp\/v2\/types\/post"}],"author":[{"embeddable":true,"href":"https:\/\/www.ladiagonale.net\/index.php\/wp-json\/wp\/v2\/users\/2"}],"replies":[{"embeddable":true,"href":"https:\/\/www.ladiagonale.net\/index.php\/wp-json\/wp\/v2\/comments?post=30183"}],"version-history":[{"count":1,"href":"https:\/\/www.ladiagonale.net\/index.php\/wp-json\/wp\/v2\/posts\/30183\/revisions"}],"predecessor-version":[{"id":30186,"href":"https:\/\/www.ladiagonale.net\/index.php\/wp-json\/wp\/v2\/posts\/30183\/revisions\/30186"}],"wp:attachment":[{"href":"https:\/\/www.ladiagonale.net\/index.php\/wp-json\/wp\/v2\/media?parent=30183"}],"wp:term":[{"taxonomy":"category","embeddable":true,"href":"https:\/\/www.ladiagonale.net\/index.php\/wp-json\/wp\/v2\/categories?post=30183"},{"taxonomy":"post_tag","embeddable":true,"href":"https:\/\/www.ladiagonale.net\/index.php\/wp-json\/wp\/v2\/tags?post=30183"}],"curies":[{"name":"wp","href":"https:\/\/api.w.org\/{rel}","templated":true}]}}