{"id":30308,"date":"2025-03-09T13:08:29","date_gmt":"2025-03-09T12:08:29","guid":{"rendered":"https:\/\/www.ladiagonale.net\/?p=30308"},"modified":"2025-03-10T09:15:12","modified_gmt":"2025-03-10T08:15:12","slug":"monaco-etrille-le-gazelec-ajaccio","status":"publish","type":"post","link":"https:\/\/www.ladiagonale.net\/index.php\/2025\/03\/09\/monaco-etrille-le-gazelec-ajaccio\/","title":{"rendered":"Les U19 \u00e9trillent le Gaz\u00e9lec Ajaccio"},"content":{"rendered":"\n<p>Les U19 de l\u2019AS Monaco affichent une belle forme en championnat depuis le d\u00e9but de l\u2019ann\u00e9e. Samedi, face au Gaz\u00e9lec Ajaccio, ils ont remport\u00e9 un brillant succ\u00e8s (7-0), leur quatri\u00e8me en cinq rencontres. Amal Boura (4<sup>e<\/sup>, 71<sup>e<\/sup>), Malick Sylla (37<sup>e<\/sup>, 40<sup>e<\/sup>) et Ilane Tour\u00e9 (54<sup>e<\/sup>, 84<sup>e<\/sup>) ont tous les trois inscrit un doubl\u00e9 lors de cette partie. Lorenzo Carvalho a lui aussi inscrit un but (16<sup>e<\/sup>), en plus d&rsquo;avoir obtenu l\u2019exclusion du gardien adverse (50<sup>e<\/sup>).<\/p>\n\n\n\n<p>Les joueurs de Fr\u00e9d\u00e9ric Barilaro sont d\u00e9sormais totalement relanc\u00e9s et ce probant succ\u00e8s leur permet de respirer un grand coup et de sortir provisoirement de la zone rouge en d\u00e9passant trois \u00e9quipes. Les Rouge et Blanc occupent la huiti\u00e8me place avec 23 points. Air Bel, premier rel\u00e9gable, n\u2019est qu\u2019\u00e0 deux points et doit encore jouer ce dimanche. Samedi prochain, les As\u00e9mistes s\u2019attaqueront \u00e0 l\u2019autre \u00e9quipe ajaccienne, l\u2019ACA.<\/p>\n\n\n","protected":false},"excerpt":{"rendered":"<p>Les U19 de l\u2019AS Monaco affichent une belle forme en championnat depuis le d\u00e9but de l\u2019ann\u00e9e. Samedi, face au Gaz\u00e9lec Ajaccio, ils ont remport\u00e9 un brillant succ\u00e8s (7-0), leur quatri\u00e8me en cinq rencontres. Amal Boura (4e, 71e), Malick Sylla (37e, 40e) et Ilane Tour\u00e9 (54e, 84e) ont tous les trois inscrit un doubl\u00e9 lors de [&#8230;]\n","protected":false},"author":2,"featured_media":0,"comment_status":"open","ping_status":"open","sticky":false,"template":"","format":"standard","meta":[],"categories":[6],"tags":[76,86,112],"yoast_head":"<!-- This site is optimized with the Yoast SEO plugin v19.8 - https:\/\/yoast.com\/wordpress\/plugins\/seo\/ -->\n<title>Les U19 \u00e9trillent le Gaz\u00e9lec Ajaccio - La Diagonale<\/title>\n<meta name=\"robots\" content=\"index, follow, max-snippet:-1, max-image-preview:large, max-video-preview:-1\" \/>\n<link rel=\"canonical\" href=\"https:\/\/www.ladiagonale.net\/index.php\/2025\/03\/09\/monaco-etrille-le-gazelec-ajaccio\/\" \/>\n<meta property=\"og:locale\" content=\"fr_FR\" \/>\n<meta property=\"og:type\" content=\"article\" \/>\n<meta property=\"og:title\" content=\"Les U19 \u00e9trillent le Gaz\u00e9lec Ajaccio - La Diagonale\" \/>\n<meta property=\"og:description\" content=\"Les U19 de l\u2019AS Monaco affichent une belle forme en championnat depuis le d\u00e9but de l\u2019ann\u00e9e. Samedi, face au Gaz\u00e9lec Ajaccio, ils ont remport\u00e9 un brillant succ\u00e8s (7-0), leur quatri\u00e8me en cinq rencontres. Amal Boura (4e, 71e), Malick Sylla (37e, 40e) et Ilane Tour\u00e9 (54e, 84e) ont tous les trois inscrit un doubl\u00e9 lors de [...]\" \/>\n<meta property=\"og:url\" content=\"https:\/\/www.ladiagonale.net\/index.php\/2025\/03\/09\/monaco-etrille-le-gazelec-ajaccio\/\" \/>\n<meta property=\"og:site_name\" content=\"La Diagonale\" \/>\n<meta property=\"article:published_time\" content=\"2025-03-09T12:08:29+00:00\" \/>\n<meta property=\"article:modified_time\" content=\"2025-03-10T08:15:12+00:00\" \/>\n<meta property=\"og:image\" content=\"https:\/\/www.ladiagonale.net\/wp-content\/uploads\/2025\/03\/Boura2.png\" \/>\n\t<meta property=\"og:image:width\" content=\"1160\" \/>\n\t<meta property=\"og:image:height\" content=\"650\" \/>\n\t<meta property=\"og:image:type\" content=\"image\/png\" \/>\n<meta name=\"author\" content=\"Damien Dellerba\" \/>\n<meta name=\"twitter:card\" content=\"summary_large_image\" \/>\n<meta name=\"twitter:image\" content=\"https:\/\/www.ladiagonale.net\/wp-content\/uploads\/2025\/03\/Boura2.png\" \/>\n<meta name=\"twitter:label1\" content=\"\u00c9crit par\" \/>\n\t<meta name=\"twitter:data1\" content=\"Damien Dellerba\" \/>\n\t<meta name=\"twitter:label2\" content=\"Dur\u00e9e de lecture estim\u00e9e\" \/>\n\t<meta name=\"twitter:data2\" content=\"1 minute\" \/>\n<script type=\"application\/ld+json\" class=\"yoast-schema-graph\">{\"@context\":\"https:\/\/schema.org\",\"@graph\":[{\"@type\":\"WebPage\",\"@id\":\"https:\/\/www.ladiagonale.net\/index.php\/2025\/03\/09\/monaco-etrille-le-gazelec-ajaccio\/\",\"url\":\"https:\/\/www.ladiagonale.net\/index.php\/2025\/03\/09\/monaco-etrille-le-gazelec-ajaccio\/\",\"name\":\"Les U19 \u00e9trillent le Gaz\u00e9lec Ajaccio - La Diagonale\",\"isPartOf\":{\"@id\":\"https:\/\/www.ladiagonale.net\/#website\"},\"datePublished\":\"2025-03-09T12:08:29+00:00\",\"dateModified\":\"2025-03-10T08:15:12+00:00\",\"author\":{\"@id\":\"https:\/\/www.ladiagonale.net\/#\/schema\/person\/79ff1e7b0853ed01b2aa26e64ad300bf\"},\"breadcrumb\":{\"@id\":\"https:\/\/www.ladiagonale.net\/index.php\/2025\/03\/09\/monaco-etrille-le-gazelec-ajaccio\/#breadcrumb\"},\"inLanguage\":\"fr-FR\",\"potentialAction\":[{\"@type\":\"ReadAction\",\"target\":[\"https:\/\/www.ladiagonale.net\/index.php\/2025\/03\/09\/monaco-etrille-le-gazelec-ajaccio\/\"]}]},{\"@type\":\"BreadcrumbList\",\"@id\":\"https:\/\/www.ladiagonale.net\/index.php\/2025\/03\/09\/monaco-etrille-le-gazelec-ajaccio\/#breadcrumb\",\"itemListElement\":[{\"@type\":\"ListItem\",\"position\":1,\"name\":\"Accueil\",\"item\":\"https:\/\/www.ladiagonale.net\/\"},{\"@type\":\"ListItem\",\"position\":2,\"name\":\"Les U19 \u00e9trillent le Gaz\u00e9lec Ajaccio\"}]},{\"@type\":\"WebSite\",\"@id\":\"https:\/\/www.ladiagonale.net\/#website\",\"url\":\"https:\/\/www.ladiagonale.net\/\",\"name\":\"La Diagonale\",\"description\":\"Le site des supporters de l&#039;AS Monaco FC\",\"potentialAction\":[{\"@type\":\"SearchAction\",\"target\":{\"@type\":\"EntryPoint\",\"urlTemplate\":\"https:\/\/www.ladiagonale.net\/?s={search_term_string}\"},\"query-input\":\"required name=search_term_string\"}],\"inLanguage\":\"fr-FR\"},{\"@type\":\"Person\",\"@id\":\"https:\/\/www.ladiagonale.net\/#\/schema\/person\/79ff1e7b0853ed01b2aa26e64ad300bf\",\"name\":\"Damien Dellerba\",\"image\":{\"@type\":\"ImageObject\",\"inLanguage\":\"fr-FR\",\"@id\":\"https:\/\/www.ladiagonale.net\/#\/schema\/person\/image\/\",\"url\":\"https:\/\/secure.gravatar.com\/avatar\/c7850e06d3ff63cdbaee88b7fc16e2f0?s=96&d=mm&r=g\",\"contentUrl\":\"https:\/\/secure.gravatar.com\/avatar\/c7850e06d3ff63cdbaee88b7fc16e2f0?s=96&d=mm&r=g\",\"caption\":\"Damien Dellerba\"},\"url\":\"https:\/\/www.ladiagonale.net\/index.php\/author\/damien\/\"}]}<\/script>\n<!-- \/ Yoast SEO plugin. -->","yoast_head_json":{"title":"Les U19 \u00e9trillent le Gaz\u00e9lec Ajaccio - La Diagonale","robots":{"index":"index","follow":"follow","max-snippet":"max-snippet:-1","max-image-preview":"max-image-preview:large","max-video-preview":"max-video-preview:-1"},"canonical":"https:\/\/www.ladiagonale.net\/index.php\/2025\/03\/09\/monaco-etrille-le-gazelec-ajaccio\/","og_locale":"fr_FR","og_type":"article","og_title":"Les U19 \u00e9trillent le Gaz\u00e9lec Ajaccio - La Diagonale","og_description":"Les U19 de l\u2019AS Monaco affichent une belle forme en championnat depuis le d\u00e9but de l\u2019ann\u00e9e. Samedi, face au Gaz\u00e9lec Ajaccio, ils ont remport\u00e9 un brillant succ\u00e8s (7-0), leur quatri\u00e8me en cinq rencontres. Amal Boura (4e, 71e), Malick Sylla (37e, 40e) et Ilane Tour\u00e9 (54e, 84e) ont tous les trois inscrit un doubl\u00e9 lors de [...]","og_url":"https:\/\/www.ladiagonale.net\/index.php\/2025\/03\/09\/monaco-etrille-le-gazelec-ajaccio\/","og_site_name":"La Diagonale","article_published_time":"2025-03-09T12:08:29+00:00","article_modified_time":"2025-03-10T08:15:12+00:00","og_image":[{"width":1160,"height":650,"url":"https:\/\/www.ladiagonale.net\/wp-content\/uploads\/2025\/03\/Boura2.png","type":"image\/png"}],"author":"Damien Dellerba","twitter_card":"summary_large_image","twitter_image":"https:\/\/www.ladiagonale.net\/wp-content\/uploads\/2025\/03\/Boura2.png","twitter_misc":{"\u00c9crit par":"Damien Dellerba","Dur\u00e9e de lecture estim\u00e9e":"1 minute"},"schema":{"@context":"https:\/\/schema.org","@graph":[{"@type":"WebPage","@id":"https:\/\/www.ladiagonale.net\/index.php\/2025\/03\/09\/monaco-etrille-le-gazelec-ajaccio\/","url":"https:\/\/www.ladiagonale.net\/index.php\/2025\/03\/09\/monaco-etrille-le-gazelec-ajaccio\/","name":"Les U19 \u00e9trillent le Gaz\u00e9lec Ajaccio - La Diagonale","isPartOf":{"@id":"https:\/\/www.ladiagonale.net\/#website"},"datePublished":"2025-03-09T12:08:29+00:00","dateModified":"2025-03-10T08:15:12+00:00","author":{"@id":"https:\/\/www.ladiagonale.net\/#\/schema\/person\/79ff1e7b0853ed01b2aa26e64ad300bf"},"breadcrumb":{"@id":"https:\/\/www.ladiagonale.net\/index.php\/2025\/03\/09\/monaco-etrille-le-gazelec-ajaccio\/#breadcrumb"},"inLanguage":"fr-FR","potentialAction":[{"@type":"ReadAction","target":["https:\/\/www.ladiagonale.net\/index.php\/2025\/03\/09\/monaco-etrille-le-gazelec-ajaccio\/"]}]},{"@type":"BreadcrumbList","@id":"https:\/\/www.ladiagonale.net\/index.php\/2025\/03\/09\/monaco-etrille-le-gazelec-ajaccio\/#breadcrumb","itemListElement":[{"@type":"ListItem","position":1,"name":"Accueil","item":"https:\/\/www.ladiagonale.net\/"},{"@type":"ListItem","position":2,"name":"Les U19 \u00e9trillent le Gaz\u00e9lec Ajaccio"}]},{"@type":"WebSite","@id":"https:\/\/www.ladiagonale.net\/#website","url":"https:\/\/www.ladiagonale.net\/","name":"La Diagonale","description":"Le site des supporters de l&#039;AS Monaco FC","potentialAction":[{"@type":"SearchAction","target":{"@type":"EntryPoint","urlTemplate":"https:\/\/www.ladiagonale.net\/?s={search_term_string}"},"query-input":"required name=search_term_string"}],"inLanguage":"fr-FR"},{"@type":"Person","@id":"https:\/\/www.ladiagonale.net\/#\/schema\/person\/79ff1e7b0853ed01b2aa26e64ad300bf","name":"Damien Dellerba","image":{"@type":"ImageObject","inLanguage":"fr-FR","@id":"https:\/\/www.ladiagonale.net\/#\/schema\/person\/image\/","url":"https:\/\/secure.gravatar.com\/avatar\/c7850e06d3ff63cdbaee88b7fc16e2f0?s=96&d=mm&r=g","contentUrl":"https:\/\/secure.gravatar.com\/avatar\/c7850e06d3ff63cdbaee88b7fc16e2f0?s=96&d=mm&r=g","caption":"Damien Dellerba"},"url":"https:\/\/www.ladiagonale.net\/index.php\/author\/damien\/"}]}},"_links":{"self":[{"href":"https:\/\/www.ladiagonale.net\/index.php\/wp-json\/wp\/v2\/posts\/30308"}],"collection":[{"href":"https:\/\/www.ladiagonale.net\/index.php\/wp-json\/wp\/v2\/posts"}],"about":[{"href":"https:\/\/www.ladiagonale.net\/index.php\/wp-json\/wp\/v2\/types\/post"}],"author":[{"embeddable":true,"href":"https:\/\/www.ladiagonale.net\/index.php\/wp-json\/wp\/v2\/users\/2"}],"replies":[{"embeddable":true,"href":"https:\/\/www.ladiagonale.net\/index.php\/wp-json\/wp\/v2\/comments?post=30308"}],"version-history":[{"count":2,"href":"https:\/\/www.ladiagonale.net\/index.php\/wp-json\/wp\/v2\/posts\/30308\/revisions"}],"predecessor-version":[{"id":30315,"href":"https:\/\/www.ladiagonale.net\/index.php\/wp-json\/wp\/v2\/posts\/30308\/revisions\/30315"}],"wp:attachment":[{"href":"https:\/\/www.ladiagonale.net\/index.php\/wp-json\/wp\/v2\/media?parent=30308"}],"wp:term":[{"taxonomy":"category","embeddable":true,"href":"https:\/\/www.ladiagonale.net\/index.php\/wp-json\/wp\/v2\/categories?post=30308"},{"taxonomy":"post_tag","embeddable":true,"href":"https:\/\/www.ladiagonale.net\/index.php\/wp-json\/wp\/v2\/tags?post=30308"}],"curies":[{"name":"wp","href":"https:\/\/api.w.org\/{rel}","templated":true}]}}