{"id":30313,"date":"2025-03-10T02:25:51","date_gmt":"2025-03-10T01:25:51","guid":{"rendered":"https:\/\/www.ladiagonale.net\/?p=30313"},"modified":"2025-03-10T02:25:52","modified_gmt":"2025-03-10T01:25:52","slug":"les-u17-contenus-a-marseille","status":"publish","type":"post","link":"https:\/\/www.ladiagonale.net\/index.php\/2025\/03\/10\/les-u17-contenus-a-marseille\/","title":{"rendered":"Les U17 contenus \u00e0 Marseille"},"content":{"rendered":"\n\n\n<p>Dans des conditions difficiles, les U17 de l\u2019AS Monaco ont sign\u00e9 un nul peu reluisant contre l\u2019ASPTT Marseille (0-0), dimanche, \u00e0 l\u2019occasion de la 20<sup>e<\/sup> journ\u00e9e de championnat. Deuxi\u00e8mes de la poule D, les hommes de Manu Dos Santos ont perdu deux points sur la pelouse d\u2019un adversaire mal class\u00e9 (12<sup>e<\/sup>). Une contre-performance qui leur vaut de perdre une place au classement et de se retrouver en troisi\u00e8me position, \u00e0 \u00e9galit\u00e9 de points (33) avec l\u2019Olympique Lyonnais.<\/p>\n\n\n\n<p>Malgr\u00e9 un r\u00e9sultat d\u00e9cevant, l\u2019entra\u00eeneur as\u00e9miste a souhait\u00e9 retenir le positif de cette rencontre : \u00ab\u00a0<em>Je suis satisfait de l&rsquo;\u00e9tat d&rsquo;esprit et de l&rsquo;investissement affich\u00e9 par les joueurs sur ce match. Ils ont r\u00e9pondu \u00e0 ce que demandait ce genre de rencontre m\u00eame s&rsquo;il n&rsquo;est jamais simple de mettre de la qualit\u00e9 dans de telles conditions. Nous avons \u00e9t\u00e9 tr\u00e8s solides d\u00e9fensivement, malheureusement nous avons manqu\u00e9 de justesse dans la derni\u00e8re passe pour esp\u00e9rer mieux.\u00a0<\/em>\u00bb<\/p>\n\n\n\n<p>Pour la prochaine rencontre, les Mon\u00e9gasques s\u2019attaqueront \u00e0 un gros morceau, puisqu\u2019ils recevront le leader Saint-\u00c9tienne, qui domine le groupe avec 12 points d\u2019avance. La rencontre se jouera dimanche (11 heures).<\/p>\n\n\n\n<p class=\"has-text-align-right has-small-font-size\">Source : <em>AS Monaco<\/em><\/p>\n","protected":false},"excerpt":{"rendered":"<p>Dans des conditions difficiles, les U17 de l\u2019AS Monaco ont sign\u00e9 un nul peu reluisant contre l\u2019ASPTT Marseille (0-0), dimanche, \u00e0 l\u2019occasion de la 20e journ\u00e9e de championnat. Deuxi\u00e8mes de la poule D, les hommes de Manu Dos Santos ont perdu deux points sur la pelouse d\u2019un adversaire mal class\u00e9 (12e). Une contre-performance qui leur [&#8230;]\n","protected":false},"author":2,"featured_media":0,"comment_status":"open","ping_status":"open","sticky":false,"template":"","format":"standard","meta":[],"categories":[6],"tags":[76,86,130],"yoast_head":"<!-- This site is optimized with the Yoast SEO plugin v19.8 - https:\/\/yoast.com\/wordpress\/plugins\/seo\/ -->\n<title>Les U17 contenus \u00e0 Marseille - La Diagonale<\/title>\n<meta name=\"robots\" content=\"index, follow, max-snippet:-1, max-image-preview:large, max-video-preview:-1\" \/>\n<link rel=\"canonical\" href=\"https:\/\/www.ladiagonale.net\/index.php\/2025\/03\/10\/les-u17-contenus-a-marseille\/\" \/>\n<meta property=\"og:locale\" content=\"fr_FR\" \/>\n<meta property=\"og:type\" content=\"article\" \/>\n<meta property=\"og:title\" content=\"Les U17 contenus \u00e0 Marseille - La Diagonale\" \/>\n<meta property=\"og:description\" content=\"Dans des conditions difficiles, les U17 de l\u2019AS Monaco ont sign\u00e9 un nul peu reluisant contre l\u2019ASPTT Marseille (0-0), dimanche, \u00e0 l\u2019occasion de la 20e journ\u00e9e de championnat. Deuxi\u00e8mes de la poule D, les hommes de Manu Dos Santos ont perdu deux points sur la pelouse d\u2019un adversaire mal class\u00e9 (12e). Une contre-performance qui leur [...]\" \/>\n<meta property=\"og:url\" content=\"https:\/\/www.ladiagonale.net\/index.php\/2025\/03\/10\/les-u17-contenus-a-marseille\/\" \/>\n<meta property=\"og:site_name\" content=\"La Diagonale\" \/>\n<meta property=\"article:published_time\" content=\"2025-03-10T01:25:51+00:00\" \/>\n<meta property=\"article:modified_time\" content=\"2025-03-10T01:25:52+00:00\" \/>\n<meta property=\"og:image\" content=\"https:\/\/www.ladiagonale.net\/wp-content\/uploads\/2025\/02\/bolmin.png\" \/>\n\t<meta property=\"og:image:width\" content=\"1160\" \/>\n\t<meta property=\"og:image:height\" content=\"650\" \/>\n\t<meta property=\"og:image:type\" content=\"image\/png\" \/>\n<meta name=\"author\" content=\"Damien Dellerba\" \/>\n<meta name=\"twitter:card\" content=\"summary_large_image\" \/>\n<meta name=\"twitter:image\" content=\"https:\/\/www.ladiagonale.net\/wp-content\/uploads\/2025\/02\/bolmin.png\" \/>\n<meta name=\"twitter:label1\" content=\"\u00c9crit par\" \/>\n\t<meta name=\"twitter:data1\" content=\"Damien Dellerba\" \/>\n\t<meta name=\"twitter:label2\" content=\"Dur\u00e9e de lecture estim\u00e9e\" \/>\n\t<meta name=\"twitter:data2\" content=\"1 minute\" \/>\n<script type=\"application\/ld+json\" class=\"yoast-schema-graph\">{\"@context\":\"https:\/\/schema.org\",\"@graph\":[{\"@type\":\"WebPage\",\"@id\":\"https:\/\/www.ladiagonale.net\/index.php\/2025\/03\/10\/les-u17-contenus-a-marseille\/\",\"url\":\"https:\/\/www.ladiagonale.net\/index.php\/2025\/03\/10\/les-u17-contenus-a-marseille\/\",\"name\":\"Les U17 contenus \u00e0 Marseille - La Diagonale\",\"isPartOf\":{\"@id\":\"https:\/\/www.ladiagonale.net\/#website\"},\"datePublished\":\"2025-03-10T01:25:51+00:00\",\"dateModified\":\"2025-03-10T01:25:52+00:00\",\"author\":{\"@id\":\"https:\/\/www.ladiagonale.net\/#\/schema\/person\/79ff1e7b0853ed01b2aa26e64ad300bf\"},\"breadcrumb\":{\"@id\":\"https:\/\/www.ladiagonale.net\/index.php\/2025\/03\/10\/les-u17-contenus-a-marseille\/#breadcrumb\"},\"inLanguage\":\"fr-FR\",\"potentialAction\":[{\"@type\":\"ReadAction\",\"target\":[\"https:\/\/www.ladiagonale.net\/index.php\/2025\/03\/10\/les-u17-contenus-a-marseille\/\"]}]},{\"@type\":\"BreadcrumbList\",\"@id\":\"https:\/\/www.ladiagonale.net\/index.php\/2025\/03\/10\/les-u17-contenus-a-marseille\/#breadcrumb\",\"itemListElement\":[{\"@type\":\"ListItem\",\"position\":1,\"name\":\"Accueil\",\"item\":\"https:\/\/www.ladiagonale.net\/\"},{\"@type\":\"ListItem\",\"position\":2,\"name\":\"Les U17 contenus \u00e0 Marseille\"}]},{\"@type\":\"WebSite\",\"@id\":\"https:\/\/www.ladiagonale.net\/#website\",\"url\":\"https:\/\/www.ladiagonale.net\/\",\"name\":\"La Diagonale\",\"description\":\"Le site des supporters de l&#039;AS Monaco FC\",\"potentialAction\":[{\"@type\":\"SearchAction\",\"target\":{\"@type\":\"EntryPoint\",\"urlTemplate\":\"https:\/\/www.ladiagonale.net\/?s={search_term_string}\"},\"query-input\":\"required name=search_term_string\"}],\"inLanguage\":\"fr-FR\"},{\"@type\":\"Person\",\"@id\":\"https:\/\/www.ladiagonale.net\/#\/schema\/person\/79ff1e7b0853ed01b2aa26e64ad300bf\",\"name\":\"Damien Dellerba\",\"image\":{\"@type\":\"ImageObject\",\"inLanguage\":\"fr-FR\",\"@id\":\"https:\/\/www.ladiagonale.net\/#\/schema\/person\/image\/\",\"url\":\"https:\/\/secure.gravatar.com\/avatar\/c7850e06d3ff63cdbaee88b7fc16e2f0?s=96&d=mm&r=g\",\"contentUrl\":\"https:\/\/secure.gravatar.com\/avatar\/c7850e06d3ff63cdbaee88b7fc16e2f0?s=96&d=mm&r=g\",\"caption\":\"Damien Dellerba\"},\"url\":\"https:\/\/www.ladiagonale.net\/index.php\/author\/damien\/\"}]}<\/script>\n<!-- \/ Yoast SEO plugin. -->","yoast_head_json":{"title":"Les U17 contenus \u00e0 Marseille - La Diagonale","robots":{"index":"index","follow":"follow","max-snippet":"max-snippet:-1","max-image-preview":"max-image-preview:large","max-video-preview":"max-video-preview:-1"},"canonical":"https:\/\/www.ladiagonale.net\/index.php\/2025\/03\/10\/les-u17-contenus-a-marseille\/","og_locale":"fr_FR","og_type":"article","og_title":"Les U17 contenus \u00e0 Marseille - La Diagonale","og_description":"Dans des conditions difficiles, les U17 de l\u2019AS Monaco ont sign\u00e9 un nul peu reluisant contre l\u2019ASPTT Marseille (0-0), dimanche, \u00e0 l\u2019occasion de la 20e journ\u00e9e de championnat. Deuxi\u00e8mes de la poule D, les hommes de Manu Dos Santos ont perdu deux points sur la pelouse d\u2019un adversaire mal class\u00e9 (12e). Une contre-performance qui leur [...]","og_url":"https:\/\/www.ladiagonale.net\/index.php\/2025\/03\/10\/les-u17-contenus-a-marseille\/","og_site_name":"La Diagonale","article_published_time":"2025-03-10T01:25:51+00:00","article_modified_time":"2025-03-10T01:25:52+00:00","og_image":[{"width":1160,"height":650,"url":"https:\/\/www.ladiagonale.net\/wp-content\/uploads\/2025\/02\/bolmin.png","type":"image\/png"}],"author":"Damien Dellerba","twitter_card":"summary_large_image","twitter_image":"https:\/\/www.ladiagonale.net\/wp-content\/uploads\/2025\/02\/bolmin.png","twitter_misc":{"\u00c9crit par":"Damien Dellerba","Dur\u00e9e de lecture estim\u00e9e":"1 minute"},"schema":{"@context":"https:\/\/schema.org","@graph":[{"@type":"WebPage","@id":"https:\/\/www.ladiagonale.net\/index.php\/2025\/03\/10\/les-u17-contenus-a-marseille\/","url":"https:\/\/www.ladiagonale.net\/index.php\/2025\/03\/10\/les-u17-contenus-a-marseille\/","name":"Les U17 contenus \u00e0 Marseille - La Diagonale","isPartOf":{"@id":"https:\/\/www.ladiagonale.net\/#website"},"datePublished":"2025-03-10T01:25:51+00:00","dateModified":"2025-03-10T01:25:52+00:00","author":{"@id":"https:\/\/www.ladiagonale.net\/#\/schema\/person\/79ff1e7b0853ed01b2aa26e64ad300bf"},"breadcrumb":{"@id":"https:\/\/www.ladiagonale.net\/index.php\/2025\/03\/10\/les-u17-contenus-a-marseille\/#breadcrumb"},"inLanguage":"fr-FR","potentialAction":[{"@type":"ReadAction","target":["https:\/\/www.ladiagonale.net\/index.php\/2025\/03\/10\/les-u17-contenus-a-marseille\/"]}]},{"@type":"BreadcrumbList","@id":"https:\/\/www.ladiagonale.net\/index.php\/2025\/03\/10\/les-u17-contenus-a-marseille\/#breadcrumb","itemListElement":[{"@type":"ListItem","position":1,"name":"Accueil","item":"https:\/\/www.ladiagonale.net\/"},{"@type":"ListItem","position":2,"name":"Les U17 contenus \u00e0 Marseille"}]},{"@type":"WebSite","@id":"https:\/\/www.ladiagonale.net\/#website","url":"https:\/\/www.ladiagonale.net\/","name":"La Diagonale","description":"Le site des supporters de l&#039;AS Monaco FC","potentialAction":[{"@type":"SearchAction","target":{"@type":"EntryPoint","urlTemplate":"https:\/\/www.ladiagonale.net\/?s={search_term_string}"},"query-input":"required name=search_term_string"}],"inLanguage":"fr-FR"},{"@type":"Person","@id":"https:\/\/www.ladiagonale.net\/#\/schema\/person\/79ff1e7b0853ed01b2aa26e64ad300bf","name":"Damien Dellerba","image":{"@type":"ImageObject","inLanguage":"fr-FR","@id":"https:\/\/www.ladiagonale.net\/#\/schema\/person\/image\/","url":"https:\/\/secure.gravatar.com\/avatar\/c7850e06d3ff63cdbaee88b7fc16e2f0?s=96&d=mm&r=g","contentUrl":"https:\/\/secure.gravatar.com\/avatar\/c7850e06d3ff63cdbaee88b7fc16e2f0?s=96&d=mm&r=g","caption":"Damien Dellerba"},"url":"https:\/\/www.ladiagonale.net\/index.php\/author\/damien\/"}]}},"_links":{"self":[{"href":"https:\/\/www.ladiagonale.net\/index.php\/wp-json\/wp\/v2\/posts\/30313"}],"collection":[{"href":"https:\/\/www.ladiagonale.net\/index.php\/wp-json\/wp\/v2\/posts"}],"about":[{"href":"https:\/\/www.ladiagonale.net\/index.php\/wp-json\/wp\/v2\/types\/post"}],"author":[{"embeddable":true,"href":"https:\/\/www.ladiagonale.net\/index.php\/wp-json\/wp\/v2\/users\/2"}],"replies":[{"embeddable":true,"href":"https:\/\/www.ladiagonale.net\/index.php\/wp-json\/wp\/v2\/comments?post=30313"}],"version-history":[{"count":1,"href":"https:\/\/www.ladiagonale.net\/index.php\/wp-json\/wp\/v2\/posts\/30313\/revisions"}],"predecessor-version":[{"id":30314,"href":"https:\/\/www.ladiagonale.net\/index.php\/wp-json\/wp\/v2\/posts\/30313\/revisions\/30314"}],"wp:attachment":[{"href":"https:\/\/www.ladiagonale.net\/index.php\/wp-json\/wp\/v2\/media?parent=30313"}],"wp:term":[{"taxonomy":"category","embeddable":true,"href":"https:\/\/www.ladiagonale.net\/index.php\/wp-json\/wp\/v2\/categories?post=30313"},{"taxonomy":"post_tag","embeddable":true,"href":"https:\/\/www.ladiagonale.net\/index.php\/wp-json\/wp\/v2\/tags?post=30313"}],"curies":[{"name":"wp","href":"https:\/\/api.w.org\/{rel}","templated":true}]}}