{"id":30316,"date":"2025-03-10T21:17:51","date_gmt":"2025-03-10T20:17:51","guid":{"rendered":"https:\/\/www.ladiagonale.net\/?p=30316"},"modified":"2025-03-10T21:17:52","modified_gmt":"2025-03-10T20:17:52","slug":"ilenikhena-buteur-avec-le-groupe-elite","status":"publish","type":"post","link":"https:\/\/www.ladiagonale.net\/index.php\/2025\/03\/10\/ilenikhena-buteur-avec-le-groupe-elite\/","title":{"rendered":"Ilenikhena buteur avec le Groupe \u00c9lite"},"content":{"rendered":"\n<p>Avec d\u00e9sormais un seul match par semaine, tous les joueurs de l\u2019AS Monaco ne vont pas pouvoir b\u00e9n\u00e9ficier d\u2019un temps de jeu r\u00e9gulier. Ce lundi, plusieurs \u00e9l\u00e9ments du groupe d\u2019Adi H\u00fctter sont venus garnir les rangs du Groupe \u00c9lite pour affronter Brentford en match amical, histoire de garder le rythme. C\u2019est notamment le cas de George Ilenikhena, buteur et passeur lors de cette rencontre, de Lucas Michal, qui a \u00e9galement fait trembler les filets, mais aussi de Kassoum Ouattara, passeur. Les Mon\u00e9gasques se sont impos\u00e9s (2-1) et les trois premiers se sont donc montr\u00e9s d\u00e9cisifs lors de la premi\u00e8re p\u00e9riode.<\/p>\n\n\n\n<p>Edan Diop, Mamadou Coulibaly et Yann Lienard \u00e9taient aussi titulaires au coup d\u2019envoi et ce dernier a \u00e9t\u00e9 particuli\u00e8rement sollicit\u00e9 au cours du second acte, mais il a aussi b\u00e9n\u00e9fici\u00e9 de l\u2019aide de son poteau gauche, trouv\u00e9 \u00e0 deux reprises par les Anglais, pour conserver l\u2019avantage des hommes de Djimi Traor\u00e9. Pour cette quatri\u00e8me confrontation entre les deux \u00e9quipes, les Mon\u00e9gasques encha\u00eenent un deuxi\u00e8me succ\u00e8s apr\u00e8s celui du mois de d\u00e9cembre 2023 (4-1).<\/p>\n\n\n\n<p>Pour leur prochaine rencontre, le 19 mars, les jeunes pousses as\u00e9mistes affronteront l\u2019AC Ajaccio dans le cadre du Challenge Espoirs. Une victoire leur permettrait d\u2019assurer une place en demi-finales.<\/p>\n\n\n","protected":false},"excerpt":{"rendered":"<p>Avec d\u00e9sormais un seul match par semaine, tous les joueurs de l\u2019AS Monaco ne vont pas pouvoir b\u00e9n\u00e9ficier d\u2019un temps de jeu r\u00e9gulier. Ce lundi, plusieurs \u00e9l\u00e9ments du groupe d\u2019Adi H\u00fctter sont venus garnir les rangs du Groupe \u00c9lite pour affronter Brentford en match amical, histoire de garder le rythme. C\u2019est notamment le cas de [&#8230;]\n","protected":false},"author":2,"featured_media":0,"comment_status":"open","ping_status":"open","sticky":false,"template":"","format":"standard","meta":[],"categories":[6],"tags":[76,86,890,228],"yoast_head":"<!-- This site is optimized with the Yoast SEO plugin v19.8 - https:\/\/yoast.com\/wordpress\/plugins\/seo\/ -->\n<title>Ilenikhena buteur avec le Groupe \u00c9lite - La Diagonale<\/title>\n<meta name=\"robots\" content=\"index, follow, max-snippet:-1, max-image-preview:large, max-video-preview:-1\" \/>\n<link rel=\"canonical\" href=\"https:\/\/www.ladiagonale.net\/index.php\/2025\/03\/10\/ilenikhena-buteur-avec-le-groupe-elite\/\" \/>\n<meta property=\"og:locale\" content=\"fr_FR\" \/>\n<meta property=\"og:type\" content=\"article\" \/>\n<meta property=\"og:title\" content=\"Ilenikhena buteur avec le Groupe \u00c9lite - La Diagonale\" \/>\n<meta property=\"og:description\" content=\"Avec d\u00e9sormais un seul match par semaine, tous les joueurs de l\u2019AS Monaco ne vont pas pouvoir b\u00e9n\u00e9ficier d\u2019un temps de jeu r\u00e9gulier. Ce lundi, plusieurs \u00e9l\u00e9ments du groupe d\u2019Adi H\u00fctter sont venus garnir les rangs du Groupe \u00c9lite pour affronter Brentford en match amical, histoire de garder le rythme. C\u2019est notamment le cas de [...]\" \/>\n<meta property=\"og:url\" content=\"https:\/\/www.ladiagonale.net\/index.php\/2025\/03\/10\/ilenikhena-buteur-avec-le-groupe-elite\/\" \/>\n<meta property=\"og:site_name\" content=\"La Diagonale\" \/>\n<meta property=\"article:published_time\" content=\"2025-03-10T20:17:51+00:00\" \/>\n<meta property=\"article:modified_time\" content=\"2025-03-10T20:17:52+00:00\" \/>\n<meta property=\"og:image\" content=\"https:\/\/www.ladiagonale.net\/wp-content\/uploads\/2024\/09\/ilenikkhena2.png\" \/>\n\t<meta property=\"og:image:width\" content=\"1160\" \/>\n\t<meta property=\"og:image:height\" content=\"650\" \/>\n\t<meta property=\"og:image:type\" content=\"image\/png\" \/>\n<meta name=\"author\" content=\"Damien Dellerba\" \/>\n<meta name=\"twitter:card\" content=\"summary_large_image\" \/>\n<meta name=\"twitter:image\" content=\"https:\/\/www.ladiagonale.net\/wp-content\/uploads\/2024\/09\/ilenikkhena2.png\" \/>\n<meta name=\"twitter:label1\" content=\"\u00c9crit par\" \/>\n\t<meta name=\"twitter:data1\" content=\"Damien Dellerba\" \/>\n\t<meta name=\"twitter:label2\" content=\"Dur\u00e9e de lecture estim\u00e9e\" \/>\n\t<meta name=\"twitter:data2\" content=\"2 minutes\" \/>\n<script type=\"application\/ld+json\" class=\"yoast-schema-graph\">{\"@context\":\"https:\/\/schema.org\",\"@graph\":[{\"@type\":\"WebPage\",\"@id\":\"https:\/\/www.ladiagonale.net\/index.php\/2025\/03\/10\/ilenikhena-buteur-avec-le-groupe-elite\/\",\"url\":\"https:\/\/www.ladiagonale.net\/index.php\/2025\/03\/10\/ilenikhena-buteur-avec-le-groupe-elite\/\",\"name\":\"Ilenikhena buteur avec le Groupe \u00c9lite - La Diagonale\",\"isPartOf\":{\"@id\":\"https:\/\/www.ladiagonale.net\/#website\"},\"datePublished\":\"2025-03-10T20:17:51+00:00\",\"dateModified\":\"2025-03-10T20:17:52+00:00\",\"author\":{\"@id\":\"https:\/\/www.ladiagonale.net\/#\/schema\/person\/79ff1e7b0853ed01b2aa26e64ad300bf\"},\"breadcrumb\":{\"@id\":\"https:\/\/www.ladiagonale.net\/index.php\/2025\/03\/10\/ilenikhena-buteur-avec-le-groupe-elite\/#breadcrumb\"},\"inLanguage\":\"fr-FR\",\"potentialAction\":[{\"@type\":\"ReadAction\",\"target\":[\"https:\/\/www.ladiagonale.net\/index.php\/2025\/03\/10\/ilenikhena-buteur-avec-le-groupe-elite\/\"]}]},{\"@type\":\"BreadcrumbList\",\"@id\":\"https:\/\/www.ladiagonale.net\/index.php\/2025\/03\/10\/ilenikhena-buteur-avec-le-groupe-elite\/#breadcrumb\",\"itemListElement\":[{\"@type\":\"ListItem\",\"position\":1,\"name\":\"Accueil\",\"item\":\"https:\/\/www.ladiagonale.net\/\"},{\"@type\":\"ListItem\",\"position\":2,\"name\":\"Ilenikhena buteur avec le Groupe \u00c9lite\"}]},{\"@type\":\"WebSite\",\"@id\":\"https:\/\/www.ladiagonale.net\/#website\",\"url\":\"https:\/\/www.ladiagonale.net\/\",\"name\":\"La Diagonale\",\"description\":\"Le site des supporters de l&#039;AS Monaco FC\",\"potentialAction\":[{\"@type\":\"SearchAction\",\"target\":{\"@type\":\"EntryPoint\",\"urlTemplate\":\"https:\/\/www.ladiagonale.net\/?s={search_term_string}\"},\"query-input\":\"required name=search_term_string\"}],\"inLanguage\":\"fr-FR\"},{\"@type\":\"Person\",\"@id\":\"https:\/\/www.ladiagonale.net\/#\/schema\/person\/79ff1e7b0853ed01b2aa26e64ad300bf\",\"name\":\"Damien Dellerba\",\"image\":{\"@type\":\"ImageObject\",\"inLanguage\":\"fr-FR\",\"@id\":\"https:\/\/www.ladiagonale.net\/#\/schema\/person\/image\/\",\"url\":\"https:\/\/secure.gravatar.com\/avatar\/c7850e06d3ff63cdbaee88b7fc16e2f0?s=96&d=mm&r=g\",\"contentUrl\":\"https:\/\/secure.gravatar.com\/avatar\/c7850e06d3ff63cdbaee88b7fc16e2f0?s=96&d=mm&r=g\",\"caption\":\"Damien Dellerba\"},\"url\":\"https:\/\/www.ladiagonale.net\/index.php\/author\/damien\/\"}]}<\/script>\n<!-- \/ Yoast SEO plugin. -->","yoast_head_json":{"title":"Ilenikhena buteur avec le Groupe \u00c9lite - La Diagonale","robots":{"index":"index","follow":"follow","max-snippet":"max-snippet:-1","max-image-preview":"max-image-preview:large","max-video-preview":"max-video-preview:-1"},"canonical":"https:\/\/www.ladiagonale.net\/index.php\/2025\/03\/10\/ilenikhena-buteur-avec-le-groupe-elite\/","og_locale":"fr_FR","og_type":"article","og_title":"Ilenikhena buteur avec le Groupe \u00c9lite - La Diagonale","og_description":"Avec d\u00e9sormais un seul match par semaine, tous les joueurs de l\u2019AS Monaco ne vont pas pouvoir b\u00e9n\u00e9ficier d\u2019un temps de jeu r\u00e9gulier. Ce lundi, plusieurs \u00e9l\u00e9ments du groupe d\u2019Adi H\u00fctter sont venus garnir les rangs du Groupe \u00c9lite pour affronter Brentford en match amical, histoire de garder le rythme. C\u2019est notamment le cas de [...]","og_url":"https:\/\/www.ladiagonale.net\/index.php\/2025\/03\/10\/ilenikhena-buteur-avec-le-groupe-elite\/","og_site_name":"La Diagonale","article_published_time":"2025-03-10T20:17:51+00:00","article_modified_time":"2025-03-10T20:17:52+00:00","og_image":[{"width":1160,"height":650,"url":"https:\/\/www.ladiagonale.net\/wp-content\/uploads\/2024\/09\/ilenikkhena2.png","type":"image\/png"}],"author":"Damien Dellerba","twitter_card":"summary_large_image","twitter_image":"https:\/\/www.ladiagonale.net\/wp-content\/uploads\/2024\/09\/ilenikkhena2.png","twitter_misc":{"\u00c9crit par":"Damien Dellerba","Dur\u00e9e de lecture estim\u00e9e":"2 minutes"},"schema":{"@context":"https:\/\/schema.org","@graph":[{"@type":"WebPage","@id":"https:\/\/www.ladiagonale.net\/index.php\/2025\/03\/10\/ilenikhena-buteur-avec-le-groupe-elite\/","url":"https:\/\/www.ladiagonale.net\/index.php\/2025\/03\/10\/ilenikhena-buteur-avec-le-groupe-elite\/","name":"Ilenikhena buteur avec le Groupe \u00c9lite - La Diagonale","isPartOf":{"@id":"https:\/\/www.ladiagonale.net\/#website"},"datePublished":"2025-03-10T20:17:51+00:00","dateModified":"2025-03-10T20:17:52+00:00","author":{"@id":"https:\/\/www.ladiagonale.net\/#\/schema\/person\/79ff1e7b0853ed01b2aa26e64ad300bf"},"breadcrumb":{"@id":"https:\/\/www.ladiagonale.net\/index.php\/2025\/03\/10\/ilenikhena-buteur-avec-le-groupe-elite\/#breadcrumb"},"inLanguage":"fr-FR","potentialAction":[{"@type":"ReadAction","target":["https:\/\/www.ladiagonale.net\/index.php\/2025\/03\/10\/ilenikhena-buteur-avec-le-groupe-elite\/"]}]},{"@type":"BreadcrumbList","@id":"https:\/\/www.ladiagonale.net\/index.php\/2025\/03\/10\/ilenikhena-buteur-avec-le-groupe-elite\/#breadcrumb","itemListElement":[{"@type":"ListItem","position":1,"name":"Accueil","item":"https:\/\/www.ladiagonale.net\/"},{"@type":"ListItem","position":2,"name":"Ilenikhena buteur avec le Groupe \u00c9lite"}]},{"@type":"WebSite","@id":"https:\/\/www.ladiagonale.net\/#website","url":"https:\/\/www.ladiagonale.net\/","name":"La Diagonale","description":"Le site des supporters de l&#039;AS Monaco FC","potentialAction":[{"@type":"SearchAction","target":{"@type":"EntryPoint","urlTemplate":"https:\/\/www.ladiagonale.net\/?s={search_term_string}"},"query-input":"required name=search_term_string"}],"inLanguage":"fr-FR"},{"@type":"Person","@id":"https:\/\/www.ladiagonale.net\/#\/schema\/person\/79ff1e7b0853ed01b2aa26e64ad300bf","name":"Damien Dellerba","image":{"@type":"ImageObject","inLanguage":"fr-FR","@id":"https:\/\/www.ladiagonale.net\/#\/schema\/person\/image\/","url":"https:\/\/secure.gravatar.com\/avatar\/c7850e06d3ff63cdbaee88b7fc16e2f0?s=96&d=mm&r=g","contentUrl":"https:\/\/secure.gravatar.com\/avatar\/c7850e06d3ff63cdbaee88b7fc16e2f0?s=96&d=mm&r=g","caption":"Damien Dellerba"},"url":"https:\/\/www.ladiagonale.net\/index.php\/author\/damien\/"}]}},"_links":{"self":[{"href":"https:\/\/www.ladiagonale.net\/index.php\/wp-json\/wp\/v2\/posts\/30316"}],"collection":[{"href":"https:\/\/www.ladiagonale.net\/index.php\/wp-json\/wp\/v2\/posts"}],"about":[{"href":"https:\/\/www.ladiagonale.net\/index.php\/wp-json\/wp\/v2\/types\/post"}],"author":[{"embeddable":true,"href":"https:\/\/www.ladiagonale.net\/index.php\/wp-json\/wp\/v2\/users\/2"}],"replies":[{"embeddable":true,"href":"https:\/\/www.ladiagonale.net\/index.php\/wp-json\/wp\/v2\/comments?post=30316"}],"version-history":[{"count":1,"href":"https:\/\/www.ladiagonale.net\/index.php\/wp-json\/wp\/v2\/posts\/30316\/revisions"}],"predecessor-version":[{"id":30317,"href":"https:\/\/www.ladiagonale.net\/index.php\/wp-json\/wp\/v2\/posts\/30316\/revisions\/30317"}],"wp:attachment":[{"href":"https:\/\/www.ladiagonale.net\/index.php\/wp-json\/wp\/v2\/media?parent=30316"}],"wp:term":[{"taxonomy":"category","embeddable":true,"href":"https:\/\/www.ladiagonale.net\/index.php\/wp-json\/wp\/v2\/categories?post=30316"},{"taxonomy":"post_tag","embeddable":true,"href":"https:\/\/www.ladiagonale.net\/index.php\/wp-json\/wp\/v2\/tags?post=30316"}],"curies":[{"name":"wp","href":"https:\/\/api.w.org\/{rel}","templated":true}]}}