{"id":30331,"date":"2025-03-12T15:19:36","date_gmt":"2025-03-12T14:19:36","guid":{"rendered":"https:\/\/www.ladiagonale.net\/?p=30331"},"modified":"2025-03-12T15:19:37","modified_gmt":"2025-03-12T14:19:37","slug":"monaco-retrouve-delajod","status":"publish","type":"post","link":"https:\/\/www.ladiagonale.net\/index.php\/2025\/03\/12\/monaco-retrouve-delajod\/","title":{"rendered":"Monaco retrouve Delajod"},"content":{"rendered":"\n<p>La LFP a d\u00e9sign\u00e9 Willy Delajod pour arbitrer la rencontre de ce samedi entre Monaco et Angers (19 heures), \u00e0 l\u2019occasion de la 26<sup>e<\/sup> journ\u00e9e de Ligue 1. Il sera assist\u00e9 d\u2019Erwan Finjean et Philippe Jeanne sur la touche et de Wilfried Bien et Ludovic Zmyslony \u00e0 la vid\u00e9o.<\/p>\n\n\n\n<div class=\"wp-block-media-text alignwide is-stacked-on-mobile\" style=\"grid-template-columns:35% auto\"><figure class=\"wp-block-media-text__media\"><img loading=\"lazy\" width=\"540\" height=\"626\" src=\"https:\/\/www.ladiagonale.net\/wp-content\/uploads\/2025\/03\/MR8Va-22.png\" alt=\"\" class=\"wp-image-30332 size-full\" srcset=\"https:\/\/www.ladiagonale.net\/wp-content\/uploads\/2025\/03\/MR8Va-22.png 540w, https:\/\/www.ladiagonale.net\/wp-content\/uploads\/2025\/03\/MR8Va-22-259x300.png 259w, https:\/\/www.ladiagonale.net\/wp-content\/uploads\/2025\/03\/MR8Va-22-110x128.png 110w, https:\/\/www.ladiagonale.net\/wp-content\/uploads\/2025\/03\/MR8Va-22-28x32.png 28w\" sizes=\"(max-width: 540px) 100vw, 540px\" \/><\/figure><div class=\"wp-block-media-text__content\">\n<p style=\"font-size:16px\">Avec Delajod, le bilan est n\u00e9gatif en championnat, puisque les Mon\u00e9gasques comptent plus de d\u00e9faites et de matches nuls que de victoires. Cette saison, il avait arbitr\u00e9 le match contre Lens de la 3<sup>e<\/sup> journ\u00e9e qui s&rsquo;\u00e9tait sold\u00e9 par un partage des points (1-1). Plus r\u00e9cemment et hors championnat, l\u2019homme en noir a arbitr\u00e9 le Troph\u00e9e des champions entre Monaco et Paris (0-1) d\u00e9but janvier.<\/p>\n<\/div><\/div>\n\n\n\n<div class=\"wp-block-media-text alignwide is-stacked-on-mobile\"><figure class=\"wp-block-media-text__media\"><img loading=\"lazy\" width=\"1024\" height=\"578\" src=\"https:\/\/www.ladiagonale.net\/wp-content\/uploads\/2025\/03\/d3RnE-13-1024x578.png\" alt=\"\" class=\"wp-image-30333 size-full\" srcset=\"https:\/\/www.ladiagonale.net\/wp-content\/uploads\/2025\/03\/d3RnE-13-1024x578.png 1024w, https:\/\/www.ladiagonale.net\/wp-content\/uploads\/2025\/03\/d3RnE-13-300x169.png 300w, https:\/\/www.ladiagonale.net\/wp-content\/uploads\/2025\/03\/d3RnE-13-768x434.png 768w, https:\/\/www.ladiagonale.net\/wp-content\/uploads\/2025\/03\/d3RnE-13-128x72.png 128w, https:\/\/www.ladiagonale.net\/wp-content\/uploads\/2025\/03\/d3RnE-13-32x18.png 32w, https:\/\/www.ladiagonale.net\/wp-content\/uploads\/2025\/03\/d3RnE-13.png 1240w\" sizes=\"(max-width: 1024px) 100vw, 1024px\" \/><\/figure><div class=\"wp-block-media-text__content\">\n<p style=\"font-size:16px\">Difficile de faire pire en termes de statistiques avec Delajod. Les Mon\u00e9gasques ont \u00e9cop\u00e9 de plus de cartons jaunes et de cartons rouges que leurs adversaires, et ont aussi \u00e9t\u00e9 plus souvent sanctionn\u00e9s d&rsquo;un p\u00e9nalty. <\/p>\n<\/div><\/div>\n","protected":false},"excerpt":{"rendered":"<p>La LFP a d\u00e9sign\u00e9 Willy Delajod pour arbitrer la rencontre de ce samedi entre Monaco et Angers (19 heures), \u00e0 l\u2019occasion de la 26e journ\u00e9e de Ligue 1. Il sera assist\u00e9 d\u2019Erwan Finjean et Philippe Jeanne sur la touche et de Wilfried Bien et Ludovic Zmyslony \u00e0 la vid\u00e9o. Avec Delajod, le bilan est n\u00e9gatif [&#8230;]\n","protected":false},"author":2,"featured_media":0,"comment_status":"open","ping_status":"open","sticky":false,"template":"","format":"standard","meta":[],"categories":[6],"tags":[475,156,86,94,252],"yoast_head":"<!-- This site is optimized with the Yoast SEO plugin v19.8 - https:\/\/yoast.com\/wordpress\/plugins\/seo\/ -->\n<title>Monaco retrouve Delajod - La Diagonale<\/title>\n<meta name=\"robots\" content=\"index, follow, max-snippet:-1, max-image-preview:large, max-video-preview:-1\" \/>\n<link rel=\"canonical\" href=\"https:\/\/www.ladiagonale.net\/index.php\/2025\/03\/12\/monaco-retrouve-delajod\/\" \/>\n<meta property=\"og:locale\" content=\"fr_FR\" \/>\n<meta property=\"og:type\" content=\"article\" \/>\n<meta property=\"og:title\" content=\"Monaco retrouve Delajod - La Diagonale\" \/>\n<meta property=\"og:description\" content=\"La LFP a d\u00e9sign\u00e9 Willy Delajod pour arbitrer la rencontre de ce samedi entre Monaco et Angers (19 heures), \u00e0 l\u2019occasion de la 26e journ\u00e9e de Ligue 1. Il sera assist\u00e9 d\u2019Erwan Finjean et Philippe Jeanne sur la touche et de Wilfried Bien et Ludovic Zmyslony \u00e0 la vid\u00e9o. Avec Delajod, le bilan est n\u00e9gatif [...]\" \/>\n<meta property=\"og:url\" content=\"https:\/\/www.ladiagonale.net\/index.php\/2025\/03\/12\/monaco-retrouve-delajod\/\" \/>\n<meta property=\"og:site_name\" content=\"La Diagonale\" \/>\n<meta property=\"article:published_time\" content=\"2025-03-12T14:19:36+00:00\" \/>\n<meta property=\"article:modified_time\" content=\"2025-03-12T14:19:37+00:00\" \/>\n<meta property=\"og:image\" content=\"https:\/\/www.ladiagonale.net\/wp-content\/uploads\/2023\/03\/delajod.png\" \/>\n\t<meta property=\"og:image:width\" content=\"1160\" \/>\n\t<meta property=\"og:image:height\" content=\"650\" \/>\n\t<meta property=\"og:image:type\" content=\"image\/png\" \/>\n<meta name=\"author\" content=\"Damien Dellerba\" \/>\n<meta name=\"twitter:card\" content=\"summary_large_image\" \/>\n<meta name=\"twitter:image\" content=\"https:\/\/www.ladiagonale.net\/wp-content\/uploads\/2023\/03\/delajod.png\" \/>\n<meta name=\"twitter:label1\" content=\"\u00c9crit par\" \/>\n\t<meta name=\"twitter:data1\" content=\"Damien Dellerba\" \/>\n\t<meta name=\"twitter:label2\" content=\"Dur\u00e9e de lecture estim\u00e9e\" \/>\n\t<meta name=\"twitter:data2\" content=\"2 minutes\" \/>\n<script type=\"application\/ld+json\" class=\"yoast-schema-graph\">{\"@context\":\"https:\/\/schema.org\",\"@graph\":[{\"@type\":\"WebPage\",\"@id\":\"https:\/\/www.ladiagonale.net\/index.php\/2025\/03\/12\/monaco-retrouve-delajod\/\",\"url\":\"https:\/\/www.ladiagonale.net\/index.php\/2025\/03\/12\/monaco-retrouve-delajod\/\",\"name\":\"Monaco retrouve Delajod - La Diagonale\",\"isPartOf\":{\"@id\":\"https:\/\/www.ladiagonale.net\/#website\"},\"datePublished\":\"2025-03-12T14:19:36+00:00\",\"dateModified\":\"2025-03-12T14:19:37+00:00\",\"author\":{\"@id\":\"https:\/\/www.ladiagonale.net\/#\/schema\/person\/79ff1e7b0853ed01b2aa26e64ad300bf\"},\"breadcrumb\":{\"@id\":\"https:\/\/www.ladiagonale.net\/index.php\/2025\/03\/12\/monaco-retrouve-delajod\/#breadcrumb\"},\"inLanguage\":\"fr-FR\",\"potentialAction\":[{\"@type\":\"ReadAction\",\"target\":[\"https:\/\/www.ladiagonale.net\/index.php\/2025\/03\/12\/monaco-retrouve-delajod\/\"]}]},{\"@type\":\"BreadcrumbList\",\"@id\":\"https:\/\/www.ladiagonale.net\/index.php\/2025\/03\/12\/monaco-retrouve-delajod\/#breadcrumb\",\"itemListElement\":[{\"@type\":\"ListItem\",\"position\":1,\"name\":\"Accueil\",\"item\":\"https:\/\/www.ladiagonale.net\/\"},{\"@type\":\"ListItem\",\"position\":2,\"name\":\"Monaco retrouve Delajod\"}]},{\"@type\":\"WebSite\",\"@id\":\"https:\/\/www.ladiagonale.net\/#website\",\"url\":\"https:\/\/www.ladiagonale.net\/\",\"name\":\"La Diagonale\",\"description\":\"Le site des supporters de l&#039;AS Monaco FC\",\"potentialAction\":[{\"@type\":\"SearchAction\",\"target\":{\"@type\":\"EntryPoint\",\"urlTemplate\":\"https:\/\/www.ladiagonale.net\/?s={search_term_string}\"},\"query-input\":\"required name=search_term_string\"}],\"inLanguage\":\"fr-FR\"},{\"@type\":\"Person\",\"@id\":\"https:\/\/www.ladiagonale.net\/#\/schema\/person\/79ff1e7b0853ed01b2aa26e64ad300bf\",\"name\":\"Damien Dellerba\",\"image\":{\"@type\":\"ImageObject\",\"inLanguage\":\"fr-FR\",\"@id\":\"https:\/\/www.ladiagonale.net\/#\/schema\/person\/image\/\",\"url\":\"https:\/\/secure.gravatar.com\/avatar\/c7850e06d3ff63cdbaee88b7fc16e2f0?s=96&d=mm&r=g\",\"contentUrl\":\"https:\/\/secure.gravatar.com\/avatar\/c7850e06d3ff63cdbaee88b7fc16e2f0?s=96&d=mm&r=g\",\"caption\":\"Damien Dellerba\"},\"url\":\"https:\/\/www.ladiagonale.net\/index.php\/author\/damien\/\"}]}<\/script>\n<!-- \/ Yoast SEO plugin. -->","yoast_head_json":{"title":"Monaco retrouve Delajod - La Diagonale","robots":{"index":"index","follow":"follow","max-snippet":"max-snippet:-1","max-image-preview":"max-image-preview:large","max-video-preview":"max-video-preview:-1"},"canonical":"https:\/\/www.ladiagonale.net\/index.php\/2025\/03\/12\/monaco-retrouve-delajod\/","og_locale":"fr_FR","og_type":"article","og_title":"Monaco retrouve Delajod - La Diagonale","og_description":"La LFP a d\u00e9sign\u00e9 Willy Delajod pour arbitrer la rencontre de ce samedi entre Monaco et Angers (19 heures), \u00e0 l\u2019occasion de la 26e journ\u00e9e de Ligue 1. Il sera assist\u00e9 d\u2019Erwan Finjean et Philippe Jeanne sur la touche et de Wilfried Bien et Ludovic Zmyslony \u00e0 la vid\u00e9o. Avec Delajod, le bilan est n\u00e9gatif [...]","og_url":"https:\/\/www.ladiagonale.net\/index.php\/2025\/03\/12\/monaco-retrouve-delajod\/","og_site_name":"La Diagonale","article_published_time":"2025-03-12T14:19:36+00:00","article_modified_time":"2025-03-12T14:19:37+00:00","og_image":[{"width":1160,"height":650,"url":"https:\/\/www.ladiagonale.net\/wp-content\/uploads\/2023\/03\/delajod.png","type":"image\/png"}],"author":"Damien Dellerba","twitter_card":"summary_large_image","twitter_image":"https:\/\/www.ladiagonale.net\/wp-content\/uploads\/2023\/03\/delajod.png","twitter_misc":{"\u00c9crit par":"Damien Dellerba","Dur\u00e9e de lecture estim\u00e9e":"2 minutes"},"schema":{"@context":"https:\/\/schema.org","@graph":[{"@type":"WebPage","@id":"https:\/\/www.ladiagonale.net\/index.php\/2025\/03\/12\/monaco-retrouve-delajod\/","url":"https:\/\/www.ladiagonale.net\/index.php\/2025\/03\/12\/monaco-retrouve-delajod\/","name":"Monaco retrouve Delajod - La Diagonale","isPartOf":{"@id":"https:\/\/www.ladiagonale.net\/#website"},"datePublished":"2025-03-12T14:19:36+00:00","dateModified":"2025-03-12T14:19:37+00:00","author":{"@id":"https:\/\/www.ladiagonale.net\/#\/schema\/person\/79ff1e7b0853ed01b2aa26e64ad300bf"},"breadcrumb":{"@id":"https:\/\/www.ladiagonale.net\/index.php\/2025\/03\/12\/monaco-retrouve-delajod\/#breadcrumb"},"inLanguage":"fr-FR","potentialAction":[{"@type":"ReadAction","target":["https:\/\/www.ladiagonale.net\/index.php\/2025\/03\/12\/monaco-retrouve-delajod\/"]}]},{"@type":"BreadcrumbList","@id":"https:\/\/www.ladiagonale.net\/index.php\/2025\/03\/12\/monaco-retrouve-delajod\/#breadcrumb","itemListElement":[{"@type":"ListItem","position":1,"name":"Accueil","item":"https:\/\/www.ladiagonale.net\/"},{"@type":"ListItem","position":2,"name":"Monaco retrouve Delajod"}]},{"@type":"WebSite","@id":"https:\/\/www.ladiagonale.net\/#website","url":"https:\/\/www.ladiagonale.net\/","name":"La Diagonale","description":"Le site des supporters de l&#039;AS Monaco FC","potentialAction":[{"@type":"SearchAction","target":{"@type":"EntryPoint","urlTemplate":"https:\/\/www.ladiagonale.net\/?s={search_term_string}"},"query-input":"required name=search_term_string"}],"inLanguage":"fr-FR"},{"@type":"Person","@id":"https:\/\/www.ladiagonale.net\/#\/schema\/person\/79ff1e7b0853ed01b2aa26e64ad300bf","name":"Damien Dellerba","image":{"@type":"ImageObject","inLanguage":"fr-FR","@id":"https:\/\/www.ladiagonale.net\/#\/schema\/person\/image\/","url":"https:\/\/secure.gravatar.com\/avatar\/c7850e06d3ff63cdbaee88b7fc16e2f0?s=96&d=mm&r=g","contentUrl":"https:\/\/secure.gravatar.com\/avatar\/c7850e06d3ff63cdbaee88b7fc16e2f0?s=96&d=mm&r=g","caption":"Damien Dellerba"},"url":"https:\/\/www.ladiagonale.net\/index.php\/author\/damien\/"}]}},"_links":{"self":[{"href":"https:\/\/www.ladiagonale.net\/index.php\/wp-json\/wp\/v2\/posts\/30331"}],"collection":[{"href":"https:\/\/www.ladiagonale.net\/index.php\/wp-json\/wp\/v2\/posts"}],"about":[{"href":"https:\/\/www.ladiagonale.net\/index.php\/wp-json\/wp\/v2\/types\/post"}],"author":[{"embeddable":true,"href":"https:\/\/www.ladiagonale.net\/index.php\/wp-json\/wp\/v2\/users\/2"}],"replies":[{"embeddable":true,"href":"https:\/\/www.ladiagonale.net\/index.php\/wp-json\/wp\/v2\/comments?post=30331"}],"version-history":[{"count":1,"href":"https:\/\/www.ladiagonale.net\/index.php\/wp-json\/wp\/v2\/posts\/30331\/revisions"}],"predecessor-version":[{"id":30334,"href":"https:\/\/www.ladiagonale.net\/index.php\/wp-json\/wp\/v2\/posts\/30331\/revisions\/30334"}],"wp:attachment":[{"href":"https:\/\/www.ladiagonale.net\/index.php\/wp-json\/wp\/v2\/media?parent=30331"}],"wp:term":[{"taxonomy":"category","embeddable":true,"href":"https:\/\/www.ladiagonale.net\/index.php\/wp-json\/wp\/v2\/categories?post=30331"},{"taxonomy":"post_tag","embeddable":true,"href":"https:\/\/www.ladiagonale.net\/index.php\/wp-json\/wp\/v2\/tags?post=30331"}],"curies":[{"name":"wp","href":"https:\/\/api.w.org\/{rel}","templated":true}]}}