{"id":30384,"date":"2025-03-15T15:35:16","date_gmt":"2025-03-15T14:35:16","guid":{"rendered":"https:\/\/www.ladiagonale.net\/?p=30384"},"modified":"2025-03-15T15:35:25","modified_gmt":"2025-03-15T14:35:25","slug":"des-interrogations-autour-de-lentraineur-des-gardiens","status":"publish","type":"post","link":"https:\/\/www.ladiagonale.net\/index.php\/2025\/03\/15\/des-interrogations-autour-de-lentraineur-des-gardiens\/","title":{"rendered":"Des interrogations autour de l\u2019entra\u00eeneur des gardiens ?"},"content":{"rendered":"\n<p>La question des gardiens en Principaut\u00e9 est toujours aussi \u00e9pineuse, avec <a href=\"https:\/\/www.ladiagonale.net\/index.php\/2025\/03\/14\/kohn-devrait-etre-titulaire-a-angers\/\" target=\"_blank\" rel=\"noreferrer noopener\">un nouveau changement annonc\u00e9<\/a> au poste de titulaire ce samedi \u00e0 Angers. Si les portiers actuels Radoslaw Majecki et Philipp K\u00f6hn ne donnent pas enti\u00e8rement satisfaction, les r\u00e9percussions pourraient aussi concerner le staff technique, et notamment l\u2019entra\u00eeneur des gardiens Fr\u00e9d\u00e9ric De Boever, indique <em>L\u2019\u00c9quipe<\/em>. Des changements pourraient notamment \u00eatre envisag\u00e9s en fin de saison, m\u00eame si Thiago Scuro n\u2019a rien voulu confirmer au quotidien.<\/p>\n\n\n\n<p>Le Belge de 44 ans \u00e9tait arriv\u00e9 avec Philippe Clement en janvier 2022, mais il n\u2019avait pas suivi son compatriote lorsque celui-ci avait \u00e9t\u00e9 d\u00e9barqu\u00e9 en juin 2023 et avait int\u00e9gr\u00e9 le staff d\u2019Adi H\u00fctter.<\/p>\n\n\n","protected":false},"excerpt":{"rendered":"<p>La question des gardiens en Principaut\u00e9 est toujours aussi \u00e9pineuse, avec un nouveau changement annonc\u00e9 au poste de titulaire ce samedi \u00e0 Angers. Si les portiers actuels Radoslaw Majecki et Philipp K\u00f6hn ne donnent pas enti\u00e8rement satisfaction, les r\u00e9percussions pourraient aussi concerner le staff technique, et notamment l\u2019entra\u00eeneur des gardiens Fr\u00e9d\u00e9ric De Boever, indique L\u2019\u00c9quipe. [&#8230;]\n","protected":false},"author":2,"featured_media":0,"comment_status":"open","ping_status":"open","sticky":false,"template":"","format":"standard","meta":[],"categories":[6],"tags":[86,598,187],"yoast_head":"<!-- This site is optimized with the Yoast SEO plugin v19.8 - https:\/\/yoast.com\/wordpress\/plugins\/seo\/ -->\n<title>Des interrogations autour de l\u2019entra\u00eeneur des gardiens ? - La Diagonale<\/title>\n<meta name=\"robots\" content=\"index, follow, max-snippet:-1, max-image-preview:large, max-video-preview:-1\" \/>\n<link rel=\"canonical\" href=\"https:\/\/www.ladiagonale.net\/index.php\/2025\/03\/15\/des-interrogations-autour-de-lentraineur-des-gardiens\/\" \/>\n<meta property=\"og:locale\" content=\"fr_FR\" \/>\n<meta property=\"og:type\" content=\"article\" \/>\n<meta property=\"og:title\" content=\"Des interrogations autour de l\u2019entra\u00eeneur des gardiens ? - La Diagonale\" \/>\n<meta property=\"og:description\" content=\"La question des gardiens en Principaut\u00e9 est toujours aussi \u00e9pineuse, avec un nouveau changement annonc\u00e9 au poste de titulaire ce samedi \u00e0 Angers. Si les portiers actuels Radoslaw Majecki et Philipp K\u00f6hn ne donnent pas enti\u00e8rement satisfaction, les r\u00e9percussions pourraient aussi concerner le staff technique, et notamment l\u2019entra\u00eeneur des gardiens Fr\u00e9d\u00e9ric De Boever, indique L\u2019\u00c9quipe. [...]\" \/>\n<meta property=\"og:url\" content=\"https:\/\/www.ladiagonale.net\/index.php\/2025\/03\/15\/des-interrogations-autour-de-lentraineur-des-gardiens\/\" \/>\n<meta property=\"og:site_name\" content=\"La Diagonale\" \/>\n<meta property=\"article:published_time\" content=\"2025-03-15T14:35:16+00:00\" \/>\n<meta property=\"article:modified_time\" content=\"2025-03-15T14:35:25+00:00\" \/>\n<meta property=\"og:image\" content=\"https:\/\/www.ladiagonale.net\/wp-content\/uploads\/2023\/07\/de-boever.jpg\" \/>\n\t<meta property=\"og:image:width\" content=\"1160\" \/>\n\t<meta property=\"og:image:height\" content=\"650\" \/>\n\t<meta property=\"og:image:type\" content=\"image\/jpeg\" \/>\n<meta name=\"author\" content=\"Damien Dellerba\" \/>\n<meta name=\"twitter:card\" content=\"summary_large_image\" \/>\n<meta name=\"twitter:image\" content=\"https:\/\/www.ladiagonale.net\/wp-content\/uploads\/2023\/07\/de-boever.jpg\" \/>\n<meta name=\"twitter:label1\" content=\"\u00c9crit par\" \/>\n\t<meta name=\"twitter:data1\" content=\"Damien Dellerba\" \/>\n\t<meta name=\"twitter:label2\" content=\"Dur\u00e9e de lecture estim\u00e9e\" \/>\n\t<meta name=\"twitter:data2\" content=\"1 minute\" \/>\n<script type=\"application\/ld+json\" class=\"yoast-schema-graph\">{\"@context\":\"https:\/\/schema.org\",\"@graph\":[{\"@type\":\"WebPage\",\"@id\":\"https:\/\/www.ladiagonale.net\/index.php\/2025\/03\/15\/des-interrogations-autour-de-lentraineur-des-gardiens\/\",\"url\":\"https:\/\/www.ladiagonale.net\/index.php\/2025\/03\/15\/des-interrogations-autour-de-lentraineur-des-gardiens\/\",\"name\":\"Des interrogations autour de l\u2019entra\u00eeneur des gardiens ? - La Diagonale\",\"isPartOf\":{\"@id\":\"https:\/\/www.ladiagonale.net\/#website\"},\"datePublished\":\"2025-03-15T14:35:16+00:00\",\"dateModified\":\"2025-03-15T14:35:25+00:00\",\"author\":{\"@id\":\"https:\/\/www.ladiagonale.net\/#\/schema\/person\/79ff1e7b0853ed01b2aa26e64ad300bf\"},\"breadcrumb\":{\"@id\":\"https:\/\/www.ladiagonale.net\/index.php\/2025\/03\/15\/des-interrogations-autour-de-lentraineur-des-gardiens\/#breadcrumb\"},\"inLanguage\":\"fr-FR\",\"potentialAction\":[{\"@type\":\"ReadAction\",\"target\":[\"https:\/\/www.ladiagonale.net\/index.php\/2025\/03\/15\/des-interrogations-autour-de-lentraineur-des-gardiens\/\"]}]},{\"@type\":\"BreadcrumbList\",\"@id\":\"https:\/\/www.ladiagonale.net\/index.php\/2025\/03\/15\/des-interrogations-autour-de-lentraineur-des-gardiens\/#breadcrumb\",\"itemListElement\":[{\"@type\":\"ListItem\",\"position\":1,\"name\":\"Accueil\",\"item\":\"https:\/\/www.ladiagonale.net\/\"},{\"@type\":\"ListItem\",\"position\":2,\"name\":\"Des interrogations autour de l\u2019entra\u00eeneur des gardiens ?\"}]},{\"@type\":\"WebSite\",\"@id\":\"https:\/\/www.ladiagonale.net\/#website\",\"url\":\"https:\/\/www.ladiagonale.net\/\",\"name\":\"La Diagonale\",\"description\":\"Le site des supporters de l&#039;AS Monaco FC\",\"potentialAction\":[{\"@type\":\"SearchAction\",\"target\":{\"@type\":\"EntryPoint\",\"urlTemplate\":\"https:\/\/www.ladiagonale.net\/?s={search_term_string}\"},\"query-input\":\"required name=search_term_string\"}],\"inLanguage\":\"fr-FR\"},{\"@type\":\"Person\",\"@id\":\"https:\/\/www.ladiagonale.net\/#\/schema\/person\/79ff1e7b0853ed01b2aa26e64ad300bf\",\"name\":\"Damien Dellerba\",\"image\":{\"@type\":\"ImageObject\",\"inLanguage\":\"fr-FR\",\"@id\":\"https:\/\/www.ladiagonale.net\/#\/schema\/person\/image\/\",\"url\":\"https:\/\/secure.gravatar.com\/avatar\/c7850e06d3ff63cdbaee88b7fc16e2f0?s=96&d=mm&r=g\",\"contentUrl\":\"https:\/\/secure.gravatar.com\/avatar\/c7850e06d3ff63cdbaee88b7fc16e2f0?s=96&d=mm&r=g\",\"caption\":\"Damien Dellerba\"},\"url\":\"https:\/\/www.ladiagonale.net\/index.php\/author\/damien\/\"}]}<\/script>\n<!-- \/ Yoast SEO plugin. -->","yoast_head_json":{"title":"Des interrogations autour de l\u2019entra\u00eeneur des gardiens ? - La Diagonale","robots":{"index":"index","follow":"follow","max-snippet":"max-snippet:-1","max-image-preview":"max-image-preview:large","max-video-preview":"max-video-preview:-1"},"canonical":"https:\/\/www.ladiagonale.net\/index.php\/2025\/03\/15\/des-interrogations-autour-de-lentraineur-des-gardiens\/","og_locale":"fr_FR","og_type":"article","og_title":"Des interrogations autour de l\u2019entra\u00eeneur des gardiens ? - La Diagonale","og_description":"La question des gardiens en Principaut\u00e9 est toujours aussi \u00e9pineuse, avec un nouveau changement annonc\u00e9 au poste de titulaire ce samedi \u00e0 Angers. Si les portiers actuels Radoslaw Majecki et Philipp K\u00f6hn ne donnent pas enti\u00e8rement satisfaction, les r\u00e9percussions pourraient aussi concerner le staff technique, et notamment l\u2019entra\u00eeneur des gardiens Fr\u00e9d\u00e9ric De Boever, indique L\u2019\u00c9quipe. [...]","og_url":"https:\/\/www.ladiagonale.net\/index.php\/2025\/03\/15\/des-interrogations-autour-de-lentraineur-des-gardiens\/","og_site_name":"La Diagonale","article_published_time":"2025-03-15T14:35:16+00:00","article_modified_time":"2025-03-15T14:35:25+00:00","og_image":[{"width":1160,"height":650,"url":"https:\/\/www.ladiagonale.net\/wp-content\/uploads\/2023\/07\/de-boever.jpg","type":"image\/jpeg"}],"author":"Damien Dellerba","twitter_card":"summary_large_image","twitter_image":"https:\/\/www.ladiagonale.net\/wp-content\/uploads\/2023\/07\/de-boever.jpg","twitter_misc":{"\u00c9crit par":"Damien Dellerba","Dur\u00e9e de lecture estim\u00e9e":"1 minute"},"schema":{"@context":"https:\/\/schema.org","@graph":[{"@type":"WebPage","@id":"https:\/\/www.ladiagonale.net\/index.php\/2025\/03\/15\/des-interrogations-autour-de-lentraineur-des-gardiens\/","url":"https:\/\/www.ladiagonale.net\/index.php\/2025\/03\/15\/des-interrogations-autour-de-lentraineur-des-gardiens\/","name":"Des interrogations autour de l\u2019entra\u00eeneur des gardiens ? - La Diagonale","isPartOf":{"@id":"https:\/\/www.ladiagonale.net\/#website"},"datePublished":"2025-03-15T14:35:16+00:00","dateModified":"2025-03-15T14:35:25+00:00","author":{"@id":"https:\/\/www.ladiagonale.net\/#\/schema\/person\/79ff1e7b0853ed01b2aa26e64ad300bf"},"breadcrumb":{"@id":"https:\/\/www.ladiagonale.net\/index.php\/2025\/03\/15\/des-interrogations-autour-de-lentraineur-des-gardiens\/#breadcrumb"},"inLanguage":"fr-FR","potentialAction":[{"@type":"ReadAction","target":["https:\/\/www.ladiagonale.net\/index.php\/2025\/03\/15\/des-interrogations-autour-de-lentraineur-des-gardiens\/"]}]},{"@type":"BreadcrumbList","@id":"https:\/\/www.ladiagonale.net\/index.php\/2025\/03\/15\/des-interrogations-autour-de-lentraineur-des-gardiens\/#breadcrumb","itemListElement":[{"@type":"ListItem","position":1,"name":"Accueil","item":"https:\/\/www.ladiagonale.net\/"},{"@type":"ListItem","position":2,"name":"Des interrogations autour de l\u2019entra\u00eeneur des gardiens ?"}]},{"@type":"WebSite","@id":"https:\/\/www.ladiagonale.net\/#website","url":"https:\/\/www.ladiagonale.net\/","name":"La Diagonale","description":"Le site des supporters de l&#039;AS Monaco FC","potentialAction":[{"@type":"SearchAction","target":{"@type":"EntryPoint","urlTemplate":"https:\/\/www.ladiagonale.net\/?s={search_term_string}"},"query-input":"required name=search_term_string"}],"inLanguage":"fr-FR"},{"@type":"Person","@id":"https:\/\/www.ladiagonale.net\/#\/schema\/person\/79ff1e7b0853ed01b2aa26e64ad300bf","name":"Damien Dellerba","image":{"@type":"ImageObject","inLanguage":"fr-FR","@id":"https:\/\/www.ladiagonale.net\/#\/schema\/person\/image\/","url":"https:\/\/secure.gravatar.com\/avatar\/c7850e06d3ff63cdbaee88b7fc16e2f0?s=96&d=mm&r=g","contentUrl":"https:\/\/secure.gravatar.com\/avatar\/c7850e06d3ff63cdbaee88b7fc16e2f0?s=96&d=mm&r=g","caption":"Damien Dellerba"},"url":"https:\/\/www.ladiagonale.net\/index.php\/author\/damien\/"}]}},"_links":{"self":[{"href":"https:\/\/www.ladiagonale.net\/index.php\/wp-json\/wp\/v2\/posts\/30384"}],"collection":[{"href":"https:\/\/www.ladiagonale.net\/index.php\/wp-json\/wp\/v2\/posts"}],"about":[{"href":"https:\/\/www.ladiagonale.net\/index.php\/wp-json\/wp\/v2\/types\/post"}],"author":[{"embeddable":true,"href":"https:\/\/www.ladiagonale.net\/index.php\/wp-json\/wp\/v2\/users\/2"}],"replies":[{"embeddable":true,"href":"https:\/\/www.ladiagonale.net\/index.php\/wp-json\/wp\/v2\/comments?post=30384"}],"version-history":[{"count":2,"href":"https:\/\/www.ladiagonale.net\/index.php\/wp-json\/wp\/v2\/posts\/30384\/revisions"}],"predecessor-version":[{"id":30386,"href":"https:\/\/www.ladiagonale.net\/index.php\/wp-json\/wp\/v2\/posts\/30384\/revisions\/30386"}],"wp:attachment":[{"href":"https:\/\/www.ladiagonale.net\/index.php\/wp-json\/wp\/v2\/media?parent=30384"}],"wp:term":[{"taxonomy":"category","embeddable":true,"href":"https:\/\/www.ladiagonale.net\/index.php\/wp-json\/wp\/v2\/categories?post=30384"},{"taxonomy":"post_tag","embeddable":true,"href":"https:\/\/www.ladiagonale.net\/index.php\/wp-json\/wp\/v2\/tags?post=30384"}],"curies":[{"name":"wp","href":"https:\/\/api.w.org\/{rel}","templated":true}]}}