{"id":30403,"date":"2025-03-17T13:14:40","date_gmt":"2025-03-17T12:14:40","guid":{"rendered":"https:\/\/www.ladiagonale.net\/?p=30403"},"modified":"2025-03-17T13:28:51","modified_gmt":"2025-03-17T12:28:51","slug":"biereth-au-niveau-de-kehrer-dans-lequipe-type-vanderson-present","status":"publish","type":"post","link":"https:\/\/www.ladiagonale.net\/index.php\/2025\/03\/17\/biereth-au-niveau-de-kehrer-dans-lequipe-type-vanderson-present\/","title":{"rendered":"Biereth au niveau de Kehrer dans l&rsquo;\u00e9quipe type, Vanderson pr\u00e9sent"},"content":{"rendered":"\n\n\n<p>Deux sur trois. Lors de la 24<sup>e<\/sup> journ\u00e9e, le quotidien <em>L&rsquo;\u00c9quipe<\/em> avait plac\u00e9 trois Mon\u00e9gasques dans son \u00e9quipe type. Deux d&rsquo;entre eux reviennent dans celle de la 26<sup>e<\/sup> journ\u00e9e, \u00e0 savoir Mika Biereth et Vanderson. Le premier a re\u00e7u la note de 7\/10 pour son match contre Angers, avec un but lib\u00e9rateur, tandis que le second a re\u00e7u une note satisfaisante de 6\/10.<\/p>\n\n\n\n<p>Pour Biereth, c&rsquo;est la quatri\u00e8me fois que son nom est cit\u00e9 dans le onze du quotidien depuis son arriv\u00e9e en janvier, ce qui lui permet d&rsquo;\u00e9galer Thilo Kehrer. Aucun autre joueur de l&rsquo;ASM ne fait mieux et il y a fort \u00e0 parier que le Danois va d\u00e9passer le vice-capitaine mon\u00e9gasque. Mais en r\u00e9alit\u00e9, peu de joueurs en L1 font mieux, puisque L&rsquo;\u00c9quipe pr\u00e9cise que seulement cinq joueurs comptent plus d&rsquo;apparitions que lui dans ce onze.<\/p>\n\n\n\n<h3>L&rsquo;\u00e9quipe type de la 26<sup>e<\/sup> journ\u00e9e<\/h3>\n\n\n<div class=\"wp-block-image\">\n<figure class=\"aligncenter size-large is-resized\"><img loading=\"lazy\" src=\"https:\/\/www.ladiagonale.net\/wp-content\/uploads\/2025\/03\/GmOzZszXsAAJKa9-827x1024.jpg\" alt=\"\" class=\"wp-image-30404\" width=\"620\" height=\"768\" srcset=\"https:\/\/www.ladiagonale.net\/wp-content\/uploads\/2025\/03\/GmOzZszXsAAJKa9-827x1024.jpg 827w, https:\/\/www.ladiagonale.net\/wp-content\/uploads\/2025\/03\/GmOzZszXsAAJKa9-242x300.jpg 242w, https:\/\/www.ladiagonale.net\/wp-content\/uploads\/2025\/03\/GmOzZszXsAAJKa9-768x951.jpg 768w, https:\/\/www.ladiagonale.net\/wp-content\/uploads\/2025\/03\/GmOzZszXsAAJKa9-103x128.jpg 103w, https:\/\/www.ladiagonale.net\/wp-content\/uploads\/2025\/03\/GmOzZszXsAAJKa9-26x32.jpg 26w, https:\/\/www.ladiagonale.net\/wp-content\/uploads\/2025\/03\/GmOzZszXsAAJKa9.jpg 1206w\" sizes=\"(max-width: 620px) 100vw, 620px\" \/><figcaption>Cr\u00e9dit : <em>L&rsquo;\u00c9quipe<\/em><\/figcaption><\/figure><\/div>\n\n\n<h4 class=\"wp-block-heading has-white-color has-vivid-red-background-color has-text-color has-background\" id=\"pr\u00e9sences-dans-l\u00e9quipe-type-par-journ\u00e9es\" style=\"text-transform:uppercase\">Pr\u00e9sences dans l\u2019\u00e9quipe type par journ\u00e9e<\/h4>\n\n\n\n<ul><li>2<sup>e<\/sup> journ\u00e9e : Thilo Kehrer<\/li><li>4<sup>e<\/sup> journ\u00e9e : Thilo Kehrer, Denis Zakaria<\/li><li>5<sup>e<\/sup> journ\u00e9e : Wifried Singo<\/li><li>7<sup>e<\/sup> journ\u00e9e : Eliesse Ben Seghir, Folarin Balogun, Thilo Kehrer, Adi H\u00fctter<\/li><li>11<sup>e<\/sup> journ\u00e9e : Wifried Singo<\/li><li>12<sup>e<\/sup> journ\u00e9e : Maghnes Akliouche<\/li><li>14<sup>e<\/sup> journ\u00e9e : Wifried Singo<\/li><li>15<sup>e<\/sup> journ\u00e9e : Thilo Kehrer<\/li><li>19<sup>e<\/sup> journ\u00e9e : Maghnes Akliouche<\/li><li>20<sup>e<\/sup> journ\u00e9e : Mika Biereth, Adi H\u00fctter<\/li><li>22<sup>e<\/sup> journ\u00e9e : Mika Biereth, Takumi Minamino, Adi H\u00fctter<\/li><li>24<sup>e<\/sup> journ\u00e9e : Mika Biereth, Vanderson, C. Henrique<\/li><li>26<sup>e<\/sup> journ\u00e9e : Mika Biereth, Vanderson<\/li><\/ul>\n\n\n\n<h4 class=\"wp-block-heading has-white-color has-vivid-red-background-color has-text-color has-background\" id=\"nombre-de-pr\u00e9sences-dans-l\u00e9quipe-type\" style=\"text-transform:uppercase\">Nombre de pr\u00e9sences dans l\u2019\u00e9quipe type<\/h4>\n\n\n\n<ul><li>Mika Biereth, Thilo Kehrer : 4<\/li><li>Wilfried Singo, Adi H\u00fctter : 3<\/li><li>Maghnes Akliouche, Vanderson : 2<\/li><li>Denis Zakaria, Eliesse Ben Seghir, Folarin Balogun, Takumi Minamino, C. Henrique : 1<\/li><\/ul>\n","protected":false},"excerpt":{"rendered":"<p>Deux sur trois. Lors de la 24e journ\u00e9e, le quotidien L&rsquo;\u00c9quipe avait plac\u00e9 trois Mon\u00e9gasques dans son \u00e9quipe type. Deux d&rsquo;entre eux reviennent dans celle de la 26e journ\u00e9e, \u00e0 savoir Mika Biereth et Vanderson. Le premier a re\u00e7u la note de 7\/10 pour son match contre Angers, avec un but lib\u00e9rateur, tandis que le [&#8230;]\n","protected":false},"author":2,"featured_media":0,"comment_status":"open","ping_status":"open","sticky":false,"template":"","format":"standard","meta":[],"categories":[6],"tags":[86,218,94,965,125],"yoast_head":"<!-- This site is optimized with the Yoast SEO plugin v19.8 - https:\/\/yoast.com\/wordpress\/plugins\/seo\/ -->\n<title>Biereth au niveau de Kehrer dans l&#039;\u00e9quipe type, Vanderson pr\u00e9sent - La Diagonale<\/title>\n<meta name=\"robots\" content=\"index, follow, max-snippet:-1, max-image-preview:large, max-video-preview:-1\" \/>\n<link rel=\"canonical\" href=\"https:\/\/www.ladiagonale.net\/index.php\/2025\/03\/17\/biereth-au-niveau-de-kehrer-dans-lequipe-type-vanderson-present\/\" \/>\n<meta property=\"og:locale\" content=\"fr_FR\" \/>\n<meta property=\"og:type\" content=\"article\" \/>\n<meta property=\"og:title\" content=\"Biereth au niveau de Kehrer dans l&#039;\u00e9quipe type, Vanderson pr\u00e9sent - La Diagonale\" \/>\n<meta property=\"og:description\" content=\"Deux sur trois. Lors de la 24e journ\u00e9e, le quotidien L&rsquo;\u00c9quipe avait plac\u00e9 trois Mon\u00e9gasques dans son \u00e9quipe type. Deux d&rsquo;entre eux reviennent dans celle de la 26e journ\u00e9e, \u00e0 savoir Mika Biereth et Vanderson. Le premier a re\u00e7u la note de 7\/10 pour son match contre Angers, avec un but lib\u00e9rateur, tandis que le [...]\" \/>\n<meta property=\"og:url\" content=\"https:\/\/www.ladiagonale.net\/index.php\/2025\/03\/17\/biereth-au-niveau-de-kehrer-dans-lequipe-type-vanderson-present\/\" \/>\n<meta property=\"og:site_name\" content=\"La Diagonale\" \/>\n<meta property=\"article:published_time\" content=\"2025-03-17T12:14:40+00:00\" \/>\n<meta property=\"article:modified_time\" content=\"2025-03-17T12:28:51+00:00\" \/>\n<meta property=\"og:image\" content=\"https:\/\/www.ladiagonale.net\/wp-content\/uploads\/2025\/02\/Biereth.png\" \/>\n\t<meta property=\"og:image:width\" content=\"1160\" \/>\n\t<meta property=\"og:image:height\" content=\"650\" \/>\n\t<meta property=\"og:image:type\" content=\"image\/png\" \/>\n<meta name=\"author\" content=\"Damien Dellerba\" \/>\n<meta name=\"twitter:card\" content=\"summary_large_image\" \/>\n<meta name=\"twitter:image\" content=\"https:\/\/www.ladiagonale.net\/wp-content\/uploads\/2025\/02\/Biereth.png\" \/>\n<meta name=\"twitter:label1\" content=\"\u00c9crit par\" \/>\n\t<meta name=\"twitter:data1\" content=\"Damien Dellerba\" \/>\n\t<meta name=\"twitter:label2\" content=\"Dur\u00e9e de lecture estim\u00e9e\" \/>\n\t<meta name=\"twitter:data2\" content=\"2 minutes\" \/>\n<script type=\"application\/ld+json\" class=\"yoast-schema-graph\">{\"@context\":\"https:\/\/schema.org\",\"@graph\":[{\"@type\":\"WebPage\",\"@id\":\"https:\/\/www.ladiagonale.net\/index.php\/2025\/03\/17\/biereth-au-niveau-de-kehrer-dans-lequipe-type-vanderson-present\/\",\"url\":\"https:\/\/www.ladiagonale.net\/index.php\/2025\/03\/17\/biereth-au-niveau-de-kehrer-dans-lequipe-type-vanderson-present\/\",\"name\":\"Biereth au niveau de Kehrer dans l'\u00e9quipe type, Vanderson pr\u00e9sent - La Diagonale\",\"isPartOf\":{\"@id\":\"https:\/\/www.ladiagonale.net\/#website\"},\"datePublished\":\"2025-03-17T12:14:40+00:00\",\"dateModified\":\"2025-03-17T12:28:51+00:00\",\"author\":{\"@id\":\"https:\/\/www.ladiagonale.net\/#\/schema\/person\/79ff1e7b0853ed01b2aa26e64ad300bf\"},\"breadcrumb\":{\"@id\":\"https:\/\/www.ladiagonale.net\/index.php\/2025\/03\/17\/biereth-au-niveau-de-kehrer-dans-lequipe-type-vanderson-present\/#breadcrumb\"},\"inLanguage\":\"fr-FR\",\"potentialAction\":[{\"@type\":\"ReadAction\",\"target\":[\"https:\/\/www.ladiagonale.net\/index.php\/2025\/03\/17\/biereth-au-niveau-de-kehrer-dans-lequipe-type-vanderson-present\/\"]}]},{\"@type\":\"BreadcrumbList\",\"@id\":\"https:\/\/www.ladiagonale.net\/index.php\/2025\/03\/17\/biereth-au-niveau-de-kehrer-dans-lequipe-type-vanderson-present\/#breadcrumb\",\"itemListElement\":[{\"@type\":\"ListItem\",\"position\":1,\"name\":\"Accueil\",\"item\":\"https:\/\/www.ladiagonale.net\/\"},{\"@type\":\"ListItem\",\"position\":2,\"name\":\"Biereth au niveau de Kehrer dans l&rsquo;\u00e9quipe type, Vanderson pr\u00e9sent\"}]},{\"@type\":\"WebSite\",\"@id\":\"https:\/\/www.ladiagonale.net\/#website\",\"url\":\"https:\/\/www.ladiagonale.net\/\",\"name\":\"La Diagonale\",\"description\":\"Le site des supporters de l&#039;AS Monaco FC\",\"potentialAction\":[{\"@type\":\"SearchAction\",\"target\":{\"@type\":\"EntryPoint\",\"urlTemplate\":\"https:\/\/www.ladiagonale.net\/?s={search_term_string}\"},\"query-input\":\"required name=search_term_string\"}],\"inLanguage\":\"fr-FR\"},{\"@type\":\"Person\",\"@id\":\"https:\/\/www.ladiagonale.net\/#\/schema\/person\/79ff1e7b0853ed01b2aa26e64ad300bf\",\"name\":\"Damien Dellerba\",\"image\":{\"@type\":\"ImageObject\",\"inLanguage\":\"fr-FR\",\"@id\":\"https:\/\/www.ladiagonale.net\/#\/schema\/person\/image\/\",\"url\":\"https:\/\/secure.gravatar.com\/avatar\/c7850e06d3ff63cdbaee88b7fc16e2f0?s=96&d=mm&r=g\",\"contentUrl\":\"https:\/\/secure.gravatar.com\/avatar\/c7850e06d3ff63cdbaee88b7fc16e2f0?s=96&d=mm&r=g\",\"caption\":\"Damien Dellerba\"},\"url\":\"https:\/\/www.ladiagonale.net\/index.php\/author\/damien\/\"}]}<\/script>\n<!-- \/ Yoast SEO plugin. -->","yoast_head_json":{"title":"Biereth au niveau de Kehrer dans l'\u00e9quipe type, Vanderson pr\u00e9sent - La Diagonale","robots":{"index":"index","follow":"follow","max-snippet":"max-snippet:-1","max-image-preview":"max-image-preview:large","max-video-preview":"max-video-preview:-1"},"canonical":"https:\/\/www.ladiagonale.net\/index.php\/2025\/03\/17\/biereth-au-niveau-de-kehrer-dans-lequipe-type-vanderson-present\/","og_locale":"fr_FR","og_type":"article","og_title":"Biereth au niveau de Kehrer dans l'\u00e9quipe type, Vanderson pr\u00e9sent - La Diagonale","og_description":"Deux sur trois. Lors de la 24e journ\u00e9e, le quotidien L&rsquo;\u00c9quipe avait plac\u00e9 trois Mon\u00e9gasques dans son \u00e9quipe type. Deux d&rsquo;entre eux reviennent dans celle de la 26e journ\u00e9e, \u00e0 savoir Mika Biereth et Vanderson. Le premier a re\u00e7u la note de 7\/10 pour son match contre Angers, avec un but lib\u00e9rateur, tandis que le [...]","og_url":"https:\/\/www.ladiagonale.net\/index.php\/2025\/03\/17\/biereth-au-niveau-de-kehrer-dans-lequipe-type-vanderson-present\/","og_site_name":"La Diagonale","article_published_time":"2025-03-17T12:14:40+00:00","article_modified_time":"2025-03-17T12:28:51+00:00","og_image":[{"width":1160,"height":650,"url":"https:\/\/www.ladiagonale.net\/wp-content\/uploads\/2025\/02\/Biereth.png","type":"image\/png"}],"author":"Damien Dellerba","twitter_card":"summary_large_image","twitter_image":"https:\/\/www.ladiagonale.net\/wp-content\/uploads\/2025\/02\/Biereth.png","twitter_misc":{"\u00c9crit par":"Damien Dellerba","Dur\u00e9e de lecture estim\u00e9e":"2 minutes"},"schema":{"@context":"https:\/\/schema.org","@graph":[{"@type":"WebPage","@id":"https:\/\/www.ladiagonale.net\/index.php\/2025\/03\/17\/biereth-au-niveau-de-kehrer-dans-lequipe-type-vanderson-present\/","url":"https:\/\/www.ladiagonale.net\/index.php\/2025\/03\/17\/biereth-au-niveau-de-kehrer-dans-lequipe-type-vanderson-present\/","name":"Biereth au niveau de Kehrer dans l'\u00e9quipe type, Vanderson pr\u00e9sent - La Diagonale","isPartOf":{"@id":"https:\/\/www.ladiagonale.net\/#website"},"datePublished":"2025-03-17T12:14:40+00:00","dateModified":"2025-03-17T12:28:51+00:00","author":{"@id":"https:\/\/www.ladiagonale.net\/#\/schema\/person\/79ff1e7b0853ed01b2aa26e64ad300bf"},"breadcrumb":{"@id":"https:\/\/www.ladiagonale.net\/index.php\/2025\/03\/17\/biereth-au-niveau-de-kehrer-dans-lequipe-type-vanderson-present\/#breadcrumb"},"inLanguage":"fr-FR","potentialAction":[{"@type":"ReadAction","target":["https:\/\/www.ladiagonale.net\/index.php\/2025\/03\/17\/biereth-au-niveau-de-kehrer-dans-lequipe-type-vanderson-present\/"]}]},{"@type":"BreadcrumbList","@id":"https:\/\/www.ladiagonale.net\/index.php\/2025\/03\/17\/biereth-au-niveau-de-kehrer-dans-lequipe-type-vanderson-present\/#breadcrumb","itemListElement":[{"@type":"ListItem","position":1,"name":"Accueil","item":"https:\/\/www.ladiagonale.net\/"},{"@type":"ListItem","position":2,"name":"Biereth au niveau de Kehrer dans l&rsquo;\u00e9quipe type, Vanderson pr\u00e9sent"}]},{"@type":"WebSite","@id":"https:\/\/www.ladiagonale.net\/#website","url":"https:\/\/www.ladiagonale.net\/","name":"La Diagonale","description":"Le site des supporters de l&#039;AS Monaco FC","potentialAction":[{"@type":"SearchAction","target":{"@type":"EntryPoint","urlTemplate":"https:\/\/www.ladiagonale.net\/?s={search_term_string}"},"query-input":"required name=search_term_string"}],"inLanguage":"fr-FR"},{"@type":"Person","@id":"https:\/\/www.ladiagonale.net\/#\/schema\/person\/79ff1e7b0853ed01b2aa26e64ad300bf","name":"Damien Dellerba","image":{"@type":"ImageObject","inLanguage":"fr-FR","@id":"https:\/\/www.ladiagonale.net\/#\/schema\/person\/image\/","url":"https:\/\/secure.gravatar.com\/avatar\/c7850e06d3ff63cdbaee88b7fc16e2f0?s=96&d=mm&r=g","contentUrl":"https:\/\/secure.gravatar.com\/avatar\/c7850e06d3ff63cdbaee88b7fc16e2f0?s=96&d=mm&r=g","caption":"Damien Dellerba"},"url":"https:\/\/www.ladiagonale.net\/index.php\/author\/damien\/"}]}},"_links":{"self":[{"href":"https:\/\/www.ladiagonale.net\/index.php\/wp-json\/wp\/v2\/posts\/30403"}],"collection":[{"href":"https:\/\/www.ladiagonale.net\/index.php\/wp-json\/wp\/v2\/posts"}],"about":[{"href":"https:\/\/www.ladiagonale.net\/index.php\/wp-json\/wp\/v2\/types\/post"}],"author":[{"embeddable":true,"href":"https:\/\/www.ladiagonale.net\/index.php\/wp-json\/wp\/v2\/users\/2"}],"replies":[{"embeddable":true,"href":"https:\/\/www.ladiagonale.net\/index.php\/wp-json\/wp\/v2\/comments?post=30403"}],"version-history":[{"count":2,"href":"https:\/\/www.ladiagonale.net\/index.php\/wp-json\/wp\/v2\/posts\/30403\/revisions"}],"predecessor-version":[{"id":30407,"href":"https:\/\/www.ladiagonale.net\/index.php\/wp-json\/wp\/v2\/posts\/30403\/revisions\/30407"}],"wp:attachment":[{"href":"https:\/\/www.ladiagonale.net\/index.php\/wp-json\/wp\/v2\/media?parent=30403"}],"wp:term":[{"taxonomy":"category","embeddable":true,"href":"https:\/\/www.ladiagonale.net\/index.php\/wp-json\/wp\/v2\/categories?post=30403"},{"taxonomy":"post_tag","embeddable":true,"href":"https:\/\/www.ladiagonale.net\/index.php\/wp-json\/wp\/v2\/tags?post=30403"}],"curies":[{"name":"wp","href":"https:\/\/api.w.org\/{rel}","templated":true}]}}