{"id":30419,"date":"2025-03-18T20:20:07","date_gmt":"2025-03-18T19:20:07","guid":{"rendered":"https:\/\/www.ladiagonale.net\/?p=30419"},"modified":"2025-03-18T20:47:57","modified_gmt":"2025-03-18T19:47:57","slug":"officiel-nibombe-prolonge","status":"publish","type":"post","link":"https:\/\/www.ladiagonale.net\/index.php\/2025\/03\/18\/officiel-nibombe-prolonge\/","title":{"rendered":"Officiel : Nibomb\u00e9 prolong\u00e9"},"content":{"rendered":"\n<p>L\u2019AS Monaco a profit\u00e9 de la tr\u00eave internationale pour annoncer la prolongation de contrat du d\u00e9fenseur central Samuel Nibomb\u00e9. \u00c2g\u00e9 de 17 ans, l\u2019ancien du Sporting Charleroi a \u00e9tendu son bail pour une saison avec le club de la Principaut\u00e9, jusqu\u2019en juin 2027. Arriv\u00e9 \u00e0 l\u2019\u00e9t\u00e9 2023, il a \u00e9t\u00e9 rapidement surclass\u00e9, \u00e9voluant en U19 et avec le Groupe \u00c9lite. Cette saison, il a disput\u00e9 24 rencontres et inscrit six buts, toutes cat\u00e9gories confondues. Il a notamment jou\u00e9 six rencontres sur sept de <em>Youth League<\/em>.<\/p>\n\n\n\n<p>Durant la tr\u00eave, il va rejoindre pour la premi\u00e8re fois le rassemblement des U19 belges pour y disputer le Tour \u00c9lite en Serbie, derni\u00e8re \u00e9tape qualificative pour l\u2019Euro U19. Du 19 au 25 mars, il affrontera la Norv\u00e8ge, la Serbie et Isra\u00ebl.<\/p>\n\n\n","protected":false},"excerpt":{"rendered":"<p>L\u2019AS Monaco a profit\u00e9 de la tr\u00eave internationale pour annoncer la prolongation de contrat du d\u00e9fenseur central Samuel Nibomb\u00e9. \u00c2g\u00e9 de 17 ans, l\u2019ancien du Sporting Charleroi a \u00e9tendu son bail pour une saison avec le club de la Principaut\u00e9, jusqu\u2019en juin 2027. Arriv\u00e9 \u00e0 l\u2019\u00e9t\u00e9 2023, il a \u00e9t\u00e9 rapidement surclass\u00e9, \u00e9voluant en U19 [&#8230;]\n","protected":false},"author":2,"featured_media":0,"comment_status":"open","ping_status":"open","sticky":false,"template":"","format":"standard","meta":[],"categories":[4,6],"tags":[76,86,186,685],"yoast_head":"<!-- This site is optimized with the Yoast SEO plugin v19.8 - https:\/\/yoast.com\/wordpress\/plugins\/seo\/ -->\n<title>Officiel : Nibomb\u00e9 prolong\u00e9 - La Diagonale<\/title>\n<meta name=\"robots\" content=\"index, follow, max-snippet:-1, max-image-preview:large, max-video-preview:-1\" \/>\n<link rel=\"canonical\" href=\"https:\/\/www.ladiagonale.net\/index.php\/2025\/03\/18\/officiel-nibombe-prolonge\/\" \/>\n<meta property=\"og:locale\" content=\"fr_FR\" \/>\n<meta property=\"og:type\" content=\"article\" \/>\n<meta property=\"og:title\" content=\"Officiel : Nibomb\u00e9 prolong\u00e9 - La Diagonale\" \/>\n<meta property=\"og:description\" content=\"L\u2019AS Monaco a profit\u00e9 de la tr\u00eave internationale pour annoncer la prolongation de contrat du d\u00e9fenseur central Samuel Nibomb\u00e9. \u00c2g\u00e9 de 17 ans, l\u2019ancien du Sporting Charleroi a \u00e9tendu son bail pour une saison avec le club de la Principaut\u00e9, jusqu\u2019en juin 2027. Arriv\u00e9 \u00e0 l\u2019\u00e9t\u00e9 2023, il a \u00e9t\u00e9 rapidement surclass\u00e9, \u00e9voluant en U19 [...]\" \/>\n<meta property=\"og:url\" content=\"https:\/\/www.ladiagonale.net\/index.php\/2025\/03\/18\/officiel-nibombe-prolonge\/\" \/>\n<meta property=\"og:site_name\" content=\"La Diagonale\" \/>\n<meta property=\"article:published_time\" content=\"2025-03-18T19:20:07+00:00\" \/>\n<meta property=\"article:modified_time\" content=\"2025-03-18T19:47:57+00:00\" \/>\n<meta property=\"og:image\" content=\"https:\/\/www.ladiagonale.net\/wp-content\/uploads\/2024\/06\/Nibombe.png\" \/>\n\t<meta property=\"og:image:width\" content=\"1160\" \/>\n\t<meta property=\"og:image:height\" content=\"650\" \/>\n\t<meta property=\"og:image:type\" content=\"image\/png\" \/>\n<meta name=\"author\" content=\"Damien Dellerba\" \/>\n<meta name=\"twitter:card\" content=\"summary_large_image\" \/>\n<meta name=\"twitter:image\" content=\"https:\/\/www.ladiagonale.net\/wp-content\/uploads\/2024\/06\/Nibombe.png\" \/>\n<meta name=\"twitter:label1\" content=\"\u00c9crit par\" \/>\n\t<meta name=\"twitter:data1\" content=\"Damien Dellerba\" \/>\n\t<meta name=\"twitter:label2\" content=\"Dur\u00e9e de lecture estim\u00e9e\" \/>\n\t<meta name=\"twitter:data2\" content=\"1 minute\" \/>\n<script type=\"application\/ld+json\" class=\"yoast-schema-graph\">{\"@context\":\"https:\/\/schema.org\",\"@graph\":[{\"@type\":\"WebPage\",\"@id\":\"https:\/\/www.ladiagonale.net\/index.php\/2025\/03\/18\/officiel-nibombe-prolonge\/\",\"url\":\"https:\/\/www.ladiagonale.net\/index.php\/2025\/03\/18\/officiel-nibombe-prolonge\/\",\"name\":\"Officiel : Nibomb\u00e9 prolong\u00e9 - La Diagonale\",\"isPartOf\":{\"@id\":\"https:\/\/www.ladiagonale.net\/#website\"},\"datePublished\":\"2025-03-18T19:20:07+00:00\",\"dateModified\":\"2025-03-18T19:47:57+00:00\",\"author\":{\"@id\":\"https:\/\/www.ladiagonale.net\/#\/schema\/person\/79ff1e7b0853ed01b2aa26e64ad300bf\"},\"breadcrumb\":{\"@id\":\"https:\/\/www.ladiagonale.net\/index.php\/2025\/03\/18\/officiel-nibombe-prolonge\/#breadcrumb\"},\"inLanguage\":\"fr-FR\",\"potentialAction\":[{\"@type\":\"ReadAction\",\"target\":[\"https:\/\/www.ladiagonale.net\/index.php\/2025\/03\/18\/officiel-nibombe-prolonge\/\"]}]},{\"@type\":\"BreadcrumbList\",\"@id\":\"https:\/\/www.ladiagonale.net\/index.php\/2025\/03\/18\/officiel-nibombe-prolonge\/#breadcrumb\",\"itemListElement\":[{\"@type\":\"ListItem\",\"position\":1,\"name\":\"Accueil\",\"item\":\"https:\/\/www.ladiagonale.net\/\"},{\"@type\":\"ListItem\",\"position\":2,\"name\":\"Officiel : Nibomb\u00e9 prolong\u00e9\"}]},{\"@type\":\"WebSite\",\"@id\":\"https:\/\/www.ladiagonale.net\/#website\",\"url\":\"https:\/\/www.ladiagonale.net\/\",\"name\":\"La Diagonale\",\"description\":\"Le site des supporters de l&#039;AS Monaco FC\",\"potentialAction\":[{\"@type\":\"SearchAction\",\"target\":{\"@type\":\"EntryPoint\",\"urlTemplate\":\"https:\/\/www.ladiagonale.net\/?s={search_term_string}\"},\"query-input\":\"required name=search_term_string\"}],\"inLanguage\":\"fr-FR\"},{\"@type\":\"Person\",\"@id\":\"https:\/\/www.ladiagonale.net\/#\/schema\/person\/79ff1e7b0853ed01b2aa26e64ad300bf\",\"name\":\"Damien Dellerba\",\"image\":{\"@type\":\"ImageObject\",\"inLanguage\":\"fr-FR\",\"@id\":\"https:\/\/www.ladiagonale.net\/#\/schema\/person\/image\/\",\"url\":\"https:\/\/secure.gravatar.com\/avatar\/c7850e06d3ff63cdbaee88b7fc16e2f0?s=96&d=mm&r=g\",\"contentUrl\":\"https:\/\/secure.gravatar.com\/avatar\/c7850e06d3ff63cdbaee88b7fc16e2f0?s=96&d=mm&r=g\",\"caption\":\"Damien Dellerba\"},\"url\":\"https:\/\/www.ladiagonale.net\/index.php\/author\/damien\/\"}]}<\/script>\n<!-- \/ Yoast SEO plugin. -->","yoast_head_json":{"title":"Officiel : Nibomb\u00e9 prolong\u00e9 - La Diagonale","robots":{"index":"index","follow":"follow","max-snippet":"max-snippet:-1","max-image-preview":"max-image-preview:large","max-video-preview":"max-video-preview:-1"},"canonical":"https:\/\/www.ladiagonale.net\/index.php\/2025\/03\/18\/officiel-nibombe-prolonge\/","og_locale":"fr_FR","og_type":"article","og_title":"Officiel : Nibomb\u00e9 prolong\u00e9 - La Diagonale","og_description":"L\u2019AS Monaco a profit\u00e9 de la tr\u00eave internationale pour annoncer la prolongation de contrat du d\u00e9fenseur central Samuel Nibomb\u00e9. \u00c2g\u00e9 de 17 ans, l\u2019ancien du Sporting Charleroi a \u00e9tendu son bail pour une saison avec le club de la Principaut\u00e9, jusqu\u2019en juin 2027. Arriv\u00e9 \u00e0 l\u2019\u00e9t\u00e9 2023, il a \u00e9t\u00e9 rapidement surclass\u00e9, \u00e9voluant en U19 [...]","og_url":"https:\/\/www.ladiagonale.net\/index.php\/2025\/03\/18\/officiel-nibombe-prolonge\/","og_site_name":"La Diagonale","article_published_time":"2025-03-18T19:20:07+00:00","article_modified_time":"2025-03-18T19:47:57+00:00","og_image":[{"width":1160,"height":650,"url":"https:\/\/www.ladiagonale.net\/wp-content\/uploads\/2024\/06\/Nibombe.png","type":"image\/png"}],"author":"Damien Dellerba","twitter_card":"summary_large_image","twitter_image":"https:\/\/www.ladiagonale.net\/wp-content\/uploads\/2024\/06\/Nibombe.png","twitter_misc":{"\u00c9crit par":"Damien Dellerba","Dur\u00e9e de lecture estim\u00e9e":"1 minute"},"schema":{"@context":"https:\/\/schema.org","@graph":[{"@type":"WebPage","@id":"https:\/\/www.ladiagonale.net\/index.php\/2025\/03\/18\/officiel-nibombe-prolonge\/","url":"https:\/\/www.ladiagonale.net\/index.php\/2025\/03\/18\/officiel-nibombe-prolonge\/","name":"Officiel : Nibomb\u00e9 prolong\u00e9 - La Diagonale","isPartOf":{"@id":"https:\/\/www.ladiagonale.net\/#website"},"datePublished":"2025-03-18T19:20:07+00:00","dateModified":"2025-03-18T19:47:57+00:00","author":{"@id":"https:\/\/www.ladiagonale.net\/#\/schema\/person\/79ff1e7b0853ed01b2aa26e64ad300bf"},"breadcrumb":{"@id":"https:\/\/www.ladiagonale.net\/index.php\/2025\/03\/18\/officiel-nibombe-prolonge\/#breadcrumb"},"inLanguage":"fr-FR","potentialAction":[{"@type":"ReadAction","target":["https:\/\/www.ladiagonale.net\/index.php\/2025\/03\/18\/officiel-nibombe-prolonge\/"]}]},{"@type":"BreadcrumbList","@id":"https:\/\/www.ladiagonale.net\/index.php\/2025\/03\/18\/officiel-nibombe-prolonge\/#breadcrumb","itemListElement":[{"@type":"ListItem","position":1,"name":"Accueil","item":"https:\/\/www.ladiagonale.net\/"},{"@type":"ListItem","position":2,"name":"Officiel : Nibomb\u00e9 prolong\u00e9"}]},{"@type":"WebSite","@id":"https:\/\/www.ladiagonale.net\/#website","url":"https:\/\/www.ladiagonale.net\/","name":"La Diagonale","description":"Le site des supporters de l&#039;AS Monaco FC","potentialAction":[{"@type":"SearchAction","target":{"@type":"EntryPoint","urlTemplate":"https:\/\/www.ladiagonale.net\/?s={search_term_string}"},"query-input":"required name=search_term_string"}],"inLanguage":"fr-FR"},{"@type":"Person","@id":"https:\/\/www.ladiagonale.net\/#\/schema\/person\/79ff1e7b0853ed01b2aa26e64ad300bf","name":"Damien Dellerba","image":{"@type":"ImageObject","inLanguage":"fr-FR","@id":"https:\/\/www.ladiagonale.net\/#\/schema\/person\/image\/","url":"https:\/\/secure.gravatar.com\/avatar\/c7850e06d3ff63cdbaee88b7fc16e2f0?s=96&d=mm&r=g","contentUrl":"https:\/\/secure.gravatar.com\/avatar\/c7850e06d3ff63cdbaee88b7fc16e2f0?s=96&d=mm&r=g","caption":"Damien Dellerba"},"url":"https:\/\/www.ladiagonale.net\/index.php\/author\/damien\/"}]}},"_links":{"self":[{"href":"https:\/\/www.ladiagonale.net\/index.php\/wp-json\/wp\/v2\/posts\/30419"}],"collection":[{"href":"https:\/\/www.ladiagonale.net\/index.php\/wp-json\/wp\/v2\/posts"}],"about":[{"href":"https:\/\/www.ladiagonale.net\/index.php\/wp-json\/wp\/v2\/types\/post"}],"author":[{"embeddable":true,"href":"https:\/\/www.ladiagonale.net\/index.php\/wp-json\/wp\/v2\/users\/2"}],"replies":[{"embeddable":true,"href":"https:\/\/www.ladiagonale.net\/index.php\/wp-json\/wp\/v2\/comments?post=30419"}],"version-history":[{"count":3,"href":"https:\/\/www.ladiagonale.net\/index.php\/wp-json\/wp\/v2\/posts\/30419\/revisions"}],"predecessor-version":[{"id":30422,"href":"https:\/\/www.ladiagonale.net\/index.php\/wp-json\/wp\/v2\/posts\/30419\/revisions\/30422"}],"wp:attachment":[{"href":"https:\/\/www.ladiagonale.net\/index.php\/wp-json\/wp\/v2\/media?parent=30419"}],"wp:term":[{"taxonomy":"category","embeddable":true,"href":"https:\/\/www.ladiagonale.net\/index.php\/wp-json\/wp\/v2\/categories?post=30419"},{"taxonomy":"post_tag","embeddable":true,"href":"https:\/\/www.ladiagonale.net\/index.php\/wp-json\/wp\/v2\/tags?post=30419"}],"curies":[{"name":"wp","href":"https:\/\/api.w.org\/{rel}","templated":true}]}}