{"id":30423,"date":"2025-03-19T13:55:44","date_gmt":"2025-03-19T12:55:44","guid":{"rendered":"https:\/\/www.ladiagonale.net\/?p=30423"},"modified":"2025-03-26T15:06:53","modified_gmt":"2025-03-26T14:06:53","slug":"le-calendrier-des-internationaux-2","status":"publish","type":"post","link":"https:\/\/www.ladiagonale.net\/index.php\/2025\/03\/19\/le-calendrier-des-internationaux-2\/","title":{"rendered":"Les r\u00e9sultats des internationaux"},"content":{"rendered":"\n\n\n<p>C&rsquo;est le d\u00e9but de la tr\u00eave internationale et pour de nombreux Mon\u00e9gasques, elle sera marqu\u00e9e par les \u00e9liminatoires de la Coupe du monde 2026. Elle concernera notamment la zone Afrique, Am\u00e9rique du Sud et Asie, ce qui fait sept joueurs impliqu\u00e9s. <\/p>\n\n\n\n<p>Mika Biereth disputera quant \u00e0 lui un quart de finale de Ligue des nations contre le Portugal et pourrait donc conna\u00eetre sa toute premi\u00e8re s\u00e9lection avec le Danemark. <\/p>\n\n\n\n<p>Chez les jeunes, il y aura aussi de l&rsquo;enjeu avec le Tour \u00c9lite U19 pour aller chercher une qualification pour l&rsquo;Euro.<\/p>\n\n\n\n<h2 class=\"has-white-color has-text-color has-background\" style=\"background-color:#c00501\">\u00c9quipe premi\u00e8re<\/h2>\n\n\n\n<h3>\u00c9liminatoires de la Coupe du monde 2026<\/h3>\n\n\n\n<p>\ud83c\uddf2\ud83c\udde6 Maroc : <strong>Eliesse Ben Seghir<\/strong><\/p>\n\n\n\n<p>21 mars : Niger 1-2 Maroc (titulaire, 56 minutes)<br>25 mars : Maroc 2-0 Tanzanie (rempla\u00e7ant, 19 minutes)<\/p>\n\n\n\n<p>\ud83c\udde8\ud83c\uddee C\u00f4te d\u2019Ivoire : <strong>Wilfried Singo<\/strong><\/p>\n\n\n\n<p>21 mars : Burundi 0-1 C\u00f4te d&rsquo;Ivoire (titulaire, 90 minutes)<br>24 mars : C\u00f4te d&rsquo;Ivoire 1-0 Gambie (titulaire, 90 minutes)<\/p>\n\n\n\n<p>\ud83c\uddf8\ud83c\uddf3 S\u00e9n\u00e9gal : <strong>Lamine Camara, Kr\u00e9pin Diatta<\/strong><\/p>\n\n\n\n<p>22 mars : Soudan 0-0 S\u00e9n\u00e9gal (Camara : titulaire, 67 minutes de jeu ; Diatta : titulaire, 90 minutes)<br>25 mars : S\u00e9n\u00e9gal 2-0 Togo (Camara : titulaire, 84 minutes de jeu ; Diatta : titulaire, 90 minutes)<\/p>\n\n\n\n<p>\ud83c\uddec\ud83c\udded Ghana : <strong>Mohammed Salisu<\/strong><\/p>\n\n\n\n<p>21 mars : Ghana 5-0 Tchad (titulaire, 80 minutes, 1 but)<br>24 mars : Madagascar 0-3 Ghana (titulaire, 90 minutes)<\/p>\n\n\n\n<p>\ud83c\uddef\ud83c\uddf5 Japon : <strong>Takumi Minamino<\/strong><\/p>\n\n\n\n<p>20 mars : Japon 2-0 Bahre\u00efn (titulaire, 63 minutes)<br>25 mars : Japon 0-0 Arabie saoudite (rempla\u00e7ant, 7 minutes)<\/p>\n\n\n\n<p>\ud83c\udde7\ud83c\uddf7 Br\u00e9sil : <strong>Vanderson<\/strong><\/p>\n\n\n\n<p>21 mars : Br\u00e9sil 2-1 Colombie (titulaire, 79 minutes)<br>26 mars : Argentine 4-1 Br\u00e9sil (rempla\u00e7ant)<\/p>\n\n\n\n<h3>Ligue des nations<\/h3>\n\n\n\n<p>\ud83c\udde9\ud83c\uddf0 Danemark : <strong>Mika Biereth<\/strong><\/p>\n\n\n\n<p>20 mars : Danemark 1-0 Portugal (titulaire, 69 minutes)<br>23 mars : Portugal 5-2 Danemark (rempla\u00e7ant, 47 minutes)<\/p>\n\n\n\n<h3>Amicaux<\/h3>\n\n\n\n<p>\ud83c\udde8\ud83c\udded Suisse : <strong>Breel Embolo, Denis Zakaria<\/strong><\/p>\n\n\n\n<p>21 mars : Irlande du Nord 1-1 Suisse (Embolo : titulaire, 60 minutes, capitaine ; Zakaria : titulaire, 90 minutes, un avertissement)<br>25 mars : Suisse 3-1 Luxembourg (Embolo : titulaire, 90 minutes, un but ; Zakaria : rempla\u00e7ant, 45 minutes)<\/p>\n\n\n\n<p>\ud83c\uddeb\ud83c\uddf7 France Espoirs : <strong>Maghnes Akliouche<\/strong><\/p>\n\n\n\n<p>21 mars : France 5-3 Angleterre (titulaire, 80 minutes)<br>24 mars : Slovaquie 0-4 France (rempla\u00e7ant : 14 minutes)<\/p>\n\n\n\n<h2 class=\"has-white-color has-text-color has-background\" style=\"background-color:#c00501\">Academy<\/h2>\n\n\n\n<h3>Tour \u00c9lite U19<\/h3>\n\n\n\n<p>\ud83c\uddeb\ud83c\uddf7 France U19 : <strong>Aladji Bamba, Bradel Kiwa<\/strong><\/p>\n\n\n\n<p>19 mars : Espagne 2-1 France (Bamba : titulaire, 66 minutes ; Kiwa : rempla\u00e7ant)<br>22 mars : France 2-1 Lettonie (Kiwa : titulaire, 90 minutes, un avertissement ; Bamba : rempla\u00e7ant, 8 minutes)<br>25 mars : Italie 2-0 France (Bamba : titulaire, 70 minutes ; Kiwa : rempla\u00e7ant)<\/p>\n\n\n\n<p>\ud83c\udde7\ud83c\uddea Belgique U19 : <strong>Samuel Nibomb\u00e9<\/strong><\/p>\n\n\n\n<p>19 mars : Norv\u00e8ge 2-0 Belgique (rempla\u00e7ant, 15 minutes)<br>22 mars : Serbie 1-1 Belgique (titulaire, 90 minutes)<br>25 mars : Belgique 3-2 Isra\u00ebl (titulaire, 90 minutes)<\/p>\n\n\n\n<h3>Amicaux<\/h3>\n\n\n\n<p>\ud83c\uddeb\ud83c\uddf7 France U20 : <strong>Sa\u00efmon Bouabr\u00e9, Lucas Michal, Mayssam Benama<\/strong><\/p>\n\n\n\n<p>20 mars : France 1-3 Japon<br>24 mars : France 1-0 Mexique (Michal : titulaire, 1 but)<\/p>\n\n\n\n<p>\ud83c\uddf2\ud83c\udde6 Maroc U20 : <strong>Yanis Benchaouch<\/strong><\/p>\n\n\n\n<p>20 mars : Maroc 2-1 Ghana (titulaire, 90 minutes)<br>22 mars : Maroc 1-0 Sierra Leone (rempla\u00e7ant)<br>24 mars : Maroc 4-1 Ghana (rempla\u00e7ant)<\/p>\n\n\n\n<p>\ud83c\udde8\ud83c\uddee C\u00f4te d&rsquo;Ivoire U20 : <strong>Valy Konat\u00e9<\/strong><\/p>\n\n\n\n<p>20 mars : C\u00f4te d&rsquo;Ivoire 2-1 Lib\u00e9ria<br>23 mars : C\u00f4te d&rsquo;Ivoire 6-1 Lib\u00e9ria<\/p>\n\n\n\n<p>\ud83c\udde8\ud83c\uddedSuisse U18 : <strong>Sirak Bein<\/strong><\/p>\n\n\n\n<p>19 mars : Turquie 0-0 Suisse (titulaire, 77 minutes)<br>22 mars : Suisse 2-2 Croatie (rempla\u00e7ant, 14 minutes)<br>25 mars : Roumanie 1-3 Suisse (rempla\u00e7ant, 36 minutes)<\/p>\n\n\n\n<p><strong>Tournoi international amical de Porto<\/strong><\/p>\n\n\n\n<p>\ud83c\uddeb\ud83c\uddf7 France U18 : <strong>Jules Stawiecki, Pape Cabral<\/strong><\/p>\n\n\n\n<p>20 mars : Portugal 4-0 France (Stawiecki : titulaire, 90 minutes, 1 avertissement ; Cabral : rempla\u00e7ant)<br>22 mars : France 2-2 Angleterre (Stawiecki : rempla\u00e7ant ; Cabral : titulaire, capitaine, 90 minutes)<br>25 mars : R\u00e9p. tch\u00e8que 4-1 France (Stawiecki : titulaire, 90 minutes ; Cabral : titulaire, capitaine, 65 minutes, 1 but)<\/p>\n","protected":false},"excerpt":{"rendered":"<p>C&rsquo;est le d\u00e9but de la tr\u00eave internationale et pour de nombreux Mon\u00e9gasques, elle sera marqu\u00e9e par les \u00e9liminatoires de la Coupe du monde 2026. Elle concernera notamment la zone Afrique, Am\u00e9rique du Sud et Asie, ce qui fait sept joueurs impliqu\u00e9s. Mika Biereth disputera quant \u00e0 lui un quart de finale de Ligue des nations [&#8230;]\n","protected":false},"author":2,"featured_media":30530,"comment_status":"open","ping_status":"open","sticky":false,"template":"","format":"standard","meta":[],"categories":[5,6],"tags":[86,116],"yoast_head":"<!-- This site is optimized with the Yoast SEO plugin v19.8 - https:\/\/yoast.com\/wordpress\/plugins\/seo\/ -->\n<title>Les r\u00e9sultats des internationaux - La Diagonale<\/title>\n<meta name=\"robots\" content=\"index, follow, max-snippet:-1, max-image-preview:large, max-video-preview:-1\" \/>\n<link rel=\"canonical\" href=\"https:\/\/www.ladiagonale.net\/index.php\/2025\/03\/19\/le-calendrier-des-internationaux-2\/\" \/>\n<meta property=\"og:locale\" content=\"fr_FR\" \/>\n<meta property=\"og:type\" content=\"article\" \/>\n<meta property=\"og:title\" content=\"Les r\u00e9sultats des internationaux - La Diagonale\" \/>\n<meta property=\"og:description\" content=\"C&rsquo;est le d\u00e9but de la tr\u00eave internationale et pour de nombreux Mon\u00e9gasques, elle sera marqu\u00e9e par les \u00e9liminatoires de la Coupe du monde 2026. Elle concernera notamment la zone Afrique, Am\u00e9rique du Sud et Asie, ce qui fait sept joueurs impliqu\u00e9s. Mika Biereth disputera quant \u00e0 lui un quart de finale de Ligue des nations [...]\" \/>\n<meta property=\"og:url\" content=\"https:\/\/www.ladiagonale.net\/index.php\/2025\/03\/19\/le-calendrier-des-internationaux-2\/\" \/>\n<meta property=\"og:site_name\" content=\"La Diagonale\" \/>\n<meta property=\"article:published_time\" content=\"2025-03-19T12:55:44+00:00\" \/>\n<meta property=\"article:modified_time\" content=\"2025-03-26T14:06:53+00:00\" \/>\n<meta property=\"og:image\" content=\"https:\/\/www.ladiagonale.net\/wp-content\/uploads\/2025\/03\/Biereth-danemark.png\" \/>\n\t<meta property=\"og:image:width\" content=\"1160\" \/>\n\t<meta property=\"og:image:height\" content=\"650\" \/>\n\t<meta property=\"og:image:type\" content=\"image\/png\" \/>\n<meta name=\"author\" content=\"Damien Dellerba\" \/>\n<meta name=\"twitter:card\" content=\"summary_large_image\" \/>\n<meta name=\"twitter:image\" content=\"https:\/\/www.ladiagonale.net\/wp-content\/uploads\/2025\/03\/Biereth-danemark.png\" \/>\n<meta name=\"twitter:label1\" content=\"\u00c9crit par\" \/>\n\t<meta name=\"twitter:data1\" content=\"Damien Dellerba\" \/>\n\t<meta name=\"twitter:label2\" content=\"Dur\u00e9e de lecture estim\u00e9e\" \/>\n\t<meta name=\"twitter:data2\" content=\"3 minutes\" \/>\n<script type=\"application\/ld+json\" class=\"yoast-schema-graph\">{\"@context\":\"https:\/\/schema.org\",\"@graph\":[{\"@type\":\"WebPage\",\"@id\":\"https:\/\/www.ladiagonale.net\/index.php\/2025\/03\/19\/le-calendrier-des-internationaux-2\/\",\"url\":\"https:\/\/www.ladiagonale.net\/index.php\/2025\/03\/19\/le-calendrier-des-internationaux-2\/\",\"name\":\"Les r\u00e9sultats des internationaux - La Diagonale\",\"isPartOf\":{\"@id\":\"https:\/\/www.ladiagonale.net\/#website\"},\"datePublished\":\"2025-03-19T12:55:44+00:00\",\"dateModified\":\"2025-03-26T14:06:53+00:00\",\"author\":{\"@id\":\"https:\/\/www.ladiagonale.net\/#\/schema\/person\/79ff1e7b0853ed01b2aa26e64ad300bf\"},\"breadcrumb\":{\"@id\":\"https:\/\/www.ladiagonale.net\/index.php\/2025\/03\/19\/le-calendrier-des-internationaux-2\/#breadcrumb\"},\"inLanguage\":\"fr-FR\",\"potentialAction\":[{\"@type\":\"ReadAction\",\"target\":[\"https:\/\/www.ladiagonale.net\/index.php\/2025\/03\/19\/le-calendrier-des-internationaux-2\/\"]}]},{\"@type\":\"BreadcrumbList\",\"@id\":\"https:\/\/www.ladiagonale.net\/index.php\/2025\/03\/19\/le-calendrier-des-internationaux-2\/#breadcrumb\",\"itemListElement\":[{\"@type\":\"ListItem\",\"position\":1,\"name\":\"Accueil\",\"item\":\"https:\/\/www.ladiagonale.net\/\"},{\"@type\":\"ListItem\",\"position\":2,\"name\":\"Les r\u00e9sultats des internationaux\"}]},{\"@type\":\"WebSite\",\"@id\":\"https:\/\/www.ladiagonale.net\/#website\",\"url\":\"https:\/\/www.ladiagonale.net\/\",\"name\":\"La Diagonale\",\"description\":\"Le site des supporters de l&#039;AS Monaco FC\",\"potentialAction\":[{\"@type\":\"SearchAction\",\"target\":{\"@type\":\"EntryPoint\",\"urlTemplate\":\"https:\/\/www.ladiagonale.net\/?s={search_term_string}\"},\"query-input\":\"required name=search_term_string\"}],\"inLanguage\":\"fr-FR\"},{\"@type\":\"Person\",\"@id\":\"https:\/\/www.ladiagonale.net\/#\/schema\/person\/79ff1e7b0853ed01b2aa26e64ad300bf\",\"name\":\"Damien Dellerba\",\"image\":{\"@type\":\"ImageObject\",\"inLanguage\":\"fr-FR\",\"@id\":\"https:\/\/www.ladiagonale.net\/#\/schema\/person\/image\/\",\"url\":\"https:\/\/secure.gravatar.com\/avatar\/c7850e06d3ff63cdbaee88b7fc16e2f0?s=96&d=mm&r=g\",\"contentUrl\":\"https:\/\/secure.gravatar.com\/avatar\/c7850e06d3ff63cdbaee88b7fc16e2f0?s=96&d=mm&r=g\",\"caption\":\"Damien Dellerba\"},\"url\":\"https:\/\/www.ladiagonale.net\/index.php\/author\/damien\/\"}]}<\/script>\n<!-- \/ Yoast SEO plugin. -->","yoast_head_json":{"title":"Les r\u00e9sultats des internationaux - La Diagonale","robots":{"index":"index","follow":"follow","max-snippet":"max-snippet:-1","max-image-preview":"max-image-preview:large","max-video-preview":"max-video-preview:-1"},"canonical":"https:\/\/www.ladiagonale.net\/index.php\/2025\/03\/19\/le-calendrier-des-internationaux-2\/","og_locale":"fr_FR","og_type":"article","og_title":"Les r\u00e9sultats des internationaux - La Diagonale","og_description":"C&rsquo;est le d\u00e9but de la tr\u00eave internationale et pour de nombreux Mon\u00e9gasques, elle sera marqu\u00e9e par les \u00e9liminatoires de la Coupe du monde 2026. Elle concernera notamment la zone Afrique, Am\u00e9rique du Sud et Asie, ce qui fait sept joueurs impliqu\u00e9s. Mika Biereth disputera quant \u00e0 lui un quart de finale de Ligue des nations [...]","og_url":"https:\/\/www.ladiagonale.net\/index.php\/2025\/03\/19\/le-calendrier-des-internationaux-2\/","og_site_name":"La Diagonale","article_published_time":"2025-03-19T12:55:44+00:00","article_modified_time":"2025-03-26T14:06:53+00:00","og_image":[{"width":1160,"height":650,"url":"https:\/\/www.ladiagonale.net\/wp-content\/uploads\/2025\/03\/Biereth-danemark.png","type":"image\/png"}],"author":"Damien Dellerba","twitter_card":"summary_large_image","twitter_image":"https:\/\/www.ladiagonale.net\/wp-content\/uploads\/2025\/03\/Biereth-danemark.png","twitter_misc":{"\u00c9crit par":"Damien Dellerba","Dur\u00e9e de lecture estim\u00e9e":"3 minutes"},"schema":{"@context":"https:\/\/schema.org","@graph":[{"@type":"WebPage","@id":"https:\/\/www.ladiagonale.net\/index.php\/2025\/03\/19\/le-calendrier-des-internationaux-2\/","url":"https:\/\/www.ladiagonale.net\/index.php\/2025\/03\/19\/le-calendrier-des-internationaux-2\/","name":"Les r\u00e9sultats des internationaux - La Diagonale","isPartOf":{"@id":"https:\/\/www.ladiagonale.net\/#website"},"datePublished":"2025-03-19T12:55:44+00:00","dateModified":"2025-03-26T14:06:53+00:00","author":{"@id":"https:\/\/www.ladiagonale.net\/#\/schema\/person\/79ff1e7b0853ed01b2aa26e64ad300bf"},"breadcrumb":{"@id":"https:\/\/www.ladiagonale.net\/index.php\/2025\/03\/19\/le-calendrier-des-internationaux-2\/#breadcrumb"},"inLanguage":"fr-FR","potentialAction":[{"@type":"ReadAction","target":["https:\/\/www.ladiagonale.net\/index.php\/2025\/03\/19\/le-calendrier-des-internationaux-2\/"]}]},{"@type":"BreadcrumbList","@id":"https:\/\/www.ladiagonale.net\/index.php\/2025\/03\/19\/le-calendrier-des-internationaux-2\/#breadcrumb","itemListElement":[{"@type":"ListItem","position":1,"name":"Accueil","item":"https:\/\/www.ladiagonale.net\/"},{"@type":"ListItem","position":2,"name":"Les r\u00e9sultats des internationaux"}]},{"@type":"WebSite","@id":"https:\/\/www.ladiagonale.net\/#website","url":"https:\/\/www.ladiagonale.net\/","name":"La Diagonale","description":"Le site des supporters de l&#039;AS Monaco FC","potentialAction":[{"@type":"SearchAction","target":{"@type":"EntryPoint","urlTemplate":"https:\/\/www.ladiagonale.net\/?s={search_term_string}"},"query-input":"required name=search_term_string"}],"inLanguage":"fr-FR"},{"@type":"Person","@id":"https:\/\/www.ladiagonale.net\/#\/schema\/person\/79ff1e7b0853ed01b2aa26e64ad300bf","name":"Damien Dellerba","image":{"@type":"ImageObject","inLanguage":"fr-FR","@id":"https:\/\/www.ladiagonale.net\/#\/schema\/person\/image\/","url":"https:\/\/secure.gravatar.com\/avatar\/c7850e06d3ff63cdbaee88b7fc16e2f0?s=96&d=mm&r=g","contentUrl":"https:\/\/secure.gravatar.com\/avatar\/c7850e06d3ff63cdbaee88b7fc16e2f0?s=96&d=mm&r=g","caption":"Damien Dellerba"},"url":"https:\/\/www.ladiagonale.net\/index.php\/author\/damien\/"}]}},"_links":{"self":[{"href":"https:\/\/www.ladiagonale.net\/index.php\/wp-json\/wp\/v2\/posts\/30423"}],"collection":[{"href":"https:\/\/www.ladiagonale.net\/index.php\/wp-json\/wp\/v2\/posts"}],"about":[{"href":"https:\/\/www.ladiagonale.net\/index.php\/wp-json\/wp\/v2\/types\/post"}],"author":[{"embeddable":true,"href":"https:\/\/www.ladiagonale.net\/index.php\/wp-json\/wp\/v2\/users\/2"}],"replies":[{"embeddable":true,"href":"https:\/\/www.ladiagonale.net\/index.php\/wp-json\/wp\/v2\/comments?post=30423"}],"version-history":[{"count":28,"href":"https:\/\/www.ladiagonale.net\/index.php\/wp-json\/wp\/v2\/posts\/30423\/revisions"}],"predecessor-version":[{"id":30609,"href":"https:\/\/www.ladiagonale.net\/index.php\/wp-json\/wp\/v2\/posts\/30423\/revisions\/30609"}],"wp:featuredmedia":[{"embeddable":true,"href":"https:\/\/www.ladiagonale.net\/index.php\/wp-json\/wp\/v2\/media\/30530"}],"wp:attachment":[{"href":"https:\/\/www.ladiagonale.net\/index.php\/wp-json\/wp\/v2\/media?parent=30423"}],"wp:term":[{"taxonomy":"category","embeddable":true,"href":"https:\/\/www.ladiagonale.net\/index.php\/wp-json\/wp\/v2\/categories?post=30423"},{"taxonomy":"post_tag","embeddable":true,"href":"https:\/\/www.ladiagonale.net\/index.php\/wp-json\/wp\/v2\/tags?post=30423"}],"curies":[{"name":"wp","href":"https:\/\/api.w.org\/{rel}","templated":true}]}}