{"id":30435,"date":"2025-03-19T14:23:48","date_gmt":"2025-03-19T13:23:48","guid":{"rendered":"https:\/\/www.ladiagonale.net\/?p=30435"},"modified":"2025-03-19T14:23:49","modified_gmt":"2025-03-19T13:23:49","slug":"une-premiere-defaite-pour-nibombe-au-tour-elite","status":"publish","type":"post","link":"https:\/\/www.ladiagonale.net\/index.php\/2025\/03\/19\/une-premiere-defaite-pour-nibombe-au-tour-elite\/","title":{"rendered":"Une premi\u00e8re d\u00e9faite pour Nibomb\u00e9 au Tour \u00c9lite"},"content":{"rendered":"\n\n\n<p>Tout juste <a href=\"https:\/\/www.ladiagonale.net\/index.php\/2025\/03\/18\/officiel-nibombe-prolonge\/\" target=\"_blank\" rel=\"noreferrer noopener\">prolong\u00e9 avec l&rsquo;AS Monaco<\/a>, Samuel Nibomb\u00e9 a grimp\u00e9 d&rsquo;une cat\u00e9gorie en s\u00e9lection, passant chez les U19 belges. Le d\u00e9fenseur central a d\u00e9j\u00e0 foul\u00e9 les terrains \u00e0 l&rsquo;occasion du Tour \u00c9lite, derni\u00e8re \u00e9tape qualificative pour l&rsquo;Euro U19. Mais le Mon\u00e9gasque de 17 ans et sa s\u00e9lection ont d\u00e9but\u00e9 par une d\u00e9faite (0-2) contre la Norv\u00e8ge. Nibomb\u00e9 a d\u00e9but\u00e9 sur le banc et est entr\u00e9 \u00e0 la 75e minute. Les Diablotins ont encaiss\u00e9 le second but trois minutes apr\u00e8s.<\/p>\n\n\n\n<p>Les choses se pr\u00e9sentent mal pour Nibomb\u00e9 et ses co\u00e9quipiers et il faudra une r\u00e9action imm\u00e9diate contre la Serbie dans trois jours pour conserver une chance d&rsquo;aller au Championnat d&rsquo;Europe.<\/p>\n","protected":false},"excerpt":{"rendered":"<p>Tout juste prolong\u00e9 avec l&rsquo;AS Monaco, Samuel Nibomb\u00e9 a grimp\u00e9 d&rsquo;une cat\u00e9gorie en s\u00e9lection, passant chez les U19 belges. Le d\u00e9fenseur central a d\u00e9j\u00e0 foul\u00e9 les terrains \u00e0 l&rsquo;occasion du Tour \u00c9lite, derni\u00e8re \u00e9tape qualificative pour l&rsquo;Euro U19. Mais le Mon\u00e9gasque de 17 ans et sa s\u00e9lection ont d\u00e9but\u00e9 par une d\u00e9faite (0-2) contre la [&#8230;]\n","protected":false},"author":2,"featured_media":0,"comment_status":"open","ping_status":"open","sticky":false,"template":"","format":"standard","meta":[],"categories":[6],"tags":[86,1011,685,116],"yoast_head":"<!-- This site is optimized with the Yoast SEO plugin v19.8 - https:\/\/yoast.com\/wordpress\/plugins\/seo\/ -->\n<title>Une premi\u00e8re d\u00e9faite pour Nibomb\u00e9 au Tour \u00c9lite - La Diagonale<\/title>\n<meta name=\"robots\" content=\"index, follow, max-snippet:-1, max-image-preview:large, max-video-preview:-1\" \/>\n<link rel=\"canonical\" href=\"https:\/\/www.ladiagonale.net\/index.php\/2025\/03\/19\/une-premiere-defaite-pour-nibombe-au-tour-elite\/\" \/>\n<meta property=\"og:locale\" content=\"fr_FR\" \/>\n<meta property=\"og:type\" content=\"article\" \/>\n<meta property=\"og:title\" content=\"Une premi\u00e8re d\u00e9faite pour Nibomb\u00e9 au Tour \u00c9lite - La Diagonale\" \/>\n<meta property=\"og:description\" content=\"Tout juste prolong\u00e9 avec l&rsquo;AS Monaco, Samuel Nibomb\u00e9 a grimp\u00e9 d&rsquo;une cat\u00e9gorie en s\u00e9lection, passant chez les U19 belges. Le d\u00e9fenseur central a d\u00e9j\u00e0 foul\u00e9 les terrains \u00e0 l&rsquo;occasion du Tour \u00c9lite, derni\u00e8re \u00e9tape qualificative pour l&rsquo;Euro U19. Mais le Mon\u00e9gasque de 17 ans et sa s\u00e9lection ont d\u00e9but\u00e9 par une d\u00e9faite (0-2) contre la [...]\" \/>\n<meta property=\"og:url\" content=\"https:\/\/www.ladiagonale.net\/index.php\/2025\/03\/19\/une-premiere-defaite-pour-nibombe-au-tour-elite\/\" \/>\n<meta property=\"og:site_name\" content=\"La Diagonale\" \/>\n<meta property=\"article:published_time\" content=\"2025-03-19T13:23:48+00:00\" \/>\n<meta property=\"article:modified_time\" content=\"2025-03-19T13:23:49+00:00\" \/>\n<meta property=\"og:image\" content=\"https:\/\/www.ladiagonale.net\/wp-content\/uploads\/2024\/10\/nibombe.png\" \/>\n\t<meta property=\"og:image:width\" content=\"1160\" \/>\n\t<meta property=\"og:image:height\" content=\"650\" \/>\n\t<meta property=\"og:image:type\" content=\"image\/png\" \/>\n<meta name=\"author\" content=\"Damien Dellerba\" \/>\n<meta name=\"twitter:card\" content=\"summary_large_image\" \/>\n<meta name=\"twitter:image\" content=\"https:\/\/www.ladiagonale.net\/wp-content\/uploads\/2024\/10\/nibombe.png\" \/>\n<meta name=\"twitter:label1\" content=\"\u00c9crit par\" \/>\n\t<meta name=\"twitter:data1\" content=\"Damien Dellerba\" \/>\n\t<meta name=\"twitter:label2\" content=\"Dur\u00e9e de lecture estim\u00e9e\" \/>\n\t<meta name=\"twitter:data2\" content=\"1 minute\" \/>\n<script type=\"application\/ld+json\" class=\"yoast-schema-graph\">{\"@context\":\"https:\/\/schema.org\",\"@graph\":[{\"@type\":\"WebPage\",\"@id\":\"https:\/\/www.ladiagonale.net\/index.php\/2025\/03\/19\/une-premiere-defaite-pour-nibombe-au-tour-elite\/\",\"url\":\"https:\/\/www.ladiagonale.net\/index.php\/2025\/03\/19\/une-premiere-defaite-pour-nibombe-au-tour-elite\/\",\"name\":\"Une premi\u00e8re d\u00e9faite pour Nibomb\u00e9 au Tour \u00c9lite - La Diagonale\",\"isPartOf\":{\"@id\":\"https:\/\/www.ladiagonale.net\/#website\"},\"datePublished\":\"2025-03-19T13:23:48+00:00\",\"dateModified\":\"2025-03-19T13:23:49+00:00\",\"author\":{\"@id\":\"https:\/\/www.ladiagonale.net\/#\/schema\/person\/79ff1e7b0853ed01b2aa26e64ad300bf\"},\"breadcrumb\":{\"@id\":\"https:\/\/www.ladiagonale.net\/index.php\/2025\/03\/19\/une-premiere-defaite-pour-nibombe-au-tour-elite\/#breadcrumb\"},\"inLanguage\":\"fr-FR\",\"potentialAction\":[{\"@type\":\"ReadAction\",\"target\":[\"https:\/\/www.ladiagonale.net\/index.php\/2025\/03\/19\/une-premiere-defaite-pour-nibombe-au-tour-elite\/\"]}]},{\"@type\":\"BreadcrumbList\",\"@id\":\"https:\/\/www.ladiagonale.net\/index.php\/2025\/03\/19\/une-premiere-defaite-pour-nibombe-au-tour-elite\/#breadcrumb\",\"itemListElement\":[{\"@type\":\"ListItem\",\"position\":1,\"name\":\"Accueil\",\"item\":\"https:\/\/www.ladiagonale.net\/\"},{\"@type\":\"ListItem\",\"position\":2,\"name\":\"Une premi\u00e8re d\u00e9faite pour Nibomb\u00e9 au Tour \u00c9lite\"}]},{\"@type\":\"WebSite\",\"@id\":\"https:\/\/www.ladiagonale.net\/#website\",\"url\":\"https:\/\/www.ladiagonale.net\/\",\"name\":\"La Diagonale\",\"description\":\"Le site des supporters de l&#039;AS Monaco FC\",\"potentialAction\":[{\"@type\":\"SearchAction\",\"target\":{\"@type\":\"EntryPoint\",\"urlTemplate\":\"https:\/\/www.ladiagonale.net\/?s={search_term_string}\"},\"query-input\":\"required name=search_term_string\"}],\"inLanguage\":\"fr-FR\"},{\"@type\":\"Person\",\"@id\":\"https:\/\/www.ladiagonale.net\/#\/schema\/person\/79ff1e7b0853ed01b2aa26e64ad300bf\",\"name\":\"Damien Dellerba\",\"image\":{\"@type\":\"ImageObject\",\"inLanguage\":\"fr-FR\",\"@id\":\"https:\/\/www.ladiagonale.net\/#\/schema\/person\/image\/\",\"url\":\"https:\/\/secure.gravatar.com\/avatar\/c7850e06d3ff63cdbaee88b7fc16e2f0?s=96&d=mm&r=g\",\"contentUrl\":\"https:\/\/secure.gravatar.com\/avatar\/c7850e06d3ff63cdbaee88b7fc16e2f0?s=96&d=mm&r=g\",\"caption\":\"Damien Dellerba\"},\"url\":\"https:\/\/www.ladiagonale.net\/index.php\/author\/damien\/\"}]}<\/script>\n<!-- \/ Yoast SEO plugin. -->","yoast_head_json":{"title":"Une premi\u00e8re d\u00e9faite pour Nibomb\u00e9 au Tour \u00c9lite - La Diagonale","robots":{"index":"index","follow":"follow","max-snippet":"max-snippet:-1","max-image-preview":"max-image-preview:large","max-video-preview":"max-video-preview:-1"},"canonical":"https:\/\/www.ladiagonale.net\/index.php\/2025\/03\/19\/une-premiere-defaite-pour-nibombe-au-tour-elite\/","og_locale":"fr_FR","og_type":"article","og_title":"Une premi\u00e8re d\u00e9faite pour Nibomb\u00e9 au Tour \u00c9lite - La Diagonale","og_description":"Tout juste prolong\u00e9 avec l&rsquo;AS Monaco, Samuel Nibomb\u00e9 a grimp\u00e9 d&rsquo;une cat\u00e9gorie en s\u00e9lection, passant chez les U19 belges. Le d\u00e9fenseur central a d\u00e9j\u00e0 foul\u00e9 les terrains \u00e0 l&rsquo;occasion du Tour \u00c9lite, derni\u00e8re \u00e9tape qualificative pour l&rsquo;Euro U19. Mais le Mon\u00e9gasque de 17 ans et sa s\u00e9lection ont d\u00e9but\u00e9 par une d\u00e9faite (0-2) contre la [...]","og_url":"https:\/\/www.ladiagonale.net\/index.php\/2025\/03\/19\/une-premiere-defaite-pour-nibombe-au-tour-elite\/","og_site_name":"La Diagonale","article_published_time":"2025-03-19T13:23:48+00:00","article_modified_time":"2025-03-19T13:23:49+00:00","og_image":[{"width":1160,"height":650,"url":"https:\/\/www.ladiagonale.net\/wp-content\/uploads\/2024\/10\/nibombe.png","type":"image\/png"}],"author":"Damien Dellerba","twitter_card":"summary_large_image","twitter_image":"https:\/\/www.ladiagonale.net\/wp-content\/uploads\/2024\/10\/nibombe.png","twitter_misc":{"\u00c9crit par":"Damien Dellerba","Dur\u00e9e de lecture estim\u00e9e":"1 minute"},"schema":{"@context":"https:\/\/schema.org","@graph":[{"@type":"WebPage","@id":"https:\/\/www.ladiagonale.net\/index.php\/2025\/03\/19\/une-premiere-defaite-pour-nibombe-au-tour-elite\/","url":"https:\/\/www.ladiagonale.net\/index.php\/2025\/03\/19\/une-premiere-defaite-pour-nibombe-au-tour-elite\/","name":"Une premi\u00e8re d\u00e9faite pour Nibomb\u00e9 au Tour \u00c9lite - La Diagonale","isPartOf":{"@id":"https:\/\/www.ladiagonale.net\/#website"},"datePublished":"2025-03-19T13:23:48+00:00","dateModified":"2025-03-19T13:23:49+00:00","author":{"@id":"https:\/\/www.ladiagonale.net\/#\/schema\/person\/79ff1e7b0853ed01b2aa26e64ad300bf"},"breadcrumb":{"@id":"https:\/\/www.ladiagonale.net\/index.php\/2025\/03\/19\/une-premiere-defaite-pour-nibombe-au-tour-elite\/#breadcrumb"},"inLanguage":"fr-FR","potentialAction":[{"@type":"ReadAction","target":["https:\/\/www.ladiagonale.net\/index.php\/2025\/03\/19\/une-premiere-defaite-pour-nibombe-au-tour-elite\/"]}]},{"@type":"BreadcrumbList","@id":"https:\/\/www.ladiagonale.net\/index.php\/2025\/03\/19\/une-premiere-defaite-pour-nibombe-au-tour-elite\/#breadcrumb","itemListElement":[{"@type":"ListItem","position":1,"name":"Accueil","item":"https:\/\/www.ladiagonale.net\/"},{"@type":"ListItem","position":2,"name":"Une premi\u00e8re d\u00e9faite pour Nibomb\u00e9 au Tour \u00c9lite"}]},{"@type":"WebSite","@id":"https:\/\/www.ladiagonale.net\/#website","url":"https:\/\/www.ladiagonale.net\/","name":"La Diagonale","description":"Le site des supporters de l&#039;AS Monaco FC","potentialAction":[{"@type":"SearchAction","target":{"@type":"EntryPoint","urlTemplate":"https:\/\/www.ladiagonale.net\/?s={search_term_string}"},"query-input":"required name=search_term_string"}],"inLanguage":"fr-FR"},{"@type":"Person","@id":"https:\/\/www.ladiagonale.net\/#\/schema\/person\/79ff1e7b0853ed01b2aa26e64ad300bf","name":"Damien Dellerba","image":{"@type":"ImageObject","inLanguage":"fr-FR","@id":"https:\/\/www.ladiagonale.net\/#\/schema\/person\/image\/","url":"https:\/\/secure.gravatar.com\/avatar\/c7850e06d3ff63cdbaee88b7fc16e2f0?s=96&d=mm&r=g","contentUrl":"https:\/\/secure.gravatar.com\/avatar\/c7850e06d3ff63cdbaee88b7fc16e2f0?s=96&d=mm&r=g","caption":"Damien Dellerba"},"url":"https:\/\/www.ladiagonale.net\/index.php\/author\/damien\/"}]}},"_links":{"self":[{"href":"https:\/\/www.ladiagonale.net\/index.php\/wp-json\/wp\/v2\/posts\/30435"}],"collection":[{"href":"https:\/\/www.ladiagonale.net\/index.php\/wp-json\/wp\/v2\/posts"}],"about":[{"href":"https:\/\/www.ladiagonale.net\/index.php\/wp-json\/wp\/v2\/types\/post"}],"author":[{"embeddable":true,"href":"https:\/\/www.ladiagonale.net\/index.php\/wp-json\/wp\/v2\/users\/2"}],"replies":[{"embeddable":true,"href":"https:\/\/www.ladiagonale.net\/index.php\/wp-json\/wp\/v2\/comments?post=30435"}],"version-history":[{"count":2,"href":"https:\/\/www.ladiagonale.net\/index.php\/wp-json\/wp\/v2\/posts\/30435\/revisions"}],"predecessor-version":[{"id":30437,"href":"https:\/\/www.ladiagonale.net\/index.php\/wp-json\/wp\/v2\/posts\/30435\/revisions\/30437"}],"wp:attachment":[{"href":"https:\/\/www.ladiagonale.net\/index.php\/wp-json\/wp\/v2\/media?parent=30435"}],"wp:term":[{"taxonomy":"category","embeddable":true,"href":"https:\/\/www.ladiagonale.net\/index.php\/wp-json\/wp\/v2\/categories?post=30435"},{"taxonomy":"post_tag","embeddable":true,"href":"https:\/\/www.ladiagonale.net\/index.php\/wp-json\/wp\/v2\/tags?post=30435"}],"curies":[{"name":"wp","href":"https:\/\/api.w.org\/{rel}","templated":true}]}}