{"id":30438,"date":"2025-03-19T14:43:12","date_gmt":"2025-03-19T13:43:12","guid":{"rendered":"https:\/\/www.ladiagonale.net\/?p=30438"},"modified":"2025-03-19T14:43:13","modified_gmt":"2025-03-19T13:43:13","slug":"belmokhtar-et-tlili-a-la-can-u17","status":"publish","type":"post","link":"https:\/\/www.ladiagonale.net\/index.php\/2025\/03\/19\/belmokhtar-et-tlili-a-la-can-u17\/","title":{"rendered":"Belmokhtar et Tlili \u00e0 la CAN U17"},"content":{"rendered":"\n<p>Du 31 mars au 19 avril se tiendra la Coupe d\u2019Afrique des nations des moins de 17 ans. Deux Mon\u00e9gasques seront concern\u00e9s : Ilies Belmokhtar et Mehdi Tlili. Le premier rejoindra le Maroc, s\u00e9lection au sein de laquelle il est un habitu\u00e9 et qui sera l&rsquo;h\u00f4te de cette comp\u00e9tition, tandis que le second a \u00e9t\u00e9 s\u00e9lectionn\u00e9 pour la premi\u00e8re fois avec la Tunisie. <\/p>\n\n\n\n<p>Deux absences qui p\u00e8seront toutefois pour les U17 de l&rsquo;AS Monaco, puisque Belmokhtar a largement brill\u00e9 cette saison, auteur de 12 buts en championnat et trois tripl\u00e9s. Tlili s&rsquo;est quant \u00e0 lui impos\u00e9 sur le flanc gauche de la d\u00e9fense avec 15 rencontres disput\u00e9es et un but inscrit.<\/p>\n\n\n\n<h4>Le planning de Belmokhtar et du Maroc (Groupe A)<\/h4>\n\n\n\n<ul><li>30 mars (15h00) : Maroc &#8211; Ouganda<\/li><li>3 avril (22h00) : Zambie &#8211; Maroc<\/li><li>6 avril (21h00) : Maroc &#8211; Tanzanie<\/li><\/ul>\n\n\n\n<h4>Le planning de Tlili et de la Tunisie (Groupe C)<\/h4>\n\n\n\n<ul><li>1<sup>er<\/sup> avril (19h00) : Somalie &#8211; Tunisie<\/li><li>4 avril (19h00) : Tunisie &#8211; S\u00e9n\u00e9gal<\/li><li>7 avril (21h00) : Gambie &#8211; Tunisie<\/li><\/ul>\n\n\n","protected":false},"excerpt":{"rendered":"<p>Du 31 mars au 19 avril se tiendra la Coupe d\u2019Afrique des nations des moins de 17 ans. Deux Mon\u00e9gasques seront concern\u00e9s : Ilies Belmokhtar et Mehdi Tlili. Le premier rejoindra le Maroc, s\u00e9lection au sein de laquelle il est un habitu\u00e9 et qui sera l&rsquo;h\u00f4te de cette comp\u00e9tition, tandis que le second a \u00e9t\u00e9 [&#8230;]\n","protected":false},"author":2,"featured_media":0,"comment_status":"open","ping_status":"open","sticky":false,"template":"","format":"standard","meta":[],"categories":[6],"tags":[86,799,914,1013,116,1012],"yoast_head":"<!-- This site is optimized with the Yoast SEO plugin v19.8 - https:\/\/yoast.com\/wordpress\/plugins\/seo\/ -->\n<title>Belmokhtar et Tlili \u00e0 la CAN U17 - La Diagonale<\/title>\n<meta name=\"robots\" content=\"index, follow, max-snippet:-1, max-image-preview:large, max-video-preview:-1\" \/>\n<link rel=\"canonical\" href=\"https:\/\/www.ladiagonale.net\/index.php\/2025\/03\/19\/belmokhtar-et-tlili-a-la-can-u17\/\" \/>\n<meta property=\"og:locale\" content=\"fr_FR\" \/>\n<meta property=\"og:type\" content=\"article\" \/>\n<meta property=\"og:title\" content=\"Belmokhtar et Tlili \u00e0 la CAN U17 - La Diagonale\" \/>\n<meta property=\"og:description\" content=\"Du 31 mars au 19 avril se tiendra la Coupe d\u2019Afrique des nations des moins de 17 ans. Deux Mon\u00e9gasques seront concern\u00e9s : Ilies Belmokhtar et Mehdi Tlili. Le premier rejoindra le Maroc, s\u00e9lection au sein de laquelle il est un habitu\u00e9 et qui sera l&rsquo;h\u00f4te de cette comp\u00e9tition, tandis que le second a \u00e9t\u00e9 [...]\" \/>\n<meta property=\"og:url\" content=\"https:\/\/www.ladiagonale.net\/index.php\/2025\/03\/19\/belmokhtar-et-tlili-a-la-can-u17\/\" \/>\n<meta property=\"og:site_name\" content=\"La Diagonale\" \/>\n<meta property=\"article:published_time\" content=\"2025-03-19T13:43:12+00:00\" \/>\n<meta property=\"article:modified_time\" content=\"2025-03-19T13:43:13+00:00\" \/>\n<meta property=\"og:image\" content=\"https:\/\/www.ladiagonale.net\/wp-content\/uploads\/2024\/11\/belmokhtar-maroc.png\" \/>\n\t<meta property=\"og:image:width\" content=\"1160\" \/>\n\t<meta property=\"og:image:height\" content=\"650\" \/>\n\t<meta property=\"og:image:type\" content=\"image\/png\" \/>\n<meta name=\"author\" content=\"Damien Dellerba\" \/>\n<meta name=\"twitter:card\" content=\"summary_large_image\" \/>\n<meta name=\"twitter:image\" content=\"https:\/\/www.ladiagonale.net\/wp-content\/uploads\/2024\/11\/belmokhtar-maroc.png\" \/>\n<meta name=\"twitter:label1\" content=\"\u00c9crit par\" \/>\n\t<meta name=\"twitter:data1\" content=\"Damien Dellerba\" \/>\n\t<meta name=\"twitter:label2\" content=\"Dur\u00e9e de lecture estim\u00e9e\" \/>\n\t<meta name=\"twitter:data2\" content=\"1 minute\" \/>\n<script type=\"application\/ld+json\" class=\"yoast-schema-graph\">{\"@context\":\"https:\/\/schema.org\",\"@graph\":[{\"@type\":\"WebPage\",\"@id\":\"https:\/\/www.ladiagonale.net\/index.php\/2025\/03\/19\/belmokhtar-et-tlili-a-la-can-u17\/\",\"url\":\"https:\/\/www.ladiagonale.net\/index.php\/2025\/03\/19\/belmokhtar-et-tlili-a-la-can-u17\/\",\"name\":\"Belmokhtar et Tlili \u00e0 la CAN U17 - La Diagonale\",\"isPartOf\":{\"@id\":\"https:\/\/www.ladiagonale.net\/#website\"},\"datePublished\":\"2025-03-19T13:43:12+00:00\",\"dateModified\":\"2025-03-19T13:43:13+00:00\",\"author\":{\"@id\":\"https:\/\/www.ladiagonale.net\/#\/schema\/person\/79ff1e7b0853ed01b2aa26e64ad300bf\"},\"breadcrumb\":{\"@id\":\"https:\/\/www.ladiagonale.net\/index.php\/2025\/03\/19\/belmokhtar-et-tlili-a-la-can-u17\/#breadcrumb\"},\"inLanguage\":\"fr-FR\",\"potentialAction\":[{\"@type\":\"ReadAction\",\"target\":[\"https:\/\/www.ladiagonale.net\/index.php\/2025\/03\/19\/belmokhtar-et-tlili-a-la-can-u17\/\"]}]},{\"@type\":\"BreadcrumbList\",\"@id\":\"https:\/\/www.ladiagonale.net\/index.php\/2025\/03\/19\/belmokhtar-et-tlili-a-la-can-u17\/#breadcrumb\",\"itemListElement\":[{\"@type\":\"ListItem\",\"position\":1,\"name\":\"Accueil\",\"item\":\"https:\/\/www.ladiagonale.net\/\"},{\"@type\":\"ListItem\",\"position\":2,\"name\":\"Belmokhtar et Tlili \u00e0 la CAN U17\"}]},{\"@type\":\"WebSite\",\"@id\":\"https:\/\/www.ladiagonale.net\/#website\",\"url\":\"https:\/\/www.ladiagonale.net\/\",\"name\":\"La Diagonale\",\"description\":\"Le site des supporters de l&#039;AS Monaco FC\",\"potentialAction\":[{\"@type\":\"SearchAction\",\"target\":{\"@type\":\"EntryPoint\",\"urlTemplate\":\"https:\/\/www.ladiagonale.net\/?s={search_term_string}\"},\"query-input\":\"required name=search_term_string\"}],\"inLanguage\":\"fr-FR\"},{\"@type\":\"Person\",\"@id\":\"https:\/\/www.ladiagonale.net\/#\/schema\/person\/79ff1e7b0853ed01b2aa26e64ad300bf\",\"name\":\"Damien Dellerba\",\"image\":{\"@type\":\"ImageObject\",\"inLanguage\":\"fr-FR\",\"@id\":\"https:\/\/www.ladiagonale.net\/#\/schema\/person\/image\/\",\"url\":\"https:\/\/secure.gravatar.com\/avatar\/c7850e06d3ff63cdbaee88b7fc16e2f0?s=96&d=mm&r=g\",\"contentUrl\":\"https:\/\/secure.gravatar.com\/avatar\/c7850e06d3ff63cdbaee88b7fc16e2f0?s=96&d=mm&r=g\",\"caption\":\"Damien Dellerba\"},\"url\":\"https:\/\/www.ladiagonale.net\/index.php\/author\/damien\/\"}]}<\/script>\n<!-- \/ Yoast SEO plugin. -->","yoast_head_json":{"title":"Belmokhtar et Tlili \u00e0 la CAN U17 - La Diagonale","robots":{"index":"index","follow":"follow","max-snippet":"max-snippet:-1","max-image-preview":"max-image-preview:large","max-video-preview":"max-video-preview:-1"},"canonical":"https:\/\/www.ladiagonale.net\/index.php\/2025\/03\/19\/belmokhtar-et-tlili-a-la-can-u17\/","og_locale":"fr_FR","og_type":"article","og_title":"Belmokhtar et Tlili \u00e0 la CAN U17 - La Diagonale","og_description":"Du 31 mars au 19 avril se tiendra la Coupe d\u2019Afrique des nations des moins de 17 ans. Deux Mon\u00e9gasques seront concern\u00e9s : Ilies Belmokhtar et Mehdi Tlili. Le premier rejoindra le Maroc, s\u00e9lection au sein de laquelle il est un habitu\u00e9 et qui sera l&rsquo;h\u00f4te de cette comp\u00e9tition, tandis que le second a \u00e9t\u00e9 [...]","og_url":"https:\/\/www.ladiagonale.net\/index.php\/2025\/03\/19\/belmokhtar-et-tlili-a-la-can-u17\/","og_site_name":"La Diagonale","article_published_time":"2025-03-19T13:43:12+00:00","article_modified_time":"2025-03-19T13:43:13+00:00","og_image":[{"width":1160,"height":650,"url":"https:\/\/www.ladiagonale.net\/wp-content\/uploads\/2024\/11\/belmokhtar-maroc.png","type":"image\/png"}],"author":"Damien Dellerba","twitter_card":"summary_large_image","twitter_image":"https:\/\/www.ladiagonale.net\/wp-content\/uploads\/2024\/11\/belmokhtar-maroc.png","twitter_misc":{"\u00c9crit par":"Damien Dellerba","Dur\u00e9e de lecture estim\u00e9e":"1 minute"},"schema":{"@context":"https:\/\/schema.org","@graph":[{"@type":"WebPage","@id":"https:\/\/www.ladiagonale.net\/index.php\/2025\/03\/19\/belmokhtar-et-tlili-a-la-can-u17\/","url":"https:\/\/www.ladiagonale.net\/index.php\/2025\/03\/19\/belmokhtar-et-tlili-a-la-can-u17\/","name":"Belmokhtar et Tlili \u00e0 la CAN U17 - La Diagonale","isPartOf":{"@id":"https:\/\/www.ladiagonale.net\/#website"},"datePublished":"2025-03-19T13:43:12+00:00","dateModified":"2025-03-19T13:43:13+00:00","author":{"@id":"https:\/\/www.ladiagonale.net\/#\/schema\/person\/79ff1e7b0853ed01b2aa26e64ad300bf"},"breadcrumb":{"@id":"https:\/\/www.ladiagonale.net\/index.php\/2025\/03\/19\/belmokhtar-et-tlili-a-la-can-u17\/#breadcrumb"},"inLanguage":"fr-FR","potentialAction":[{"@type":"ReadAction","target":["https:\/\/www.ladiagonale.net\/index.php\/2025\/03\/19\/belmokhtar-et-tlili-a-la-can-u17\/"]}]},{"@type":"BreadcrumbList","@id":"https:\/\/www.ladiagonale.net\/index.php\/2025\/03\/19\/belmokhtar-et-tlili-a-la-can-u17\/#breadcrumb","itemListElement":[{"@type":"ListItem","position":1,"name":"Accueil","item":"https:\/\/www.ladiagonale.net\/"},{"@type":"ListItem","position":2,"name":"Belmokhtar et Tlili \u00e0 la CAN U17"}]},{"@type":"WebSite","@id":"https:\/\/www.ladiagonale.net\/#website","url":"https:\/\/www.ladiagonale.net\/","name":"La Diagonale","description":"Le site des supporters de l&#039;AS Monaco FC","potentialAction":[{"@type":"SearchAction","target":{"@type":"EntryPoint","urlTemplate":"https:\/\/www.ladiagonale.net\/?s={search_term_string}"},"query-input":"required name=search_term_string"}],"inLanguage":"fr-FR"},{"@type":"Person","@id":"https:\/\/www.ladiagonale.net\/#\/schema\/person\/79ff1e7b0853ed01b2aa26e64ad300bf","name":"Damien Dellerba","image":{"@type":"ImageObject","inLanguage":"fr-FR","@id":"https:\/\/www.ladiagonale.net\/#\/schema\/person\/image\/","url":"https:\/\/secure.gravatar.com\/avatar\/c7850e06d3ff63cdbaee88b7fc16e2f0?s=96&d=mm&r=g","contentUrl":"https:\/\/secure.gravatar.com\/avatar\/c7850e06d3ff63cdbaee88b7fc16e2f0?s=96&d=mm&r=g","caption":"Damien Dellerba"},"url":"https:\/\/www.ladiagonale.net\/index.php\/author\/damien\/"}]}},"_links":{"self":[{"href":"https:\/\/www.ladiagonale.net\/index.php\/wp-json\/wp\/v2\/posts\/30438"}],"collection":[{"href":"https:\/\/www.ladiagonale.net\/index.php\/wp-json\/wp\/v2\/posts"}],"about":[{"href":"https:\/\/www.ladiagonale.net\/index.php\/wp-json\/wp\/v2\/types\/post"}],"author":[{"embeddable":true,"href":"https:\/\/www.ladiagonale.net\/index.php\/wp-json\/wp\/v2\/users\/2"}],"replies":[{"embeddable":true,"href":"https:\/\/www.ladiagonale.net\/index.php\/wp-json\/wp\/v2\/comments?post=30438"}],"version-history":[{"count":1,"href":"https:\/\/www.ladiagonale.net\/index.php\/wp-json\/wp\/v2\/posts\/30438\/revisions"}],"predecessor-version":[{"id":30439,"href":"https:\/\/www.ladiagonale.net\/index.php\/wp-json\/wp\/v2\/posts\/30438\/revisions\/30439"}],"wp:attachment":[{"href":"https:\/\/www.ladiagonale.net\/index.php\/wp-json\/wp\/v2\/media?parent=30438"}],"wp:term":[{"taxonomy":"category","embeddable":true,"href":"https:\/\/www.ladiagonale.net\/index.php\/wp-json\/wp\/v2\/categories?post=30438"},{"taxonomy":"post_tag","embeddable":true,"href":"https:\/\/www.ladiagonale.net\/index.php\/wp-json\/wp\/v2\/tags?post=30438"}],"curies":[{"name":"wp","href":"https:\/\/api.w.org\/{rel}","templated":true}]}}