{"id":30467,"date":"2025-03-19T20:05:02","date_gmt":"2025-03-19T19:05:02","guid":{"rendered":"https:\/\/www.ladiagonale.net\/?p=30467"},"modified":"2025-03-19T20:41:39","modified_gmt":"2025-03-19T19:41:39","slug":"ilenikhena-qualifie-le-groupe-elite-en-demi-finales-du-challenge-espoirs","status":"publish","type":"post","link":"https:\/\/www.ladiagonale.net\/index.php\/2025\/03\/19\/ilenikhena-qualifie-le-groupe-elite-en-demi-finales-du-challenge-espoirs\/","title":{"rendered":"Ilenikhena qualifie le Groupe \u00c9lite en demi-finales du Challenge Espoirs"},"content":{"rendered":"\n<p>L\u2019AS Monaco va avoir l\u2019occasion de d\u00e9fendre ses chances dans le dernier carr\u00e9 du Challenge Espoirs. Gr\u00e2ce \u00e0 une r\u00e9alisation de George Ilenikhena, le Groupe \u00c9lite s&rsquo;est impos\u00e9 sur la pelouse de l&rsquo;AC Ajaccio (1-0) \u00e0 l&rsquo;occasion de la quatri\u00e8me journ\u00e9e de la phase de groupes. L&rsquo;attaquant nig\u00e9rian a inscrit l&rsquo;unique but du match peu avant l&rsquo;heure de jeu (58<sup>e<\/sup>). Il est ensuite sorti \u00e0 la 72<sup>e<\/sup> minute. Mamadou Coulibaly \u00e9tait \u00e9galement titulaire et a lui jou\u00e9 toute la rencontre.<\/p>\n\n\n\n<p>Les hommes de Djimi Traor\u00e9 assurent leur pr\u00e9sence en demi-finales de ce Challenge Espoirs, avant m\u00eame de jouer leur dernier match de groupe pr\u00e9vu contre l&rsquo;AJ Auxerre. Cette rencontre se tiendra le 31 mars. Les demi-finales auront lieu entre le 1er et le 4 mai et la finale le 21. Elles devraient \u00eatre ouvertes au public.<\/p>\n\n\n","protected":false},"excerpt":{"rendered":"<p>L\u2019AS Monaco va avoir l\u2019occasion de d\u00e9fendre ses chances dans le dernier carr\u00e9 du Challenge Espoirs. Gr\u00e2ce \u00e0 une r\u00e9alisation de George Ilenikhena, le Groupe \u00c9lite s&rsquo;est impos\u00e9 sur la pelouse de l&rsquo;AC Ajaccio (1-0) \u00e0 l&rsquo;occasion de la quatri\u00e8me journ\u00e9e de la phase de groupes. L&rsquo;attaquant nig\u00e9rian a inscrit l&rsquo;unique but du match peu [&#8230;]\n","protected":false},"author":2,"featured_media":0,"comment_status":"open","ping_status":"open","sticky":false,"template":"","format":"standard","meta":[],"categories":[6],"tags":[76,86,928,890,228],"yoast_head":"<!-- This site is optimized with the Yoast SEO plugin v19.8 - https:\/\/yoast.com\/wordpress\/plugins\/seo\/ -->\n<title>Ilenikhena qualifie le Groupe \u00c9lite en demi-finales du Challenge Espoirs - La Diagonale<\/title>\n<meta name=\"robots\" content=\"index, follow, max-snippet:-1, max-image-preview:large, max-video-preview:-1\" \/>\n<link rel=\"canonical\" href=\"https:\/\/www.ladiagonale.net\/index.php\/2025\/03\/19\/ilenikhena-qualifie-le-groupe-elite-en-demi-finales-du-challenge-espoirs\/\" \/>\n<meta property=\"og:locale\" content=\"fr_FR\" \/>\n<meta property=\"og:type\" content=\"article\" \/>\n<meta property=\"og:title\" content=\"Ilenikhena qualifie le Groupe \u00c9lite en demi-finales du Challenge Espoirs - La Diagonale\" \/>\n<meta property=\"og:description\" content=\"L\u2019AS Monaco va avoir l\u2019occasion de d\u00e9fendre ses chances dans le dernier carr\u00e9 du Challenge Espoirs. Gr\u00e2ce \u00e0 une r\u00e9alisation de George Ilenikhena, le Groupe \u00c9lite s&rsquo;est impos\u00e9 sur la pelouse de l&rsquo;AC Ajaccio (1-0) \u00e0 l&rsquo;occasion de la quatri\u00e8me journ\u00e9e de la phase de groupes. L&rsquo;attaquant nig\u00e9rian a inscrit l&rsquo;unique but du match peu [...]\" \/>\n<meta property=\"og:url\" content=\"https:\/\/www.ladiagonale.net\/index.php\/2025\/03\/19\/ilenikhena-qualifie-le-groupe-elite-en-demi-finales-du-challenge-espoirs\/\" \/>\n<meta property=\"og:site_name\" content=\"La Diagonale\" \/>\n<meta property=\"article:published_time\" content=\"2025-03-19T19:05:02+00:00\" \/>\n<meta property=\"article:modified_time\" content=\"2025-03-19T19:41:39+00:00\" \/>\n<meta property=\"og:image\" content=\"https:\/\/www.ladiagonale.net\/wp-content\/uploads\/2024\/09\/ilenikkhena2.png\" \/>\n\t<meta property=\"og:image:width\" content=\"1160\" \/>\n\t<meta property=\"og:image:height\" content=\"650\" \/>\n\t<meta property=\"og:image:type\" content=\"image\/png\" \/>\n<meta name=\"author\" content=\"Damien Dellerba\" \/>\n<meta name=\"twitter:card\" content=\"summary_large_image\" \/>\n<meta name=\"twitter:image\" content=\"https:\/\/www.ladiagonale.net\/wp-content\/uploads\/2024\/09\/ilenikkhena2.png\" \/>\n<meta name=\"twitter:label1\" content=\"\u00c9crit par\" \/>\n\t<meta name=\"twitter:data1\" content=\"Damien Dellerba\" \/>\n\t<meta name=\"twitter:label2\" content=\"Dur\u00e9e de lecture estim\u00e9e\" \/>\n\t<meta name=\"twitter:data2\" content=\"1 minute\" \/>\n<script type=\"application\/ld+json\" class=\"yoast-schema-graph\">{\"@context\":\"https:\/\/schema.org\",\"@graph\":[{\"@type\":\"WebPage\",\"@id\":\"https:\/\/www.ladiagonale.net\/index.php\/2025\/03\/19\/ilenikhena-qualifie-le-groupe-elite-en-demi-finales-du-challenge-espoirs\/\",\"url\":\"https:\/\/www.ladiagonale.net\/index.php\/2025\/03\/19\/ilenikhena-qualifie-le-groupe-elite-en-demi-finales-du-challenge-espoirs\/\",\"name\":\"Ilenikhena qualifie le Groupe \u00c9lite en demi-finales du Challenge Espoirs - La Diagonale\",\"isPartOf\":{\"@id\":\"https:\/\/www.ladiagonale.net\/#website\"},\"datePublished\":\"2025-03-19T19:05:02+00:00\",\"dateModified\":\"2025-03-19T19:41:39+00:00\",\"author\":{\"@id\":\"https:\/\/www.ladiagonale.net\/#\/schema\/person\/79ff1e7b0853ed01b2aa26e64ad300bf\"},\"breadcrumb\":{\"@id\":\"https:\/\/www.ladiagonale.net\/index.php\/2025\/03\/19\/ilenikhena-qualifie-le-groupe-elite-en-demi-finales-du-challenge-espoirs\/#breadcrumb\"},\"inLanguage\":\"fr-FR\",\"potentialAction\":[{\"@type\":\"ReadAction\",\"target\":[\"https:\/\/www.ladiagonale.net\/index.php\/2025\/03\/19\/ilenikhena-qualifie-le-groupe-elite-en-demi-finales-du-challenge-espoirs\/\"]}]},{\"@type\":\"BreadcrumbList\",\"@id\":\"https:\/\/www.ladiagonale.net\/index.php\/2025\/03\/19\/ilenikhena-qualifie-le-groupe-elite-en-demi-finales-du-challenge-espoirs\/#breadcrumb\",\"itemListElement\":[{\"@type\":\"ListItem\",\"position\":1,\"name\":\"Accueil\",\"item\":\"https:\/\/www.ladiagonale.net\/\"},{\"@type\":\"ListItem\",\"position\":2,\"name\":\"Ilenikhena qualifie le Groupe \u00c9lite en demi-finales du Challenge Espoirs\"}]},{\"@type\":\"WebSite\",\"@id\":\"https:\/\/www.ladiagonale.net\/#website\",\"url\":\"https:\/\/www.ladiagonale.net\/\",\"name\":\"La Diagonale\",\"description\":\"Le site des supporters de l&#039;AS Monaco FC\",\"potentialAction\":[{\"@type\":\"SearchAction\",\"target\":{\"@type\":\"EntryPoint\",\"urlTemplate\":\"https:\/\/www.ladiagonale.net\/?s={search_term_string}\"},\"query-input\":\"required name=search_term_string\"}],\"inLanguage\":\"fr-FR\"},{\"@type\":\"Person\",\"@id\":\"https:\/\/www.ladiagonale.net\/#\/schema\/person\/79ff1e7b0853ed01b2aa26e64ad300bf\",\"name\":\"Damien Dellerba\",\"image\":{\"@type\":\"ImageObject\",\"inLanguage\":\"fr-FR\",\"@id\":\"https:\/\/www.ladiagonale.net\/#\/schema\/person\/image\/\",\"url\":\"https:\/\/secure.gravatar.com\/avatar\/c7850e06d3ff63cdbaee88b7fc16e2f0?s=96&d=mm&r=g\",\"contentUrl\":\"https:\/\/secure.gravatar.com\/avatar\/c7850e06d3ff63cdbaee88b7fc16e2f0?s=96&d=mm&r=g\",\"caption\":\"Damien Dellerba\"},\"url\":\"https:\/\/www.ladiagonale.net\/index.php\/author\/damien\/\"}]}<\/script>\n<!-- \/ Yoast SEO plugin. -->","yoast_head_json":{"title":"Ilenikhena qualifie le Groupe \u00c9lite en demi-finales du Challenge Espoirs - La Diagonale","robots":{"index":"index","follow":"follow","max-snippet":"max-snippet:-1","max-image-preview":"max-image-preview:large","max-video-preview":"max-video-preview:-1"},"canonical":"https:\/\/www.ladiagonale.net\/index.php\/2025\/03\/19\/ilenikhena-qualifie-le-groupe-elite-en-demi-finales-du-challenge-espoirs\/","og_locale":"fr_FR","og_type":"article","og_title":"Ilenikhena qualifie le Groupe \u00c9lite en demi-finales du Challenge Espoirs - La Diagonale","og_description":"L\u2019AS Monaco va avoir l\u2019occasion de d\u00e9fendre ses chances dans le dernier carr\u00e9 du Challenge Espoirs. Gr\u00e2ce \u00e0 une r\u00e9alisation de George Ilenikhena, le Groupe \u00c9lite s&rsquo;est impos\u00e9 sur la pelouse de l&rsquo;AC Ajaccio (1-0) \u00e0 l&rsquo;occasion de la quatri\u00e8me journ\u00e9e de la phase de groupes. L&rsquo;attaquant nig\u00e9rian a inscrit l&rsquo;unique but du match peu [...]","og_url":"https:\/\/www.ladiagonale.net\/index.php\/2025\/03\/19\/ilenikhena-qualifie-le-groupe-elite-en-demi-finales-du-challenge-espoirs\/","og_site_name":"La Diagonale","article_published_time":"2025-03-19T19:05:02+00:00","article_modified_time":"2025-03-19T19:41:39+00:00","og_image":[{"width":1160,"height":650,"url":"https:\/\/www.ladiagonale.net\/wp-content\/uploads\/2024\/09\/ilenikkhena2.png","type":"image\/png"}],"author":"Damien Dellerba","twitter_card":"summary_large_image","twitter_image":"https:\/\/www.ladiagonale.net\/wp-content\/uploads\/2024\/09\/ilenikkhena2.png","twitter_misc":{"\u00c9crit par":"Damien Dellerba","Dur\u00e9e de lecture estim\u00e9e":"1 minute"},"schema":{"@context":"https:\/\/schema.org","@graph":[{"@type":"WebPage","@id":"https:\/\/www.ladiagonale.net\/index.php\/2025\/03\/19\/ilenikhena-qualifie-le-groupe-elite-en-demi-finales-du-challenge-espoirs\/","url":"https:\/\/www.ladiagonale.net\/index.php\/2025\/03\/19\/ilenikhena-qualifie-le-groupe-elite-en-demi-finales-du-challenge-espoirs\/","name":"Ilenikhena qualifie le Groupe \u00c9lite en demi-finales du Challenge Espoirs - La Diagonale","isPartOf":{"@id":"https:\/\/www.ladiagonale.net\/#website"},"datePublished":"2025-03-19T19:05:02+00:00","dateModified":"2025-03-19T19:41:39+00:00","author":{"@id":"https:\/\/www.ladiagonale.net\/#\/schema\/person\/79ff1e7b0853ed01b2aa26e64ad300bf"},"breadcrumb":{"@id":"https:\/\/www.ladiagonale.net\/index.php\/2025\/03\/19\/ilenikhena-qualifie-le-groupe-elite-en-demi-finales-du-challenge-espoirs\/#breadcrumb"},"inLanguage":"fr-FR","potentialAction":[{"@type":"ReadAction","target":["https:\/\/www.ladiagonale.net\/index.php\/2025\/03\/19\/ilenikhena-qualifie-le-groupe-elite-en-demi-finales-du-challenge-espoirs\/"]}]},{"@type":"BreadcrumbList","@id":"https:\/\/www.ladiagonale.net\/index.php\/2025\/03\/19\/ilenikhena-qualifie-le-groupe-elite-en-demi-finales-du-challenge-espoirs\/#breadcrumb","itemListElement":[{"@type":"ListItem","position":1,"name":"Accueil","item":"https:\/\/www.ladiagonale.net\/"},{"@type":"ListItem","position":2,"name":"Ilenikhena qualifie le Groupe \u00c9lite en demi-finales du Challenge Espoirs"}]},{"@type":"WebSite","@id":"https:\/\/www.ladiagonale.net\/#website","url":"https:\/\/www.ladiagonale.net\/","name":"La Diagonale","description":"Le site des supporters de l&#039;AS Monaco FC","potentialAction":[{"@type":"SearchAction","target":{"@type":"EntryPoint","urlTemplate":"https:\/\/www.ladiagonale.net\/?s={search_term_string}"},"query-input":"required name=search_term_string"}],"inLanguage":"fr-FR"},{"@type":"Person","@id":"https:\/\/www.ladiagonale.net\/#\/schema\/person\/79ff1e7b0853ed01b2aa26e64ad300bf","name":"Damien Dellerba","image":{"@type":"ImageObject","inLanguage":"fr-FR","@id":"https:\/\/www.ladiagonale.net\/#\/schema\/person\/image\/","url":"https:\/\/secure.gravatar.com\/avatar\/c7850e06d3ff63cdbaee88b7fc16e2f0?s=96&d=mm&r=g","contentUrl":"https:\/\/secure.gravatar.com\/avatar\/c7850e06d3ff63cdbaee88b7fc16e2f0?s=96&d=mm&r=g","caption":"Damien Dellerba"},"url":"https:\/\/www.ladiagonale.net\/index.php\/author\/damien\/"}]}},"_links":{"self":[{"href":"https:\/\/www.ladiagonale.net\/index.php\/wp-json\/wp\/v2\/posts\/30467"}],"collection":[{"href":"https:\/\/www.ladiagonale.net\/index.php\/wp-json\/wp\/v2\/posts"}],"about":[{"href":"https:\/\/www.ladiagonale.net\/index.php\/wp-json\/wp\/v2\/types\/post"}],"author":[{"embeddable":true,"href":"https:\/\/www.ladiagonale.net\/index.php\/wp-json\/wp\/v2\/users\/2"}],"replies":[{"embeddable":true,"href":"https:\/\/www.ladiagonale.net\/index.php\/wp-json\/wp\/v2\/comments?post=30467"}],"version-history":[{"count":4,"href":"https:\/\/www.ladiagonale.net\/index.php\/wp-json\/wp\/v2\/posts\/30467\/revisions"}],"predecessor-version":[{"id":30479,"href":"https:\/\/www.ladiagonale.net\/index.php\/wp-json\/wp\/v2\/posts\/30467\/revisions\/30479"}],"wp:attachment":[{"href":"https:\/\/www.ladiagonale.net\/index.php\/wp-json\/wp\/v2\/media?parent=30467"}],"wp:term":[{"taxonomy":"category","embeddable":true,"href":"https:\/\/www.ladiagonale.net\/index.php\/wp-json\/wp\/v2\/categories?post=30467"},{"taxonomy":"post_tag","embeddable":true,"href":"https:\/\/www.ladiagonale.net\/index.php\/wp-json\/wp\/v2\/tags?post=30467"}],"curies":[{"name":"wp","href":"https:\/\/api.w.org\/{rel}","templated":true}]}}