{"id":30470,"date":"2025-03-19T20:18:30","date_gmt":"2025-03-19T19:18:30","guid":{"rendered":"https:\/\/www.ladiagonale.net\/?p=30470"},"modified":"2025-03-19T20:19:48","modified_gmt":"2025-03-19T19:19:48","slug":"une-defaite-au-tour-elite-pour-bamba-et-kiwa","status":"publish","type":"post","link":"https:\/\/www.ladiagonale.net\/index.php\/2025\/03\/19\/une-defaite-au-tour-elite-pour-bamba-et-kiwa\/","title":{"rendered":"Une d\u00e9faite au Tour \u00c9lite pour Bamba et Kiwa"},"content":{"rendered":"\n\n\n<p>Aladji Bamba et Bradel Kiwa n&rsquo;ont pas mieux r\u00e9ussi leurs d\u00e9buts au Tour \u00c9lite U19 <a href=\"https:\/\/www.ladiagonale.net\/index.php\/2025\/03\/19\/une-premiere-defaite-pour-nibombe-au-tour-elite\/\" target=\"_blank\" rel=\"noreferrer noopener\">que Samuel Nibomb\u00e9 avec la Belgique<\/a>. Les deux Mon\u00e9gasques et l&rsquo;\u00e9quipe de France sont tomb\u00e9s d&rsquo;entr\u00e9e de jeu contre l&rsquo;Espagne (2-1), ce mercredi. Bamba a jou\u00e9 66 minutes lors de cette rencontre, tandis que Kiwa est rest\u00e9 sur le banc. <\/p>\n\n\n\n<p>Confront\u00e9s \u00e0 une adversit\u00e9 \u00e9lev\u00e9e pour cette phase de qualification, les tricolores affronteront l&rsquo;Italie lors du troisi\u00e8me et dernier match. Pour esp\u00e9rer aller \u00e0 l&rsquo;Euro U19 et avoir une chance \u00e0 d\u00e9fendre contre la formation transalpine, il ne faudra pas se manquer contre la Lettonie juste avant. La rencontre aura lieu samedi.<\/p>\n\n\n\n<p>Sirak Bein a jou\u00e9 77 minutes avec la Suisse U18 lors d&rsquo;une rencontre amicale contre la Turquie. Les deux \u00e9quipes se sont s\u00e9par\u00e9es sur un score nul et vierge (0-0).<\/p>\n","protected":false},"excerpt":{"rendered":"<p>Aladji Bamba et Bradel Kiwa n&rsquo;ont pas mieux r\u00e9ussi leurs d\u00e9buts au Tour \u00c9lite U19 que Samuel Nibomb\u00e9 avec la Belgique. Les deux Mon\u00e9gasques et l&rsquo;\u00e9quipe de France sont tomb\u00e9s d&rsquo;entr\u00e9e de jeu contre l&rsquo;Espagne (2-1), ce mercredi. Bamba a jou\u00e9 66 minutes lors de cette rencontre, tandis que Kiwa est rest\u00e9 sur le banc. [&#8230;]\n","protected":false},"author":2,"featured_media":0,"comment_status":"open","ping_status":"open","sticky":false,"template":"","format":"standard","meta":[],"categories":[6],"tags":[688,86,825,77,116,888,932],"yoast_head":"<!-- This site is optimized with the Yoast SEO plugin v19.8 - https:\/\/yoast.com\/wordpress\/plugins\/seo\/ -->\n<title>Une d\u00e9faite au Tour \u00c9lite pour Bamba et Kiwa - La Diagonale<\/title>\n<meta name=\"robots\" content=\"index, follow, max-snippet:-1, max-image-preview:large, max-video-preview:-1\" \/>\n<link rel=\"canonical\" href=\"https:\/\/www.ladiagonale.net\/index.php\/2025\/03\/19\/une-defaite-au-tour-elite-pour-bamba-et-kiwa\/\" \/>\n<meta property=\"og:locale\" content=\"fr_FR\" \/>\n<meta property=\"og:type\" content=\"article\" \/>\n<meta property=\"og:title\" content=\"Une d\u00e9faite au Tour \u00c9lite pour Bamba et Kiwa - La Diagonale\" \/>\n<meta property=\"og:description\" content=\"Aladji Bamba et Bradel Kiwa n&rsquo;ont pas mieux r\u00e9ussi leurs d\u00e9buts au Tour \u00c9lite U19 que Samuel Nibomb\u00e9 avec la Belgique. Les deux Mon\u00e9gasques et l&rsquo;\u00e9quipe de France sont tomb\u00e9s d&rsquo;entr\u00e9e de jeu contre l&rsquo;Espagne (2-1), ce mercredi. Bamba a jou\u00e9 66 minutes lors de cette rencontre, tandis que Kiwa est rest\u00e9 sur le banc. [...]\" \/>\n<meta property=\"og:url\" content=\"https:\/\/www.ladiagonale.net\/index.php\/2025\/03\/19\/une-defaite-au-tour-elite-pour-bamba-et-kiwa\/\" \/>\n<meta property=\"og:site_name\" content=\"La Diagonale\" \/>\n<meta property=\"article:published_time\" content=\"2025-03-19T19:18:30+00:00\" \/>\n<meta property=\"article:modified_time\" content=\"2025-03-19T19:19:48+00:00\" \/>\n<meta property=\"og:image\" content=\"https:\/\/www.ladiagonale.net\/wp-content\/uploads\/2024\/11\/bamba-edf.png\" \/>\n\t<meta property=\"og:image:width\" content=\"1160\" \/>\n\t<meta property=\"og:image:height\" content=\"650\" \/>\n\t<meta property=\"og:image:type\" content=\"image\/png\" \/>\n<meta name=\"author\" content=\"Damien Dellerba\" \/>\n<meta name=\"twitter:card\" content=\"summary_large_image\" \/>\n<meta name=\"twitter:image\" content=\"https:\/\/www.ladiagonale.net\/wp-content\/uploads\/2024\/11\/bamba-edf.png\" \/>\n<meta name=\"twitter:label1\" content=\"\u00c9crit par\" \/>\n\t<meta name=\"twitter:data1\" content=\"Damien Dellerba\" \/>\n\t<meta name=\"twitter:label2\" content=\"Dur\u00e9e de lecture estim\u00e9e\" \/>\n\t<meta name=\"twitter:data2\" content=\"1 minute\" \/>\n<script type=\"application\/ld+json\" class=\"yoast-schema-graph\">{\"@context\":\"https:\/\/schema.org\",\"@graph\":[{\"@type\":\"WebPage\",\"@id\":\"https:\/\/www.ladiagonale.net\/index.php\/2025\/03\/19\/une-defaite-au-tour-elite-pour-bamba-et-kiwa\/\",\"url\":\"https:\/\/www.ladiagonale.net\/index.php\/2025\/03\/19\/une-defaite-au-tour-elite-pour-bamba-et-kiwa\/\",\"name\":\"Une d\u00e9faite au Tour \u00c9lite pour Bamba et Kiwa - La Diagonale\",\"isPartOf\":{\"@id\":\"https:\/\/www.ladiagonale.net\/#website\"},\"datePublished\":\"2025-03-19T19:18:30+00:00\",\"dateModified\":\"2025-03-19T19:19:48+00:00\",\"author\":{\"@id\":\"https:\/\/www.ladiagonale.net\/#\/schema\/person\/79ff1e7b0853ed01b2aa26e64ad300bf\"},\"breadcrumb\":{\"@id\":\"https:\/\/www.ladiagonale.net\/index.php\/2025\/03\/19\/une-defaite-au-tour-elite-pour-bamba-et-kiwa\/#breadcrumb\"},\"inLanguage\":\"fr-FR\",\"potentialAction\":[{\"@type\":\"ReadAction\",\"target\":[\"https:\/\/www.ladiagonale.net\/index.php\/2025\/03\/19\/une-defaite-au-tour-elite-pour-bamba-et-kiwa\/\"]}]},{\"@type\":\"BreadcrumbList\",\"@id\":\"https:\/\/www.ladiagonale.net\/index.php\/2025\/03\/19\/une-defaite-au-tour-elite-pour-bamba-et-kiwa\/#breadcrumb\",\"itemListElement\":[{\"@type\":\"ListItem\",\"position\":1,\"name\":\"Accueil\",\"item\":\"https:\/\/www.ladiagonale.net\/\"},{\"@type\":\"ListItem\",\"position\":2,\"name\":\"Une d\u00e9faite au Tour \u00c9lite pour Bamba et Kiwa\"}]},{\"@type\":\"WebSite\",\"@id\":\"https:\/\/www.ladiagonale.net\/#website\",\"url\":\"https:\/\/www.ladiagonale.net\/\",\"name\":\"La Diagonale\",\"description\":\"Le site des supporters de l&#039;AS Monaco FC\",\"potentialAction\":[{\"@type\":\"SearchAction\",\"target\":{\"@type\":\"EntryPoint\",\"urlTemplate\":\"https:\/\/www.ladiagonale.net\/?s={search_term_string}\"},\"query-input\":\"required name=search_term_string\"}],\"inLanguage\":\"fr-FR\"},{\"@type\":\"Person\",\"@id\":\"https:\/\/www.ladiagonale.net\/#\/schema\/person\/79ff1e7b0853ed01b2aa26e64ad300bf\",\"name\":\"Damien Dellerba\",\"image\":{\"@type\":\"ImageObject\",\"inLanguage\":\"fr-FR\",\"@id\":\"https:\/\/www.ladiagonale.net\/#\/schema\/person\/image\/\",\"url\":\"https:\/\/secure.gravatar.com\/avatar\/c7850e06d3ff63cdbaee88b7fc16e2f0?s=96&d=mm&r=g\",\"contentUrl\":\"https:\/\/secure.gravatar.com\/avatar\/c7850e06d3ff63cdbaee88b7fc16e2f0?s=96&d=mm&r=g\",\"caption\":\"Damien Dellerba\"},\"url\":\"https:\/\/www.ladiagonale.net\/index.php\/author\/damien\/\"}]}<\/script>\n<!-- \/ Yoast SEO plugin. -->","yoast_head_json":{"title":"Une d\u00e9faite au Tour \u00c9lite pour Bamba et Kiwa - La Diagonale","robots":{"index":"index","follow":"follow","max-snippet":"max-snippet:-1","max-image-preview":"max-image-preview:large","max-video-preview":"max-video-preview:-1"},"canonical":"https:\/\/www.ladiagonale.net\/index.php\/2025\/03\/19\/une-defaite-au-tour-elite-pour-bamba-et-kiwa\/","og_locale":"fr_FR","og_type":"article","og_title":"Une d\u00e9faite au Tour \u00c9lite pour Bamba et Kiwa - La Diagonale","og_description":"Aladji Bamba et Bradel Kiwa n&rsquo;ont pas mieux r\u00e9ussi leurs d\u00e9buts au Tour \u00c9lite U19 que Samuel Nibomb\u00e9 avec la Belgique. Les deux Mon\u00e9gasques et l&rsquo;\u00e9quipe de France sont tomb\u00e9s d&rsquo;entr\u00e9e de jeu contre l&rsquo;Espagne (2-1), ce mercredi. Bamba a jou\u00e9 66 minutes lors de cette rencontre, tandis que Kiwa est rest\u00e9 sur le banc. [...]","og_url":"https:\/\/www.ladiagonale.net\/index.php\/2025\/03\/19\/une-defaite-au-tour-elite-pour-bamba-et-kiwa\/","og_site_name":"La Diagonale","article_published_time":"2025-03-19T19:18:30+00:00","article_modified_time":"2025-03-19T19:19:48+00:00","og_image":[{"width":1160,"height":650,"url":"https:\/\/www.ladiagonale.net\/wp-content\/uploads\/2024\/11\/bamba-edf.png","type":"image\/png"}],"author":"Damien Dellerba","twitter_card":"summary_large_image","twitter_image":"https:\/\/www.ladiagonale.net\/wp-content\/uploads\/2024\/11\/bamba-edf.png","twitter_misc":{"\u00c9crit par":"Damien Dellerba","Dur\u00e9e de lecture estim\u00e9e":"1 minute"},"schema":{"@context":"https:\/\/schema.org","@graph":[{"@type":"WebPage","@id":"https:\/\/www.ladiagonale.net\/index.php\/2025\/03\/19\/une-defaite-au-tour-elite-pour-bamba-et-kiwa\/","url":"https:\/\/www.ladiagonale.net\/index.php\/2025\/03\/19\/une-defaite-au-tour-elite-pour-bamba-et-kiwa\/","name":"Une d\u00e9faite au Tour \u00c9lite pour Bamba et Kiwa - La Diagonale","isPartOf":{"@id":"https:\/\/www.ladiagonale.net\/#website"},"datePublished":"2025-03-19T19:18:30+00:00","dateModified":"2025-03-19T19:19:48+00:00","author":{"@id":"https:\/\/www.ladiagonale.net\/#\/schema\/person\/79ff1e7b0853ed01b2aa26e64ad300bf"},"breadcrumb":{"@id":"https:\/\/www.ladiagonale.net\/index.php\/2025\/03\/19\/une-defaite-au-tour-elite-pour-bamba-et-kiwa\/#breadcrumb"},"inLanguage":"fr-FR","potentialAction":[{"@type":"ReadAction","target":["https:\/\/www.ladiagonale.net\/index.php\/2025\/03\/19\/une-defaite-au-tour-elite-pour-bamba-et-kiwa\/"]}]},{"@type":"BreadcrumbList","@id":"https:\/\/www.ladiagonale.net\/index.php\/2025\/03\/19\/une-defaite-au-tour-elite-pour-bamba-et-kiwa\/#breadcrumb","itemListElement":[{"@type":"ListItem","position":1,"name":"Accueil","item":"https:\/\/www.ladiagonale.net\/"},{"@type":"ListItem","position":2,"name":"Une d\u00e9faite au Tour \u00c9lite pour Bamba et Kiwa"}]},{"@type":"WebSite","@id":"https:\/\/www.ladiagonale.net\/#website","url":"https:\/\/www.ladiagonale.net\/","name":"La Diagonale","description":"Le site des supporters de l&#039;AS Monaco FC","potentialAction":[{"@type":"SearchAction","target":{"@type":"EntryPoint","urlTemplate":"https:\/\/www.ladiagonale.net\/?s={search_term_string}"},"query-input":"required name=search_term_string"}],"inLanguage":"fr-FR"},{"@type":"Person","@id":"https:\/\/www.ladiagonale.net\/#\/schema\/person\/79ff1e7b0853ed01b2aa26e64ad300bf","name":"Damien Dellerba","image":{"@type":"ImageObject","inLanguage":"fr-FR","@id":"https:\/\/www.ladiagonale.net\/#\/schema\/person\/image\/","url":"https:\/\/secure.gravatar.com\/avatar\/c7850e06d3ff63cdbaee88b7fc16e2f0?s=96&d=mm&r=g","contentUrl":"https:\/\/secure.gravatar.com\/avatar\/c7850e06d3ff63cdbaee88b7fc16e2f0?s=96&d=mm&r=g","caption":"Damien Dellerba"},"url":"https:\/\/www.ladiagonale.net\/index.php\/author\/damien\/"}]}},"_links":{"self":[{"href":"https:\/\/www.ladiagonale.net\/index.php\/wp-json\/wp\/v2\/posts\/30470"}],"collection":[{"href":"https:\/\/www.ladiagonale.net\/index.php\/wp-json\/wp\/v2\/posts"}],"about":[{"href":"https:\/\/www.ladiagonale.net\/index.php\/wp-json\/wp\/v2\/types\/post"}],"author":[{"embeddable":true,"href":"https:\/\/www.ladiagonale.net\/index.php\/wp-json\/wp\/v2\/users\/2"}],"replies":[{"embeddable":true,"href":"https:\/\/www.ladiagonale.net\/index.php\/wp-json\/wp\/v2\/comments?post=30470"}],"version-history":[{"count":3,"href":"https:\/\/www.ladiagonale.net\/index.php\/wp-json\/wp\/v2\/posts\/30470\/revisions"}],"predecessor-version":[{"id":30473,"href":"https:\/\/www.ladiagonale.net\/index.php\/wp-json\/wp\/v2\/posts\/30470\/revisions\/30473"}],"wp:attachment":[{"href":"https:\/\/www.ladiagonale.net\/index.php\/wp-json\/wp\/v2\/media?parent=30470"}],"wp:term":[{"taxonomy":"category","embeddable":true,"href":"https:\/\/www.ladiagonale.net\/index.php\/wp-json\/wp\/v2\/categories?post=30470"},{"taxonomy":"post_tag","embeddable":true,"href":"https:\/\/www.ladiagonale.net\/index.php\/wp-json\/wp\/v2\/tags?post=30470"}],"curies":[{"name":"wp","href":"https:\/\/api.w.org\/{rel}","templated":true}]}}