{"id":30488,"date":"2025-03-20T23:59:15","date_gmt":"2025-03-20T22:59:15","guid":{"rendered":"https:\/\/www.ladiagonale.net\/?p=30488"},"modified":"2025-03-21T00:40:51","modified_gmt":"2025-03-20T23:40:51","slug":"premiere-selection-pour-biereth","status":"publish","type":"post","link":"https:\/\/www.ladiagonale.net\/index.php\/2025\/03\/20\/premiere-selection-pour-biereth\/","title":{"rendered":"Premi\u00e8re s\u00e9lection pour Biereth"},"content":{"rendered":"\n\n\n<p>Mika Biereth a v\u00e9cu sa premi\u00e8re s\u00e9lection avec le Danemark ce jeudi, \u00e0 l&rsquo;occasion du quart de finale aller de la Ligue des nations contre le Portugal (1-0). L&rsquo;attaquant de l&rsquo;AS Monaco a \u00e9t\u00e9 titularis\u00e9 en attaque et a jou\u00e9 69 minutes. Il a livr\u00e9 une prestation encourageante et n&rsquo;\u00e9tait pas loin de marquer en premi\u00e8re p\u00e9riode, mais sa tentative a \u00e9t\u00e9 repouss\u00e9e par le portier adverse. C&rsquo;est son rempla\u00e7ant, Rasmus H\u00f6jlund, qui a inscrit l&rsquo;unique but de la rencontre.<\/p>\n\n\n\n<p>Le Danemark se met en bonne position pour atteindre le <em>final four<\/em> de la comp\u00e9tition \u00e0 l&rsquo;issue de cette premi\u00e8re manche. Il faudra confirmer lors du match retour pr\u00e9vu dimanche au Portugal.<\/p>\n","protected":false},"excerpt":{"rendered":"<p>Mika Biereth a v\u00e9cu sa premi\u00e8re s\u00e9lection avec le Danemark ce jeudi, \u00e0 l&rsquo;occasion du quart de finale aller de la Ligue des nations contre le Portugal (1-0). L&rsquo;attaquant de l&rsquo;AS Monaco a \u00e9t\u00e9 titularis\u00e9 en attaque et a jou\u00e9 69 minutes. Il a livr\u00e9 une prestation encourageante et n&rsquo;\u00e9tait pas loin de marquer en [&#8230;]\n","protected":false},"author":2,"featured_media":0,"comment_status":"open","ping_status":"open","sticky":false,"template":"","format":"standard","meta":[],"categories":[6],"tags":[86,1006,965,116],"yoast_head":"<!-- This site is optimized with the Yoast SEO plugin v19.8 - https:\/\/yoast.com\/wordpress\/plugins\/seo\/ -->\n<title>Premi\u00e8re s\u00e9lection pour Biereth - La Diagonale<\/title>\n<meta name=\"robots\" content=\"index, follow, max-snippet:-1, max-image-preview:large, max-video-preview:-1\" \/>\n<link rel=\"canonical\" href=\"https:\/\/www.ladiagonale.net\/index.php\/2025\/03\/20\/premiere-selection-pour-biereth\/\" \/>\n<meta property=\"og:locale\" content=\"fr_FR\" \/>\n<meta property=\"og:type\" content=\"article\" \/>\n<meta property=\"og:title\" content=\"Premi\u00e8re s\u00e9lection pour Biereth - La Diagonale\" \/>\n<meta property=\"og:description\" content=\"Mika Biereth a v\u00e9cu sa premi\u00e8re s\u00e9lection avec le Danemark ce jeudi, \u00e0 l&rsquo;occasion du quart de finale aller de la Ligue des nations contre le Portugal (1-0). L&rsquo;attaquant de l&rsquo;AS Monaco a \u00e9t\u00e9 titularis\u00e9 en attaque et a jou\u00e9 69 minutes. Il a livr\u00e9 une prestation encourageante et n&rsquo;\u00e9tait pas loin de marquer en [...]\" \/>\n<meta property=\"og:url\" content=\"https:\/\/www.ladiagonale.net\/index.php\/2025\/03\/20\/premiere-selection-pour-biereth\/\" \/>\n<meta property=\"og:site_name\" content=\"La Diagonale\" \/>\n<meta property=\"article:published_time\" content=\"2025-03-20T22:59:15+00:00\" \/>\n<meta property=\"article:modified_time\" content=\"2025-03-20T23:40:51+00:00\" \/>\n<meta property=\"og:image\" content=\"https:\/\/www.ladiagonale.net\/wp-content\/uploads\/2025\/03\/Biereth-danemark.png\" \/>\n\t<meta property=\"og:image:width\" content=\"1160\" \/>\n\t<meta property=\"og:image:height\" content=\"650\" \/>\n\t<meta property=\"og:image:type\" content=\"image\/png\" \/>\n<meta name=\"author\" content=\"Damien Dellerba\" \/>\n<meta name=\"twitter:card\" content=\"summary_large_image\" \/>\n<meta name=\"twitter:image\" content=\"https:\/\/www.ladiagonale.net\/wp-content\/uploads\/2025\/03\/Biereth-danemark.png\" \/>\n<meta name=\"twitter:label1\" content=\"\u00c9crit par\" \/>\n\t<meta name=\"twitter:data1\" content=\"Damien Dellerba\" \/>\n\t<meta name=\"twitter:label2\" content=\"Dur\u00e9e de lecture estim\u00e9e\" \/>\n\t<meta name=\"twitter:data2\" content=\"1 minute\" \/>\n<script type=\"application\/ld+json\" class=\"yoast-schema-graph\">{\"@context\":\"https:\/\/schema.org\",\"@graph\":[{\"@type\":\"WebPage\",\"@id\":\"https:\/\/www.ladiagonale.net\/index.php\/2025\/03\/20\/premiere-selection-pour-biereth\/\",\"url\":\"https:\/\/www.ladiagonale.net\/index.php\/2025\/03\/20\/premiere-selection-pour-biereth\/\",\"name\":\"Premi\u00e8re s\u00e9lection pour Biereth - La Diagonale\",\"isPartOf\":{\"@id\":\"https:\/\/www.ladiagonale.net\/#website\"},\"datePublished\":\"2025-03-20T22:59:15+00:00\",\"dateModified\":\"2025-03-20T23:40:51+00:00\",\"author\":{\"@id\":\"https:\/\/www.ladiagonale.net\/#\/schema\/person\/79ff1e7b0853ed01b2aa26e64ad300bf\"},\"breadcrumb\":{\"@id\":\"https:\/\/www.ladiagonale.net\/index.php\/2025\/03\/20\/premiere-selection-pour-biereth\/#breadcrumb\"},\"inLanguage\":\"fr-FR\",\"potentialAction\":[{\"@type\":\"ReadAction\",\"target\":[\"https:\/\/www.ladiagonale.net\/index.php\/2025\/03\/20\/premiere-selection-pour-biereth\/\"]}]},{\"@type\":\"BreadcrumbList\",\"@id\":\"https:\/\/www.ladiagonale.net\/index.php\/2025\/03\/20\/premiere-selection-pour-biereth\/#breadcrumb\",\"itemListElement\":[{\"@type\":\"ListItem\",\"position\":1,\"name\":\"Accueil\",\"item\":\"https:\/\/www.ladiagonale.net\/\"},{\"@type\":\"ListItem\",\"position\":2,\"name\":\"Premi\u00e8re s\u00e9lection pour Biereth\"}]},{\"@type\":\"WebSite\",\"@id\":\"https:\/\/www.ladiagonale.net\/#website\",\"url\":\"https:\/\/www.ladiagonale.net\/\",\"name\":\"La Diagonale\",\"description\":\"Le site des supporters de l&#039;AS Monaco FC\",\"potentialAction\":[{\"@type\":\"SearchAction\",\"target\":{\"@type\":\"EntryPoint\",\"urlTemplate\":\"https:\/\/www.ladiagonale.net\/?s={search_term_string}\"},\"query-input\":\"required name=search_term_string\"}],\"inLanguage\":\"fr-FR\"},{\"@type\":\"Person\",\"@id\":\"https:\/\/www.ladiagonale.net\/#\/schema\/person\/79ff1e7b0853ed01b2aa26e64ad300bf\",\"name\":\"Damien Dellerba\",\"image\":{\"@type\":\"ImageObject\",\"inLanguage\":\"fr-FR\",\"@id\":\"https:\/\/www.ladiagonale.net\/#\/schema\/person\/image\/\",\"url\":\"https:\/\/secure.gravatar.com\/avatar\/c7850e06d3ff63cdbaee88b7fc16e2f0?s=96&d=mm&r=g\",\"contentUrl\":\"https:\/\/secure.gravatar.com\/avatar\/c7850e06d3ff63cdbaee88b7fc16e2f0?s=96&d=mm&r=g\",\"caption\":\"Damien Dellerba\"},\"url\":\"https:\/\/www.ladiagonale.net\/index.php\/author\/damien\/\"}]}<\/script>\n<!-- \/ Yoast SEO plugin. -->","yoast_head_json":{"title":"Premi\u00e8re s\u00e9lection pour Biereth - La Diagonale","robots":{"index":"index","follow":"follow","max-snippet":"max-snippet:-1","max-image-preview":"max-image-preview:large","max-video-preview":"max-video-preview:-1"},"canonical":"https:\/\/www.ladiagonale.net\/index.php\/2025\/03\/20\/premiere-selection-pour-biereth\/","og_locale":"fr_FR","og_type":"article","og_title":"Premi\u00e8re s\u00e9lection pour Biereth - La Diagonale","og_description":"Mika Biereth a v\u00e9cu sa premi\u00e8re s\u00e9lection avec le Danemark ce jeudi, \u00e0 l&rsquo;occasion du quart de finale aller de la Ligue des nations contre le Portugal (1-0). L&rsquo;attaquant de l&rsquo;AS Monaco a \u00e9t\u00e9 titularis\u00e9 en attaque et a jou\u00e9 69 minutes. Il a livr\u00e9 une prestation encourageante et n&rsquo;\u00e9tait pas loin de marquer en [...]","og_url":"https:\/\/www.ladiagonale.net\/index.php\/2025\/03\/20\/premiere-selection-pour-biereth\/","og_site_name":"La Diagonale","article_published_time":"2025-03-20T22:59:15+00:00","article_modified_time":"2025-03-20T23:40:51+00:00","og_image":[{"width":1160,"height":650,"url":"https:\/\/www.ladiagonale.net\/wp-content\/uploads\/2025\/03\/Biereth-danemark.png","type":"image\/png"}],"author":"Damien Dellerba","twitter_card":"summary_large_image","twitter_image":"https:\/\/www.ladiagonale.net\/wp-content\/uploads\/2025\/03\/Biereth-danemark.png","twitter_misc":{"\u00c9crit par":"Damien Dellerba","Dur\u00e9e de lecture estim\u00e9e":"1 minute"},"schema":{"@context":"https:\/\/schema.org","@graph":[{"@type":"WebPage","@id":"https:\/\/www.ladiagonale.net\/index.php\/2025\/03\/20\/premiere-selection-pour-biereth\/","url":"https:\/\/www.ladiagonale.net\/index.php\/2025\/03\/20\/premiere-selection-pour-biereth\/","name":"Premi\u00e8re s\u00e9lection pour Biereth - La Diagonale","isPartOf":{"@id":"https:\/\/www.ladiagonale.net\/#website"},"datePublished":"2025-03-20T22:59:15+00:00","dateModified":"2025-03-20T23:40:51+00:00","author":{"@id":"https:\/\/www.ladiagonale.net\/#\/schema\/person\/79ff1e7b0853ed01b2aa26e64ad300bf"},"breadcrumb":{"@id":"https:\/\/www.ladiagonale.net\/index.php\/2025\/03\/20\/premiere-selection-pour-biereth\/#breadcrumb"},"inLanguage":"fr-FR","potentialAction":[{"@type":"ReadAction","target":["https:\/\/www.ladiagonale.net\/index.php\/2025\/03\/20\/premiere-selection-pour-biereth\/"]}]},{"@type":"BreadcrumbList","@id":"https:\/\/www.ladiagonale.net\/index.php\/2025\/03\/20\/premiere-selection-pour-biereth\/#breadcrumb","itemListElement":[{"@type":"ListItem","position":1,"name":"Accueil","item":"https:\/\/www.ladiagonale.net\/"},{"@type":"ListItem","position":2,"name":"Premi\u00e8re s\u00e9lection pour Biereth"}]},{"@type":"WebSite","@id":"https:\/\/www.ladiagonale.net\/#website","url":"https:\/\/www.ladiagonale.net\/","name":"La Diagonale","description":"Le site des supporters de l&#039;AS Monaco FC","potentialAction":[{"@type":"SearchAction","target":{"@type":"EntryPoint","urlTemplate":"https:\/\/www.ladiagonale.net\/?s={search_term_string}"},"query-input":"required name=search_term_string"}],"inLanguage":"fr-FR"},{"@type":"Person","@id":"https:\/\/www.ladiagonale.net\/#\/schema\/person\/79ff1e7b0853ed01b2aa26e64ad300bf","name":"Damien Dellerba","image":{"@type":"ImageObject","inLanguage":"fr-FR","@id":"https:\/\/www.ladiagonale.net\/#\/schema\/person\/image\/","url":"https:\/\/secure.gravatar.com\/avatar\/c7850e06d3ff63cdbaee88b7fc16e2f0?s=96&d=mm&r=g","contentUrl":"https:\/\/secure.gravatar.com\/avatar\/c7850e06d3ff63cdbaee88b7fc16e2f0?s=96&d=mm&r=g","caption":"Damien Dellerba"},"url":"https:\/\/www.ladiagonale.net\/index.php\/author\/damien\/"}]}},"_links":{"self":[{"href":"https:\/\/www.ladiagonale.net\/index.php\/wp-json\/wp\/v2\/posts\/30488"}],"collection":[{"href":"https:\/\/www.ladiagonale.net\/index.php\/wp-json\/wp\/v2\/posts"}],"about":[{"href":"https:\/\/www.ladiagonale.net\/index.php\/wp-json\/wp\/v2\/types\/post"}],"author":[{"embeddable":true,"href":"https:\/\/www.ladiagonale.net\/index.php\/wp-json\/wp\/v2\/users\/2"}],"replies":[{"embeddable":true,"href":"https:\/\/www.ladiagonale.net\/index.php\/wp-json\/wp\/v2\/comments?post=30488"}],"version-history":[{"count":3,"href":"https:\/\/www.ladiagonale.net\/index.php\/wp-json\/wp\/v2\/posts\/30488\/revisions"}],"predecessor-version":[{"id":30496,"href":"https:\/\/www.ladiagonale.net\/index.php\/wp-json\/wp\/v2\/posts\/30488\/revisions\/30496"}],"wp:attachment":[{"href":"https:\/\/www.ladiagonale.net\/index.php\/wp-json\/wp\/v2\/media?parent=30488"}],"wp:term":[{"taxonomy":"category","embeddable":true,"href":"https:\/\/www.ladiagonale.net\/index.php\/wp-json\/wp\/v2\/categories?post=30488"},{"taxonomy":"post_tag","embeddable":true,"href":"https:\/\/www.ladiagonale.net\/index.php\/wp-json\/wp\/v2\/tags?post=30488"}],"curies":[{"name":"wp","href":"https:\/\/api.w.org\/{rel}","templated":true}]}}