{"id":30499,"date":"2025-03-21T15:49:27","date_gmt":"2025-03-21T14:49:27","guid":{"rendered":"https:\/\/www.ladiagonale.net\/?p=30499"},"modified":"2025-03-22T06:38:57","modified_gmt":"2025-03-22T05:38:57","slug":"des-resultats-contrastes-en-selection-chez-les-jeunes","status":"publish","type":"post","link":"https:\/\/www.ladiagonale.net\/index.php\/2025\/03\/21\/des-resultats-contrastes-en-selection-chez-les-jeunes\/","title":{"rendered":"Des r\u00e9sultats contrast\u00e9s en s\u00e9lection chez les jeunes"},"content":{"rendered":"\n\n\n<p>Jeudi, plusieurs jeunes joueurs de l\u2019AS Monaco \u00e9taient sur le pont avec leurs s\u00e9lections. Avec l\u2019\u00e9quipe de France U20, Lucas Michal, Sa\u00efmon Bouabr\u00e9 et Mayssam Benama ont \u00e9t\u00e9 battus par le Japon en match amical (1-3). Avec les U18, Jules Stawiecki, titulaire dans le but tricolore, et Pape Cabral ont eux \u00e9t\u00e9 corrig\u00e9s par le Portugal (0-4).<\/p>\n\n\n\n<p>Sur le continent africain, les ressortissants mon\u00e9gasques ont eu plus de bonheur. Yanis Benchaouch a \u00e9t\u00e9 titulaire avec le Maroc U20 contre le Ghana et a remport\u00e9 un succ\u00e8s (1-0) en match de pr\u00e9paration pour la CAN U20. Toujours dans l\u2019optique de la comp\u00e9tition, la C\u00f4te d\u2019Ivoire U20 de Valy Konat\u00e9 l\u2019a emport\u00e9 face \u00e0 leurs homologues du Lib\u00e9ria. Le lat\u00e9ral gauche a particip\u00e9 \u00e0 la rencontre.<\/p>\n","protected":false},"excerpt":{"rendered":"<p>Jeudi, plusieurs jeunes joueurs de l\u2019AS Monaco \u00e9taient sur le pont avec leurs s\u00e9lections. Avec l\u2019\u00e9quipe de France U20, Lucas Michal, Sa\u00efmon Bouabr\u00e9 et Mayssam Benama ont \u00e9t\u00e9 battus par le Japon en match amical (1-3). Avec les U18, Jules Stawiecki, titulaire dans le but tricolore, et Pape Cabral ont eux \u00e9t\u00e9 corrig\u00e9s par le [&#8230;]\n","protected":false},"author":2,"featured_media":0,"comment_status":"open","ping_status":"open","sticky":false,"template":"","format":"standard","meta":[],"categories":[6],"tags":[86,116],"yoast_head":"<!-- This site is optimized with the Yoast SEO plugin v19.8 - https:\/\/yoast.com\/wordpress\/plugins\/seo\/ -->\n<title>Des r\u00e9sultats contrast\u00e9s en s\u00e9lection chez les jeunes - La Diagonale<\/title>\n<meta name=\"robots\" content=\"index, follow, max-snippet:-1, max-image-preview:large, max-video-preview:-1\" \/>\n<link rel=\"canonical\" href=\"https:\/\/www.ladiagonale.net\/index.php\/2025\/03\/21\/des-resultats-contrastes-en-selection-chez-les-jeunes\/\" \/>\n<meta property=\"og:locale\" content=\"fr_FR\" \/>\n<meta property=\"og:type\" content=\"article\" \/>\n<meta property=\"og:title\" content=\"Des r\u00e9sultats contrast\u00e9s en s\u00e9lection chez les jeunes - La Diagonale\" \/>\n<meta property=\"og:description\" content=\"Jeudi, plusieurs jeunes joueurs de l\u2019AS Monaco \u00e9taient sur le pont avec leurs s\u00e9lections. Avec l\u2019\u00e9quipe de France U20, Lucas Michal, Sa\u00efmon Bouabr\u00e9 et Mayssam Benama ont \u00e9t\u00e9 battus par le Japon en match amical (1-3). Avec les U18, Jules Stawiecki, titulaire dans le but tricolore, et Pape Cabral ont eux \u00e9t\u00e9 corrig\u00e9s par le [...]\" \/>\n<meta property=\"og:url\" content=\"https:\/\/www.ladiagonale.net\/index.php\/2025\/03\/21\/des-resultats-contrastes-en-selection-chez-les-jeunes\/\" \/>\n<meta property=\"og:site_name\" content=\"La Diagonale\" \/>\n<meta property=\"article:published_time\" content=\"2025-03-21T14:49:27+00:00\" \/>\n<meta property=\"article:modified_time\" content=\"2025-03-22T05:38:57+00:00\" \/>\n<meta property=\"og:image\" content=\"https:\/\/www.ladiagonale.net\/wp-content\/uploads\/2024\/11\/benchaouch-maroc.png\" \/>\n\t<meta property=\"og:image:width\" content=\"1160\" \/>\n\t<meta property=\"og:image:height\" content=\"650\" \/>\n\t<meta property=\"og:image:type\" content=\"image\/png\" \/>\n<meta name=\"author\" content=\"Damien Dellerba\" \/>\n<meta name=\"twitter:card\" content=\"summary_large_image\" \/>\n<meta name=\"twitter:image\" content=\"https:\/\/www.ladiagonale.net\/wp-content\/uploads\/2024\/11\/benchaouch-maroc.png\" \/>\n<meta name=\"twitter:label1\" content=\"\u00c9crit par\" \/>\n\t<meta name=\"twitter:data1\" content=\"Damien Dellerba\" \/>\n\t<meta name=\"twitter:label2\" content=\"Dur\u00e9e de lecture estim\u00e9e\" \/>\n\t<meta name=\"twitter:data2\" content=\"1 minute\" \/>\n<script type=\"application\/ld+json\" class=\"yoast-schema-graph\">{\"@context\":\"https:\/\/schema.org\",\"@graph\":[{\"@type\":\"WebPage\",\"@id\":\"https:\/\/www.ladiagonale.net\/index.php\/2025\/03\/21\/des-resultats-contrastes-en-selection-chez-les-jeunes\/\",\"url\":\"https:\/\/www.ladiagonale.net\/index.php\/2025\/03\/21\/des-resultats-contrastes-en-selection-chez-les-jeunes\/\",\"name\":\"Des r\u00e9sultats contrast\u00e9s en s\u00e9lection chez les jeunes - La Diagonale\",\"isPartOf\":{\"@id\":\"https:\/\/www.ladiagonale.net\/#website\"},\"datePublished\":\"2025-03-21T14:49:27+00:00\",\"dateModified\":\"2025-03-22T05:38:57+00:00\",\"author\":{\"@id\":\"https:\/\/www.ladiagonale.net\/#\/schema\/person\/79ff1e7b0853ed01b2aa26e64ad300bf\"},\"breadcrumb\":{\"@id\":\"https:\/\/www.ladiagonale.net\/index.php\/2025\/03\/21\/des-resultats-contrastes-en-selection-chez-les-jeunes\/#breadcrumb\"},\"inLanguage\":\"fr-FR\",\"potentialAction\":[{\"@type\":\"ReadAction\",\"target\":[\"https:\/\/www.ladiagonale.net\/index.php\/2025\/03\/21\/des-resultats-contrastes-en-selection-chez-les-jeunes\/\"]}]},{\"@type\":\"BreadcrumbList\",\"@id\":\"https:\/\/www.ladiagonale.net\/index.php\/2025\/03\/21\/des-resultats-contrastes-en-selection-chez-les-jeunes\/#breadcrumb\",\"itemListElement\":[{\"@type\":\"ListItem\",\"position\":1,\"name\":\"Accueil\",\"item\":\"https:\/\/www.ladiagonale.net\/\"},{\"@type\":\"ListItem\",\"position\":2,\"name\":\"Des r\u00e9sultats contrast\u00e9s en s\u00e9lection chez les jeunes\"}]},{\"@type\":\"WebSite\",\"@id\":\"https:\/\/www.ladiagonale.net\/#website\",\"url\":\"https:\/\/www.ladiagonale.net\/\",\"name\":\"La Diagonale\",\"description\":\"Le site des supporters de l&#039;AS Monaco FC\",\"potentialAction\":[{\"@type\":\"SearchAction\",\"target\":{\"@type\":\"EntryPoint\",\"urlTemplate\":\"https:\/\/www.ladiagonale.net\/?s={search_term_string}\"},\"query-input\":\"required name=search_term_string\"}],\"inLanguage\":\"fr-FR\"},{\"@type\":\"Person\",\"@id\":\"https:\/\/www.ladiagonale.net\/#\/schema\/person\/79ff1e7b0853ed01b2aa26e64ad300bf\",\"name\":\"Damien Dellerba\",\"image\":{\"@type\":\"ImageObject\",\"inLanguage\":\"fr-FR\",\"@id\":\"https:\/\/www.ladiagonale.net\/#\/schema\/person\/image\/\",\"url\":\"https:\/\/secure.gravatar.com\/avatar\/c7850e06d3ff63cdbaee88b7fc16e2f0?s=96&d=mm&r=g\",\"contentUrl\":\"https:\/\/secure.gravatar.com\/avatar\/c7850e06d3ff63cdbaee88b7fc16e2f0?s=96&d=mm&r=g\",\"caption\":\"Damien Dellerba\"},\"url\":\"https:\/\/www.ladiagonale.net\/index.php\/author\/damien\/\"}]}<\/script>\n<!-- \/ Yoast SEO plugin. -->","yoast_head_json":{"title":"Des r\u00e9sultats contrast\u00e9s en s\u00e9lection chez les jeunes - La Diagonale","robots":{"index":"index","follow":"follow","max-snippet":"max-snippet:-1","max-image-preview":"max-image-preview:large","max-video-preview":"max-video-preview:-1"},"canonical":"https:\/\/www.ladiagonale.net\/index.php\/2025\/03\/21\/des-resultats-contrastes-en-selection-chez-les-jeunes\/","og_locale":"fr_FR","og_type":"article","og_title":"Des r\u00e9sultats contrast\u00e9s en s\u00e9lection chez les jeunes - La Diagonale","og_description":"Jeudi, plusieurs jeunes joueurs de l\u2019AS Monaco \u00e9taient sur le pont avec leurs s\u00e9lections. Avec l\u2019\u00e9quipe de France U20, Lucas Michal, Sa\u00efmon Bouabr\u00e9 et Mayssam Benama ont \u00e9t\u00e9 battus par le Japon en match amical (1-3). Avec les U18, Jules Stawiecki, titulaire dans le but tricolore, et Pape Cabral ont eux \u00e9t\u00e9 corrig\u00e9s par le [...]","og_url":"https:\/\/www.ladiagonale.net\/index.php\/2025\/03\/21\/des-resultats-contrastes-en-selection-chez-les-jeunes\/","og_site_name":"La Diagonale","article_published_time":"2025-03-21T14:49:27+00:00","article_modified_time":"2025-03-22T05:38:57+00:00","og_image":[{"width":1160,"height":650,"url":"https:\/\/www.ladiagonale.net\/wp-content\/uploads\/2024\/11\/benchaouch-maroc.png","type":"image\/png"}],"author":"Damien Dellerba","twitter_card":"summary_large_image","twitter_image":"https:\/\/www.ladiagonale.net\/wp-content\/uploads\/2024\/11\/benchaouch-maroc.png","twitter_misc":{"\u00c9crit par":"Damien Dellerba","Dur\u00e9e de lecture estim\u00e9e":"1 minute"},"schema":{"@context":"https:\/\/schema.org","@graph":[{"@type":"WebPage","@id":"https:\/\/www.ladiagonale.net\/index.php\/2025\/03\/21\/des-resultats-contrastes-en-selection-chez-les-jeunes\/","url":"https:\/\/www.ladiagonale.net\/index.php\/2025\/03\/21\/des-resultats-contrastes-en-selection-chez-les-jeunes\/","name":"Des r\u00e9sultats contrast\u00e9s en s\u00e9lection chez les jeunes - La Diagonale","isPartOf":{"@id":"https:\/\/www.ladiagonale.net\/#website"},"datePublished":"2025-03-21T14:49:27+00:00","dateModified":"2025-03-22T05:38:57+00:00","author":{"@id":"https:\/\/www.ladiagonale.net\/#\/schema\/person\/79ff1e7b0853ed01b2aa26e64ad300bf"},"breadcrumb":{"@id":"https:\/\/www.ladiagonale.net\/index.php\/2025\/03\/21\/des-resultats-contrastes-en-selection-chez-les-jeunes\/#breadcrumb"},"inLanguage":"fr-FR","potentialAction":[{"@type":"ReadAction","target":["https:\/\/www.ladiagonale.net\/index.php\/2025\/03\/21\/des-resultats-contrastes-en-selection-chez-les-jeunes\/"]}]},{"@type":"BreadcrumbList","@id":"https:\/\/www.ladiagonale.net\/index.php\/2025\/03\/21\/des-resultats-contrastes-en-selection-chez-les-jeunes\/#breadcrumb","itemListElement":[{"@type":"ListItem","position":1,"name":"Accueil","item":"https:\/\/www.ladiagonale.net\/"},{"@type":"ListItem","position":2,"name":"Des r\u00e9sultats contrast\u00e9s en s\u00e9lection chez les jeunes"}]},{"@type":"WebSite","@id":"https:\/\/www.ladiagonale.net\/#website","url":"https:\/\/www.ladiagonale.net\/","name":"La Diagonale","description":"Le site des supporters de l&#039;AS Monaco FC","potentialAction":[{"@type":"SearchAction","target":{"@type":"EntryPoint","urlTemplate":"https:\/\/www.ladiagonale.net\/?s={search_term_string}"},"query-input":"required name=search_term_string"}],"inLanguage":"fr-FR"},{"@type":"Person","@id":"https:\/\/www.ladiagonale.net\/#\/schema\/person\/79ff1e7b0853ed01b2aa26e64ad300bf","name":"Damien Dellerba","image":{"@type":"ImageObject","inLanguage":"fr-FR","@id":"https:\/\/www.ladiagonale.net\/#\/schema\/person\/image\/","url":"https:\/\/secure.gravatar.com\/avatar\/c7850e06d3ff63cdbaee88b7fc16e2f0?s=96&d=mm&r=g","contentUrl":"https:\/\/secure.gravatar.com\/avatar\/c7850e06d3ff63cdbaee88b7fc16e2f0?s=96&d=mm&r=g","caption":"Damien Dellerba"},"url":"https:\/\/www.ladiagonale.net\/index.php\/author\/damien\/"}]}},"_links":{"self":[{"href":"https:\/\/www.ladiagonale.net\/index.php\/wp-json\/wp\/v2\/posts\/30499"}],"collection":[{"href":"https:\/\/www.ladiagonale.net\/index.php\/wp-json\/wp\/v2\/posts"}],"about":[{"href":"https:\/\/www.ladiagonale.net\/index.php\/wp-json\/wp\/v2\/types\/post"}],"author":[{"embeddable":true,"href":"https:\/\/www.ladiagonale.net\/index.php\/wp-json\/wp\/v2\/users\/2"}],"replies":[{"embeddable":true,"href":"https:\/\/www.ladiagonale.net\/index.php\/wp-json\/wp\/v2\/comments?post=30499"}],"version-history":[{"count":2,"href":"https:\/\/www.ladiagonale.net\/index.php\/wp-json\/wp\/v2\/posts\/30499\/revisions"}],"predecessor-version":[{"id":30513,"href":"https:\/\/www.ladiagonale.net\/index.php\/wp-json\/wp\/v2\/posts\/30499\/revisions\/30513"}],"wp:attachment":[{"href":"https:\/\/www.ladiagonale.net\/index.php\/wp-json\/wp\/v2\/media?parent=30499"}],"wp:term":[{"taxonomy":"category","embeddable":true,"href":"https:\/\/www.ladiagonale.net\/index.php\/wp-json\/wp\/v2\/categories?post=30499"},{"taxonomy":"post_tag","embeddable":true,"href":"https:\/\/www.ladiagonale.net\/index.php\/wp-json\/wp\/v2\/tags?post=30499"}],"curies":[{"name":"wp","href":"https:\/\/api.w.org\/{rel}","templated":true}]}}