{"id":30506,"date":"2025-03-21T23:37:18","date_gmt":"2025-03-21T22:37:18","guid":{"rendered":"https:\/\/www.ladiagonale.net\/?p=30506"},"modified":"2025-03-21T23:37:19","modified_gmt":"2025-03-21T22:37:19","slug":"salisu-buteur-avec-le-ghana","status":"publish","type":"post","link":"https:\/\/www.ladiagonale.net\/index.php\/2025\/03\/21\/salisu-buteur-avec-le-ghana\/","title":{"rendered":"Salisu buteur avec le Ghana"},"content":{"rendered":"\n<p>Le Ghana de Mohammed Salisu s\u2019est facilement d\u00e9fait du Tchad (5-0), ce vendredi, lors des \u00e9liminatoires de la Coupe du monde 2026. Le d\u00e9fenseur de l\u2019AS Monaco, titulaire et qui a jou\u00e9 80 minutes, a pris une grande part dans ce succ\u00e8s en inscrivant le quatri\u00e8me but de son \u00e9quipe de la t\u00eate sur corner peu avant l\u2019heure de jeu. Le Ghana fait une excellente op\u00e9ration et reprend la t\u00eate de son groupe apr\u00e8s cinq journ\u00e9es, deux points devant Madagascar, son adversaire de lundi, et trois devant les Comores, le pr\u00e9c\u00e9dent leader.<\/p>\n\n\n\n<p>De son c\u00f4t\u00e9, la C\u00f4te d\u2019Ivoire a battu le Burundi par la plus petite marge (1-0). Wilfried Singo a jou\u00e9 tout le match comme d\u00e9fenseur central dans une d\u00e9fense \u00e0 trois. Les \u00c9l\u00e9phants conservent la t\u00eate de leur groupe, un point devant le Gabon. Lundi, ils affronteront la Gambie.<\/p>\n\n\n","protected":false},"excerpt":{"rendered":"<p>Le Ghana de Mohammed Salisu s\u2019est facilement d\u00e9fait du Tchad (5-0), ce vendredi, lors des \u00e9liminatoires de la Coupe du monde 2026. Le d\u00e9fenseur de l\u2019AS Monaco, titulaire et qui a jou\u00e9 80 minutes, a pris une grande part dans ce succ\u00e8s en inscrivant le quatri\u00e8me but de son \u00e9quipe de la t\u00eate sur corner [&#8230;]\n","protected":false},"author":2,"featured_media":0,"comment_status":"open","ping_status":"open","sticky":false,"template":"","format":"standard","meta":[],"categories":[6],"tags":[86,618,116],"yoast_head":"<!-- This site is optimized with the Yoast SEO plugin v19.8 - https:\/\/yoast.com\/wordpress\/plugins\/seo\/ -->\n<title>Salisu buteur avec le Ghana - La Diagonale<\/title>\n<meta name=\"robots\" content=\"index, follow, max-snippet:-1, max-image-preview:large, max-video-preview:-1\" \/>\n<link rel=\"canonical\" href=\"https:\/\/www.ladiagonale.net\/index.php\/2025\/03\/21\/salisu-buteur-avec-le-ghana\/\" \/>\n<meta property=\"og:locale\" content=\"fr_FR\" \/>\n<meta property=\"og:type\" content=\"article\" \/>\n<meta property=\"og:title\" content=\"Salisu buteur avec le Ghana - La Diagonale\" \/>\n<meta property=\"og:description\" content=\"Le Ghana de Mohammed Salisu s\u2019est facilement d\u00e9fait du Tchad (5-0), ce vendredi, lors des \u00e9liminatoires de la Coupe du monde 2026. Le d\u00e9fenseur de l\u2019AS Monaco, titulaire et qui a jou\u00e9 80 minutes, a pris une grande part dans ce succ\u00e8s en inscrivant le quatri\u00e8me but de son \u00e9quipe de la t\u00eate sur corner [...]\" \/>\n<meta property=\"og:url\" content=\"https:\/\/www.ladiagonale.net\/index.php\/2025\/03\/21\/salisu-buteur-avec-le-ghana\/\" \/>\n<meta property=\"og:site_name\" content=\"La Diagonale\" \/>\n<meta property=\"article:published_time\" content=\"2025-03-21T22:37:18+00:00\" \/>\n<meta property=\"article:modified_time\" content=\"2025-03-21T22:37:19+00:00\" \/>\n<meta property=\"og:image\" content=\"https:\/\/www.ladiagonale.net\/wp-content\/uploads\/2024\/01\/salisu-ghana.png\" \/>\n\t<meta property=\"og:image:width\" content=\"1160\" \/>\n\t<meta property=\"og:image:height\" content=\"650\" \/>\n\t<meta property=\"og:image:type\" content=\"image\/png\" \/>\n<meta name=\"author\" content=\"Damien Dellerba\" \/>\n<meta name=\"twitter:card\" content=\"summary_large_image\" \/>\n<meta name=\"twitter:image\" content=\"https:\/\/www.ladiagonale.net\/wp-content\/uploads\/2024\/01\/salisu-ghana.png\" \/>\n<meta name=\"twitter:label1\" content=\"\u00c9crit par\" \/>\n\t<meta name=\"twitter:data1\" content=\"Damien Dellerba\" \/>\n\t<meta name=\"twitter:label2\" content=\"Dur\u00e9e de lecture estim\u00e9e\" \/>\n\t<meta name=\"twitter:data2\" content=\"1 minute\" \/>\n<script type=\"application\/ld+json\" class=\"yoast-schema-graph\">{\"@context\":\"https:\/\/schema.org\",\"@graph\":[{\"@type\":\"WebPage\",\"@id\":\"https:\/\/www.ladiagonale.net\/index.php\/2025\/03\/21\/salisu-buteur-avec-le-ghana\/\",\"url\":\"https:\/\/www.ladiagonale.net\/index.php\/2025\/03\/21\/salisu-buteur-avec-le-ghana\/\",\"name\":\"Salisu buteur avec le Ghana - La Diagonale\",\"isPartOf\":{\"@id\":\"https:\/\/www.ladiagonale.net\/#website\"},\"datePublished\":\"2025-03-21T22:37:18+00:00\",\"dateModified\":\"2025-03-21T22:37:19+00:00\",\"author\":{\"@id\":\"https:\/\/www.ladiagonale.net\/#\/schema\/person\/79ff1e7b0853ed01b2aa26e64ad300bf\"},\"breadcrumb\":{\"@id\":\"https:\/\/www.ladiagonale.net\/index.php\/2025\/03\/21\/salisu-buteur-avec-le-ghana\/#breadcrumb\"},\"inLanguage\":\"fr-FR\",\"potentialAction\":[{\"@type\":\"ReadAction\",\"target\":[\"https:\/\/www.ladiagonale.net\/index.php\/2025\/03\/21\/salisu-buteur-avec-le-ghana\/\"]}]},{\"@type\":\"BreadcrumbList\",\"@id\":\"https:\/\/www.ladiagonale.net\/index.php\/2025\/03\/21\/salisu-buteur-avec-le-ghana\/#breadcrumb\",\"itemListElement\":[{\"@type\":\"ListItem\",\"position\":1,\"name\":\"Accueil\",\"item\":\"https:\/\/www.ladiagonale.net\/\"},{\"@type\":\"ListItem\",\"position\":2,\"name\":\"Salisu buteur avec le Ghana\"}]},{\"@type\":\"WebSite\",\"@id\":\"https:\/\/www.ladiagonale.net\/#website\",\"url\":\"https:\/\/www.ladiagonale.net\/\",\"name\":\"La Diagonale\",\"description\":\"Le site des supporters de l&#039;AS Monaco FC\",\"potentialAction\":[{\"@type\":\"SearchAction\",\"target\":{\"@type\":\"EntryPoint\",\"urlTemplate\":\"https:\/\/www.ladiagonale.net\/?s={search_term_string}\"},\"query-input\":\"required name=search_term_string\"}],\"inLanguage\":\"fr-FR\"},{\"@type\":\"Person\",\"@id\":\"https:\/\/www.ladiagonale.net\/#\/schema\/person\/79ff1e7b0853ed01b2aa26e64ad300bf\",\"name\":\"Damien Dellerba\",\"image\":{\"@type\":\"ImageObject\",\"inLanguage\":\"fr-FR\",\"@id\":\"https:\/\/www.ladiagonale.net\/#\/schema\/person\/image\/\",\"url\":\"https:\/\/secure.gravatar.com\/avatar\/c7850e06d3ff63cdbaee88b7fc16e2f0?s=96&d=mm&r=g\",\"contentUrl\":\"https:\/\/secure.gravatar.com\/avatar\/c7850e06d3ff63cdbaee88b7fc16e2f0?s=96&d=mm&r=g\",\"caption\":\"Damien Dellerba\"},\"url\":\"https:\/\/www.ladiagonale.net\/index.php\/author\/damien\/\"}]}<\/script>\n<!-- \/ Yoast SEO plugin. -->","yoast_head_json":{"title":"Salisu buteur avec le Ghana - La Diagonale","robots":{"index":"index","follow":"follow","max-snippet":"max-snippet:-1","max-image-preview":"max-image-preview:large","max-video-preview":"max-video-preview:-1"},"canonical":"https:\/\/www.ladiagonale.net\/index.php\/2025\/03\/21\/salisu-buteur-avec-le-ghana\/","og_locale":"fr_FR","og_type":"article","og_title":"Salisu buteur avec le Ghana - La Diagonale","og_description":"Le Ghana de Mohammed Salisu s\u2019est facilement d\u00e9fait du Tchad (5-0), ce vendredi, lors des \u00e9liminatoires de la Coupe du monde 2026. Le d\u00e9fenseur de l\u2019AS Monaco, titulaire et qui a jou\u00e9 80 minutes, a pris une grande part dans ce succ\u00e8s en inscrivant le quatri\u00e8me but de son \u00e9quipe de la t\u00eate sur corner [...]","og_url":"https:\/\/www.ladiagonale.net\/index.php\/2025\/03\/21\/salisu-buteur-avec-le-ghana\/","og_site_name":"La Diagonale","article_published_time":"2025-03-21T22:37:18+00:00","article_modified_time":"2025-03-21T22:37:19+00:00","og_image":[{"width":1160,"height":650,"url":"https:\/\/www.ladiagonale.net\/wp-content\/uploads\/2024\/01\/salisu-ghana.png","type":"image\/png"}],"author":"Damien Dellerba","twitter_card":"summary_large_image","twitter_image":"https:\/\/www.ladiagonale.net\/wp-content\/uploads\/2024\/01\/salisu-ghana.png","twitter_misc":{"\u00c9crit par":"Damien Dellerba","Dur\u00e9e de lecture estim\u00e9e":"1 minute"},"schema":{"@context":"https:\/\/schema.org","@graph":[{"@type":"WebPage","@id":"https:\/\/www.ladiagonale.net\/index.php\/2025\/03\/21\/salisu-buteur-avec-le-ghana\/","url":"https:\/\/www.ladiagonale.net\/index.php\/2025\/03\/21\/salisu-buteur-avec-le-ghana\/","name":"Salisu buteur avec le Ghana - La Diagonale","isPartOf":{"@id":"https:\/\/www.ladiagonale.net\/#website"},"datePublished":"2025-03-21T22:37:18+00:00","dateModified":"2025-03-21T22:37:19+00:00","author":{"@id":"https:\/\/www.ladiagonale.net\/#\/schema\/person\/79ff1e7b0853ed01b2aa26e64ad300bf"},"breadcrumb":{"@id":"https:\/\/www.ladiagonale.net\/index.php\/2025\/03\/21\/salisu-buteur-avec-le-ghana\/#breadcrumb"},"inLanguage":"fr-FR","potentialAction":[{"@type":"ReadAction","target":["https:\/\/www.ladiagonale.net\/index.php\/2025\/03\/21\/salisu-buteur-avec-le-ghana\/"]}]},{"@type":"BreadcrumbList","@id":"https:\/\/www.ladiagonale.net\/index.php\/2025\/03\/21\/salisu-buteur-avec-le-ghana\/#breadcrumb","itemListElement":[{"@type":"ListItem","position":1,"name":"Accueil","item":"https:\/\/www.ladiagonale.net\/"},{"@type":"ListItem","position":2,"name":"Salisu buteur avec le Ghana"}]},{"@type":"WebSite","@id":"https:\/\/www.ladiagonale.net\/#website","url":"https:\/\/www.ladiagonale.net\/","name":"La Diagonale","description":"Le site des supporters de l&#039;AS Monaco FC","potentialAction":[{"@type":"SearchAction","target":{"@type":"EntryPoint","urlTemplate":"https:\/\/www.ladiagonale.net\/?s={search_term_string}"},"query-input":"required name=search_term_string"}],"inLanguage":"fr-FR"},{"@type":"Person","@id":"https:\/\/www.ladiagonale.net\/#\/schema\/person\/79ff1e7b0853ed01b2aa26e64ad300bf","name":"Damien Dellerba","image":{"@type":"ImageObject","inLanguage":"fr-FR","@id":"https:\/\/www.ladiagonale.net\/#\/schema\/person\/image\/","url":"https:\/\/secure.gravatar.com\/avatar\/c7850e06d3ff63cdbaee88b7fc16e2f0?s=96&d=mm&r=g","contentUrl":"https:\/\/secure.gravatar.com\/avatar\/c7850e06d3ff63cdbaee88b7fc16e2f0?s=96&d=mm&r=g","caption":"Damien Dellerba"},"url":"https:\/\/www.ladiagonale.net\/index.php\/author\/damien\/"}]}},"_links":{"self":[{"href":"https:\/\/www.ladiagonale.net\/index.php\/wp-json\/wp\/v2\/posts\/30506"}],"collection":[{"href":"https:\/\/www.ladiagonale.net\/index.php\/wp-json\/wp\/v2\/posts"}],"about":[{"href":"https:\/\/www.ladiagonale.net\/index.php\/wp-json\/wp\/v2\/types\/post"}],"author":[{"embeddable":true,"href":"https:\/\/www.ladiagonale.net\/index.php\/wp-json\/wp\/v2\/users\/2"}],"replies":[{"embeddable":true,"href":"https:\/\/www.ladiagonale.net\/index.php\/wp-json\/wp\/v2\/comments?post=30506"}],"version-history":[{"count":1,"href":"https:\/\/www.ladiagonale.net\/index.php\/wp-json\/wp\/v2\/posts\/30506\/revisions"}],"predecessor-version":[{"id":30507,"href":"https:\/\/www.ladiagonale.net\/index.php\/wp-json\/wp\/v2\/posts\/30506\/revisions\/30507"}],"wp:attachment":[{"href":"https:\/\/www.ladiagonale.net\/index.php\/wp-json\/wp\/v2\/media?parent=30506"}],"wp:term":[{"taxonomy":"category","embeddable":true,"href":"https:\/\/www.ladiagonale.net\/index.php\/wp-json\/wp\/v2\/categories?post=30506"},{"taxonomy":"post_tag","embeddable":true,"href":"https:\/\/www.ladiagonale.net\/index.php\/wp-json\/wp\/v2\/tags?post=30506"}],"curies":[{"name":"wp","href":"https:\/\/api.w.org\/{rel}","templated":true}]}}