{"id":30539,"date":"2025-03-24T16:10:14","date_gmt":"2025-03-24T15:10:14","guid":{"rendered":"https:\/\/www.ladiagonale.net\/?p=30539"},"modified":"2025-03-24T16:10:15","modified_gmt":"2025-03-24T15:10:15","slug":"hutter-a-la-presse-de-la-pression-vous-men-avez-mis-dans-vos-articles","status":"publish","type":"post","link":"https:\/\/www.ladiagonale.net\/index.php\/2025\/03\/24\/hutter-a-la-presse-de-la-pression-vous-men-avez-mis-dans-vos-articles\/","title":{"rendered":"H\u00fctter \u00e0 la presse : \u00ab&nbsp;De la pression ? Vous m\u2019en avez mis dans vos articles&nbsp;\u00bb"},"content":{"rendered":"\n<p>Les derni\u00e8res semaines ont pu \u00eatre quelque peu tendues du c\u00f4t\u00e9 de l\u2019AS Monaco, avec des r\u00e9sultats au mieux irr\u00e9guliers et qui ont pu soulever certaines interrogations quant \u00e0 l\u2019avenir d\u2019Adi H\u00fctter \u00e0 son poste d\u2019entra\u00eeneur. Si Thiago Scuro avait d\u00e9j\u00e0 voulu <a href=\"https:\/\/www.ladiagonale.net\/index.php\/2025\/02\/25\/les-critiques-passent-mal-chez-scuro\/\">mettre fin aux rumeurs<\/a>, Adi H\u00fctter a \u00e9galement r\u00e9pondu dans un long entretien accord\u00e9 \u00e0 <em>L\u2019\u00c9quipe<\/em>.<\/p>\n\n\n\n<p>L\u2019Autrichien ne s\u2019est pas senti mis en danger par la situation sportive des derniers mois : \u00ab\u00a0<em>Je vais \u00eatre honn\u00eate, je ne perds pas de temps \u00e0 penser \u00e0 ce genre de choses. De la pression\u00a0? Vous m&rsquo;en avez mis dans vos articles. \u00c7a fait partie de la vie d&rsquo;un coach. Mais non, moi, je n&rsquo;ai pas ressenti \u00e7a. On peut parler des situations difficiles. Mais quand je suis arriv\u00e9 (\u00e0 l&rsquo;\u00e9t\u00e9 2023), le club venait de terminer 6e. On a chang\u00e9 beaucoup de choses et on a fini 2e la saison pass\u00e9e. Si quelqu&rsquo;un n&rsquo;est pas heureux, je suis s\u00fbr qu&rsquo;on me le dira.<\/em>\u00a0\u00bb<\/p>\n\n\n\n<p>H\u00fctter s\u2019est notamment d\u00e9fendu avec son bilan statistique, qui est meilleur que la saison pass\u00e9e : \u00ab\u00a0<em>On a\u00a0un point de plus que la saison derni\u00e8re \u00e0 la m\u00eame p\u00e9riode. Notre diff\u00e9rence de buts est sup\u00e9rieure de huit buts. Ce sont des faits, ils ne mentent pas. Et on discute du fait qu&rsquo;on ne serait peut-\u00eatre pas en bonne forme\u2026 N&rsquo;oubliez pas qu&rsquo;on a jou\u00e9 10 matches de C1, avec beaucoup de d\u00e9placements, une rencontre \u00e0 Doha (lors du Troph\u00e9e des champions, 0-1 face au Paris-SG le 5\u00a0janvier).<\/em>\u00a0\u00bb<\/p>\n\n\n\n<p>Le coach mon\u00e9gasque a reconnu avoir int\u00e9ress\u00e9 d\u2019autres clubs, sorte de reconnaissance de son travail, mais il a \u00e9t\u00e9 finalement prolong\u00e9 en Principaut\u00e9, m\u00eame si le timing (d\u00e9but janvier) a pu \u00e9tonner : \u00ab\u00a0<em>En France, c&rsquo;est peut-\u00eatre une grande surprise que le club ait prolong\u00e9 mon contrat si t\u00f4t. En Allemagne, c&rsquo;est quelque chose de normal. Apr\u00e8s la premi\u00e8re saison qu&rsquo;on a faite, normalement, on essaye de prolonger le contrat imm\u00e9diatement. Ici, la situation est un peu diff\u00e9rente mais je le respecte. Le calendrier \u00e9tait serr\u00e9, on s&rsquo;est tous donn\u00e9 du temps pour r\u00e9fl\u00e9chir \u00e0 ce qui \u00e9tait le mieux pour le club.<\/em>\u00a0\u00bb<\/p>\n\n\n","protected":false},"excerpt":{"rendered":"<p>Les derni\u00e8res semaines ont pu \u00eatre quelque peu tendues du c\u00f4t\u00e9 de l\u2019AS Monaco, avec des r\u00e9sultats au mieux irr\u00e9guliers et qui ont pu soulever certaines interrogations quant \u00e0 l\u2019avenir d\u2019Adi H\u00fctter \u00e0 son poste d\u2019entra\u00eeneur. Si Thiago Scuro avait d\u00e9j\u00e0 voulu mettre fin aux rumeurs, Adi H\u00fctter a \u00e9galement r\u00e9pondu dans un long entretien [&#8230;]\n","protected":false},"author":2,"featured_media":0,"comment_status":"open","ping_status":"open","sticky":false,"template":"","format":"standard","meta":[],"categories":[6],"tags":[576,86],"yoast_head":"<!-- This site is optimized with the Yoast SEO plugin v19.8 - https:\/\/yoast.com\/wordpress\/plugins\/seo\/ -->\n<title>H\u00fctter \u00e0 la presse : \u00ab&nbsp;De la pression ? Vous m\u2019en avez mis dans vos articles&nbsp;\u00bb - La Diagonale<\/title>\n<meta name=\"robots\" content=\"index, follow, max-snippet:-1, max-image-preview:large, max-video-preview:-1\" \/>\n<link rel=\"canonical\" href=\"https:\/\/www.ladiagonale.net\/index.php\/2025\/03\/24\/hutter-a-la-presse-de-la-pression-vous-men-avez-mis-dans-vos-articles\/\" \/>\n<meta property=\"og:locale\" content=\"fr_FR\" \/>\n<meta property=\"og:type\" content=\"article\" \/>\n<meta property=\"og:title\" content=\"H\u00fctter \u00e0 la presse : \u00ab&nbsp;De la pression ? Vous m\u2019en avez mis dans vos articles&nbsp;\u00bb - La Diagonale\" \/>\n<meta property=\"og:description\" content=\"Les derni\u00e8res semaines ont pu \u00eatre quelque peu tendues du c\u00f4t\u00e9 de l\u2019AS Monaco, avec des r\u00e9sultats au mieux irr\u00e9guliers et qui ont pu soulever certaines interrogations quant \u00e0 l\u2019avenir d\u2019Adi H\u00fctter \u00e0 son poste d\u2019entra\u00eeneur. Si Thiago Scuro avait d\u00e9j\u00e0 voulu mettre fin aux rumeurs, Adi H\u00fctter a \u00e9galement r\u00e9pondu dans un long entretien [...]\" \/>\n<meta property=\"og:url\" content=\"https:\/\/www.ladiagonale.net\/index.php\/2025\/03\/24\/hutter-a-la-presse-de-la-pression-vous-men-avez-mis-dans-vos-articles\/\" \/>\n<meta property=\"og:site_name\" content=\"La Diagonale\" \/>\n<meta property=\"article:published_time\" content=\"2025-03-24T15:10:14+00:00\" \/>\n<meta property=\"article:modified_time\" content=\"2025-03-24T15:10:15+00:00\" \/>\n<meta property=\"og:image\" content=\"https:\/\/www.ladiagonale.net\/wp-content\/uploads\/2025\/02\/hutter-coupable.png\" \/>\n\t<meta property=\"og:image:width\" content=\"1160\" \/>\n\t<meta property=\"og:image:height\" content=\"650\" \/>\n\t<meta property=\"og:image:type\" content=\"image\/png\" \/>\n<meta name=\"author\" content=\"Damien Dellerba\" \/>\n<meta name=\"twitter:card\" content=\"summary_large_image\" \/>\n<meta name=\"twitter:image\" content=\"https:\/\/www.ladiagonale.net\/wp-content\/uploads\/2025\/02\/hutter-coupable.png\" \/>\n<meta name=\"twitter:label1\" content=\"\u00c9crit par\" \/>\n\t<meta name=\"twitter:data1\" content=\"Damien Dellerba\" \/>\n\t<meta name=\"twitter:label2\" content=\"Dur\u00e9e de lecture estim\u00e9e\" \/>\n\t<meta name=\"twitter:data2\" content=\"2 minutes\" \/>\n<script type=\"application\/ld+json\" class=\"yoast-schema-graph\">{\"@context\":\"https:\/\/schema.org\",\"@graph\":[{\"@type\":\"WebPage\",\"@id\":\"https:\/\/www.ladiagonale.net\/index.php\/2025\/03\/24\/hutter-a-la-presse-de-la-pression-vous-men-avez-mis-dans-vos-articles\/\",\"url\":\"https:\/\/www.ladiagonale.net\/index.php\/2025\/03\/24\/hutter-a-la-presse-de-la-pression-vous-men-avez-mis-dans-vos-articles\/\",\"name\":\"H\u00fctter \u00e0 la presse : \u00ab&nbsp;De la pression ? Vous m\u2019en avez mis dans vos articles&nbsp;\u00bb - La Diagonale\",\"isPartOf\":{\"@id\":\"https:\/\/www.ladiagonale.net\/#website\"},\"datePublished\":\"2025-03-24T15:10:14+00:00\",\"dateModified\":\"2025-03-24T15:10:15+00:00\",\"author\":{\"@id\":\"https:\/\/www.ladiagonale.net\/#\/schema\/person\/79ff1e7b0853ed01b2aa26e64ad300bf\"},\"breadcrumb\":{\"@id\":\"https:\/\/www.ladiagonale.net\/index.php\/2025\/03\/24\/hutter-a-la-presse-de-la-pression-vous-men-avez-mis-dans-vos-articles\/#breadcrumb\"},\"inLanguage\":\"fr-FR\",\"potentialAction\":[{\"@type\":\"ReadAction\",\"target\":[\"https:\/\/www.ladiagonale.net\/index.php\/2025\/03\/24\/hutter-a-la-presse-de-la-pression-vous-men-avez-mis-dans-vos-articles\/\"]}]},{\"@type\":\"BreadcrumbList\",\"@id\":\"https:\/\/www.ladiagonale.net\/index.php\/2025\/03\/24\/hutter-a-la-presse-de-la-pression-vous-men-avez-mis-dans-vos-articles\/#breadcrumb\",\"itemListElement\":[{\"@type\":\"ListItem\",\"position\":1,\"name\":\"Accueil\",\"item\":\"https:\/\/www.ladiagonale.net\/\"},{\"@type\":\"ListItem\",\"position\":2,\"name\":\"H\u00fctter \u00e0 la presse : \u00ab&nbsp;De la pression ? Vous m\u2019en avez mis dans vos articles&nbsp;\u00bb\"}]},{\"@type\":\"WebSite\",\"@id\":\"https:\/\/www.ladiagonale.net\/#website\",\"url\":\"https:\/\/www.ladiagonale.net\/\",\"name\":\"La Diagonale\",\"description\":\"Le site des supporters de l&#039;AS Monaco FC\",\"potentialAction\":[{\"@type\":\"SearchAction\",\"target\":{\"@type\":\"EntryPoint\",\"urlTemplate\":\"https:\/\/www.ladiagonale.net\/?s={search_term_string}\"},\"query-input\":\"required name=search_term_string\"}],\"inLanguage\":\"fr-FR\"},{\"@type\":\"Person\",\"@id\":\"https:\/\/www.ladiagonale.net\/#\/schema\/person\/79ff1e7b0853ed01b2aa26e64ad300bf\",\"name\":\"Damien Dellerba\",\"image\":{\"@type\":\"ImageObject\",\"inLanguage\":\"fr-FR\",\"@id\":\"https:\/\/www.ladiagonale.net\/#\/schema\/person\/image\/\",\"url\":\"https:\/\/secure.gravatar.com\/avatar\/c7850e06d3ff63cdbaee88b7fc16e2f0?s=96&d=mm&r=g\",\"contentUrl\":\"https:\/\/secure.gravatar.com\/avatar\/c7850e06d3ff63cdbaee88b7fc16e2f0?s=96&d=mm&r=g\",\"caption\":\"Damien Dellerba\"},\"url\":\"https:\/\/www.ladiagonale.net\/index.php\/author\/damien\/\"}]}<\/script>\n<!-- \/ Yoast SEO plugin. -->","yoast_head_json":{"title":"H\u00fctter \u00e0 la presse : \u00ab&nbsp;De la pression ? Vous m\u2019en avez mis dans vos articles&nbsp;\u00bb - La Diagonale","robots":{"index":"index","follow":"follow","max-snippet":"max-snippet:-1","max-image-preview":"max-image-preview:large","max-video-preview":"max-video-preview:-1"},"canonical":"https:\/\/www.ladiagonale.net\/index.php\/2025\/03\/24\/hutter-a-la-presse-de-la-pression-vous-men-avez-mis-dans-vos-articles\/","og_locale":"fr_FR","og_type":"article","og_title":"H\u00fctter \u00e0 la presse : \u00ab&nbsp;De la pression ? Vous m\u2019en avez mis dans vos articles&nbsp;\u00bb - La Diagonale","og_description":"Les derni\u00e8res semaines ont pu \u00eatre quelque peu tendues du c\u00f4t\u00e9 de l\u2019AS Monaco, avec des r\u00e9sultats au mieux irr\u00e9guliers et qui ont pu soulever certaines interrogations quant \u00e0 l\u2019avenir d\u2019Adi H\u00fctter \u00e0 son poste d\u2019entra\u00eeneur. Si Thiago Scuro avait d\u00e9j\u00e0 voulu mettre fin aux rumeurs, Adi H\u00fctter a \u00e9galement r\u00e9pondu dans un long entretien [...]","og_url":"https:\/\/www.ladiagonale.net\/index.php\/2025\/03\/24\/hutter-a-la-presse-de-la-pression-vous-men-avez-mis-dans-vos-articles\/","og_site_name":"La Diagonale","article_published_time":"2025-03-24T15:10:14+00:00","article_modified_time":"2025-03-24T15:10:15+00:00","og_image":[{"width":1160,"height":650,"url":"https:\/\/www.ladiagonale.net\/wp-content\/uploads\/2025\/02\/hutter-coupable.png","type":"image\/png"}],"author":"Damien Dellerba","twitter_card":"summary_large_image","twitter_image":"https:\/\/www.ladiagonale.net\/wp-content\/uploads\/2025\/02\/hutter-coupable.png","twitter_misc":{"\u00c9crit par":"Damien Dellerba","Dur\u00e9e de lecture estim\u00e9e":"2 minutes"},"schema":{"@context":"https:\/\/schema.org","@graph":[{"@type":"WebPage","@id":"https:\/\/www.ladiagonale.net\/index.php\/2025\/03\/24\/hutter-a-la-presse-de-la-pression-vous-men-avez-mis-dans-vos-articles\/","url":"https:\/\/www.ladiagonale.net\/index.php\/2025\/03\/24\/hutter-a-la-presse-de-la-pression-vous-men-avez-mis-dans-vos-articles\/","name":"H\u00fctter \u00e0 la presse : \u00ab&nbsp;De la pression ? Vous m\u2019en avez mis dans vos articles&nbsp;\u00bb - La Diagonale","isPartOf":{"@id":"https:\/\/www.ladiagonale.net\/#website"},"datePublished":"2025-03-24T15:10:14+00:00","dateModified":"2025-03-24T15:10:15+00:00","author":{"@id":"https:\/\/www.ladiagonale.net\/#\/schema\/person\/79ff1e7b0853ed01b2aa26e64ad300bf"},"breadcrumb":{"@id":"https:\/\/www.ladiagonale.net\/index.php\/2025\/03\/24\/hutter-a-la-presse-de-la-pression-vous-men-avez-mis-dans-vos-articles\/#breadcrumb"},"inLanguage":"fr-FR","potentialAction":[{"@type":"ReadAction","target":["https:\/\/www.ladiagonale.net\/index.php\/2025\/03\/24\/hutter-a-la-presse-de-la-pression-vous-men-avez-mis-dans-vos-articles\/"]}]},{"@type":"BreadcrumbList","@id":"https:\/\/www.ladiagonale.net\/index.php\/2025\/03\/24\/hutter-a-la-presse-de-la-pression-vous-men-avez-mis-dans-vos-articles\/#breadcrumb","itemListElement":[{"@type":"ListItem","position":1,"name":"Accueil","item":"https:\/\/www.ladiagonale.net\/"},{"@type":"ListItem","position":2,"name":"H\u00fctter \u00e0 la presse : \u00ab&nbsp;De la pression ? Vous m\u2019en avez mis dans vos articles&nbsp;\u00bb"}]},{"@type":"WebSite","@id":"https:\/\/www.ladiagonale.net\/#website","url":"https:\/\/www.ladiagonale.net\/","name":"La Diagonale","description":"Le site des supporters de l&#039;AS Monaco FC","potentialAction":[{"@type":"SearchAction","target":{"@type":"EntryPoint","urlTemplate":"https:\/\/www.ladiagonale.net\/?s={search_term_string}"},"query-input":"required name=search_term_string"}],"inLanguage":"fr-FR"},{"@type":"Person","@id":"https:\/\/www.ladiagonale.net\/#\/schema\/person\/79ff1e7b0853ed01b2aa26e64ad300bf","name":"Damien Dellerba","image":{"@type":"ImageObject","inLanguage":"fr-FR","@id":"https:\/\/www.ladiagonale.net\/#\/schema\/person\/image\/","url":"https:\/\/secure.gravatar.com\/avatar\/c7850e06d3ff63cdbaee88b7fc16e2f0?s=96&d=mm&r=g","contentUrl":"https:\/\/secure.gravatar.com\/avatar\/c7850e06d3ff63cdbaee88b7fc16e2f0?s=96&d=mm&r=g","caption":"Damien Dellerba"},"url":"https:\/\/www.ladiagonale.net\/index.php\/author\/damien\/"}]}},"_links":{"self":[{"href":"https:\/\/www.ladiagonale.net\/index.php\/wp-json\/wp\/v2\/posts\/30539"}],"collection":[{"href":"https:\/\/www.ladiagonale.net\/index.php\/wp-json\/wp\/v2\/posts"}],"about":[{"href":"https:\/\/www.ladiagonale.net\/index.php\/wp-json\/wp\/v2\/types\/post"}],"author":[{"embeddable":true,"href":"https:\/\/www.ladiagonale.net\/index.php\/wp-json\/wp\/v2\/users\/2"}],"replies":[{"embeddable":true,"href":"https:\/\/www.ladiagonale.net\/index.php\/wp-json\/wp\/v2\/comments?post=30539"}],"version-history":[{"count":1,"href":"https:\/\/www.ladiagonale.net\/index.php\/wp-json\/wp\/v2\/posts\/30539\/revisions"}],"predecessor-version":[{"id":30540,"href":"https:\/\/www.ladiagonale.net\/index.php\/wp-json\/wp\/v2\/posts\/30539\/revisions\/30540"}],"wp:attachment":[{"href":"https:\/\/www.ladiagonale.net\/index.php\/wp-json\/wp\/v2\/media?parent=30539"}],"wp:term":[{"taxonomy":"category","embeddable":true,"href":"https:\/\/www.ladiagonale.net\/index.php\/wp-json\/wp\/v2\/categories?post=30539"},{"taxonomy":"post_tag","embeddable":true,"href":"https:\/\/www.ladiagonale.net\/index.php\/wp-json\/wp\/v2\/tags?post=30539"}],"curies":[{"name":"wp","href":"https:\/\/api.w.org\/{rel}","templated":true}]}}