{"id":30575,"date":"2025-03-25T23:01:36","date_gmt":"2025-03-25T22:01:36","guid":{"rendered":"https:\/\/www.ladiagonale.net\/?p=30575"},"modified":"2025-03-26T00:51:41","modified_gmt":"2025-03-25T23:51:41","slug":"partenariat-signe-entre-monaco-et-saint-priest-renouvele-avec-versailles","status":"publish","type":"post","link":"https:\/\/www.ladiagonale.net\/index.php\/2025\/03\/25\/partenariat-signe-entre-monaco-et-saint-priest-renouvele-avec-versailles\/","title":{"rendered":"Partenariat sign\u00e9 entre Monaco et Saint-Priest, celui avec Versailles renouvel\u00e9"},"content":{"rendered":"\n<p>Ce mardi 25 mars a marqu\u00e9 le d\u00e9but de la collaboration entre l&rsquo;AS Monaco et l&rsquo;AS Saint-Priest, club de National 2 de la m\u00e9tropole lyonnaise. Si l&rsquo;ASM n&rsquo;a pas officialis\u00e9 ce nouveau partenariat sur son site officiel, la signature a bien eu lieu ce jour, comme cela avait \u00e9t\u00e9 indiqu\u00e9 dans <em>Le Progr\u00e8s<\/em>. S\u00e9bastien Muet (au centre), le directeur de l&rsquo;Academy, mais aussi Zin\u00e9dine Benslimane (tout \u00e0 gauche), responsable des talents \u00e9mergents, \u00e9taient notamment pr\u00e9sents c\u00f4t\u00e9 as\u00e9miste. Ce partenariat permettra de cr\u00e9er des passerelles sur la formation et la d\u00e9tection.<\/p>\n\n\n\n<blockquote class=\"twitter-tweet\"><p lang=\"fr\" dir=\"ltr\">Le partenariat entre l&rsquo;AS Saint-Priest et l&rsquo;AS Monaco, repr\u00e9sent\u00e9e par une d\u00e9l\u00e9gation men\u00e9e par S\u00e9bastien Muet, le directeur du centre, est officiellement sign\u00e9 <a href=\"https:\/\/t.co\/WzeQK59Y1P\">pic.twitter.com\/WzeQK59Y1P<\/a><\/p>\u2014 Arnaud Clement (@NanoClmnt) <a href=\"https:\/\/twitter.com\/NanoClmnt\/status\/1904584184108024258?ref_src=twsrc%5Etfw\">March 25, 2025<\/a><\/blockquote> <script async=\"\" src=\"https:\/\/platform.twitter.com\/widgets.js\" charset=\"utf-8\"><\/script>\n\n\n\n<p>Monaco a toutefois annonc\u00e9 ce mardi le renouvellement de son partenariat avec le FC Versailles, club de National. Les deux clubs sont li\u00e9s depuis 2017 pour favoriser le d\u00e9veloppement des jeunes talents, tout en permettant \u00e0 l&rsquo;ASM d&rsquo;avoir un pied sur le territoire de l&rsquo;\u00cele-de-France, principal pourvoyeur de talents du football fran\u00e7ais. Dans son communiqu\u00e9, l&rsquo;ASM a pr\u00e9cis\u00e9 que cette alliance s&rsquo;inscrivait  \u00ab\u00a0<em>dans la strat\u00e9gie de d\u00e9veloppement du club rouge et blanc en mati\u00e8re de d\u00e9tection, de formation et d\u2019accompagnement au plus haut niveau.<\/em>\u00a0\u00bb<\/p>\n","protected":false},"excerpt":{"rendered":"<p>Ce mardi 25 mars a marqu\u00e9 le d\u00e9but de la collaboration entre l&rsquo;AS Monaco et l&rsquo;AS Saint-Priest, club de National 2 de la m\u00e9tropole lyonnaise. Si l&rsquo;ASM n&rsquo;a pas officialis\u00e9 ce nouveau partenariat sur son site officiel, la signature a bien eu lieu ce jour, comme cela avait \u00e9t\u00e9 indiqu\u00e9 dans Le Progr\u00e8s. S\u00e9bastien Muet [&#8230;]\n","protected":false},"author":2,"featured_media":0,"comment_status":"open","ping_status":"open","sticky":false,"template":"","format":"standard","meta":[],"categories":[4,6],"tags":[76,86,1010,1014,465],"yoast_head":"<!-- This site is optimized with the Yoast SEO plugin v19.8 - https:\/\/yoast.com\/wordpress\/plugins\/seo\/ -->\n<title>Partenariat sign\u00e9 entre Monaco et Saint-Priest, celui avec Versailles renouvel\u00e9 - La Diagonale<\/title>\n<meta name=\"robots\" content=\"index, follow, max-snippet:-1, max-image-preview:large, max-video-preview:-1\" \/>\n<link rel=\"canonical\" href=\"https:\/\/www.ladiagonale.net\/index.php\/2025\/03\/25\/partenariat-signe-entre-monaco-et-saint-priest-renouvele-avec-versailles\/\" \/>\n<meta property=\"og:locale\" content=\"fr_FR\" \/>\n<meta property=\"og:type\" content=\"article\" \/>\n<meta property=\"og:title\" content=\"Partenariat sign\u00e9 entre Monaco et Saint-Priest, celui avec Versailles renouvel\u00e9 - La Diagonale\" \/>\n<meta property=\"og:description\" content=\"Ce mardi 25 mars a marqu\u00e9 le d\u00e9but de la collaboration entre l&rsquo;AS Monaco et l&rsquo;AS Saint-Priest, club de National 2 de la m\u00e9tropole lyonnaise. Si l&rsquo;ASM n&rsquo;a pas officialis\u00e9 ce nouveau partenariat sur son site officiel, la signature a bien eu lieu ce jour, comme cela avait \u00e9t\u00e9 indiqu\u00e9 dans Le Progr\u00e8s. S\u00e9bastien Muet [...]\" \/>\n<meta property=\"og:url\" content=\"https:\/\/www.ladiagonale.net\/index.php\/2025\/03\/25\/partenariat-signe-entre-monaco-et-saint-priest-renouvele-avec-versailles\/\" \/>\n<meta property=\"og:site_name\" content=\"La Diagonale\" \/>\n<meta property=\"article:published_time\" content=\"2025-03-25T22:01:36+00:00\" \/>\n<meta property=\"article:modified_time\" content=\"2025-03-25T23:51:41+00:00\" \/>\n<meta property=\"og:image\" content=\"https:\/\/www.ladiagonale.net\/wp-content\/uploads\/2025\/03\/saint-priest.png\" \/>\n\t<meta property=\"og:image:width\" content=\"1160\" \/>\n\t<meta property=\"og:image:height\" content=\"650\" \/>\n\t<meta property=\"og:image:type\" content=\"image\/png\" \/>\n<meta name=\"author\" content=\"Damien Dellerba\" \/>\n<meta name=\"twitter:card\" content=\"summary_large_image\" \/>\n<meta name=\"twitter:image\" content=\"https:\/\/www.ladiagonale.net\/wp-content\/uploads\/2025\/03\/saint-priest.png\" \/>\n<meta name=\"twitter:label1\" content=\"\u00c9crit par\" \/>\n\t<meta name=\"twitter:data1\" content=\"Damien Dellerba\" \/>\n\t<meta name=\"twitter:label2\" content=\"Dur\u00e9e de lecture estim\u00e9e\" \/>\n\t<meta name=\"twitter:data2\" content=\"2 minutes\" \/>\n<script type=\"application\/ld+json\" class=\"yoast-schema-graph\">{\"@context\":\"https:\/\/schema.org\",\"@graph\":[{\"@type\":\"WebPage\",\"@id\":\"https:\/\/www.ladiagonale.net\/index.php\/2025\/03\/25\/partenariat-signe-entre-monaco-et-saint-priest-renouvele-avec-versailles\/\",\"url\":\"https:\/\/www.ladiagonale.net\/index.php\/2025\/03\/25\/partenariat-signe-entre-monaco-et-saint-priest-renouvele-avec-versailles\/\",\"name\":\"Partenariat sign\u00e9 entre Monaco et Saint-Priest, celui avec Versailles renouvel\u00e9 - La Diagonale\",\"isPartOf\":{\"@id\":\"https:\/\/www.ladiagonale.net\/#website\"},\"datePublished\":\"2025-03-25T22:01:36+00:00\",\"dateModified\":\"2025-03-25T23:51:41+00:00\",\"author\":{\"@id\":\"https:\/\/www.ladiagonale.net\/#\/schema\/person\/79ff1e7b0853ed01b2aa26e64ad300bf\"},\"breadcrumb\":{\"@id\":\"https:\/\/www.ladiagonale.net\/index.php\/2025\/03\/25\/partenariat-signe-entre-monaco-et-saint-priest-renouvele-avec-versailles\/#breadcrumb\"},\"inLanguage\":\"fr-FR\",\"potentialAction\":[{\"@type\":\"ReadAction\",\"target\":[\"https:\/\/www.ladiagonale.net\/index.php\/2025\/03\/25\/partenariat-signe-entre-monaco-et-saint-priest-renouvele-avec-versailles\/\"]}]},{\"@type\":\"BreadcrumbList\",\"@id\":\"https:\/\/www.ladiagonale.net\/index.php\/2025\/03\/25\/partenariat-signe-entre-monaco-et-saint-priest-renouvele-avec-versailles\/#breadcrumb\",\"itemListElement\":[{\"@type\":\"ListItem\",\"position\":1,\"name\":\"Accueil\",\"item\":\"https:\/\/www.ladiagonale.net\/\"},{\"@type\":\"ListItem\",\"position\":2,\"name\":\"Partenariat sign\u00e9 entre Monaco et Saint-Priest, celui avec Versailles renouvel\u00e9\"}]},{\"@type\":\"WebSite\",\"@id\":\"https:\/\/www.ladiagonale.net\/#website\",\"url\":\"https:\/\/www.ladiagonale.net\/\",\"name\":\"La Diagonale\",\"description\":\"Le site des supporters de l&#039;AS Monaco FC\",\"potentialAction\":[{\"@type\":\"SearchAction\",\"target\":{\"@type\":\"EntryPoint\",\"urlTemplate\":\"https:\/\/www.ladiagonale.net\/?s={search_term_string}\"},\"query-input\":\"required name=search_term_string\"}],\"inLanguage\":\"fr-FR\"},{\"@type\":\"Person\",\"@id\":\"https:\/\/www.ladiagonale.net\/#\/schema\/person\/79ff1e7b0853ed01b2aa26e64ad300bf\",\"name\":\"Damien Dellerba\",\"image\":{\"@type\":\"ImageObject\",\"inLanguage\":\"fr-FR\",\"@id\":\"https:\/\/www.ladiagonale.net\/#\/schema\/person\/image\/\",\"url\":\"https:\/\/secure.gravatar.com\/avatar\/c7850e06d3ff63cdbaee88b7fc16e2f0?s=96&d=mm&r=g\",\"contentUrl\":\"https:\/\/secure.gravatar.com\/avatar\/c7850e06d3ff63cdbaee88b7fc16e2f0?s=96&d=mm&r=g\",\"caption\":\"Damien Dellerba\"},\"url\":\"https:\/\/www.ladiagonale.net\/index.php\/author\/damien\/\"}]}<\/script>\n<!-- \/ Yoast SEO plugin. -->","yoast_head_json":{"title":"Partenariat sign\u00e9 entre Monaco et Saint-Priest, celui avec Versailles renouvel\u00e9 - La Diagonale","robots":{"index":"index","follow":"follow","max-snippet":"max-snippet:-1","max-image-preview":"max-image-preview:large","max-video-preview":"max-video-preview:-1"},"canonical":"https:\/\/www.ladiagonale.net\/index.php\/2025\/03\/25\/partenariat-signe-entre-monaco-et-saint-priest-renouvele-avec-versailles\/","og_locale":"fr_FR","og_type":"article","og_title":"Partenariat sign\u00e9 entre Monaco et Saint-Priest, celui avec Versailles renouvel\u00e9 - La Diagonale","og_description":"Ce mardi 25 mars a marqu\u00e9 le d\u00e9but de la collaboration entre l&rsquo;AS Monaco et l&rsquo;AS Saint-Priest, club de National 2 de la m\u00e9tropole lyonnaise. Si l&rsquo;ASM n&rsquo;a pas officialis\u00e9 ce nouveau partenariat sur son site officiel, la signature a bien eu lieu ce jour, comme cela avait \u00e9t\u00e9 indiqu\u00e9 dans Le Progr\u00e8s. S\u00e9bastien Muet [...]","og_url":"https:\/\/www.ladiagonale.net\/index.php\/2025\/03\/25\/partenariat-signe-entre-monaco-et-saint-priest-renouvele-avec-versailles\/","og_site_name":"La Diagonale","article_published_time":"2025-03-25T22:01:36+00:00","article_modified_time":"2025-03-25T23:51:41+00:00","og_image":[{"width":1160,"height":650,"url":"https:\/\/www.ladiagonale.net\/wp-content\/uploads\/2025\/03\/saint-priest.png","type":"image\/png"}],"author":"Damien Dellerba","twitter_card":"summary_large_image","twitter_image":"https:\/\/www.ladiagonale.net\/wp-content\/uploads\/2025\/03\/saint-priest.png","twitter_misc":{"\u00c9crit par":"Damien Dellerba","Dur\u00e9e de lecture estim\u00e9e":"2 minutes"},"schema":{"@context":"https:\/\/schema.org","@graph":[{"@type":"WebPage","@id":"https:\/\/www.ladiagonale.net\/index.php\/2025\/03\/25\/partenariat-signe-entre-monaco-et-saint-priest-renouvele-avec-versailles\/","url":"https:\/\/www.ladiagonale.net\/index.php\/2025\/03\/25\/partenariat-signe-entre-monaco-et-saint-priest-renouvele-avec-versailles\/","name":"Partenariat sign\u00e9 entre Monaco et Saint-Priest, celui avec Versailles renouvel\u00e9 - La Diagonale","isPartOf":{"@id":"https:\/\/www.ladiagonale.net\/#website"},"datePublished":"2025-03-25T22:01:36+00:00","dateModified":"2025-03-25T23:51:41+00:00","author":{"@id":"https:\/\/www.ladiagonale.net\/#\/schema\/person\/79ff1e7b0853ed01b2aa26e64ad300bf"},"breadcrumb":{"@id":"https:\/\/www.ladiagonale.net\/index.php\/2025\/03\/25\/partenariat-signe-entre-monaco-et-saint-priest-renouvele-avec-versailles\/#breadcrumb"},"inLanguage":"fr-FR","potentialAction":[{"@type":"ReadAction","target":["https:\/\/www.ladiagonale.net\/index.php\/2025\/03\/25\/partenariat-signe-entre-monaco-et-saint-priest-renouvele-avec-versailles\/"]}]},{"@type":"BreadcrumbList","@id":"https:\/\/www.ladiagonale.net\/index.php\/2025\/03\/25\/partenariat-signe-entre-monaco-et-saint-priest-renouvele-avec-versailles\/#breadcrumb","itemListElement":[{"@type":"ListItem","position":1,"name":"Accueil","item":"https:\/\/www.ladiagonale.net\/"},{"@type":"ListItem","position":2,"name":"Partenariat sign\u00e9 entre Monaco et Saint-Priest, celui avec Versailles renouvel\u00e9"}]},{"@type":"WebSite","@id":"https:\/\/www.ladiagonale.net\/#website","url":"https:\/\/www.ladiagonale.net\/","name":"La Diagonale","description":"Le site des supporters de l&#039;AS Monaco FC","potentialAction":[{"@type":"SearchAction","target":{"@type":"EntryPoint","urlTemplate":"https:\/\/www.ladiagonale.net\/?s={search_term_string}"},"query-input":"required name=search_term_string"}],"inLanguage":"fr-FR"},{"@type":"Person","@id":"https:\/\/www.ladiagonale.net\/#\/schema\/person\/79ff1e7b0853ed01b2aa26e64ad300bf","name":"Damien Dellerba","image":{"@type":"ImageObject","inLanguage":"fr-FR","@id":"https:\/\/www.ladiagonale.net\/#\/schema\/person\/image\/","url":"https:\/\/secure.gravatar.com\/avatar\/c7850e06d3ff63cdbaee88b7fc16e2f0?s=96&d=mm&r=g","contentUrl":"https:\/\/secure.gravatar.com\/avatar\/c7850e06d3ff63cdbaee88b7fc16e2f0?s=96&d=mm&r=g","caption":"Damien Dellerba"},"url":"https:\/\/www.ladiagonale.net\/index.php\/author\/damien\/"}]}},"_links":{"self":[{"href":"https:\/\/www.ladiagonale.net\/index.php\/wp-json\/wp\/v2\/posts\/30575"}],"collection":[{"href":"https:\/\/www.ladiagonale.net\/index.php\/wp-json\/wp\/v2\/posts"}],"about":[{"href":"https:\/\/www.ladiagonale.net\/index.php\/wp-json\/wp\/v2\/types\/post"}],"author":[{"embeddable":true,"href":"https:\/\/www.ladiagonale.net\/index.php\/wp-json\/wp\/v2\/users\/2"}],"replies":[{"embeddable":true,"href":"https:\/\/www.ladiagonale.net\/index.php\/wp-json\/wp\/v2\/comments?post=30575"}],"version-history":[{"count":3,"href":"https:\/\/www.ladiagonale.net\/index.php\/wp-json\/wp\/v2\/posts\/30575\/revisions"}],"predecessor-version":[{"id":30590,"href":"https:\/\/www.ladiagonale.net\/index.php\/wp-json\/wp\/v2\/posts\/30575\/revisions\/30590"}],"wp:attachment":[{"href":"https:\/\/www.ladiagonale.net\/index.php\/wp-json\/wp\/v2\/media?parent=30575"}],"wp:term":[{"taxonomy":"category","embeddable":true,"href":"https:\/\/www.ladiagonale.net\/index.php\/wp-json\/wp\/v2\/categories?post=30575"},{"taxonomy":"post_tag","embeddable":true,"href":"https:\/\/www.ladiagonale.net\/index.php\/wp-json\/wp\/v2\/tags?post=30575"}],"curies":[{"name":"wp","href":"https:\/\/api.w.org\/{rel}","templated":true}]}}