{"id":30586,"date":"2025-03-26T08:27:00","date_gmt":"2025-03-26T07:27:00","guid":{"rendered":"https:\/\/www.ladiagonale.net\/?p=30586"},"modified":"2025-03-26T13:19:30","modified_gmt":"2025-03-26T12:19:30","slug":"golovin-et-zakaria-plus-gros-salaires-a-lasm","status":"publish","type":"post","link":"https:\/\/www.ladiagonale.net\/index.php\/2025\/03\/26\/golovin-et-zakaria-plus-gros-salaires-a-lasm\/","title":{"rendered":"Golovin et Zakaria, plus gros salaires \u00e0 l&rsquo;ASM"},"content":{"rendered":"\n\n\n<p>Il fallait bien trouver un successeur \u00e0 Wissam Ben Yedder. Sur le terrain, l&rsquo;arriv\u00e9e de Mika Biereth remplit d\u00e9sormais cet office, mais dans la grille de salaires de l&rsquo;effectif de l&rsquo;AS Monaco, ils sont d\u00e9sormais deux joueurs \u00e0 se partager la plus haute r\u00e9mun\u00e9ration du club. Aleksandr Golovin et Denis Zakaria, selon les estimations de <em>L&rsquo;\u00c9quipe<\/em>, \u00e9margent \u00e0 320 000 euros mensuels bruts. <\/p>\n\n\n\n<p>Pour les deux joueurs, il s&rsquo;agit d&rsquo;une augmentation de 20 000 euros par rapport \u00e0 la saison derni\u00e8re. En ce qui concerne le Russe, elle peut s&rsquo;expliquer assez ais\u00e9ment par une revalorisation salariale li\u00e9e \u00e0 sa prolongation en cours de saison. Quant au Suisse, on peut imaginer une clause d&rsquo;augmentation annuelle. \u00c0 noter que les deux joueurs sont les seuls \u00e0 se trouver dans le top 30 de la Ligue 1, aux deux derni\u00e8res places.<\/p>\n\n\n<div class=\"wp-block-image\">\n<figure class=\"aligncenter size-large is-resized\"><img loading=\"lazy\" width=\"744\" height=\"1024\" src=\"https:\/\/www.ladiagonale.net\/wp-content\/uploads\/2025\/03\/WhatsApp-Image-2025-03-25-at-23.48.45-744x1024.jpeg\" alt=\"\" class=\"wp-image-30587\" style=\"width:372px;height:512px\" srcset=\"https:\/\/www.ladiagonale.net\/wp-content\/uploads\/2025\/03\/WhatsApp-Image-2025-03-25-at-23.48.45-744x1024.jpeg 744w, https:\/\/www.ladiagonale.net\/wp-content\/uploads\/2025\/03\/WhatsApp-Image-2025-03-25-at-23.48.45-218x300.jpeg 218w, https:\/\/www.ladiagonale.net\/wp-content\/uploads\/2025\/03\/WhatsApp-Image-2025-03-25-at-23.48.45-768x1058.jpeg 768w, https:\/\/www.ladiagonale.net\/wp-content\/uploads\/2025\/03\/WhatsApp-Image-2025-03-25-at-23.48.45-1115x1536.jpeg 1115w, https:\/\/www.ladiagonale.net\/wp-content\/uploads\/2025\/03\/WhatsApp-Image-2025-03-25-at-23.48.45-93x128.jpeg 93w, https:\/\/www.ladiagonale.net\/wp-content\/uploads\/2025\/03\/WhatsApp-Image-2025-03-25-at-23.48.45-23x32.jpeg 23w, https:\/\/www.ladiagonale.net\/wp-content\/uploads\/2025\/03\/WhatsApp-Image-2025-03-25-at-23.48.45.jpeg 1180w\" sizes=\"(max-width: 744px) 100vw, 744px\" \/><figcaption class=\"wp-element-caption\">Infographie : L&rsquo;\u00c9quipe<\/figcaption><\/figure><\/div>\n\n\n<p>Thilo Kehrer compl\u00e8te le podium avec le m\u00eame salaire que la saison derni\u00e8re, lorsqu&rsquo;il \u00e9tait pr\u00eat\u00e9 par West Ham. Dans ce top 10, on peut noter l&rsquo;irruption des deux lat\u00e9raux br\u00e9siliens, Caio Henrique et Vanderson. Enfin, Maghnes Akliouche int\u00e8gre lui aussi le top 10, avec 200 000 euros nets. L&rsquo;international Espoirs a \u00e9t\u00e9 prolong\u00e9 en juillet dernier et jouit d\u00e9sormais d&rsquo;un salaire plus en ad\u00e9quation avec son nouveau statut. Pour Takumi Minamino, on peut \u00e9galement supposer que la prolongation dont il a fait l\u2019objet r\u00e9cemment a \u00e9galement pu lui permettre de revaloriser son salaire, m\u00eame si celui-ci appara\u00eet comme identique au pr\u00e9c\u00e9dent.<\/p>\n\n\n\n<p>\u00c0 l&rsquo;\u00e9chelle de la Ligue 1, l&rsquo;ASM arrive en quatri\u00e8me position, derri\u00e8re Paris, Marseille et Rennes en termes de salaire moyen mensuel. Celui-ci est estim\u00e9 \u00e0 140 000 euros et pour la quatri\u00e8me ann\u00e9e d&rsquo;affil\u00e9e, il est en baisse (155 000 euros en 2023-2024). L&rsquo;ASM s&rsquo;est notamment d\u00e9lest\u00e9e des \u00e9moluments pharaoniques de Wissam Ben Yedder (650 000 euros) et s&rsquo;est montr\u00e9e plus que raisonnable sur le march\u00e9 des transferts pour ne pas perturber ce cycle qu&rsquo;elle veut vertueux, et ce malgr\u00e9 une qualification en Ligue des champions et de substantiels revenus.<\/p>\n\n\n\n<h3 class=\"wp-block-heading\">Les salaires sur les quatre derni\u00e8res saisons<\/h3>\n\n\n\n<figure class=\"wp-block-table\"><table><thead><tr><th>Top 10 2024<\/th><th>Salaires (estimations)<\/th><th>Top 10 2023<\/th><th>Salaires (estimations)<\/th><th>Top 10 2022<\/th><th>Salaires (estimations)<\/th><th>Top 10 2021<\/th><th>Salaires (estimations)<\/th><\/tr><\/thead><tbody><tr><td>1. Ben Yedder<\/td><td>650\u202f000&nbsp;\u20ac<\/td><td>1. Ben Yedder<\/td><td>650\u202f000&nbsp;\u20ac<\/td><td>1. Ben Yedder<\/td><td>650\u202f000&nbsp;\u20ac<\/td><td>1. Ben Yedder<\/td><td>650\u202f000&nbsp;\u20ac<\/td><\/tr><tr><td>2. Golovin<\/td><td>300\u202f000&nbsp;\u20ac<\/td><td>2. Golovin<\/td><td>300\u202f000&nbsp;\u20ac<\/td><td>2. Fabregas<\/td><td>600\u202f000&nbsp;\u20ac<\/td><td>2. Fabregas<\/td><td>600\u202f000&nbsp;\u20ac<\/td><\/tr><tr><td>&#8211; Zakaria<\/td><td>300\u202f000&nbsp;\u20ac<\/td><td>&#8211; Volland<\/td><td>300\u202f000&nbsp;\u20ac<\/td><td>3. N\u00fcbel<\/td><td>400\u202f000&nbsp;\u20ac<\/td><td>3. Volland<\/td><td>300\u202f000&nbsp;\u20ac<\/td><\/tr><tr><td>4. Kehrer<\/td><td>290 000 \u20ac<\/td><td>4. G. Martins<\/td><td>270\u202f000&nbsp;\u20ac<\/td><td>4. Volland<\/td><td>300\u202f000&nbsp;\u20ac<\/td><td>&#8211; G. Martins<\/td><td>300\u202f000&nbsp;\u20ac<\/td><\/tr><tr><td>5. Embolo<\/td><td>270\u202f000&nbsp;\u20ac<\/td><td>&#8211; Embolo<\/td><td>270\u202f000&nbsp;\u20ac<\/td><td>&#8211; G. Martins<\/td><td>300\u202f000&nbsp;\u20ac<\/td><td>5. Golovin<\/td><td>290\u202f000&nbsp;\u20ac<\/td><\/tr><tr><td>6. Maripan<\/td><td>240\u202f000&nbsp;\u20ac<\/td><td>6. Sarr<\/td><td>250\u202f000&nbsp;\u20ac<\/td><td>6. Golovin<\/td><td>290\u202f000&nbsp;\u20ac<\/td><td>6. Jovetic<\/td><td>280\u202f000&nbsp;\u20ac<\/td><\/tr><tr><td>7. Minamino<\/td><td>230\u202f000&nbsp;\u20ac<\/td><td>7. Maripan<\/td><td>240\u202f000&nbsp;\u20ac<\/td><td>7. Boadu<\/td><td>280\u202f000&nbsp;\u20ac<\/td><td>7. Sidib\u00e9<\/td><td>240\u202f000&nbsp;\u20ac<\/td><\/tr><tr><td>&#8211; Balogun<\/td><td>230\u202f000&nbsp;\u20ac<\/td><td>8. Minamino<\/td><td>230\u202f000&nbsp;\u20ac<\/td><td>8. Sidib\u00e9<\/td><td>240\u202f000&nbsp;\u20ac<\/td><td>&#8211; Maripan<\/td><td>240\u202f000&nbsp;\u20ac<\/td><\/tr><tr><td>9. Fofana<\/td><td>220\u202f000&nbsp;\u20ac<\/td><td>9. Fofana<\/td><td>220\u202f000&nbsp;\u20ac<\/td><td>&#8211; Maripan<\/td><td>240\u202f000&nbsp;\u20ac<\/td><td>9. Diatta<\/td><td>180\u202f000&nbsp;\u20ac<\/td><\/tr><tr><td>10. Salisu<\/td><td>180 000 \u20ac<\/td><td>&#8211; Disasi<\/td><td>220\u202f000&nbsp;\u20ac<\/td><td>10. Diatta<\/td><td>200\u202f000&nbsp;\u20ac<\/td><td>10. Disasi<\/td><td>160\u202f000&nbsp;\u20ac<\/td><\/tr><\/tbody><\/table><\/figure>\n","protected":false},"excerpt":{"rendered":"<p>Il fallait bien trouver un successeur \u00e0 Wissam Ben Yedder. Sur le terrain, l&rsquo;arriv\u00e9e de Mika Biereth remplit d\u00e9sormais cet office, mais dans la grille de salaires de l&rsquo;effectif de l&rsquo;AS Monaco, ils sont d\u00e9sormais deux joueurs \u00e0 se partager la plus haute r\u00e9mun\u00e9ration du club. Aleksandr Golovin et Denis Zakaria, selon les estimations de [&#8230;]\n","protected":false},"author":2,"featured_media":0,"comment_status":"open","ping_status":"open","sticky":false,"template":"","format":"standard","meta":[],"categories":[6],"tags":[86,466],"yoast_head":"<!-- This site is optimized with the Yoast SEO plugin v19.8 - https:\/\/yoast.com\/wordpress\/plugins\/seo\/ -->\n<title>Golovin et Zakaria, plus gros salaires \u00e0 l&#039;ASM - La Diagonale<\/title>\n<meta name=\"robots\" content=\"index, follow, max-snippet:-1, max-image-preview:large, max-video-preview:-1\" \/>\n<link rel=\"canonical\" href=\"https:\/\/www.ladiagonale.net\/index.php\/2025\/03\/26\/golovin-et-zakaria-plus-gros-salaires-a-lasm\/\" \/>\n<meta property=\"og:locale\" content=\"fr_FR\" \/>\n<meta property=\"og:type\" content=\"article\" \/>\n<meta property=\"og:title\" content=\"Golovin et Zakaria, plus gros salaires \u00e0 l&#039;ASM - La Diagonale\" \/>\n<meta property=\"og:description\" content=\"Il fallait bien trouver un successeur \u00e0 Wissam Ben Yedder. Sur le terrain, l&rsquo;arriv\u00e9e de Mika Biereth remplit d\u00e9sormais cet office, mais dans la grille de salaires de l&rsquo;effectif de l&rsquo;AS Monaco, ils sont d\u00e9sormais deux joueurs \u00e0 se partager la plus haute r\u00e9mun\u00e9ration du club. Aleksandr Golovin et Denis Zakaria, selon les estimations de [...]\" \/>\n<meta property=\"og:url\" content=\"https:\/\/www.ladiagonale.net\/index.php\/2025\/03\/26\/golovin-et-zakaria-plus-gros-salaires-a-lasm\/\" \/>\n<meta property=\"og:site_name\" content=\"La Diagonale\" \/>\n<meta property=\"article:published_time\" content=\"2025-03-26T07:27:00+00:00\" \/>\n<meta property=\"article:modified_time\" content=\"2025-03-26T12:19:30+00:00\" \/>\n<meta property=\"og:image\" content=\"https:\/\/www.ladiagonale.net\/wp-content\/uploads\/2025\/03\/zak-golo.png\" \/>\n\t<meta property=\"og:image:width\" content=\"1160\" \/>\n\t<meta property=\"og:image:height\" content=\"650\" \/>\n\t<meta property=\"og:image:type\" content=\"image\/png\" \/>\n<meta name=\"author\" content=\"Damien Dellerba\" \/>\n<meta name=\"twitter:card\" content=\"summary_large_image\" \/>\n<meta name=\"twitter:image\" content=\"https:\/\/www.ladiagonale.net\/wp-content\/uploads\/2025\/03\/zak-golo.png\" \/>\n<meta name=\"twitter:label1\" content=\"\u00c9crit par\" \/>\n\t<meta name=\"twitter:data1\" content=\"Damien Dellerba\" \/>\n\t<meta name=\"twitter:label2\" content=\"Dur\u00e9e de lecture estim\u00e9e\" \/>\n\t<meta name=\"twitter:data2\" content=\"3 minutes\" \/>\n<script type=\"application\/ld+json\" class=\"yoast-schema-graph\">{\"@context\":\"https:\/\/schema.org\",\"@graph\":[{\"@type\":\"WebPage\",\"@id\":\"https:\/\/www.ladiagonale.net\/index.php\/2025\/03\/26\/golovin-et-zakaria-plus-gros-salaires-a-lasm\/\",\"url\":\"https:\/\/www.ladiagonale.net\/index.php\/2025\/03\/26\/golovin-et-zakaria-plus-gros-salaires-a-lasm\/\",\"name\":\"Golovin et Zakaria, plus gros salaires \u00e0 l'ASM - La Diagonale\",\"isPartOf\":{\"@id\":\"https:\/\/www.ladiagonale.net\/#website\"},\"datePublished\":\"2025-03-26T07:27:00+00:00\",\"dateModified\":\"2025-03-26T12:19:30+00:00\",\"author\":{\"@id\":\"https:\/\/www.ladiagonale.net\/#\/schema\/person\/79ff1e7b0853ed01b2aa26e64ad300bf\"},\"breadcrumb\":{\"@id\":\"https:\/\/www.ladiagonale.net\/index.php\/2025\/03\/26\/golovin-et-zakaria-plus-gros-salaires-a-lasm\/#breadcrumb\"},\"inLanguage\":\"fr-FR\",\"potentialAction\":[{\"@type\":\"ReadAction\",\"target\":[\"https:\/\/www.ladiagonale.net\/index.php\/2025\/03\/26\/golovin-et-zakaria-plus-gros-salaires-a-lasm\/\"]}]},{\"@type\":\"BreadcrumbList\",\"@id\":\"https:\/\/www.ladiagonale.net\/index.php\/2025\/03\/26\/golovin-et-zakaria-plus-gros-salaires-a-lasm\/#breadcrumb\",\"itemListElement\":[{\"@type\":\"ListItem\",\"position\":1,\"name\":\"Accueil\",\"item\":\"https:\/\/www.ladiagonale.net\/\"},{\"@type\":\"ListItem\",\"position\":2,\"name\":\"Golovin et Zakaria, plus gros salaires \u00e0 l&rsquo;ASM\"}]},{\"@type\":\"WebSite\",\"@id\":\"https:\/\/www.ladiagonale.net\/#website\",\"url\":\"https:\/\/www.ladiagonale.net\/\",\"name\":\"La Diagonale\",\"description\":\"Le site des supporters de l&#039;AS Monaco FC\",\"potentialAction\":[{\"@type\":\"SearchAction\",\"target\":{\"@type\":\"EntryPoint\",\"urlTemplate\":\"https:\/\/www.ladiagonale.net\/?s={search_term_string}\"},\"query-input\":\"required name=search_term_string\"}],\"inLanguage\":\"fr-FR\"},{\"@type\":\"Person\",\"@id\":\"https:\/\/www.ladiagonale.net\/#\/schema\/person\/79ff1e7b0853ed01b2aa26e64ad300bf\",\"name\":\"Damien Dellerba\",\"image\":{\"@type\":\"ImageObject\",\"inLanguage\":\"fr-FR\",\"@id\":\"https:\/\/www.ladiagonale.net\/#\/schema\/person\/image\/\",\"url\":\"https:\/\/secure.gravatar.com\/avatar\/c7850e06d3ff63cdbaee88b7fc16e2f0?s=96&d=mm&r=g\",\"contentUrl\":\"https:\/\/secure.gravatar.com\/avatar\/c7850e06d3ff63cdbaee88b7fc16e2f0?s=96&d=mm&r=g\",\"caption\":\"Damien Dellerba\"},\"url\":\"https:\/\/www.ladiagonale.net\/index.php\/author\/damien\/\"}]}<\/script>\n<!-- \/ Yoast SEO plugin. -->","yoast_head_json":{"title":"Golovin et Zakaria, plus gros salaires \u00e0 l'ASM - La Diagonale","robots":{"index":"index","follow":"follow","max-snippet":"max-snippet:-1","max-image-preview":"max-image-preview:large","max-video-preview":"max-video-preview:-1"},"canonical":"https:\/\/www.ladiagonale.net\/index.php\/2025\/03\/26\/golovin-et-zakaria-plus-gros-salaires-a-lasm\/","og_locale":"fr_FR","og_type":"article","og_title":"Golovin et Zakaria, plus gros salaires \u00e0 l'ASM - La Diagonale","og_description":"Il fallait bien trouver un successeur \u00e0 Wissam Ben Yedder. Sur le terrain, l&rsquo;arriv\u00e9e de Mika Biereth remplit d\u00e9sormais cet office, mais dans la grille de salaires de l&rsquo;effectif de l&rsquo;AS Monaco, ils sont d\u00e9sormais deux joueurs \u00e0 se partager la plus haute r\u00e9mun\u00e9ration du club. Aleksandr Golovin et Denis Zakaria, selon les estimations de [...]","og_url":"https:\/\/www.ladiagonale.net\/index.php\/2025\/03\/26\/golovin-et-zakaria-plus-gros-salaires-a-lasm\/","og_site_name":"La Diagonale","article_published_time":"2025-03-26T07:27:00+00:00","article_modified_time":"2025-03-26T12:19:30+00:00","og_image":[{"width":1160,"height":650,"url":"https:\/\/www.ladiagonale.net\/wp-content\/uploads\/2025\/03\/zak-golo.png","type":"image\/png"}],"author":"Damien Dellerba","twitter_card":"summary_large_image","twitter_image":"https:\/\/www.ladiagonale.net\/wp-content\/uploads\/2025\/03\/zak-golo.png","twitter_misc":{"\u00c9crit par":"Damien Dellerba","Dur\u00e9e de lecture estim\u00e9e":"3 minutes"},"schema":{"@context":"https:\/\/schema.org","@graph":[{"@type":"WebPage","@id":"https:\/\/www.ladiagonale.net\/index.php\/2025\/03\/26\/golovin-et-zakaria-plus-gros-salaires-a-lasm\/","url":"https:\/\/www.ladiagonale.net\/index.php\/2025\/03\/26\/golovin-et-zakaria-plus-gros-salaires-a-lasm\/","name":"Golovin et Zakaria, plus gros salaires \u00e0 l'ASM - La Diagonale","isPartOf":{"@id":"https:\/\/www.ladiagonale.net\/#website"},"datePublished":"2025-03-26T07:27:00+00:00","dateModified":"2025-03-26T12:19:30+00:00","author":{"@id":"https:\/\/www.ladiagonale.net\/#\/schema\/person\/79ff1e7b0853ed01b2aa26e64ad300bf"},"breadcrumb":{"@id":"https:\/\/www.ladiagonale.net\/index.php\/2025\/03\/26\/golovin-et-zakaria-plus-gros-salaires-a-lasm\/#breadcrumb"},"inLanguage":"fr-FR","potentialAction":[{"@type":"ReadAction","target":["https:\/\/www.ladiagonale.net\/index.php\/2025\/03\/26\/golovin-et-zakaria-plus-gros-salaires-a-lasm\/"]}]},{"@type":"BreadcrumbList","@id":"https:\/\/www.ladiagonale.net\/index.php\/2025\/03\/26\/golovin-et-zakaria-plus-gros-salaires-a-lasm\/#breadcrumb","itemListElement":[{"@type":"ListItem","position":1,"name":"Accueil","item":"https:\/\/www.ladiagonale.net\/"},{"@type":"ListItem","position":2,"name":"Golovin et Zakaria, plus gros salaires \u00e0 l&rsquo;ASM"}]},{"@type":"WebSite","@id":"https:\/\/www.ladiagonale.net\/#website","url":"https:\/\/www.ladiagonale.net\/","name":"La Diagonale","description":"Le site des supporters de l&#039;AS Monaco FC","potentialAction":[{"@type":"SearchAction","target":{"@type":"EntryPoint","urlTemplate":"https:\/\/www.ladiagonale.net\/?s={search_term_string}"},"query-input":"required name=search_term_string"}],"inLanguage":"fr-FR"},{"@type":"Person","@id":"https:\/\/www.ladiagonale.net\/#\/schema\/person\/79ff1e7b0853ed01b2aa26e64ad300bf","name":"Damien Dellerba","image":{"@type":"ImageObject","inLanguage":"fr-FR","@id":"https:\/\/www.ladiagonale.net\/#\/schema\/person\/image\/","url":"https:\/\/secure.gravatar.com\/avatar\/c7850e06d3ff63cdbaee88b7fc16e2f0?s=96&d=mm&r=g","contentUrl":"https:\/\/secure.gravatar.com\/avatar\/c7850e06d3ff63cdbaee88b7fc16e2f0?s=96&d=mm&r=g","caption":"Damien Dellerba"},"url":"https:\/\/www.ladiagonale.net\/index.php\/author\/damien\/"}]}},"_links":{"self":[{"href":"https:\/\/www.ladiagonale.net\/index.php\/wp-json\/wp\/v2\/posts\/30586"}],"collection":[{"href":"https:\/\/www.ladiagonale.net\/index.php\/wp-json\/wp\/v2\/posts"}],"about":[{"href":"https:\/\/www.ladiagonale.net\/index.php\/wp-json\/wp\/v2\/types\/post"}],"author":[{"embeddable":true,"href":"https:\/\/www.ladiagonale.net\/index.php\/wp-json\/wp\/v2\/users\/2"}],"replies":[{"embeddable":true,"href":"https:\/\/www.ladiagonale.net\/index.php\/wp-json\/wp\/v2\/comments?post=30586"}],"version-history":[{"count":9,"href":"https:\/\/www.ladiagonale.net\/index.php\/wp-json\/wp\/v2\/posts\/30586\/revisions"}],"predecessor-version":[{"id":30599,"href":"https:\/\/www.ladiagonale.net\/index.php\/wp-json\/wp\/v2\/posts\/30586\/revisions\/30599"}],"wp:attachment":[{"href":"https:\/\/www.ladiagonale.net\/index.php\/wp-json\/wp\/v2\/media?parent=30586"}],"wp:term":[{"taxonomy":"category","embeddable":true,"href":"https:\/\/www.ladiagonale.net\/index.php\/wp-json\/wp\/v2\/categories?post=30586"},{"taxonomy":"post_tag","embeddable":true,"href":"https:\/\/www.ladiagonale.net\/index.php\/wp-json\/wp\/v2\/tags?post=30586"}],"curies":[{"name":"wp","href":"https:\/\/api.w.org\/{rel}","templated":true}]}}