{"id":30602,"date":"2025-03-26T14:58:41","date_gmt":"2025-03-26T13:58:41","guid":{"rendered":"https:\/\/www.ladiagonale.net\/?p=30602"},"modified":"2025-03-26T15:01:50","modified_gmt":"2025-03-26T14:01:50","slug":"embolo-buteur-avec-la-suisse","status":"publish","type":"post","link":"https:\/\/www.ladiagonale.net\/index.php\/2025\/03\/26\/embolo-buteur-avec-la-suisse\/","title":{"rendered":"Embolo buteur avec la Suisse"},"content":{"rendered":"\n<p>La tr\u00eave internationale a pris fin mardi, alors que plusieurs Mon\u00e9gasques \u00e9taient encore sur le pont. Parmi eux, Breel Embolo, qui s\u2019est illustr\u00e9 avec la Suisse en match amical contre le Luxembourg. L\u2019attaquant de l\u2019ASM a marqu\u00e9 un but sur un p\u00e9nalty qu&rsquo;il a lui m\u00eame obtenu. Denis Zakaria est quant \u00e0 lui entr\u00e9 \u00e0 la pause.<\/p>\n\n\n\n<p>Dans le cadre des \u00e9liminatoires de la Coupe du monde 2026, le S\u00e9n\u00e9gal de Lamine Camara et Kr\u00e9pin Diatta s&rsquo;est impos\u00e9 face au Togo (2-0). Le premier a jou\u00e9 84 minutes et tir\u00e9 le coup franc qui a \u00e9t\u00e9 \u00e0 l&rsquo;orgine du but contre son camp togolais. Kr\u00e9pin Diatta a jou\u00e9 tout le match comme lat\u00e9ral droit. Le S\u00e9n\u00e9gal se replace au deuxi\u00e8me rang de son groupe, un point derri\u00e8re la RD Congo.<\/p>\n\n\n\n<p>Le Maroc s&rsquo;est impos\u00e9 sur le m\u00eame score face \u00e0 la Tanzanie (2-0). Eliesse Ben Seghir a particip\u00e9 \u00e0 cette rencontre en entrant en jeu \u00e0 la 71<sup>e<\/sup> minute. Pour les Lions de l&rsquo;Atlas, ces \u00e9liminatoires ressemblent pour l&rsquo;instant \u00e0 une promenade de sant\u00e9, avec cinq victoires en cinq matches, ce qu&rsquo;aucune autre nation n&rsquo;est parvenue \u00e0 r\u00e9aliser sur le continent africain. Avec neuf points d&rsquo;avance sur le Niger, le Maroc est quasiment qualifi\u00e9.<\/p>\n\n\n\n<p>Pour le Br\u00e9sil, il faudra encore batailler, alors que la s\u00e9lection auriverde occupe la quatri\u00e8me place de la poule unique sud-am\u00e9ricaine, sept longueurs devant le premier non qualifi\u00e9, avec encore quatre matches \u00e0 jouer. Mais cette nuit, la <em>Sele\u00e7ao<\/em> s&rsquo;est fait corriger par l&rsquo;Argentine cette nuit (4-1). Vanderson est rest\u00e9 sur le banc de touche<\/p>\n\n\n\n<p><strong>Tous les r\u00e9sultats des internationaux<\/strong> \u2935\ufe0f<\/p>\n\n\n\n<figure class=\"wp-block-embed is-type-wp-embed is-provider-la-diagonale wp-block-embed-la-diagonale\"><div class=\"wp-block-embed__wrapper\">\n<blockquote class=\"wp-embedded-content\" data-secret=\"0m4rZtH0so\"><a href=\"https:\/\/www.ladiagonale.net\/index.php\/2025\/03\/19\/le-calendrier-des-internationaux-2\/\">Les r\u00e9sultats des internationaux<\/a><\/blockquote><iframe class=\"wp-embedded-content\" sandbox=\"allow-scripts\" security=\"restricted\" style=\"position: absolute; clip: rect(1px, 1px, 1px, 1px);\" title=\"\u00ab\u00a0Les r\u00e9sultats des internationaux\u00a0\u00bb &#8212; La Diagonale\" src=\"https:\/\/www.ladiagonale.net\/index.php\/2025\/03\/19\/le-calendrier-des-internationaux-2\/embed\/#?secret=cwWxXVtXv1#?secret=0m4rZtH0so\" data-secret=\"0m4rZtH0so\" width=\"600\" height=\"338\" frameborder=\"0\" marginwidth=\"0\" marginheight=\"0\" scrolling=\"no\"><\/iframe>\n<\/div><\/figure>\n","protected":false},"excerpt":{"rendered":"<p>La tr\u00eave internationale a pris fin mardi, alors que plusieurs Mon\u00e9gasques \u00e9taient encore sur le pont. Parmi eux, Breel Embolo, qui s\u2019est illustr\u00e9 avec la Suisse en match amical contre le Luxembourg. L\u2019attaquant de l\u2019ASM a marqu\u00e9 un but sur un p\u00e9nalty qu&rsquo;il a lui m\u00eame obtenu. Denis Zakaria est quant \u00e0 lui entr\u00e9 \u00e0 [&#8230;]\n","protected":false},"author":2,"featured_media":0,"comment_status":"open","ping_status":"open","sticky":false,"template":"","format":"standard","meta":[],"categories":[6],"tags":[86,116],"yoast_head":"<!-- This site is optimized with the Yoast SEO plugin v19.8 - https:\/\/yoast.com\/wordpress\/plugins\/seo\/ -->\n<title>Embolo buteur avec la Suisse - La Diagonale<\/title>\n<meta name=\"robots\" content=\"index, follow, max-snippet:-1, max-image-preview:large, max-video-preview:-1\" \/>\n<link rel=\"canonical\" href=\"https:\/\/www.ladiagonale.net\/index.php\/2025\/03\/26\/embolo-buteur-avec-la-suisse\/\" \/>\n<meta property=\"og:locale\" content=\"fr_FR\" \/>\n<meta property=\"og:type\" content=\"article\" \/>\n<meta property=\"og:title\" content=\"Embolo buteur avec la Suisse - La Diagonale\" \/>\n<meta property=\"og:description\" content=\"La tr\u00eave internationale a pris fin mardi, alors que plusieurs Mon\u00e9gasques \u00e9taient encore sur le pont. Parmi eux, Breel Embolo, qui s\u2019est illustr\u00e9 avec la Suisse en match amical contre le Luxembourg. L\u2019attaquant de l\u2019ASM a marqu\u00e9 un but sur un p\u00e9nalty qu&rsquo;il a lui m\u00eame obtenu. Denis Zakaria est quant \u00e0 lui entr\u00e9 \u00e0 [...]\" \/>\n<meta property=\"og:url\" content=\"https:\/\/www.ladiagonale.net\/index.php\/2025\/03\/26\/embolo-buteur-avec-la-suisse\/\" \/>\n<meta property=\"og:site_name\" content=\"La Diagonale\" \/>\n<meta property=\"article:published_time\" content=\"2025-03-26T13:58:41+00:00\" \/>\n<meta property=\"article:modified_time\" content=\"2025-03-26T14:01:50+00:00\" \/>\n<meta property=\"og:image\" content=\"https:\/\/www.ladiagonale.net\/wp-content\/uploads\/2024\/06\/embolo-suisse.png\" \/>\n\t<meta property=\"og:image:width\" content=\"1160\" \/>\n\t<meta property=\"og:image:height\" content=\"650\" \/>\n\t<meta property=\"og:image:type\" content=\"image\/png\" \/>\n<meta name=\"author\" content=\"Damien Dellerba\" \/>\n<meta name=\"twitter:card\" content=\"summary_large_image\" \/>\n<meta name=\"twitter:image\" content=\"https:\/\/www.ladiagonale.net\/wp-content\/uploads\/2024\/06\/embolo-suisse.png\" \/>\n<meta name=\"twitter:label1\" content=\"\u00c9crit par\" \/>\n\t<meta name=\"twitter:data1\" content=\"Damien Dellerba\" \/>\n\t<meta name=\"twitter:label2\" content=\"Dur\u00e9e de lecture estim\u00e9e\" \/>\n\t<meta name=\"twitter:data2\" content=\"2 minutes\" \/>\n<script type=\"application\/ld+json\" class=\"yoast-schema-graph\">{\"@context\":\"https:\/\/schema.org\",\"@graph\":[{\"@type\":\"WebPage\",\"@id\":\"https:\/\/www.ladiagonale.net\/index.php\/2025\/03\/26\/embolo-buteur-avec-la-suisse\/\",\"url\":\"https:\/\/www.ladiagonale.net\/index.php\/2025\/03\/26\/embolo-buteur-avec-la-suisse\/\",\"name\":\"Embolo buteur avec la Suisse - La Diagonale\",\"isPartOf\":{\"@id\":\"https:\/\/www.ladiagonale.net\/#website\"},\"datePublished\":\"2025-03-26T13:58:41+00:00\",\"dateModified\":\"2025-03-26T14:01:50+00:00\",\"author\":{\"@id\":\"https:\/\/www.ladiagonale.net\/#\/schema\/person\/79ff1e7b0853ed01b2aa26e64ad300bf\"},\"breadcrumb\":{\"@id\":\"https:\/\/www.ladiagonale.net\/index.php\/2025\/03\/26\/embolo-buteur-avec-la-suisse\/#breadcrumb\"},\"inLanguage\":\"fr-FR\",\"potentialAction\":[{\"@type\":\"ReadAction\",\"target\":[\"https:\/\/www.ladiagonale.net\/index.php\/2025\/03\/26\/embolo-buteur-avec-la-suisse\/\"]}]},{\"@type\":\"BreadcrumbList\",\"@id\":\"https:\/\/www.ladiagonale.net\/index.php\/2025\/03\/26\/embolo-buteur-avec-la-suisse\/#breadcrumb\",\"itemListElement\":[{\"@type\":\"ListItem\",\"position\":1,\"name\":\"Accueil\",\"item\":\"https:\/\/www.ladiagonale.net\/\"},{\"@type\":\"ListItem\",\"position\":2,\"name\":\"Embolo buteur avec la Suisse\"}]},{\"@type\":\"WebSite\",\"@id\":\"https:\/\/www.ladiagonale.net\/#website\",\"url\":\"https:\/\/www.ladiagonale.net\/\",\"name\":\"La Diagonale\",\"description\":\"Le site des supporters de l&#039;AS Monaco FC\",\"potentialAction\":[{\"@type\":\"SearchAction\",\"target\":{\"@type\":\"EntryPoint\",\"urlTemplate\":\"https:\/\/www.ladiagonale.net\/?s={search_term_string}\"},\"query-input\":\"required name=search_term_string\"}],\"inLanguage\":\"fr-FR\"},{\"@type\":\"Person\",\"@id\":\"https:\/\/www.ladiagonale.net\/#\/schema\/person\/79ff1e7b0853ed01b2aa26e64ad300bf\",\"name\":\"Damien Dellerba\",\"image\":{\"@type\":\"ImageObject\",\"inLanguage\":\"fr-FR\",\"@id\":\"https:\/\/www.ladiagonale.net\/#\/schema\/person\/image\/\",\"url\":\"https:\/\/secure.gravatar.com\/avatar\/c7850e06d3ff63cdbaee88b7fc16e2f0?s=96&d=mm&r=g\",\"contentUrl\":\"https:\/\/secure.gravatar.com\/avatar\/c7850e06d3ff63cdbaee88b7fc16e2f0?s=96&d=mm&r=g\",\"caption\":\"Damien Dellerba\"},\"url\":\"https:\/\/www.ladiagonale.net\/index.php\/author\/damien\/\"}]}<\/script>\n<!-- \/ Yoast SEO plugin. -->","yoast_head_json":{"title":"Embolo buteur avec la Suisse - La Diagonale","robots":{"index":"index","follow":"follow","max-snippet":"max-snippet:-1","max-image-preview":"max-image-preview:large","max-video-preview":"max-video-preview:-1"},"canonical":"https:\/\/www.ladiagonale.net\/index.php\/2025\/03\/26\/embolo-buteur-avec-la-suisse\/","og_locale":"fr_FR","og_type":"article","og_title":"Embolo buteur avec la Suisse - La Diagonale","og_description":"La tr\u00eave internationale a pris fin mardi, alors que plusieurs Mon\u00e9gasques \u00e9taient encore sur le pont. Parmi eux, Breel Embolo, qui s\u2019est illustr\u00e9 avec la Suisse en match amical contre le Luxembourg. L\u2019attaquant de l\u2019ASM a marqu\u00e9 un but sur un p\u00e9nalty qu&rsquo;il a lui m\u00eame obtenu. Denis Zakaria est quant \u00e0 lui entr\u00e9 \u00e0 [...]","og_url":"https:\/\/www.ladiagonale.net\/index.php\/2025\/03\/26\/embolo-buteur-avec-la-suisse\/","og_site_name":"La Diagonale","article_published_time":"2025-03-26T13:58:41+00:00","article_modified_time":"2025-03-26T14:01:50+00:00","og_image":[{"width":1160,"height":650,"url":"https:\/\/www.ladiagonale.net\/wp-content\/uploads\/2024\/06\/embolo-suisse.png","type":"image\/png"}],"author":"Damien Dellerba","twitter_card":"summary_large_image","twitter_image":"https:\/\/www.ladiagonale.net\/wp-content\/uploads\/2024\/06\/embolo-suisse.png","twitter_misc":{"\u00c9crit par":"Damien Dellerba","Dur\u00e9e de lecture estim\u00e9e":"2 minutes"},"schema":{"@context":"https:\/\/schema.org","@graph":[{"@type":"WebPage","@id":"https:\/\/www.ladiagonale.net\/index.php\/2025\/03\/26\/embolo-buteur-avec-la-suisse\/","url":"https:\/\/www.ladiagonale.net\/index.php\/2025\/03\/26\/embolo-buteur-avec-la-suisse\/","name":"Embolo buteur avec la Suisse - La Diagonale","isPartOf":{"@id":"https:\/\/www.ladiagonale.net\/#website"},"datePublished":"2025-03-26T13:58:41+00:00","dateModified":"2025-03-26T14:01:50+00:00","author":{"@id":"https:\/\/www.ladiagonale.net\/#\/schema\/person\/79ff1e7b0853ed01b2aa26e64ad300bf"},"breadcrumb":{"@id":"https:\/\/www.ladiagonale.net\/index.php\/2025\/03\/26\/embolo-buteur-avec-la-suisse\/#breadcrumb"},"inLanguage":"fr-FR","potentialAction":[{"@type":"ReadAction","target":["https:\/\/www.ladiagonale.net\/index.php\/2025\/03\/26\/embolo-buteur-avec-la-suisse\/"]}]},{"@type":"BreadcrumbList","@id":"https:\/\/www.ladiagonale.net\/index.php\/2025\/03\/26\/embolo-buteur-avec-la-suisse\/#breadcrumb","itemListElement":[{"@type":"ListItem","position":1,"name":"Accueil","item":"https:\/\/www.ladiagonale.net\/"},{"@type":"ListItem","position":2,"name":"Embolo buteur avec la Suisse"}]},{"@type":"WebSite","@id":"https:\/\/www.ladiagonale.net\/#website","url":"https:\/\/www.ladiagonale.net\/","name":"La Diagonale","description":"Le site des supporters de l&#039;AS Monaco FC","potentialAction":[{"@type":"SearchAction","target":{"@type":"EntryPoint","urlTemplate":"https:\/\/www.ladiagonale.net\/?s={search_term_string}"},"query-input":"required name=search_term_string"}],"inLanguage":"fr-FR"},{"@type":"Person","@id":"https:\/\/www.ladiagonale.net\/#\/schema\/person\/79ff1e7b0853ed01b2aa26e64ad300bf","name":"Damien Dellerba","image":{"@type":"ImageObject","inLanguage":"fr-FR","@id":"https:\/\/www.ladiagonale.net\/#\/schema\/person\/image\/","url":"https:\/\/secure.gravatar.com\/avatar\/c7850e06d3ff63cdbaee88b7fc16e2f0?s=96&d=mm&r=g","contentUrl":"https:\/\/secure.gravatar.com\/avatar\/c7850e06d3ff63cdbaee88b7fc16e2f0?s=96&d=mm&r=g","caption":"Damien Dellerba"},"url":"https:\/\/www.ladiagonale.net\/index.php\/author\/damien\/"}]}},"_links":{"self":[{"href":"https:\/\/www.ladiagonale.net\/index.php\/wp-json\/wp\/v2\/posts\/30602"}],"collection":[{"href":"https:\/\/www.ladiagonale.net\/index.php\/wp-json\/wp\/v2\/posts"}],"about":[{"href":"https:\/\/www.ladiagonale.net\/index.php\/wp-json\/wp\/v2\/types\/post"}],"author":[{"embeddable":true,"href":"https:\/\/www.ladiagonale.net\/index.php\/wp-json\/wp\/v2\/users\/2"}],"replies":[{"embeddable":true,"href":"https:\/\/www.ladiagonale.net\/index.php\/wp-json\/wp\/v2\/comments?post=30602"}],"version-history":[{"count":2,"href":"https:\/\/www.ladiagonale.net\/index.php\/wp-json\/wp\/v2\/posts\/30602\/revisions"}],"predecessor-version":[{"id":30607,"href":"https:\/\/www.ladiagonale.net\/index.php\/wp-json\/wp\/v2\/posts\/30602\/revisions\/30607"}],"wp:attachment":[{"href":"https:\/\/www.ladiagonale.net\/index.php\/wp-json\/wp\/v2\/media?parent=30602"}],"wp:term":[{"taxonomy":"category","embeddable":true,"href":"https:\/\/www.ladiagonale.net\/index.php\/wp-json\/wp\/v2\/categories?post=30602"},{"taxonomy":"post_tag","embeddable":true,"href":"https:\/\/www.ladiagonale.net\/index.php\/wp-json\/wp\/v2\/tags?post=30602"}],"curies":[{"name":"wp","href":"https:\/\/api.w.org\/{rel}","templated":true}]}}