{"id":30611,"date":"2025-03-27T08:03:00","date_gmt":"2025-03-27T07:03:00","guid":{"rendered":"https:\/\/www.ladiagonale.net\/?p=30611"},"modified":"2025-03-27T02:49:14","modified_gmt":"2025-03-27T01:49:14","slug":"brisard-pour-arbitrer-le-derby","status":"publish","type":"post","link":"https:\/\/www.ladiagonale.net\/index.php\/2025\/03\/27\/brisard-pour-arbitrer-le-derby\/","title":{"rendered":"Brisard pour arbitrer le derby"},"content":{"rendered":"\n\n\n<p>La LFP a d\u00e9sign\u00e9 J\u00e9r\u00f4me Brisard pour arbitrer ce samedi (21h05) le derby entre l\u2019AS Monaco et l\u2019OGC Nice. Ce sera le second derby de la C\u00f4te d\u2019Azur pour lui, puisqu\u2019il avait d\u00e9j\u00e0 offici\u00e9 sur celui de la saison 2020-2021 <em>(2-1, le 3 f\u00e9vier 2021)<\/em>. Il sera assist\u00e9 d\u2019Alexis Auger et Cyril Mugnier et les arbitres assistants vid\u00e9o\u00a0seront Yohann Rouinsard et Mathieu Grosbost.<\/p>\n\n\n\n<div class=\"wp-block-media-text alignwide is-stacked-on-mobile\" style=\"grid-template-columns:35% auto\"><figure class=\"wp-block-media-text__media\"><img loading=\"lazy\" width=\"540\" height=\"626\" src=\"https:\/\/www.ladiagonale.net\/wp-content\/uploads\/2025\/03\/MR8Va-24.png\" alt=\"\" class=\"wp-image-30612 size-full\" srcset=\"https:\/\/www.ladiagonale.net\/wp-content\/uploads\/2025\/03\/MR8Va-24.png 540w, https:\/\/www.ladiagonale.net\/wp-content\/uploads\/2025\/03\/MR8Va-24-259x300.png 259w, https:\/\/www.ladiagonale.net\/wp-content\/uploads\/2025\/03\/MR8Va-24-110x128.png 110w, https:\/\/www.ladiagonale.net\/wp-content\/uploads\/2025\/03\/MR8Va-24-28x32.png 28w\" sizes=\"(max-width: 540px) 100vw, 540px\" \/><\/figure><div class=\"wp-block-media-text__content\">\n<p style=\"font-size:16px\">Depuis la saison 2018-2019, les Mon\u00e9gasques ont \u00e9t\u00e9 arbitr\u00e9s \u00e0 14 reprises en Ligue 1 par Brisard. Sept fois les rencontres ont tourn\u00e9 en faveur des Rouge et Blanc, alors que cinq ont \u00e9t\u00e9 perdues, dont la derni\u00e8re en date contre Montpellier <em>(1-2, le 17 janvier)<\/em>.<\/p>\n<\/div><\/div>\n\n\n\n<div class=\"wp-block-media-text alignwide is-stacked-on-mobile\" style=\"grid-template-columns:35% auto\"><figure class=\"wp-block-media-text__media\"><img loading=\"lazy\" width=\"1024\" height=\"578\" src=\"https:\/\/www.ladiagonale.net\/wp-content\/uploads\/2025\/03\/d3RnE-14-1024x578.png\" alt=\"\" class=\"wp-image-30613 size-full\" srcset=\"https:\/\/www.ladiagonale.net\/wp-content\/uploads\/2025\/03\/d3RnE-14-1024x578.png 1024w, https:\/\/www.ladiagonale.net\/wp-content\/uploads\/2025\/03\/d3RnE-14-300x169.png 300w, https:\/\/www.ladiagonale.net\/wp-content\/uploads\/2025\/03\/d3RnE-14-768x434.png 768w, https:\/\/www.ladiagonale.net\/wp-content\/uploads\/2025\/03\/d3RnE-14-128x72.png 128w, https:\/\/www.ladiagonale.net\/wp-content\/uploads\/2025\/03\/d3RnE-14-32x18.png 32w, https:\/\/www.ladiagonale.net\/wp-content\/uploads\/2025\/03\/d3RnE-14.png 1240w\" sizes=\"(max-width: 1024px) 100vw, 1024px\" \/><\/figure><div class=\"wp-block-media-text__content\">\n<p style=\"font-size:16px\">Avec Brisard au sifflet, les joueurs de la Principaut\u00e9 sont plut\u00f4t bien lotis. Ils ont obtenu notamment sept p\u00e9naltys contre un seul pour leur adversaire. Ils ont aussi eu un joueur exclu de moins.<\/p>\n<\/div><\/div>\n\n\n\n<p><\/p>\n","protected":false},"excerpt":{"rendered":"<p>La LFP a d\u00e9sign\u00e9 J\u00e9r\u00f4me Brisard pour arbitrer ce samedi (21h05) le derby entre l\u2019AS Monaco et l\u2019OGC Nice. Ce sera le second derby de la C\u00f4te d\u2019Azur pour lui, puisqu\u2019il avait d\u00e9j\u00e0 offici\u00e9 sur celui de la saison 2020-2021 (2-1, le 3 f\u00e9vier 2021). Il sera assist\u00e9 d\u2019Alexis Auger et Cyril Mugnier et les [&#8230;]\n","protected":false},"author":2,"featured_media":0,"comment_status":"open","ping_status":"open","sticky":false,"template":"","format":"standard","meta":[],"categories":[6],"tags":[156,86,744,94,422],"yoast_head":"<!-- This site is optimized with the Yoast SEO plugin v19.8 - https:\/\/yoast.com\/wordpress\/plugins\/seo\/ -->\n<title>Brisard pour arbitrer le derby - La Diagonale<\/title>\n<meta name=\"robots\" content=\"index, follow, max-snippet:-1, max-image-preview:large, max-video-preview:-1\" \/>\n<link rel=\"canonical\" href=\"https:\/\/www.ladiagonale.net\/index.php\/2025\/03\/27\/brisard-pour-arbitrer-le-derby\/\" \/>\n<meta property=\"og:locale\" content=\"fr_FR\" \/>\n<meta property=\"og:type\" content=\"article\" \/>\n<meta property=\"og:title\" content=\"Brisard pour arbitrer le derby - La Diagonale\" \/>\n<meta property=\"og:description\" content=\"La LFP a d\u00e9sign\u00e9 J\u00e9r\u00f4me Brisard pour arbitrer ce samedi (21h05) le derby entre l\u2019AS Monaco et l\u2019OGC Nice. Ce sera le second derby de la C\u00f4te d\u2019Azur pour lui, puisqu\u2019il avait d\u00e9j\u00e0 offici\u00e9 sur celui de la saison 2020-2021 (2-1, le 3 f\u00e9vier 2021). Il sera assist\u00e9 d\u2019Alexis Auger et Cyril Mugnier et les [...]\" \/>\n<meta property=\"og:url\" content=\"https:\/\/www.ladiagonale.net\/index.php\/2025\/03\/27\/brisard-pour-arbitrer-le-derby\/\" \/>\n<meta property=\"og:site_name\" content=\"La Diagonale\" \/>\n<meta property=\"article:published_time\" content=\"2025-03-27T07:03:00+00:00\" \/>\n<meta property=\"article:modified_time\" content=\"2025-03-27T01:49:14+00:00\" \/>\n<meta property=\"og:image\" content=\"https:\/\/www.ladiagonale.net\/wp-content\/uploads\/2023\/01\/brisard.png\" \/>\n\t<meta property=\"og:image:width\" content=\"1160\" \/>\n\t<meta property=\"og:image:height\" content=\"650\" \/>\n\t<meta property=\"og:image:type\" content=\"image\/png\" \/>\n<meta name=\"author\" content=\"Damien Dellerba\" \/>\n<meta name=\"twitter:card\" content=\"summary_large_image\" \/>\n<meta name=\"twitter:image\" content=\"https:\/\/www.ladiagonale.net\/wp-content\/uploads\/2023\/01\/brisard.png\" \/>\n<meta name=\"twitter:label1\" content=\"\u00c9crit par\" \/>\n\t<meta name=\"twitter:data1\" content=\"Damien Dellerba\" \/>\n\t<meta name=\"twitter:label2\" content=\"Dur\u00e9e de lecture estim\u00e9e\" \/>\n\t<meta name=\"twitter:data2\" content=\"2 minutes\" \/>\n<script type=\"application\/ld+json\" class=\"yoast-schema-graph\">{\"@context\":\"https:\/\/schema.org\",\"@graph\":[{\"@type\":\"WebPage\",\"@id\":\"https:\/\/www.ladiagonale.net\/index.php\/2025\/03\/27\/brisard-pour-arbitrer-le-derby\/\",\"url\":\"https:\/\/www.ladiagonale.net\/index.php\/2025\/03\/27\/brisard-pour-arbitrer-le-derby\/\",\"name\":\"Brisard pour arbitrer le derby - La Diagonale\",\"isPartOf\":{\"@id\":\"https:\/\/www.ladiagonale.net\/#website\"},\"datePublished\":\"2025-03-27T07:03:00+00:00\",\"dateModified\":\"2025-03-27T01:49:14+00:00\",\"author\":{\"@id\":\"https:\/\/www.ladiagonale.net\/#\/schema\/person\/79ff1e7b0853ed01b2aa26e64ad300bf\"},\"breadcrumb\":{\"@id\":\"https:\/\/www.ladiagonale.net\/index.php\/2025\/03\/27\/brisard-pour-arbitrer-le-derby\/#breadcrumb\"},\"inLanguage\":\"fr-FR\",\"potentialAction\":[{\"@type\":\"ReadAction\",\"target\":[\"https:\/\/www.ladiagonale.net\/index.php\/2025\/03\/27\/brisard-pour-arbitrer-le-derby\/\"]}]},{\"@type\":\"BreadcrumbList\",\"@id\":\"https:\/\/www.ladiagonale.net\/index.php\/2025\/03\/27\/brisard-pour-arbitrer-le-derby\/#breadcrumb\",\"itemListElement\":[{\"@type\":\"ListItem\",\"position\":1,\"name\":\"Accueil\",\"item\":\"https:\/\/www.ladiagonale.net\/\"},{\"@type\":\"ListItem\",\"position\":2,\"name\":\"Brisard pour arbitrer le derby\"}]},{\"@type\":\"WebSite\",\"@id\":\"https:\/\/www.ladiagonale.net\/#website\",\"url\":\"https:\/\/www.ladiagonale.net\/\",\"name\":\"La Diagonale\",\"description\":\"Le site des supporters de l&#039;AS Monaco FC\",\"potentialAction\":[{\"@type\":\"SearchAction\",\"target\":{\"@type\":\"EntryPoint\",\"urlTemplate\":\"https:\/\/www.ladiagonale.net\/?s={search_term_string}\"},\"query-input\":\"required name=search_term_string\"}],\"inLanguage\":\"fr-FR\"},{\"@type\":\"Person\",\"@id\":\"https:\/\/www.ladiagonale.net\/#\/schema\/person\/79ff1e7b0853ed01b2aa26e64ad300bf\",\"name\":\"Damien Dellerba\",\"image\":{\"@type\":\"ImageObject\",\"inLanguage\":\"fr-FR\",\"@id\":\"https:\/\/www.ladiagonale.net\/#\/schema\/person\/image\/\",\"url\":\"https:\/\/secure.gravatar.com\/avatar\/c7850e06d3ff63cdbaee88b7fc16e2f0?s=96&d=mm&r=g\",\"contentUrl\":\"https:\/\/secure.gravatar.com\/avatar\/c7850e06d3ff63cdbaee88b7fc16e2f0?s=96&d=mm&r=g\",\"caption\":\"Damien Dellerba\"},\"url\":\"https:\/\/www.ladiagonale.net\/index.php\/author\/damien\/\"}]}<\/script>\n<!-- \/ Yoast SEO plugin. -->","yoast_head_json":{"title":"Brisard pour arbitrer le derby - La Diagonale","robots":{"index":"index","follow":"follow","max-snippet":"max-snippet:-1","max-image-preview":"max-image-preview:large","max-video-preview":"max-video-preview:-1"},"canonical":"https:\/\/www.ladiagonale.net\/index.php\/2025\/03\/27\/brisard-pour-arbitrer-le-derby\/","og_locale":"fr_FR","og_type":"article","og_title":"Brisard pour arbitrer le derby - La Diagonale","og_description":"La LFP a d\u00e9sign\u00e9 J\u00e9r\u00f4me Brisard pour arbitrer ce samedi (21h05) le derby entre l\u2019AS Monaco et l\u2019OGC Nice. Ce sera le second derby de la C\u00f4te d\u2019Azur pour lui, puisqu\u2019il avait d\u00e9j\u00e0 offici\u00e9 sur celui de la saison 2020-2021 (2-1, le 3 f\u00e9vier 2021). Il sera assist\u00e9 d\u2019Alexis Auger et Cyril Mugnier et les [...]","og_url":"https:\/\/www.ladiagonale.net\/index.php\/2025\/03\/27\/brisard-pour-arbitrer-le-derby\/","og_site_name":"La Diagonale","article_published_time":"2025-03-27T07:03:00+00:00","article_modified_time":"2025-03-27T01:49:14+00:00","og_image":[{"width":1160,"height":650,"url":"https:\/\/www.ladiagonale.net\/wp-content\/uploads\/2023\/01\/brisard.png","type":"image\/png"}],"author":"Damien Dellerba","twitter_card":"summary_large_image","twitter_image":"https:\/\/www.ladiagonale.net\/wp-content\/uploads\/2023\/01\/brisard.png","twitter_misc":{"\u00c9crit par":"Damien Dellerba","Dur\u00e9e de lecture estim\u00e9e":"2 minutes"},"schema":{"@context":"https:\/\/schema.org","@graph":[{"@type":"WebPage","@id":"https:\/\/www.ladiagonale.net\/index.php\/2025\/03\/27\/brisard-pour-arbitrer-le-derby\/","url":"https:\/\/www.ladiagonale.net\/index.php\/2025\/03\/27\/brisard-pour-arbitrer-le-derby\/","name":"Brisard pour arbitrer le derby - La Diagonale","isPartOf":{"@id":"https:\/\/www.ladiagonale.net\/#website"},"datePublished":"2025-03-27T07:03:00+00:00","dateModified":"2025-03-27T01:49:14+00:00","author":{"@id":"https:\/\/www.ladiagonale.net\/#\/schema\/person\/79ff1e7b0853ed01b2aa26e64ad300bf"},"breadcrumb":{"@id":"https:\/\/www.ladiagonale.net\/index.php\/2025\/03\/27\/brisard-pour-arbitrer-le-derby\/#breadcrumb"},"inLanguage":"fr-FR","potentialAction":[{"@type":"ReadAction","target":["https:\/\/www.ladiagonale.net\/index.php\/2025\/03\/27\/brisard-pour-arbitrer-le-derby\/"]}]},{"@type":"BreadcrumbList","@id":"https:\/\/www.ladiagonale.net\/index.php\/2025\/03\/27\/brisard-pour-arbitrer-le-derby\/#breadcrumb","itemListElement":[{"@type":"ListItem","position":1,"name":"Accueil","item":"https:\/\/www.ladiagonale.net\/"},{"@type":"ListItem","position":2,"name":"Brisard pour arbitrer le derby"}]},{"@type":"WebSite","@id":"https:\/\/www.ladiagonale.net\/#website","url":"https:\/\/www.ladiagonale.net\/","name":"La Diagonale","description":"Le site des supporters de l&#039;AS Monaco FC","potentialAction":[{"@type":"SearchAction","target":{"@type":"EntryPoint","urlTemplate":"https:\/\/www.ladiagonale.net\/?s={search_term_string}"},"query-input":"required name=search_term_string"}],"inLanguage":"fr-FR"},{"@type":"Person","@id":"https:\/\/www.ladiagonale.net\/#\/schema\/person\/79ff1e7b0853ed01b2aa26e64ad300bf","name":"Damien Dellerba","image":{"@type":"ImageObject","inLanguage":"fr-FR","@id":"https:\/\/www.ladiagonale.net\/#\/schema\/person\/image\/","url":"https:\/\/secure.gravatar.com\/avatar\/c7850e06d3ff63cdbaee88b7fc16e2f0?s=96&d=mm&r=g","contentUrl":"https:\/\/secure.gravatar.com\/avatar\/c7850e06d3ff63cdbaee88b7fc16e2f0?s=96&d=mm&r=g","caption":"Damien Dellerba"},"url":"https:\/\/www.ladiagonale.net\/index.php\/author\/damien\/"}]}},"_links":{"self":[{"href":"https:\/\/www.ladiagonale.net\/index.php\/wp-json\/wp\/v2\/posts\/30611"}],"collection":[{"href":"https:\/\/www.ladiagonale.net\/index.php\/wp-json\/wp\/v2\/posts"}],"about":[{"href":"https:\/\/www.ladiagonale.net\/index.php\/wp-json\/wp\/v2\/types\/post"}],"author":[{"embeddable":true,"href":"https:\/\/www.ladiagonale.net\/index.php\/wp-json\/wp\/v2\/users\/2"}],"replies":[{"embeddable":true,"href":"https:\/\/www.ladiagonale.net\/index.php\/wp-json\/wp\/v2\/comments?post=30611"}],"version-history":[{"count":1,"href":"https:\/\/www.ladiagonale.net\/index.php\/wp-json\/wp\/v2\/posts\/30611\/revisions"}],"predecessor-version":[{"id":30614,"href":"https:\/\/www.ladiagonale.net\/index.php\/wp-json\/wp\/v2\/posts\/30611\/revisions\/30614"}],"wp:attachment":[{"href":"https:\/\/www.ladiagonale.net\/index.php\/wp-json\/wp\/v2\/media?parent=30611"}],"wp:term":[{"taxonomy":"category","embeddable":true,"href":"https:\/\/www.ladiagonale.net\/index.php\/wp-json\/wp\/v2\/categories?post=30611"},{"taxonomy":"post_tag","embeddable":true,"href":"https:\/\/www.ladiagonale.net\/index.php\/wp-json\/wp\/v2\/tags?post=30611"}],"curies":[{"name":"wp","href":"https:\/\/api.w.org\/{rel}","templated":true}]}}