{"id":30620,"date":"2025-03-27T16:02:41","date_gmt":"2025-03-27T15:02:41","guid":{"rendered":"https:\/\/www.ladiagonale.net\/?p=30620"},"modified":"2025-03-27T16:11:24","modified_gmt":"2025-03-27T15:11:24","slug":"hutter-le-coup-denvoi-de-la-derniere-ligne-droite","status":"publish","type":"post","link":"https:\/\/www.ladiagonale.net\/index.php\/2025\/03\/27\/hutter-le-coup-denvoi-de-la-derniere-ligne-droite\/","title":{"rendered":"H\u00fctter : \u00ab\u00a0Le coup d\u2019envoi de la derni\u00e8re ligne droite\u00a0\u00bb"},"content":{"rendered":"\n\n\n<p>C\u2019est le retour de la tr\u00eave pour l\u2019AS Monaco, qui va retrouver les terrains avec un gros choc contre l\u2019OGC Nice : \u00ab\u00a0<em>C\u2019est seulement un match, mais il est tr\u00e8s important, a expliqu\u00e9 Adi H\u00fctter en conf\u00e9rence de presse. C\u2019est le derby de la C\u00f4te d\u2019Azur, donc c\u2019est un \u00e9v\u00e9nement pour tout le monde : le club, les supporters et nous-m\u00eames. Malgr\u00e9 tout, ce n\u2019est pas la derni\u00e8re rencontre de la saison, m\u00eame si ce duel va donner le coup d\u2019envoi de la derni\u00e8re ligne droite avec ces huit journ\u00e9es. Quand vous regardez le classement, forc\u00e9ment le duel de samedi est d\u2019autant plus excitant que nous avons le m\u00eame nombre de points et la m\u00eame diff\u00e9rence de buts !<\/em>\u00a0\u00bb<\/p>\n\n\n\n<p>Si Monaco r\u00e9cup\u00e8re <a href=\"https:\/\/www.ladiagonale.net\/index.php\/2025\/03\/27\/quatre-retours-pour-le-derby-ouattara-reste-a-linfirmerie\/\" target=\"_blank\" rel=\"noreferrer noopener\">plusieurs joueurs de l\u2019infirmerie<\/a>, et notamment Folarin Balogun et Aleksandr Golovin, certains internationaux ne sont revenus que ce jeudi de s\u00e9lection, ce qui est loin d\u2019\u00eatre id\u00e9al dans la pr\u00e9paration de cette rencontre : \u00ab&nbsp;<em>Les joueurs sont arriv\u00e9s les uns apr\u00e8s les autres, il va donc falloir checker avec chacun d\u2019eux s\u2019ils se sentent bien et quel est leur ressenti. Notamment pour ceux qui reviennent de longs voyages comme Vanderson et Minamino. Nous verrons qui est susceptible de participer \u00e0 l\u2019entra\u00eenement et de revenir en forme d\u2019ici demain ou bien de rester en salle. (\u2026) C\u2019est bien que certains joueurs prennent du temps de jeu en s\u00e9lection s\u2019ils en manquent l\u00e9g\u00e8rement.&nbsp;\u00bb<\/em><\/p>\n\n\n\n<blockquote class=\"wp-block-quote\"><p><em>\u00ab&nbsp;C\u2019est peut-\u00eatre un avantage pour nous de disputer ces rencontres face \u00e0 des adversaires directs \u00e0 la maison, maintenant personne ne nous fera de cadeaux pour autant <\/em>\u00bb<\/p><cite>Adi H\u00fctter, sur les matches \u00e0 domicile<\/cite><\/blockquote>\n\n\n\n<p>Le coach mon\u00e9gasque a aussi livr\u00e9 son verdict sur Nice : \u00ab&nbsp;<em>Pour comparer un peu avec la saison pass\u00e9e, je trouve qu\u2019ils ont chang\u00e9 leur fa\u00e7on de jouer. Ils sont plus agressifs, tr\u00e8s forts physiquement \u00e0 l\u2019image de Mo\u00efse Bombito et Evann Guessand, et pratiquent un pressing intense. Ils vont aussi tr\u00e8s vite devant et ont une philosophie tr\u00e8s claire avec la d\u00e9fense \u00e0 trois comme base et un syst\u00e8me en 3-4-3 qui favorise les transitions. Cela change un peu du Nice de la saison derni\u00e8re qui \u00e9tait plus compact. Il y a des joueurs qui peuvent \u00eatre des menaces pour nous, car il s\u2019agit d\u2019une des \u00e9quipes de Ligue 1 les plus arm\u00e9es physiquement.<\/em>&nbsp;\u00bb<\/p>\n\n\n\n<p>L\u2019Autrichien se dit satisfait de jouer plusieurs chocs \u00e0 domicile. Apr\u00e8s Nice, Monaco accueillera notamment Marseille et Lyon dans son stade : \u00ab&nbsp;<em>Nous allons jouer \u00e0 domicile o\u00f9 nous sommes deuxi\u00e8mes du classement de Ligue 1. Donc c\u2019est peut-\u00eatre un avantage pour nous de disputer ces rencontres face \u00e0 des adversaires directs \u00e0 la maison. Maintenant personne ne nous fera de cadeaux pour autant, m\u00eame si nous sommes au Stade Louis-II, donc nous devons travailler dur pour pr\u00e9parer ces matchs et pour ramener des r\u00e9sultats.<\/em>&nbsp;\u00bb<\/p>\n\n\n\n<p class=\"has-text-align-right has-small-font-size\">Source : <em>AS Monaco<\/em><\/p>\n","protected":false},"excerpt":{"rendered":"<p>C\u2019est le retour de la tr\u00eave pour l\u2019AS Monaco, qui va retrouver les terrains avec un gros choc contre l\u2019OGC Nice : \u00ab\u00a0C\u2019est seulement un match, mais il est tr\u00e8s important, a expliqu\u00e9 Adi H\u00fctter en conf\u00e9rence de presse. C\u2019est le derby de la C\u00f4te d\u2019Azur, donc c\u2019est un \u00e9v\u00e9nement pour tout le monde : [&#8230;]\n","protected":false},"author":2,"featured_media":0,"comment_status":"open","ping_status":"open","sticky":false,"template":"","format":"standard","meta":[],"categories":[6],"tags":[576,86,94,422],"yoast_head":"<!-- This site is optimized with the Yoast SEO plugin v19.8 - https:\/\/yoast.com\/wordpress\/plugins\/seo\/ -->\n<title>H\u00fctter : \u00ab\u00a0Le coup d\u2019envoi de la derni\u00e8re ligne droite\u00a0\u00bb - La Diagonale<\/title>\n<meta name=\"robots\" content=\"index, follow, max-snippet:-1, max-image-preview:large, max-video-preview:-1\" \/>\n<link rel=\"canonical\" href=\"https:\/\/www.ladiagonale.net\/index.php\/2025\/03\/27\/hutter-le-coup-denvoi-de-la-derniere-ligne-droite\/\" \/>\n<meta property=\"og:locale\" content=\"fr_FR\" \/>\n<meta property=\"og:type\" content=\"article\" \/>\n<meta property=\"og:title\" content=\"H\u00fctter : \u00ab\u00a0Le coup d\u2019envoi de la derni\u00e8re ligne droite\u00a0\u00bb - La Diagonale\" \/>\n<meta property=\"og:description\" content=\"C\u2019est le retour de la tr\u00eave pour l\u2019AS Monaco, qui va retrouver les terrains avec un gros choc contre l\u2019OGC Nice : \u00ab\u00a0C\u2019est seulement un match, mais il est tr\u00e8s important, a expliqu\u00e9 Adi H\u00fctter en conf\u00e9rence de presse. C\u2019est le derby de la C\u00f4te d\u2019Azur, donc c\u2019est un \u00e9v\u00e9nement pour tout le monde : [...]\" \/>\n<meta property=\"og:url\" content=\"https:\/\/www.ladiagonale.net\/index.php\/2025\/03\/27\/hutter-le-coup-denvoi-de-la-derniere-ligne-droite\/\" \/>\n<meta property=\"og:site_name\" content=\"La Diagonale\" \/>\n<meta property=\"article:published_time\" content=\"2025-03-27T15:02:41+00:00\" \/>\n<meta property=\"article:modified_time\" content=\"2025-03-27T15:11:24+00:00\" \/>\n<meta property=\"og:image\" content=\"https:\/\/www.ladiagonale.net\/wp-content\/uploads\/2024\/07\/Hu\u0308tter-training.png\" \/>\n\t<meta property=\"og:image:width\" content=\"1160\" \/>\n\t<meta property=\"og:image:height\" content=\"650\" \/>\n\t<meta property=\"og:image:type\" content=\"image\/png\" \/>\n<meta name=\"author\" content=\"Damien Dellerba\" \/>\n<meta name=\"twitter:card\" content=\"summary_large_image\" \/>\n<meta name=\"twitter:image\" content=\"https:\/\/www.ladiagonale.net\/wp-content\/uploads\/2024\/07\/Hu\u0308tter-training.png\" \/>\n<meta name=\"twitter:label1\" content=\"\u00c9crit par\" \/>\n\t<meta name=\"twitter:data1\" content=\"Damien Dellerba\" \/>\n\t<meta name=\"twitter:label2\" content=\"Dur\u00e9e de lecture estim\u00e9e\" \/>\n\t<meta name=\"twitter:data2\" content=\"3 minutes\" \/>\n<script type=\"application\/ld+json\" class=\"yoast-schema-graph\">{\"@context\":\"https:\/\/schema.org\",\"@graph\":[{\"@type\":\"WebPage\",\"@id\":\"https:\/\/www.ladiagonale.net\/index.php\/2025\/03\/27\/hutter-le-coup-denvoi-de-la-derniere-ligne-droite\/\",\"url\":\"https:\/\/www.ladiagonale.net\/index.php\/2025\/03\/27\/hutter-le-coup-denvoi-de-la-derniere-ligne-droite\/\",\"name\":\"H\u00fctter : \u00ab\u00a0Le coup d\u2019envoi de la derni\u00e8re ligne droite\u00a0\u00bb - La Diagonale\",\"isPartOf\":{\"@id\":\"https:\/\/www.ladiagonale.net\/#website\"},\"datePublished\":\"2025-03-27T15:02:41+00:00\",\"dateModified\":\"2025-03-27T15:11:24+00:00\",\"author\":{\"@id\":\"https:\/\/www.ladiagonale.net\/#\/schema\/person\/79ff1e7b0853ed01b2aa26e64ad300bf\"},\"breadcrumb\":{\"@id\":\"https:\/\/www.ladiagonale.net\/index.php\/2025\/03\/27\/hutter-le-coup-denvoi-de-la-derniere-ligne-droite\/#breadcrumb\"},\"inLanguage\":\"fr-FR\",\"potentialAction\":[{\"@type\":\"ReadAction\",\"target\":[\"https:\/\/www.ladiagonale.net\/index.php\/2025\/03\/27\/hutter-le-coup-denvoi-de-la-derniere-ligne-droite\/\"]}]},{\"@type\":\"BreadcrumbList\",\"@id\":\"https:\/\/www.ladiagonale.net\/index.php\/2025\/03\/27\/hutter-le-coup-denvoi-de-la-derniere-ligne-droite\/#breadcrumb\",\"itemListElement\":[{\"@type\":\"ListItem\",\"position\":1,\"name\":\"Accueil\",\"item\":\"https:\/\/www.ladiagonale.net\/\"},{\"@type\":\"ListItem\",\"position\":2,\"name\":\"H\u00fctter : \u00ab\u00a0Le coup d\u2019envoi de la derni\u00e8re ligne droite\u00a0\u00bb\"}]},{\"@type\":\"WebSite\",\"@id\":\"https:\/\/www.ladiagonale.net\/#website\",\"url\":\"https:\/\/www.ladiagonale.net\/\",\"name\":\"La Diagonale\",\"description\":\"Le site des supporters de l&#039;AS Monaco FC\",\"potentialAction\":[{\"@type\":\"SearchAction\",\"target\":{\"@type\":\"EntryPoint\",\"urlTemplate\":\"https:\/\/www.ladiagonale.net\/?s={search_term_string}\"},\"query-input\":\"required name=search_term_string\"}],\"inLanguage\":\"fr-FR\"},{\"@type\":\"Person\",\"@id\":\"https:\/\/www.ladiagonale.net\/#\/schema\/person\/79ff1e7b0853ed01b2aa26e64ad300bf\",\"name\":\"Damien Dellerba\",\"image\":{\"@type\":\"ImageObject\",\"inLanguage\":\"fr-FR\",\"@id\":\"https:\/\/www.ladiagonale.net\/#\/schema\/person\/image\/\",\"url\":\"https:\/\/secure.gravatar.com\/avatar\/c7850e06d3ff63cdbaee88b7fc16e2f0?s=96&d=mm&r=g\",\"contentUrl\":\"https:\/\/secure.gravatar.com\/avatar\/c7850e06d3ff63cdbaee88b7fc16e2f0?s=96&d=mm&r=g\",\"caption\":\"Damien Dellerba\"},\"url\":\"https:\/\/www.ladiagonale.net\/index.php\/author\/damien\/\"}]}<\/script>\n<!-- \/ Yoast SEO plugin. -->","yoast_head_json":{"title":"H\u00fctter : \u00ab\u00a0Le coup d\u2019envoi de la derni\u00e8re ligne droite\u00a0\u00bb - La Diagonale","robots":{"index":"index","follow":"follow","max-snippet":"max-snippet:-1","max-image-preview":"max-image-preview:large","max-video-preview":"max-video-preview:-1"},"canonical":"https:\/\/www.ladiagonale.net\/index.php\/2025\/03\/27\/hutter-le-coup-denvoi-de-la-derniere-ligne-droite\/","og_locale":"fr_FR","og_type":"article","og_title":"H\u00fctter : \u00ab\u00a0Le coup d\u2019envoi de la derni\u00e8re ligne droite\u00a0\u00bb - La Diagonale","og_description":"C\u2019est le retour de la tr\u00eave pour l\u2019AS Monaco, qui va retrouver les terrains avec un gros choc contre l\u2019OGC Nice : \u00ab\u00a0C\u2019est seulement un match, mais il est tr\u00e8s important, a expliqu\u00e9 Adi H\u00fctter en conf\u00e9rence de presse. C\u2019est le derby de la C\u00f4te d\u2019Azur, donc c\u2019est un \u00e9v\u00e9nement pour tout le monde : [...]","og_url":"https:\/\/www.ladiagonale.net\/index.php\/2025\/03\/27\/hutter-le-coup-denvoi-de-la-derniere-ligne-droite\/","og_site_name":"La Diagonale","article_published_time":"2025-03-27T15:02:41+00:00","article_modified_time":"2025-03-27T15:11:24+00:00","og_image":[{"width":1160,"height":650,"url":"https:\/\/www.ladiagonale.net\/wp-content\/uploads\/2024\/07\/Hu\u0308tter-training.png","type":"image\/png"}],"author":"Damien Dellerba","twitter_card":"summary_large_image","twitter_image":"https:\/\/www.ladiagonale.net\/wp-content\/uploads\/2024\/07\/Hu\u0308tter-training.png","twitter_misc":{"\u00c9crit par":"Damien Dellerba","Dur\u00e9e de lecture estim\u00e9e":"3 minutes"},"schema":{"@context":"https:\/\/schema.org","@graph":[{"@type":"WebPage","@id":"https:\/\/www.ladiagonale.net\/index.php\/2025\/03\/27\/hutter-le-coup-denvoi-de-la-derniere-ligne-droite\/","url":"https:\/\/www.ladiagonale.net\/index.php\/2025\/03\/27\/hutter-le-coup-denvoi-de-la-derniere-ligne-droite\/","name":"H\u00fctter : \u00ab\u00a0Le coup d\u2019envoi de la derni\u00e8re ligne droite\u00a0\u00bb - La Diagonale","isPartOf":{"@id":"https:\/\/www.ladiagonale.net\/#website"},"datePublished":"2025-03-27T15:02:41+00:00","dateModified":"2025-03-27T15:11:24+00:00","author":{"@id":"https:\/\/www.ladiagonale.net\/#\/schema\/person\/79ff1e7b0853ed01b2aa26e64ad300bf"},"breadcrumb":{"@id":"https:\/\/www.ladiagonale.net\/index.php\/2025\/03\/27\/hutter-le-coup-denvoi-de-la-derniere-ligne-droite\/#breadcrumb"},"inLanguage":"fr-FR","potentialAction":[{"@type":"ReadAction","target":["https:\/\/www.ladiagonale.net\/index.php\/2025\/03\/27\/hutter-le-coup-denvoi-de-la-derniere-ligne-droite\/"]}]},{"@type":"BreadcrumbList","@id":"https:\/\/www.ladiagonale.net\/index.php\/2025\/03\/27\/hutter-le-coup-denvoi-de-la-derniere-ligne-droite\/#breadcrumb","itemListElement":[{"@type":"ListItem","position":1,"name":"Accueil","item":"https:\/\/www.ladiagonale.net\/"},{"@type":"ListItem","position":2,"name":"H\u00fctter : \u00ab\u00a0Le coup d\u2019envoi de la derni\u00e8re ligne droite\u00a0\u00bb"}]},{"@type":"WebSite","@id":"https:\/\/www.ladiagonale.net\/#website","url":"https:\/\/www.ladiagonale.net\/","name":"La Diagonale","description":"Le site des supporters de l&#039;AS Monaco FC","potentialAction":[{"@type":"SearchAction","target":{"@type":"EntryPoint","urlTemplate":"https:\/\/www.ladiagonale.net\/?s={search_term_string}"},"query-input":"required name=search_term_string"}],"inLanguage":"fr-FR"},{"@type":"Person","@id":"https:\/\/www.ladiagonale.net\/#\/schema\/person\/79ff1e7b0853ed01b2aa26e64ad300bf","name":"Damien Dellerba","image":{"@type":"ImageObject","inLanguage":"fr-FR","@id":"https:\/\/www.ladiagonale.net\/#\/schema\/person\/image\/","url":"https:\/\/secure.gravatar.com\/avatar\/c7850e06d3ff63cdbaee88b7fc16e2f0?s=96&d=mm&r=g","contentUrl":"https:\/\/secure.gravatar.com\/avatar\/c7850e06d3ff63cdbaee88b7fc16e2f0?s=96&d=mm&r=g","caption":"Damien Dellerba"},"url":"https:\/\/www.ladiagonale.net\/index.php\/author\/damien\/"}]}},"_links":{"self":[{"href":"https:\/\/www.ladiagonale.net\/index.php\/wp-json\/wp\/v2\/posts\/30620"}],"collection":[{"href":"https:\/\/www.ladiagonale.net\/index.php\/wp-json\/wp\/v2\/posts"}],"about":[{"href":"https:\/\/www.ladiagonale.net\/index.php\/wp-json\/wp\/v2\/types\/post"}],"author":[{"embeddable":true,"href":"https:\/\/www.ladiagonale.net\/index.php\/wp-json\/wp\/v2\/users\/2"}],"replies":[{"embeddable":true,"href":"https:\/\/www.ladiagonale.net\/index.php\/wp-json\/wp\/v2\/comments?post=30620"}],"version-history":[{"count":2,"href":"https:\/\/www.ladiagonale.net\/index.php\/wp-json\/wp\/v2\/posts\/30620\/revisions"}],"predecessor-version":[{"id":30622,"href":"https:\/\/www.ladiagonale.net\/index.php\/wp-json\/wp\/v2\/posts\/30620\/revisions\/30622"}],"wp:attachment":[{"href":"https:\/\/www.ladiagonale.net\/index.php\/wp-json\/wp\/v2\/media?parent=30620"}],"wp:term":[{"taxonomy":"category","embeddable":true,"href":"https:\/\/www.ladiagonale.net\/index.php\/wp-json\/wp\/v2\/categories?post=30620"},{"taxonomy":"post_tag","embeddable":true,"href":"https:\/\/www.ladiagonale.net\/index.php\/wp-json\/wp\/v2\/tags?post=30620"}],"curies":[{"name":"wp","href":"https:\/\/api.w.org\/{rel}","templated":true}]}}