{"id":30625,"date":"2025-03-27T17:12:56","date_gmt":"2025-03-27T16:12:56","guid":{"rendered":"https:\/\/www.ladiagonale.net\/?p=30625"},"modified":"2025-03-28T00:36:33","modified_gmt":"2025-03-27T23:36:33","slug":"kohn-devrait-finir-la-saison-dans-le-but","status":"publish","type":"post","link":"https:\/\/www.ladiagonale.net\/index.php\/2025\/03\/27\/kohn-devrait-finir-la-saison-dans-le-but\/","title":{"rendered":"K\u00f6hn devrait finir la saison dans le but"},"content":{"rendered":"\n\n\n<p>Avant la tr\u00eave, face \u00e0 Angers, Adi H\u00fctter avait effectu\u00e9 un changement de titulaire au poste de gardien. Exit Radoslaw Majecki, remplac\u00e9 par Philipp K\u00f6hn. Le Suisse encha\u00eenera lors du derby contre Nice, samedi, et selon toute logique, il devrait terminer la saison dans le but mon\u00e9gasque. Mais son entra\u00eeneur n&rsquo;a pas voulu se montrer aussi cat\u00e9gorique : \u00ab\u00a0<em>Nous verrons si Philipp reste en place jusqu\u2019\u00e0 la fin de la saison. Il peut aussi se blesser, donc on ne sait pas. En tout cas, il sera dans le onze de d\u00e9part contre Nice. Nous avons d\u00e9cid\u00e9 de changer et il a ramen\u00e9 un clean sheet d\u2019Angers donc on esp\u00e8re qu&rsquo;il restera sur sa lanc\u00e9e.<\/em>\u00a0\u00bb<\/p>\n\n\n\n<p>\u00ab&nbsp;<em>C\u2019est sp\u00e9cial en tant que coach, d\u2019avoir \u00e0 prendre cette d\u00e9cision, m\u00eame si vous ne savez jamais ce qui peut arriver dans une saison, <\/em>a poursuivi le technicien autrichien.<em>&nbsp;Nous croyons en tous nos joueurs, et il est important de rappeler que nous gagnons et nous perdons tous ensemble. Personne n\u2019est seul responsable des r\u00e9sultats ! Nous sommes \u00e9videmment dans un moment charni\u00e8re de la saison, au d\u00e9but du sprint final, et nous sommes parfaitement concentr\u00e9s sur nos objectifs.&nbsp;<\/em>\u00bb<\/p>\n\n\n\n<p>Il y a quelques jours, dans les colonnes de <em>L\u2019\u00c9quipe<\/em>, H\u00fctter avait cependant indiqu\u00e9 que cette situation \u00e9tait emb\u00eatante : \u00ab&nbsp;<em>C\u2019est une vraie question, c&rsquo;est s\u00fbr. On n&rsquo;est pas contents d&rsquo;avoir chang\u00e9 encore une fois. \u00c7a nous am\u00e8ne \u00e0 nous interroger. Peut-\u00eatre que Philipp (K\u00f6hn) sera capable de faire ce que Radek avait fait en fin de saison derni\u00e8re pour nous aider \u00e0 atteindre nos objectifs. Il a commenc\u00e9 par un clean-sheet. Vous pouvez imaginer qu&rsquo;on n&rsquo;est pas 100&nbsp;% heureux de la situation.<\/em>&nbsp;\u00bb<\/p>\n\n\n\n<p>De son c\u00f4t\u00e9, Denis Zakaria a pris soin de ne pas prendre parti et de d\u00e9fendre les deux portiers : \u00ab&nbsp;<em>Je trouvais K\u00f6hn d\u00e9j\u00e0 fort il y a un an, c\u2019est un tr\u00e8s bon gardien. Il y a eu des changements qui ont fait qu\u2019il est pass\u00e9 deuxi\u00e8me dans la hi\u00e9rarchie et je dois dire que Radek\u2019 avait fait le job, montrant que nous avons deux tr\u00e8s bons gardiens \u00e0 ce poste. Cela montre qu\u2019il y a de la concurrence partout. Il a prouv\u00e9 \u00e0 certains matchs qu\u2019il \u00e9tait au niveau, il ne faut pas oublier tout ce qu\u2019il a fait.<\/em>&nbsp;\u00bb<\/p>\n\n\n\n<p class=\"has-text-align-right has-small-font-size\">Source : <em>L&rsquo;\u00c9quipe <\/em>et <em>AS Monaco<\/em><\/p>\n","protected":false},"excerpt":{"rendered":"<p>Avant la tr\u00eave, face \u00e0 Angers, Adi H\u00fctter avait effectu\u00e9 un changement de titulaire au poste de gardien. Exit Radoslaw Majecki, remplac\u00e9 par Philipp K\u00f6hn. Le Suisse encha\u00eenera lors du derby contre Nice, samedi, et selon toute logique, il devrait terminer la saison dans le but mon\u00e9gasque. Mais son entra\u00eeneur n&rsquo;a pas voulu se montrer [&#8230;]\n","protected":false},"author":2,"featured_media":0,"comment_status":"open","ping_status":"open","sticky":false,"template":"","format":"standard","meta":[],"categories":[6],"tags":[576,86,615,430],"yoast_head":"<!-- This site is optimized with the Yoast SEO plugin v19.8 - https:\/\/yoast.com\/wordpress\/plugins\/seo\/ -->\n<title>K\u00f6hn devrait finir la saison dans le but - La Diagonale<\/title>\n<meta name=\"robots\" content=\"index, follow, max-snippet:-1, max-image-preview:large, max-video-preview:-1\" \/>\n<link rel=\"canonical\" href=\"https:\/\/www.ladiagonale.net\/index.php\/2025\/03\/27\/kohn-devrait-finir-la-saison-dans-le-but\/\" \/>\n<meta property=\"og:locale\" content=\"fr_FR\" \/>\n<meta property=\"og:type\" content=\"article\" \/>\n<meta property=\"og:title\" content=\"K\u00f6hn devrait finir la saison dans le but - La Diagonale\" \/>\n<meta property=\"og:description\" content=\"Avant la tr\u00eave, face \u00e0 Angers, Adi H\u00fctter avait effectu\u00e9 un changement de titulaire au poste de gardien. Exit Radoslaw Majecki, remplac\u00e9 par Philipp K\u00f6hn. Le Suisse encha\u00eenera lors du derby contre Nice, samedi, et selon toute logique, il devrait terminer la saison dans le but mon\u00e9gasque. Mais son entra\u00eeneur n&rsquo;a pas voulu se montrer [...]\" \/>\n<meta property=\"og:url\" content=\"https:\/\/www.ladiagonale.net\/index.php\/2025\/03\/27\/kohn-devrait-finir-la-saison-dans-le-but\/\" \/>\n<meta property=\"og:site_name\" content=\"La Diagonale\" \/>\n<meta property=\"article:published_time\" content=\"2025-03-27T16:12:56+00:00\" \/>\n<meta property=\"article:modified_time\" content=\"2025-03-27T23:36:33+00:00\" \/>\n<meta property=\"og:image\" content=\"https:\/\/www.ladiagonale.net\/wp-content\/uploads\/2025\/03\/kohnldc.png\" \/>\n\t<meta property=\"og:image:width\" content=\"1160\" \/>\n\t<meta property=\"og:image:height\" content=\"650\" \/>\n\t<meta property=\"og:image:type\" content=\"image\/png\" \/>\n<meta name=\"author\" content=\"Damien Dellerba\" \/>\n<meta name=\"twitter:card\" content=\"summary_large_image\" \/>\n<meta name=\"twitter:image\" content=\"https:\/\/www.ladiagonale.net\/wp-content\/uploads\/2025\/03\/kohnldc.png\" \/>\n<meta name=\"twitter:label1\" content=\"\u00c9crit par\" \/>\n\t<meta name=\"twitter:data1\" content=\"Damien Dellerba\" \/>\n\t<meta name=\"twitter:label2\" content=\"Dur\u00e9e de lecture estim\u00e9e\" \/>\n\t<meta name=\"twitter:data2\" content=\"2 minutes\" \/>\n<script type=\"application\/ld+json\" class=\"yoast-schema-graph\">{\"@context\":\"https:\/\/schema.org\",\"@graph\":[{\"@type\":\"WebPage\",\"@id\":\"https:\/\/www.ladiagonale.net\/index.php\/2025\/03\/27\/kohn-devrait-finir-la-saison-dans-le-but\/\",\"url\":\"https:\/\/www.ladiagonale.net\/index.php\/2025\/03\/27\/kohn-devrait-finir-la-saison-dans-le-but\/\",\"name\":\"K\u00f6hn devrait finir la saison dans le but - La Diagonale\",\"isPartOf\":{\"@id\":\"https:\/\/www.ladiagonale.net\/#website\"},\"datePublished\":\"2025-03-27T16:12:56+00:00\",\"dateModified\":\"2025-03-27T23:36:33+00:00\",\"author\":{\"@id\":\"https:\/\/www.ladiagonale.net\/#\/schema\/person\/79ff1e7b0853ed01b2aa26e64ad300bf\"},\"breadcrumb\":{\"@id\":\"https:\/\/www.ladiagonale.net\/index.php\/2025\/03\/27\/kohn-devrait-finir-la-saison-dans-le-but\/#breadcrumb\"},\"inLanguage\":\"fr-FR\",\"potentialAction\":[{\"@type\":\"ReadAction\",\"target\":[\"https:\/\/www.ladiagonale.net\/index.php\/2025\/03\/27\/kohn-devrait-finir-la-saison-dans-le-but\/\"]}]},{\"@type\":\"BreadcrumbList\",\"@id\":\"https:\/\/www.ladiagonale.net\/index.php\/2025\/03\/27\/kohn-devrait-finir-la-saison-dans-le-but\/#breadcrumb\",\"itemListElement\":[{\"@type\":\"ListItem\",\"position\":1,\"name\":\"Accueil\",\"item\":\"https:\/\/www.ladiagonale.net\/\"},{\"@type\":\"ListItem\",\"position\":2,\"name\":\"K\u00f6hn devrait finir la saison dans le but\"}]},{\"@type\":\"WebSite\",\"@id\":\"https:\/\/www.ladiagonale.net\/#website\",\"url\":\"https:\/\/www.ladiagonale.net\/\",\"name\":\"La Diagonale\",\"description\":\"Le site des supporters de l&#039;AS Monaco FC\",\"potentialAction\":[{\"@type\":\"SearchAction\",\"target\":{\"@type\":\"EntryPoint\",\"urlTemplate\":\"https:\/\/www.ladiagonale.net\/?s={search_term_string}\"},\"query-input\":\"required name=search_term_string\"}],\"inLanguage\":\"fr-FR\"},{\"@type\":\"Person\",\"@id\":\"https:\/\/www.ladiagonale.net\/#\/schema\/person\/79ff1e7b0853ed01b2aa26e64ad300bf\",\"name\":\"Damien Dellerba\",\"image\":{\"@type\":\"ImageObject\",\"inLanguage\":\"fr-FR\",\"@id\":\"https:\/\/www.ladiagonale.net\/#\/schema\/person\/image\/\",\"url\":\"https:\/\/secure.gravatar.com\/avatar\/c7850e06d3ff63cdbaee88b7fc16e2f0?s=96&d=mm&r=g\",\"contentUrl\":\"https:\/\/secure.gravatar.com\/avatar\/c7850e06d3ff63cdbaee88b7fc16e2f0?s=96&d=mm&r=g\",\"caption\":\"Damien Dellerba\"},\"url\":\"https:\/\/www.ladiagonale.net\/index.php\/author\/damien\/\"}]}<\/script>\n<!-- \/ Yoast SEO plugin. -->","yoast_head_json":{"title":"K\u00f6hn devrait finir la saison dans le but - La Diagonale","robots":{"index":"index","follow":"follow","max-snippet":"max-snippet:-1","max-image-preview":"max-image-preview:large","max-video-preview":"max-video-preview:-1"},"canonical":"https:\/\/www.ladiagonale.net\/index.php\/2025\/03\/27\/kohn-devrait-finir-la-saison-dans-le-but\/","og_locale":"fr_FR","og_type":"article","og_title":"K\u00f6hn devrait finir la saison dans le but - La Diagonale","og_description":"Avant la tr\u00eave, face \u00e0 Angers, Adi H\u00fctter avait effectu\u00e9 un changement de titulaire au poste de gardien. Exit Radoslaw Majecki, remplac\u00e9 par Philipp K\u00f6hn. Le Suisse encha\u00eenera lors du derby contre Nice, samedi, et selon toute logique, il devrait terminer la saison dans le but mon\u00e9gasque. Mais son entra\u00eeneur n&rsquo;a pas voulu se montrer [...]","og_url":"https:\/\/www.ladiagonale.net\/index.php\/2025\/03\/27\/kohn-devrait-finir-la-saison-dans-le-but\/","og_site_name":"La Diagonale","article_published_time":"2025-03-27T16:12:56+00:00","article_modified_time":"2025-03-27T23:36:33+00:00","og_image":[{"width":1160,"height":650,"url":"https:\/\/www.ladiagonale.net\/wp-content\/uploads\/2025\/03\/kohnldc.png","type":"image\/png"}],"author":"Damien Dellerba","twitter_card":"summary_large_image","twitter_image":"https:\/\/www.ladiagonale.net\/wp-content\/uploads\/2025\/03\/kohnldc.png","twitter_misc":{"\u00c9crit par":"Damien Dellerba","Dur\u00e9e de lecture estim\u00e9e":"2 minutes"},"schema":{"@context":"https:\/\/schema.org","@graph":[{"@type":"WebPage","@id":"https:\/\/www.ladiagonale.net\/index.php\/2025\/03\/27\/kohn-devrait-finir-la-saison-dans-le-but\/","url":"https:\/\/www.ladiagonale.net\/index.php\/2025\/03\/27\/kohn-devrait-finir-la-saison-dans-le-but\/","name":"K\u00f6hn devrait finir la saison dans le but - La Diagonale","isPartOf":{"@id":"https:\/\/www.ladiagonale.net\/#website"},"datePublished":"2025-03-27T16:12:56+00:00","dateModified":"2025-03-27T23:36:33+00:00","author":{"@id":"https:\/\/www.ladiagonale.net\/#\/schema\/person\/79ff1e7b0853ed01b2aa26e64ad300bf"},"breadcrumb":{"@id":"https:\/\/www.ladiagonale.net\/index.php\/2025\/03\/27\/kohn-devrait-finir-la-saison-dans-le-but\/#breadcrumb"},"inLanguage":"fr-FR","potentialAction":[{"@type":"ReadAction","target":["https:\/\/www.ladiagonale.net\/index.php\/2025\/03\/27\/kohn-devrait-finir-la-saison-dans-le-but\/"]}]},{"@type":"BreadcrumbList","@id":"https:\/\/www.ladiagonale.net\/index.php\/2025\/03\/27\/kohn-devrait-finir-la-saison-dans-le-but\/#breadcrumb","itemListElement":[{"@type":"ListItem","position":1,"name":"Accueil","item":"https:\/\/www.ladiagonale.net\/"},{"@type":"ListItem","position":2,"name":"K\u00f6hn devrait finir la saison dans le but"}]},{"@type":"WebSite","@id":"https:\/\/www.ladiagonale.net\/#website","url":"https:\/\/www.ladiagonale.net\/","name":"La Diagonale","description":"Le site des supporters de l&#039;AS Monaco FC","potentialAction":[{"@type":"SearchAction","target":{"@type":"EntryPoint","urlTemplate":"https:\/\/www.ladiagonale.net\/?s={search_term_string}"},"query-input":"required name=search_term_string"}],"inLanguage":"fr-FR"},{"@type":"Person","@id":"https:\/\/www.ladiagonale.net\/#\/schema\/person\/79ff1e7b0853ed01b2aa26e64ad300bf","name":"Damien Dellerba","image":{"@type":"ImageObject","inLanguage":"fr-FR","@id":"https:\/\/www.ladiagonale.net\/#\/schema\/person\/image\/","url":"https:\/\/secure.gravatar.com\/avatar\/c7850e06d3ff63cdbaee88b7fc16e2f0?s=96&d=mm&r=g","contentUrl":"https:\/\/secure.gravatar.com\/avatar\/c7850e06d3ff63cdbaee88b7fc16e2f0?s=96&d=mm&r=g","caption":"Damien Dellerba"},"url":"https:\/\/www.ladiagonale.net\/index.php\/author\/damien\/"}]}},"_links":{"self":[{"href":"https:\/\/www.ladiagonale.net\/index.php\/wp-json\/wp\/v2\/posts\/30625"}],"collection":[{"href":"https:\/\/www.ladiagonale.net\/index.php\/wp-json\/wp\/v2\/posts"}],"about":[{"href":"https:\/\/www.ladiagonale.net\/index.php\/wp-json\/wp\/v2\/types\/post"}],"author":[{"embeddable":true,"href":"https:\/\/www.ladiagonale.net\/index.php\/wp-json\/wp\/v2\/users\/2"}],"replies":[{"embeddable":true,"href":"https:\/\/www.ladiagonale.net\/index.php\/wp-json\/wp\/v2\/comments?post=30625"}],"version-history":[{"count":3,"href":"https:\/\/www.ladiagonale.net\/index.php\/wp-json\/wp\/v2\/posts\/30625\/revisions"}],"predecessor-version":[{"id":30631,"href":"https:\/\/www.ladiagonale.net\/index.php\/wp-json\/wp\/v2\/posts\/30625\/revisions\/30631"}],"wp:attachment":[{"href":"https:\/\/www.ladiagonale.net\/index.php\/wp-json\/wp\/v2\/media?parent=30625"}],"wp:term":[{"taxonomy":"category","embeddable":true,"href":"https:\/\/www.ladiagonale.net\/index.php\/wp-json\/wp\/v2\/categories?post=30625"},{"taxonomy":"post_tag","embeddable":true,"href":"https:\/\/www.ladiagonale.net\/index.php\/wp-json\/wp\/v2\/tags?post=30625"}],"curies":[{"name":"wp","href":"https:\/\/api.w.org\/{rel}","templated":true}]}}