{"id":30632,"date":"2025-03-28T08:38:00","date_gmt":"2025-03-28T07:38:00","guid":{"rendered":"https:\/\/www.ladiagonale.net\/?p=30632"},"modified":"2025-03-29T13:12:29","modified_gmt":"2025-03-29T12:12:29","slug":"minamino-sur-le-terrain-jessaie-de-me-faire-oublier","status":"publish","type":"post","link":"https:\/\/www.ladiagonale.net\/index.php\/2025\/03\/28\/minamino-sur-le-terrain-jessaie-de-me-faire-oublier\/","title":{"rendered":"Minamino : \u00ab\u00a0Sur le terrain, j\u2019essaie de me faire oublier\u00a0\u00bb"},"content":{"rendered":"\n\n\n<p>Takumi Minamino a accord\u00e9 un entretien \u00e0 <em>Nice-Matin<\/em>. Il a notamment \u00e9voqu\u00e9 sa personnalit\u00e9, lui qui est d\u2019un naturel discret \u00e0 la ville, fuyant presque les regards et les sollicitations, et d\u2019une certaine fa\u00e7on, ce trait se retrouve dans son jeu : \u00ab\u00a0<em>\u00c0 Monaco, Eliesse (Ben Seghir) est un dribbleur, Maghnes (Akliouche) peut donner des passes d\u00e9cisives ou se cr\u00e9er des occasions\u2026 Moi, j\u2019essaie toujours de trouver des espaces entre les lignes et m\u2019adapter ensuite pour trouver l\u2019ouverture. J\u2019essaie de me faire oublier.<\/em>\u00a0\u00bb<\/p>\n\n\n\n<p>Ce n\u2019est pas pour autant que le Japonais ne prend pas ses responsabilit\u00e9s. Les statistiques comptent pour lui et la longue p\u00e9riode sans se montrer d\u00e9cisif, entre le 22 octobre et le 15 f\u00e9vrier, a pes\u00e9. Mais il a depuis retrouv\u00e9 le chemin des filets, et il en est m\u00eame devenu prolifique, avec quatre buts sur les six derni\u00e8res rencontres : \u00ab&nbsp;<em>Ce but face \u00e0 Nantes m\u2019a donn\u00e9 beaucoup de confiance, je peux jouer plus rel\u00e2ch\u00e9, de mani\u00e8re plus instinctive<\/em>, a-t-il reconnu. <em>C\u2019est une bonne chose.&nbsp;(\u2026) Oui, je me suis bien senti lors des derniers matchs. Pourtant je n\u2019ai rien chang\u00e9.<\/em> \u00bb<\/p>\n\n\n\n<p>Le milieu offensif a le sentiment de n\u2019avoir pas fait les choses \u00e0 l\u2019envers pendant cette p\u00e9riode qui aurait pu le faire douter : \u00ab&nbsp;<em>M\u00eame quand je ne marquais pas comme lors des mois pr\u00e9c\u00e9dents, j\u2019avais le sentiment que j\u2019\u00e9tais dans le coup. Je n\u2019avais pas l\u2019impression d\u2019\u00eatre dans la mauvaise direction. C\u2019est juste que j\u2019ai manqu\u00e9 des choses, j\u2019ai \u00e9t\u00e9 un peu malchanceux devant le but. Mais j\u2019essaie toujours de garder le bon \u00e9tat d\u2019esprit, de ne rien changer parce que je pense bien faire les choses. Je pense que la r\u00e9gularit\u00e9 est l\u2019\u00e9l\u00e9ment le plus important. Finalement, j\u2019ai de nouveau marqu\u00e9 contre Nantes et les choses se sont encha\u00een\u00e9es naturellement.<\/em>&nbsp;\u00bb<\/p>\n","protected":false},"excerpt":{"rendered":"<p>Takumi Minamino a accord\u00e9 un entretien \u00e0 Nice-Matin. Il a notamment \u00e9voqu\u00e9 sa personnalit\u00e9, lui qui est d\u2019un naturel discret \u00e0 la ville, fuyant presque les regards et les sollicitations, et d\u2019une certaine fa\u00e7on, ce trait se retrouve dans son jeu : \u00ab\u00a0\u00c0 Monaco, Eliesse (Ben Seghir) est un dribbleur, Maghnes (Akliouche) peut donner des [&#8230;]\n","protected":false},"author":2,"featured_media":0,"comment_status":"open","ping_status":"open","sticky":false,"template":"","format":"standard","meta":[],"categories":[6],"tags":[86,164],"yoast_head":"<!-- This site is optimized with the Yoast SEO plugin v19.8 - https:\/\/yoast.com\/wordpress\/plugins\/seo\/ -->\n<title>Minamino : \u00ab\u00a0Sur le terrain, j\u2019essaie de me faire oublier\u00a0\u00bb - La Diagonale<\/title>\n<meta name=\"robots\" content=\"index, follow, max-snippet:-1, max-image-preview:large, max-video-preview:-1\" \/>\n<link rel=\"canonical\" href=\"https:\/\/www.ladiagonale.net\/index.php\/2025\/03\/28\/minamino-sur-le-terrain-jessaie-de-me-faire-oublier\/\" \/>\n<meta property=\"og:locale\" content=\"fr_FR\" \/>\n<meta property=\"og:type\" content=\"article\" \/>\n<meta property=\"og:title\" content=\"Minamino : \u00ab\u00a0Sur le terrain, j\u2019essaie de me faire oublier\u00a0\u00bb - La Diagonale\" \/>\n<meta property=\"og:description\" content=\"Takumi Minamino a accord\u00e9 un entretien \u00e0 Nice-Matin. Il a notamment \u00e9voqu\u00e9 sa personnalit\u00e9, lui qui est d\u2019un naturel discret \u00e0 la ville, fuyant presque les regards et les sollicitations, et d\u2019une certaine fa\u00e7on, ce trait se retrouve dans son jeu : \u00ab\u00a0\u00c0 Monaco, Eliesse (Ben Seghir) est un dribbleur, Maghnes (Akliouche) peut donner des [...]\" \/>\n<meta property=\"og:url\" content=\"https:\/\/www.ladiagonale.net\/index.php\/2025\/03\/28\/minamino-sur-le-terrain-jessaie-de-me-faire-oublier\/\" \/>\n<meta property=\"og:site_name\" content=\"La Diagonale\" \/>\n<meta property=\"article:published_time\" content=\"2025-03-28T07:38:00+00:00\" \/>\n<meta property=\"article:modified_time\" content=\"2025-03-29T12:12:29+00:00\" \/>\n<meta property=\"og:image\" content=\"https:\/\/www.ladiagonale.net\/wp-content\/uploads\/2025\/03\/Minamino2.png\" \/>\n\t<meta property=\"og:image:width\" content=\"1160\" \/>\n\t<meta property=\"og:image:height\" content=\"650\" \/>\n\t<meta property=\"og:image:type\" content=\"image\/png\" \/>\n<meta name=\"author\" content=\"Damien Dellerba\" \/>\n<meta name=\"twitter:card\" content=\"summary_large_image\" \/>\n<meta name=\"twitter:image\" content=\"https:\/\/www.ladiagonale.net\/wp-content\/uploads\/2025\/03\/Minamino2.png\" \/>\n<meta name=\"twitter:label1\" content=\"\u00c9crit par\" \/>\n\t<meta name=\"twitter:data1\" content=\"Damien Dellerba\" \/>\n\t<meta name=\"twitter:label2\" content=\"Dur\u00e9e de lecture estim\u00e9e\" \/>\n\t<meta name=\"twitter:data2\" content=\"2 minutes\" \/>\n<script type=\"application\/ld+json\" class=\"yoast-schema-graph\">{\"@context\":\"https:\/\/schema.org\",\"@graph\":[{\"@type\":\"WebPage\",\"@id\":\"https:\/\/www.ladiagonale.net\/index.php\/2025\/03\/28\/minamino-sur-le-terrain-jessaie-de-me-faire-oublier\/\",\"url\":\"https:\/\/www.ladiagonale.net\/index.php\/2025\/03\/28\/minamino-sur-le-terrain-jessaie-de-me-faire-oublier\/\",\"name\":\"Minamino : \u00ab\u00a0Sur le terrain, j\u2019essaie de me faire oublier\u00a0\u00bb - La Diagonale\",\"isPartOf\":{\"@id\":\"https:\/\/www.ladiagonale.net\/#website\"},\"datePublished\":\"2025-03-28T07:38:00+00:00\",\"dateModified\":\"2025-03-29T12:12:29+00:00\",\"author\":{\"@id\":\"https:\/\/www.ladiagonale.net\/#\/schema\/person\/79ff1e7b0853ed01b2aa26e64ad300bf\"},\"breadcrumb\":{\"@id\":\"https:\/\/www.ladiagonale.net\/index.php\/2025\/03\/28\/minamino-sur-le-terrain-jessaie-de-me-faire-oublier\/#breadcrumb\"},\"inLanguage\":\"fr-FR\",\"potentialAction\":[{\"@type\":\"ReadAction\",\"target\":[\"https:\/\/www.ladiagonale.net\/index.php\/2025\/03\/28\/minamino-sur-le-terrain-jessaie-de-me-faire-oublier\/\"]}]},{\"@type\":\"BreadcrumbList\",\"@id\":\"https:\/\/www.ladiagonale.net\/index.php\/2025\/03\/28\/minamino-sur-le-terrain-jessaie-de-me-faire-oublier\/#breadcrumb\",\"itemListElement\":[{\"@type\":\"ListItem\",\"position\":1,\"name\":\"Accueil\",\"item\":\"https:\/\/www.ladiagonale.net\/\"},{\"@type\":\"ListItem\",\"position\":2,\"name\":\"Minamino : \u00ab\u00a0Sur le terrain, j\u2019essaie de me faire oublier\u00a0\u00bb\"}]},{\"@type\":\"WebSite\",\"@id\":\"https:\/\/www.ladiagonale.net\/#website\",\"url\":\"https:\/\/www.ladiagonale.net\/\",\"name\":\"La Diagonale\",\"description\":\"Le site des supporters de l&#039;AS Monaco FC\",\"potentialAction\":[{\"@type\":\"SearchAction\",\"target\":{\"@type\":\"EntryPoint\",\"urlTemplate\":\"https:\/\/www.ladiagonale.net\/?s={search_term_string}\"},\"query-input\":\"required name=search_term_string\"}],\"inLanguage\":\"fr-FR\"},{\"@type\":\"Person\",\"@id\":\"https:\/\/www.ladiagonale.net\/#\/schema\/person\/79ff1e7b0853ed01b2aa26e64ad300bf\",\"name\":\"Damien Dellerba\",\"image\":{\"@type\":\"ImageObject\",\"inLanguage\":\"fr-FR\",\"@id\":\"https:\/\/www.ladiagonale.net\/#\/schema\/person\/image\/\",\"url\":\"https:\/\/secure.gravatar.com\/avatar\/c7850e06d3ff63cdbaee88b7fc16e2f0?s=96&d=mm&r=g\",\"contentUrl\":\"https:\/\/secure.gravatar.com\/avatar\/c7850e06d3ff63cdbaee88b7fc16e2f0?s=96&d=mm&r=g\",\"caption\":\"Damien Dellerba\"},\"url\":\"https:\/\/www.ladiagonale.net\/index.php\/author\/damien\/\"}]}<\/script>\n<!-- \/ Yoast SEO plugin. -->","yoast_head_json":{"title":"Minamino : \u00ab\u00a0Sur le terrain, j\u2019essaie de me faire oublier\u00a0\u00bb - La Diagonale","robots":{"index":"index","follow":"follow","max-snippet":"max-snippet:-1","max-image-preview":"max-image-preview:large","max-video-preview":"max-video-preview:-1"},"canonical":"https:\/\/www.ladiagonale.net\/index.php\/2025\/03\/28\/minamino-sur-le-terrain-jessaie-de-me-faire-oublier\/","og_locale":"fr_FR","og_type":"article","og_title":"Minamino : \u00ab\u00a0Sur le terrain, j\u2019essaie de me faire oublier\u00a0\u00bb - La Diagonale","og_description":"Takumi Minamino a accord\u00e9 un entretien \u00e0 Nice-Matin. Il a notamment \u00e9voqu\u00e9 sa personnalit\u00e9, lui qui est d\u2019un naturel discret \u00e0 la ville, fuyant presque les regards et les sollicitations, et d\u2019une certaine fa\u00e7on, ce trait se retrouve dans son jeu : \u00ab\u00a0\u00c0 Monaco, Eliesse (Ben Seghir) est un dribbleur, Maghnes (Akliouche) peut donner des [...]","og_url":"https:\/\/www.ladiagonale.net\/index.php\/2025\/03\/28\/minamino-sur-le-terrain-jessaie-de-me-faire-oublier\/","og_site_name":"La Diagonale","article_published_time":"2025-03-28T07:38:00+00:00","article_modified_time":"2025-03-29T12:12:29+00:00","og_image":[{"width":1160,"height":650,"url":"https:\/\/www.ladiagonale.net\/wp-content\/uploads\/2025\/03\/Minamino2.png","type":"image\/png"}],"author":"Damien Dellerba","twitter_card":"summary_large_image","twitter_image":"https:\/\/www.ladiagonale.net\/wp-content\/uploads\/2025\/03\/Minamino2.png","twitter_misc":{"\u00c9crit par":"Damien Dellerba","Dur\u00e9e de lecture estim\u00e9e":"2 minutes"},"schema":{"@context":"https:\/\/schema.org","@graph":[{"@type":"WebPage","@id":"https:\/\/www.ladiagonale.net\/index.php\/2025\/03\/28\/minamino-sur-le-terrain-jessaie-de-me-faire-oublier\/","url":"https:\/\/www.ladiagonale.net\/index.php\/2025\/03\/28\/minamino-sur-le-terrain-jessaie-de-me-faire-oublier\/","name":"Minamino : \u00ab\u00a0Sur le terrain, j\u2019essaie de me faire oublier\u00a0\u00bb - La Diagonale","isPartOf":{"@id":"https:\/\/www.ladiagonale.net\/#website"},"datePublished":"2025-03-28T07:38:00+00:00","dateModified":"2025-03-29T12:12:29+00:00","author":{"@id":"https:\/\/www.ladiagonale.net\/#\/schema\/person\/79ff1e7b0853ed01b2aa26e64ad300bf"},"breadcrumb":{"@id":"https:\/\/www.ladiagonale.net\/index.php\/2025\/03\/28\/minamino-sur-le-terrain-jessaie-de-me-faire-oublier\/#breadcrumb"},"inLanguage":"fr-FR","potentialAction":[{"@type":"ReadAction","target":["https:\/\/www.ladiagonale.net\/index.php\/2025\/03\/28\/minamino-sur-le-terrain-jessaie-de-me-faire-oublier\/"]}]},{"@type":"BreadcrumbList","@id":"https:\/\/www.ladiagonale.net\/index.php\/2025\/03\/28\/minamino-sur-le-terrain-jessaie-de-me-faire-oublier\/#breadcrumb","itemListElement":[{"@type":"ListItem","position":1,"name":"Accueil","item":"https:\/\/www.ladiagonale.net\/"},{"@type":"ListItem","position":2,"name":"Minamino : \u00ab\u00a0Sur le terrain, j\u2019essaie de me faire oublier\u00a0\u00bb"}]},{"@type":"WebSite","@id":"https:\/\/www.ladiagonale.net\/#website","url":"https:\/\/www.ladiagonale.net\/","name":"La Diagonale","description":"Le site des supporters de l&#039;AS Monaco FC","potentialAction":[{"@type":"SearchAction","target":{"@type":"EntryPoint","urlTemplate":"https:\/\/www.ladiagonale.net\/?s={search_term_string}"},"query-input":"required name=search_term_string"}],"inLanguage":"fr-FR"},{"@type":"Person","@id":"https:\/\/www.ladiagonale.net\/#\/schema\/person\/79ff1e7b0853ed01b2aa26e64ad300bf","name":"Damien Dellerba","image":{"@type":"ImageObject","inLanguage":"fr-FR","@id":"https:\/\/www.ladiagonale.net\/#\/schema\/person\/image\/","url":"https:\/\/secure.gravatar.com\/avatar\/c7850e06d3ff63cdbaee88b7fc16e2f0?s=96&d=mm&r=g","contentUrl":"https:\/\/secure.gravatar.com\/avatar\/c7850e06d3ff63cdbaee88b7fc16e2f0?s=96&d=mm&r=g","caption":"Damien Dellerba"},"url":"https:\/\/www.ladiagonale.net\/index.php\/author\/damien\/"}]}},"_links":{"self":[{"href":"https:\/\/www.ladiagonale.net\/index.php\/wp-json\/wp\/v2\/posts\/30632"}],"collection":[{"href":"https:\/\/www.ladiagonale.net\/index.php\/wp-json\/wp\/v2\/posts"}],"about":[{"href":"https:\/\/www.ladiagonale.net\/index.php\/wp-json\/wp\/v2\/types\/post"}],"author":[{"embeddable":true,"href":"https:\/\/www.ladiagonale.net\/index.php\/wp-json\/wp\/v2\/users\/2"}],"replies":[{"embeddable":true,"href":"https:\/\/www.ladiagonale.net\/index.php\/wp-json\/wp\/v2\/comments?post=30632"}],"version-history":[{"count":2,"href":"https:\/\/www.ladiagonale.net\/index.php\/wp-json\/wp\/v2\/posts\/30632\/revisions"}],"predecessor-version":[{"id":30650,"href":"https:\/\/www.ladiagonale.net\/index.php\/wp-json\/wp\/v2\/posts\/30632\/revisions\/30650"}],"wp:attachment":[{"href":"https:\/\/www.ladiagonale.net\/index.php\/wp-json\/wp\/v2\/media?parent=30632"}],"wp:term":[{"taxonomy":"category","embeddable":true,"href":"https:\/\/www.ladiagonale.net\/index.php\/wp-json\/wp\/v2\/categories?post=30632"},{"taxonomy":"post_tag","embeddable":true,"href":"https:\/\/www.ladiagonale.net\/index.php\/wp-json\/wp\/v2\/tags?post=30632"}],"curies":[{"name":"wp","href":"https:\/\/api.w.org\/{rel}","templated":true}]}}